{"id":13479,"date":"2018-05-11T12:16:22","date_gmt":"2018-05-11T12:16:22","guid":{"rendered":"https:\/\/www.aguarda.es\/?p=13479"},"modified":"2018-05-11T12:16:22","modified_gmt":"2018-05-11T12:16:22","slug":"o-concello-da-guarda-informa-das-alternativas-viables-para-o-traslado-do-mercadillo","status":"publish","type":"post","link":"https:\/\/www.aguarda.es\/en\/o-concello-da-guarda-informa-das-alternativas-viables-para-o-traslado-do-mercadillo\/","title":{"rendered":"O Concello da Guarda informa das alternativas viables para o traslado do \u2018mercadillo\u2019"},"content":{"rendered":"<h5><em>Os representantes municipais base\u00e1ronse nos informes elaborados pola Polic\u00eda Local.<\/em><\/h5>\n<p style=\"text-align: justify\">Esta ma\u00f1\u00e1, membros do equipo de goberno municipal e representantes das asociaci\u00f3ns de comerciantes da Guarda participaron nunha sesi\u00f3n extraordinaria da Mesa Local de Comercio na que se informou sobre as alternativas \u00e1 actual localizaci\u00f3n do mercado popular que se celebra os s\u00e1bados.<\/p>\n<p style=\"text-align: justify\">Asistiron \u00e1 reuni\u00f3n o alcalde do Concello da Guarda, Antonio Lomba; os concelleiros Montserrat Magallanes, Paulino Rodr\u00edgez e M\u00aa Elena Baz; A representante da Asociaci\u00f3n A Guarda Centro Comercial Aberto (CCA), Carmen M\u00aa Garc\u00eda; o representante de Mercaguarda, Nicol\u00e1s Andura ; o presidenta de AGUDE, Carmen M\u00aa \u00c1lvarez; e Delia Brand\u00f3n, en representaci\u00f3n da asociaci\u00f3n Mercado do Rel\u00f3.<\/p>\n<p style=\"text-align: justify\">Os representantes municipais trasladaron aos comerciantes as <strong>conclusi\u00f3ns dos informes t\u00e9cnicos elaborados pola Polic\u00eda Local sobre as tres alternativas propostas<\/strong>, tendo en conta a extensi\u00f3n necesaria para a celebraci\u00f3n do \u2018mercadillo\u2019, que na actualidade disp\u00f3n de preto de 500 metros lineais.<\/p>\n<p style=\"text-align: justify\">A edil de Comercio, Montserrat Magallanes, informou aos asistentes da inviabilidade de d\u00faas das tres propostas presentadas previamente polos comerciantes, toda vez que as r\u00faas Joaqu\u00edn Alonso e Vicente Sobrino carecen do espazo necesario para a instalaci\u00f3n dos postos de venda e a r\u00faa Manuel \u00c1lvarez conta con 11 entradas de garaxe e 163 prazas de aparcamento que dificultar\u00edan o normal desenvolvemento do mercado.<\/p>\n<p style=\"text-align: justify\">Segundo o informe, a derradeira alternativa para o traslado &#8211;<strong>\u00e1 contorna da Alameda- ser\u00eda a \u00fanica coas caracter\u00edsticas necesarias para acoller a feira,<\/strong> que poder\u00eda celebrarse nas r\u00faas Rosal\u00eda de Castro e Transversal Troncoso, na r\u00faa Rosal\u00eda de Castro e a parte baixa la Alameda ou ben na r\u00faa Galicia. Con todo, o equipo de goberno comprometeuse a analizar a viabilidade do traslado \u00e1 esta \u00faltima, atendendo especialmente ao tr\u00e1fico. A asociaci\u00f3n A Guarda CCA propuxo en \u00faltima instancia o traslado do mercado ao recinto do antigo Estadio do Tecla.<\/p>\n<p style=\"text-align: justify\">A Mesa Local de Comercio celebrouse pasadas \u00e1s 10:00 da ma\u00f1\u00e1 no sal\u00f3n de plenos do Concello da Guarda con tres puntos na orde do d\u00eda: informaci\u00f3n sobre o proxecto de dinamizaci\u00f3n comercial de A Guarda CCA, a nova localizaci\u00f3n do mercadi\u00f1o e informaci\u00f3n sobre a normativa de terrazas no Porto.<\/p>\n","protected":false},"excerpt":{"rendered":"<p>Os representantes municipais base\u00e1ronse nos informes elaborados pola Polic\u00eda Local. Esta ma\u00f1\u00e1, membros do equipo de goberno municipal e representantes das asociaci\u00f3ns de comerciantes da Guarda participaron nunha sesi\u00f3n extraordinaria da Mesa Local de Comercio na que se informou sobre &hellip; <\/p>\n","protected":false},"author":2,"featured_media":13480,"comment_status":"open","ping_status":"open","sticky":false,"template":"","format":"standard","meta":[],"categories":[36],"tags":[656,580,870,1144],"yoast_head":"<!-- This site is optimized with the Yoast SEO plugin v21.1 - https:\/\/yoast.com\/wordpress\/plugins\/seo\/ -->\n<title>O Concello da Guarda informa das alternativas viables para o traslado do \u2018mercadillo\u2019 - Concello da Guarda<\/title>\n<meta name=\"robots\" content=\"index, follow, max-snippet:-1, max-image-preview:large, max-video-preview:-1\" \/>\n<link rel=\"canonical\" href=\"https:\/\/www.aguarda.es\/en\/o-concello-da-guarda-informa-das-alternativas-viables-para-o-traslado-do-mercadillo\/\" \/>\n<meta property=\"og:locale\" content=\"en_US\" \/>\n<meta property=\"og:type\" content=\"article\" \/>\n<meta property=\"og:title\" content=\"O Concello da Guarda informa das alternativas viables para o traslado do \u2018mercadillo\u2019 - Concello da Guarda\" \/>\n<meta property=\"og:description\" content=\"Os representantes municipais base\u00e1ronse nos informes elaborados pola Polic\u00eda Local. Esta ma\u00f1\u00e1, membros do equipo de goberno municipal e representantes das asociaci\u00f3ns de comerciantes da Guarda participaron nunha sesi\u00f3n extraordinaria da Mesa Local de Comercio na que se informou sobre &hellip;\" \/>\n<meta property=\"og:url\" content=\"https:\/\/www.aguarda.es\/en\/o-concello-da-guarda-informa-das-alternativas-viables-para-o-traslado-do-mercadillo\/\" \/>\n<meta property=\"og:site_name\" content=\"Concello da Guarda\" \/>\n<meta property=\"article:publisher\" content=\"https:\/\/www.facebook.com\/ConcellodaGuarda\" \/>\n<meta property=\"article:published_time\" content=\"2018-05-11T12:16:22+00:00\" \/>\n<meta property=\"og:image\" content=\"https:\/\/www.aguarda.es\/wp-content\/uploads\/2018\/05\/TAPEARTE1.jpg\" \/>\n\t<meta property=\"og:image:width\" content=\"700\" \/>\n\t<meta property=\"og:image:height\" content=\"406\" \/>\n\t<meta property=\"og:image:type\" content=\"image\/jpeg\" \/>\n<meta name=\"author\" content=\"prensa\" \/>\n<meta name=\"twitter:card\" content=\"summary_large_image\" \/>\n<meta name=\"twitter:creator\" content=\"@AGuarda_es\" \/>\n<meta name=\"twitter:site\" content=\"@AGuarda_es\" \/>\n<meta name=\"twitter:label1\" content=\"Written by\" \/>\n\t<meta name=\"twitter:data1\" content=\"prensa\" \/>\n\t<meta name=\"twitter:label2\" content=\"Est. reading time\" \/>\n\t<meta name=\"twitter:data2\" content=\"2 minutes\" \/>\n<script type=\"application\/ld+json\" class=\"yoast-schema-graph\">{\"@context\":\"https:\/\/schema.org\",\"@graph\":[{\"@type\":\"WebPage\",\"@id\":\"https:\/\/www.aguarda.es\/en\/o-concello-da-guarda-informa-das-alternativas-viables-para-o-traslado-do-mercadillo\/\",\"url\":\"https:\/\/www.aguarda.es\/en\/o-concello-da-guarda-informa-das-alternativas-viables-para-o-traslado-do-mercadillo\/\",\"name\":\"O Concello da Guarda informa das alternativas viables para o traslado do \u2018mercadillo\u2019 - Concello da Guarda\",\"isPartOf\":{\"@id\":\"https:\/\/www.aguarda.es\/en\/#website\"},\"datePublished\":\"2018-05-11T12:16:22+00:00\",\"dateModified\":\"2018-05-11T12:16:22+00:00\",\"author\":{\"@id\":\"https:\/\/www.aguarda.es\/en\/#\/schema\/person\/c463ca3006858ffb349d11179d044f21\"},\"breadcrumb\":{\"@id\":\"https:\/\/www.aguarda.es\/en\/o-concello-da-guarda-informa-das-alternativas-viables-para-o-traslado-do-mercadillo\/#breadcrumb\"},\"inLanguage\":\"en-US\",\"potentialAction\":[{\"@type\":\"ReadAction\",\"target\":[\"https:\/\/www.aguarda.es\/en\/o-concello-da-guarda-informa-das-alternativas-viables-para-o-traslado-do-mercadillo\/\"]}]},{\"@type\":\"BreadcrumbList\",\"@id\":\"https:\/\/www.aguarda.es\/en\/o-concello-da-guarda-informa-das-alternativas-viables-para-o-traslado-do-mercadillo\/#breadcrumb\",\"itemListElement\":[{\"@type\":\"ListItem\",\"position\":1,\"name\":\"Portada\",\"item\":\"https:\/\/www.aguarda.es\/en\/\"},{\"@type\":\"ListItem\",\"position\":2,\"name\":\"O Concello da Guarda informa das alternativas viables para o traslado do \u2018mercadillo\u2019\"}]},{\"@type\":\"WebSite\",\"@id\":\"https:\/\/www.aguarda.es\/en\/#website\",\"url\":\"https:\/\/www.aguarda.es\/en\/\",\"name\":\"Concello da Guarda\",\"description\":\"P\u00e1xina web do concello da Guarda\",\"potentialAction\":[{\"@type\":\"SearchAction\",\"target\":{\"@type\":\"EntryPoint\",\"urlTemplate\":\"https:\/\/www.aguarda.es\/en\/?s={search_term_string}\"},\"query-input\":\"required name=search_term_string\"}],\"inLanguage\":\"en-US\"},{\"@type\":\"Person\",\"@id\":\"https:\/\/www.aguarda.es\/en\/#\/schema\/person\/c463ca3006858ffb349d11179d044f21\",\"name\":\"prensa\",\"image\":{\"@type\":\"ImageObject\",\"inLanguage\":\"en-US\",\"@id\":\"https:\/\/www.aguarda.es\/en\/#\/schema\/person\/image\/\",\"url\":\"https:\/\/secure.gravatar.com\/avatar\/5f90ef536b0f98306edf5c7a1135ffa1?s=96&d=mm&r=g\",\"contentUrl\":\"https:\/\/secure.gravatar.com\/avatar\/5f90ef536b0f98306edf5c7a1135ffa1?s=96&d=mm&r=g\",\"caption\":\"prensa\"},\"url\":\"https:\/\/www.aguarda.es\/en\/author\/prensa\/\"}]}<\/script>\n<!-- \/ Yoast SEO plugin. -->","yoast_head_json":{"title":"O Concello da Guarda informa das alternativas viables para o traslado do \u2018mercadillo\u2019 - Concello da Guarda","robots":{"index":"index","follow":"follow","max-snippet":"max-snippet:-1","max-image-preview":"max-image-preview:large","max-video-preview":"max-video-preview:-1"},"canonical":"https:\/\/www.aguarda.es\/en\/o-concello-da-guarda-informa-das-alternativas-viables-para-o-traslado-do-mercadillo\/","og_locale":"en_US","og_type":"article","og_title":"O Concello da Guarda informa das alternativas viables para o traslado do \u2018mercadillo\u2019 - Concello da Guarda","og_description":"Os representantes municipais base\u00e1ronse nos informes elaborados pola Polic\u00eda Local. Esta ma\u00f1\u00e1, membros do equipo de goberno municipal e representantes das asociaci\u00f3ns de comerciantes da Guarda participaron nunha sesi\u00f3n extraordinaria da Mesa Local de Comercio na que se informou sobre &hellip;","og_url":"https:\/\/www.aguarda.es\/en\/o-concello-da-guarda-informa-das-alternativas-viables-para-o-traslado-do-mercadillo\/","og_site_name":"Concello da Guarda","article_publisher":"https:\/\/www.facebook.com\/ConcellodaGuarda","article_published_time":"2018-05-11T12:16:22+00:00","og_image":[{"width":700,"height":406,"url":"https:\/\/www.aguarda.es\/wp-content\/uploads\/2018\/05\/TAPEARTE1.jpg","type":"image\/jpeg"}],"author":"prensa","twitter_card":"summary_large_image","twitter_creator":"@AGuarda_es","twitter_site":"@AGuarda_es","twitter_misc":{"Written by":"prensa","Est. reading time":"2 minutes"},"schema":{"@context":"https:\/\/schema.org","@graph":[{"@type":"WebPage","@id":"https:\/\/www.aguarda.es\/en\/o-concello-da-guarda-informa-das-alternativas-viables-para-o-traslado-do-mercadillo\/","url":"https:\/\/www.aguarda.es\/en\/o-concello-da-guarda-informa-das-alternativas-viables-para-o-traslado-do-mercadillo\/","name":"O Concello da Guarda informa das alternativas viables para o traslado do \u2018mercadillo\u2019 - Concello da Guarda","isPartOf":{"@id":"https:\/\/www.aguarda.es\/en\/#website"},"datePublished":"2018-05-11T12:16:22+00:00","dateModified":"2018-05-11T12:16:22+00:00","author":{"@id":"https:\/\/www.aguarda.es\/en\/#\/schema\/person\/c463ca3006858ffb349d11179d044f21"},"breadcrumb":{"@id":"https:\/\/www.aguarda.es\/en\/o-concello-da-guarda-informa-das-alternativas-viables-para-o-traslado-do-mercadillo\/#breadcrumb"},"inLanguage":"en-US","potentialAction":[{"@type":"ReadAction","target":["https:\/\/www.aguarda.es\/en\/o-concello-da-guarda-informa-das-alternativas-viables-para-o-traslado-do-mercadillo\/"]}]},{"@type":"BreadcrumbList","@id":"https:\/\/www.aguarda.es\/en\/o-concello-da-guarda-informa-das-alternativas-viables-para-o-traslado-do-mercadillo\/#breadcrumb","itemListElement":[{"@type":"ListItem","position":1,"name":"Portada","item":"https:\/\/www.aguarda.es\/en\/"},{"@type":"ListItem","position":2,"name":"O Concello da Guarda informa das alternativas viables para o traslado do \u2018mercadillo\u2019"}]},{"@type":"WebSite","@id":"https:\/\/www.aguarda.es\/en\/#website","url":"https:\/\/www.aguarda.es\/en\/","name":"Concello da Guarda","description":"P\u00e1xina web do concello da Guarda","potentialAction":[{"@type":"SearchAction","target":{"@type":"EntryPoint","urlTemplate":"https:\/\/www.aguarda.es\/en\/?s={search_term_string}"},"query-input":"required name=search_term_string"}],"inLanguage":"en-US"},{"@type":"Person","@id":"https:\/\/www.aguarda.es\/en\/#\/schema\/person\/c463ca3006858ffb349d11179d044f21","name":"prensa","image":{"@type":"ImageObject","inLanguage":"en-US","@id":"https:\/\/www.aguarda.es\/en\/#\/schema\/person\/image\/","url":"https:\/\/secure.gravatar.com\/avatar\/5f90ef536b0f98306edf5c7a1135ffa1?s=96&d=mm&r=g","contentUrl":"https:\/\/secure.gravatar.com\/avatar\/5f90ef536b0f98306edf5c7a1135ffa1?s=96&d=mm&r=g","caption":"prensa"},"url":"https:\/\/www.aguarda.es\/en\/author\/prensa\/"}]}},"_links":{"self":[{"href":"https:\/\/www.aguarda.es\/en\/wp-json\/wp\/v2\/posts\/13479"}],"collection":[{"href":"https:\/\/www.aguarda.es\/en\/wp-json\/wp\/v2\/posts"}],"about":[{"href":"https:\/\/www.aguarda.es\/en\/wp-json\/wp\/v2\/types\/post"}],"author":[{"embeddable":true,"href":"https:\/\/www.aguarda.es\/en\/wp-json\/wp\/v2\/users\/2"}],"replies":[{"embeddable":true,"href":"https:\/\/www.aguarda.es\/en\/wp-json\/wp\/v2\/comments?post=13479"}],"version-history":[{"count":2,"href":"https:\/\/www.aguarda.es\/en\/wp-json\/wp\/v2\/posts\/13479\/revisions"}],"predecessor-version":[{"id":13482,"href":"https:\/\/www.aguarda.es\/en\/wp-json\/wp\/v2\/posts\/13479\/revisions\/13482"}],"wp:featuredmedia":[{"embeddable":true,"href":"https:\/\/www.aguarda.es\/en\/wp-json\/wp\/v2\/media\/13480"}],"wp:attachment":[{"href":"https:\/\/www.aguarda.es\/en\/wp-json\/wp\/v2\/media?parent=13479"}],"wp:term":[{"taxonomy":"category","embeddable":true,"href":"https:\/\/www.aguarda.es\/en\/wp-json\/wp\/v2\/categories?post=13479"},{"taxonomy":"post_tag","embeddable":true,"href":"https:\/\/www.aguarda.es\/en\/wp-json\/wp\/v2\/tags?post=13479"}],"curies":[{"name":"wp","href":"https:\/\/api.w.org\/{rel}","templated":true}]}}