{"id":1386,"date":"2015-11-23T07:14:46","date_gmt":"2015-11-23T07:14:46","guid":{"rendered":"https:\/\/www.aguarda.es\/?p=1386"},"modified":"2015-11-23T07:14:46","modified_gmt":"2015-11-23T07:14:46","slug":"un-local-abarrotado-de-publico-para-escoitar-a-maria-gonzalez-portela-na-barferencia-a-testemuna-dun-seculo-de-historia","status":"publish","type":"post","link":"https:\/\/www.aguarda.es\/en\/un-local-abarrotado-de-publico-para-escoitar-a-maria-gonzalez-portela-na-barferencia-a-testemuna-dun-seculo-de-historia\/","title":{"rendered":"Un local abarrotado de p\u00fablico para escoitar a Mar\u00eda Gonz\u00e1lez Portela na Barferencia \u201cA testemu\u00f1a dun s\u00e9culo de historia\u201d"},"content":{"rendered":"\n<p>O venres, 20 de novembro, comezou o ciclo de Barferencias de Inverno organizadas polo Concello da Guarda coa colaboraci\u00f3n de ANABAM.<\/p>\n<p>A encargada de inaugurar esta iniciativa foi a veci\u00f1a guardesa Mar\u00eda Gonz\u00e1lez Portela, que este mesmo mes cumpriu os 100 anos, e quen presentou \u201cA testemu\u00f1a dun s\u00e9culo de Historia\u201d. <\/p>\n<p>Gonz\u00e1lez Portela comezou a falar \u00e1s 20 horas nun local abarrotado de xente tras a presentaci\u00f3n do ex alcalde guard\u00e9s, Jos\u00e9 Manuel Dom\u00ednguez Freitas. A centenaria contou a s\u00faa vida e peripecias dende principios do s\u00e9culo XX ata agora.<br \/>Mar\u00eda Gonz\u00e1lez contoulles aos presentes como foi a chegada da guerra e o dura que foi a postguerra. Falou do complicado que era repo\u00f1erse dunha enfermidade xa que no se atopaban os medicamentos precisos e de como funcionaba a educaci\u00f3n neses anos.<\/p>\n<p>Como an\u00e9cdotas, Mar\u00eda Gonz\u00e1lez, contou que ti\u00f1a tres datas de nacemento debido a perda dos papeis durante a guerra ou que ela a\u00ednda recordaba en funcionamento o colexio dos Xesu\u00edtas.<\/p>\n<p>Todos os presentes, unhas corenta persoas, e tam\u00e9n a protagonista da tarde, sa\u00edron moi contentos da Barferencia que se alongou unha hora e media.<\/p>\n<p><strong>Pr\u00f3ximas citas<\/strong><\/p>\n<p>A seguinte Barferencia est\u00e1 programada para o xoves 3 de decembro \u00e1s 20,30 na cervexer\u00eda ITACA. Nesta ocasi\u00f3n o tema a tratar ser\u00e1 \u201cReescavando Mergelina\u201d e contar\u00e1 coa presenza de Rafael Rodr\u00edguez.<br \/>O venres 28 de decembro na Casa dos Alonsos, Mar Cortegoso falar\u00e1 de \u201cA salina do Seixal\u201d e o venres 25 de xaneiro, Xos\u00e9 Manuel Malheiro no bar Tecla\u00b4s ser\u00e1 o ponente de \u201cDe Luis Vello a Alonso R\u00edos, viaxe polas escolas de Galicia\u201d.<br \/>Pola s\u00faa banda, Roberto Rodr\u00edguez \u00c1lvarez, o venres 29 de xaneiro, no bar Bergant\u00edn, presentar\u00e1 a \u201cTalasonimia da costa da Guarda\u201d e Fani Alonso por\u00e1 a guinda a este ciclo de charlas, o venres 26 de febreito no bar Aquilino falando de \u201c15 pesetas por frete\u201d.<\/p>\n<p><img decoding=\"async\" loading=\"lazy\" class=\" size-full wp-image-1384\" src=\"https:\/\/www.aguarda.es\/wp-content\/uploads\/2015\/11\/2015_barferenciauno.JPG\" alt=\"\" width=\"600\" height=\"450\" srcset=\"https:\/\/www.aguarda.es\/wp-content\/uploads\/2015\/11\/2015_barferenciauno.JPG 600w, https:\/\/www.aguarda.es\/wp-content\/uploads\/2015\/11\/2015_barferenciauno-570x428.jpg 570w, https:\/\/www.aguarda.es\/wp-content\/uploads\/2015\/11\/2015_barferenciauno-300x225.jpg 300w\" sizes=\"(max-width: 600px) 100vw, 600px\" \/><\/p>\n<p><img decoding=\"async\" loading=\"lazy\" class=\" size-full wp-image-1385\" src=\"https:\/\/www.aguarda.es\/wp-content\/uploads\/2015\/11\/2015_barferenciauno1.JPG\" alt=\"\" width=\"600\" height=\"450\" srcset=\"https:\/\/www.aguarda.es\/wp-content\/uploads\/2015\/11\/2015_barferenciauno1.JPG 600w, https:\/\/www.aguarda.es\/wp-content\/uploads\/2015\/11\/2015_barferenciauno1-570x428.jpg 570w, https:\/\/www.aguarda.es\/wp-content\/uploads\/2015\/11\/2015_barferenciauno1-300x225.jpg 300w\" sizes=\"(max-width: 600px) 100vw, 600px\" \/><\/p>\n<p><img decoding=\"async\" loading=\"lazy\" class=\" size-full wp-image-1365\" src=\"https:\/\/www.aguarda.es\/wp-content\/uploads\/2015\/11\/2015_barferenciasinverno.jpg\" alt=\"\" width=\"600\" height=\"424\" srcset=\"https:\/\/www.aguarda.es\/wp-content\/uploads\/2015\/11\/2015_barferenciasinverno.jpg 600w, https:\/\/www.aguarda.es\/wp-content\/uploads\/2015\/11\/2015_barferenciasinverno-570x403.jpg 570w, https:\/\/www.aguarda.es\/wp-content\/uploads\/2015\/11\/2015_barferenciasinverno-300x212.jpg 300w\" sizes=\"(max-width: 600px) 100vw, 600px\" \/><\/p>\n","protected":false},"excerpt":{"rendered":"<p>O venres, 20 de novembro, comezou o ciclo de Barferencias de Inverno organizadas polo Concello da Guarda coa colaboraci\u00f3n de ANABAM. A encargada de inaugurar esta iniciativa foi a veci\u00f1a guardesa Mar\u00eda Gonz\u00e1lez Portela, que este mesmo mes cumpriu os &hellip; <\/p>\n","protected":false},"author":1,"featured_media":1385,"comment_status":"open","ping_status":"open","sticky":false,"template":"","format":"standard","meta":[],"categories":[43],"tags":[],"yoast_head":"<!-- This site is optimized with the Yoast SEO plugin v21.1 - https:\/\/yoast.com\/wordpress\/plugins\/seo\/ -->\n<title>Un local abarrotado de p\u00fablico para escoitar a Mar\u00eda Gonz\u00e1lez Portela na Barferencia \u201cA testemu\u00f1a dun s\u00e9culo de historia\u201d - Concello da Guarda<\/title>\n<meta name=\"robots\" content=\"index, follow, max-snippet:-1, max-image-preview:large, max-video-preview:-1\" \/>\n<link rel=\"canonical\" href=\"https:\/\/www.aguarda.es\/en\/un-local-abarrotado-de-publico-para-escoitar-a-maria-gonzalez-portela-na-barferencia-a-testemuna-dun-seculo-de-historia\/\" \/>\n<meta property=\"og:locale\" content=\"en_US\" \/>\n<meta property=\"og:type\" content=\"article\" \/>\n<meta property=\"og:title\" content=\"Un local abarrotado de p\u00fablico para escoitar a Mar\u00eda Gonz\u00e1lez Portela na Barferencia \u201cA testemu\u00f1a dun s\u00e9culo de historia\u201d - Concello da Guarda\" \/>\n<meta property=\"og:description\" content=\"O venres, 20 de novembro, comezou o ciclo de Barferencias de Inverno organizadas polo Concello da Guarda coa colaboraci\u00f3n de ANABAM. A encargada de inaugurar esta iniciativa foi a veci\u00f1a guardesa Mar\u00eda Gonz\u00e1lez Portela, que este mesmo mes cumpriu os &hellip;\" \/>\n<meta property=\"og:url\" content=\"https:\/\/www.aguarda.es\/en\/un-local-abarrotado-de-publico-para-escoitar-a-maria-gonzalez-portela-na-barferencia-a-testemuna-dun-seculo-de-historia\/\" \/>\n<meta property=\"og:site_name\" content=\"Concello da Guarda\" \/>\n<meta property=\"article:publisher\" content=\"https:\/\/www.facebook.com\/ConcellodaGuarda\" \/>\n<meta property=\"article:published_time\" content=\"2015-11-23T07:14:46+00:00\" \/>\n<meta property=\"og:image\" content=\"https:\/\/www.aguarda.es\/wp-content\/uploads\/2015\/11\/2015_barferenciauno1.JPG\" \/>\n\t<meta property=\"og:image:width\" content=\"600\" \/>\n\t<meta property=\"og:image:height\" content=\"450\" \/>\n\t<meta property=\"og:image:type\" content=\"image\/jpeg\" \/>\n<meta name=\"author\" content=\"Concello\" \/>\n<meta name=\"twitter:card\" content=\"summary_large_image\" \/>\n<meta name=\"twitter:creator\" content=\"@AGuarda_es\" \/>\n<meta name=\"twitter:site\" content=\"@AGuarda_es\" \/>\n<meta name=\"twitter:label1\" content=\"Written by\" \/>\n\t<meta name=\"twitter:data1\" content=\"Concello\" \/>\n\t<meta name=\"twitter:label2\" content=\"Est. reading time\" \/>\n\t<meta name=\"twitter:data2\" content=\"2 minutes\" \/>\n<script type=\"application\/ld+json\" class=\"yoast-schema-graph\">{\"@context\":\"https:\/\/schema.org\",\"@graph\":[{\"@type\":\"WebPage\",\"@id\":\"https:\/\/www.aguarda.es\/en\/un-local-abarrotado-de-publico-para-escoitar-a-maria-gonzalez-portela-na-barferencia-a-testemuna-dun-seculo-de-historia\/\",\"url\":\"https:\/\/www.aguarda.es\/en\/un-local-abarrotado-de-publico-para-escoitar-a-maria-gonzalez-portela-na-barferencia-a-testemuna-dun-seculo-de-historia\/\",\"name\":\"Un local abarrotado de p\u00fablico para escoitar a Mar\u00eda Gonz\u00e1lez Portela na Barferencia \u201cA testemu\u00f1a dun s\u00e9culo de historia\u201d - Concello da Guarda\",\"isPartOf\":{\"@id\":\"https:\/\/www.aguarda.es\/en\/#website\"},\"datePublished\":\"2015-11-23T07:14:46+00:00\",\"dateModified\":\"2015-11-23T07:14:46+00:00\",\"author\":{\"@id\":\"https:\/\/www.aguarda.es\/en\/#\/schema\/person\/ac30f4d74843174f0af56c730f74dd57\"},\"breadcrumb\":{\"@id\":\"https:\/\/www.aguarda.es\/en\/un-local-abarrotado-de-publico-para-escoitar-a-maria-gonzalez-portela-na-barferencia-a-testemuna-dun-seculo-de-historia\/#breadcrumb\"},\"inLanguage\":\"en-US\",\"potentialAction\":[{\"@type\":\"ReadAction\",\"target\":[\"https:\/\/www.aguarda.es\/en\/un-local-abarrotado-de-publico-para-escoitar-a-maria-gonzalez-portela-na-barferencia-a-testemuna-dun-seculo-de-historia\/\"]}]},{\"@type\":\"BreadcrumbList\",\"@id\":\"https:\/\/www.aguarda.es\/en\/un-local-abarrotado-de-publico-para-escoitar-a-maria-gonzalez-portela-na-barferencia-a-testemuna-dun-seculo-de-historia\/#breadcrumb\",\"itemListElement\":[{\"@type\":\"ListItem\",\"position\":1,\"name\":\"Portada\",\"item\":\"https:\/\/www.aguarda.es\/en\/\"},{\"@type\":\"ListItem\",\"position\":2,\"name\":\"Un local abarrotado de p\u00fablico para escoitar a Mar\u00eda Gonz\u00e1lez Portela na Barferencia \u201cA testemu\u00f1a dun s\u00e9culo de historia\u201d\"}]},{\"@type\":\"WebSite\",\"@id\":\"https:\/\/www.aguarda.es\/en\/#website\",\"url\":\"https:\/\/www.aguarda.es\/en\/\",\"name\":\"Concello da Guarda\",\"description\":\"P\u00e1xina web do concello da Guarda\",\"potentialAction\":[{\"@type\":\"SearchAction\",\"target\":{\"@type\":\"EntryPoint\",\"urlTemplate\":\"https:\/\/www.aguarda.es\/en\/?s={search_term_string}\"},\"query-input\":\"required name=search_term_string\"}],\"inLanguage\":\"en-US\"},{\"@type\":\"Person\",\"@id\":\"https:\/\/www.aguarda.es\/en\/#\/schema\/person\/ac30f4d74843174f0af56c730f74dd57\",\"name\":\"Concello\",\"image\":{\"@type\":\"ImageObject\",\"inLanguage\":\"en-US\",\"@id\":\"https:\/\/www.aguarda.es\/en\/#\/schema\/person\/image\/\",\"url\":\"https:\/\/secure.gravatar.com\/avatar\/7eda12a04da40b2ef77eb62e68f07027?s=96&d=mm&r=g\",\"contentUrl\":\"https:\/\/secure.gravatar.com\/avatar\/7eda12a04da40b2ef77eb62e68f07027?s=96&d=mm&r=g\",\"caption\":\"Concello\"},\"url\":\"https:\/\/www.aguarda.es\/en\/author\/admin\/\"}]}<\/script>\n<!-- \/ Yoast SEO plugin. -->","yoast_head_json":{"title":"Un local abarrotado de p\u00fablico para escoitar a Mar\u00eda Gonz\u00e1lez Portela na Barferencia \u201cA testemu\u00f1a dun s\u00e9culo de historia\u201d - Concello da Guarda","robots":{"index":"index","follow":"follow","max-snippet":"max-snippet:-1","max-image-preview":"max-image-preview:large","max-video-preview":"max-video-preview:-1"},"canonical":"https:\/\/www.aguarda.es\/en\/un-local-abarrotado-de-publico-para-escoitar-a-maria-gonzalez-portela-na-barferencia-a-testemuna-dun-seculo-de-historia\/","og_locale":"en_US","og_type":"article","og_title":"Un local abarrotado de p\u00fablico para escoitar a Mar\u00eda Gonz\u00e1lez Portela na Barferencia \u201cA testemu\u00f1a dun s\u00e9culo de historia\u201d - Concello da Guarda","og_description":"O venres, 20 de novembro, comezou o ciclo de Barferencias de Inverno organizadas polo Concello da Guarda coa colaboraci\u00f3n de ANABAM. A encargada de inaugurar esta iniciativa foi a veci\u00f1a guardesa Mar\u00eda Gonz\u00e1lez Portela, que este mesmo mes cumpriu os &hellip;","og_url":"https:\/\/www.aguarda.es\/en\/un-local-abarrotado-de-publico-para-escoitar-a-maria-gonzalez-portela-na-barferencia-a-testemuna-dun-seculo-de-historia\/","og_site_name":"Concello da Guarda","article_publisher":"https:\/\/www.facebook.com\/ConcellodaGuarda","article_published_time":"2015-11-23T07:14:46+00:00","og_image":[{"width":600,"height":450,"url":"https:\/\/www.aguarda.es\/wp-content\/uploads\/2015\/11\/2015_barferenciauno1.JPG","type":"image\/jpeg"}],"author":"Concello","twitter_card":"summary_large_image","twitter_creator":"@AGuarda_es","twitter_site":"@AGuarda_es","twitter_misc":{"Written by":"Concello","Est. reading time":"2 minutes"},"schema":{"@context":"https:\/\/schema.org","@graph":[{"@type":"WebPage","@id":"https:\/\/www.aguarda.es\/en\/un-local-abarrotado-de-publico-para-escoitar-a-maria-gonzalez-portela-na-barferencia-a-testemuna-dun-seculo-de-historia\/","url":"https:\/\/www.aguarda.es\/en\/un-local-abarrotado-de-publico-para-escoitar-a-maria-gonzalez-portela-na-barferencia-a-testemuna-dun-seculo-de-historia\/","name":"Un local abarrotado de p\u00fablico para escoitar a Mar\u00eda Gonz\u00e1lez Portela na Barferencia \u201cA testemu\u00f1a dun s\u00e9culo de historia\u201d - Concello da Guarda","isPartOf":{"@id":"https:\/\/www.aguarda.es\/en\/#website"},"datePublished":"2015-11-23T07:14:46+00:00","dateModified":"2015-11-23T07:14:46+00:00","author":{"@id":"https:\/\/www.aguarda.es\/en\/#\/schema\/person\/ac30f4d74843174f0af56c730f74dd57"},"breadcrumb":{"@id":"https:\/\/www.aguarda.es\/en\/un-local-abarrotado-de-publico-para-escoitar-a-maria-gonzalez-portela-na-barferencia-a-testemuna-dun-seculo-de-historia\/#breadcrumb"},"inLanguage":"en-US","potentialAction":[{"@type":"ReadAction","target":["https:\/\/www.aguarda.es\/en\/un-local-abarrotado-de-publico-para-escoitar-a-maria-gonzalez-portela-na-barferencia-a-testemuna-dun-seculo-de-historia\/"]}]},{"@type":"BreadcrumbList","@id":"https:\/\/www.aguarda.es\/en\/un-local-abarrotado-de-publico-para-escoitar-a-maria-gonzalez-portela-na-barferencia-a-testemuna-dun-seculo-de-historia\/#breadcrumb","itemListElement":[{"@type":"ListItem","position":1,"name":"Portada","item":"https:\/\/www.aguarda.es\/en\/"},{"@type":"ListItem","position":2,"name":"Un local abarrotado de p\u00fablico para escoitar a Mar\u00eda Gonz\u00e1lez Portela na Barferencia \u201cA testemu\u00f1a dun s\u00e9culo de historia\u201d"}]},{"@type":"WebSite","@id":"https:\/\/www.aguarda.es\/en\/#website","url":"https:\/\/www.aguarda.es\/en\/","name":"Concello da Guarda","description":"P\u00e1xina web do concello da Guarda","potentialAction":[{"@type":"SearchAction","target":{"@type":"EntryPoint","urlTemplate":"https:\/\/www.aguarda.es\/en\/?s={search_term_string}"},"query-input":"required name=search_term_string"}],"inLanguage":"en-US"},{"@type":"Person","@id":"https:\/\/www.aguarda.es\/en\/#\/schema\/person\/ac30f4d74843174f0af56c730f74dd57","name":"Concello","image":{"@type":"ImageObject","inLanguage":"en-US","@id":"https:\/\/www.aguarda.es\/en\/#\/schema\/person\/image\/","url":"https:\/\/secure.gravatar.com\/avatar\/7eda12a04da40b2ef77eb62e68f07027?s=96&d=mm&r=g","contentUrl":"https:\/\/secure.gravatar.com\/avatar\/7eda12a04da40b2ef77eb62e68f07027?s=96&d=mm&r=g","caption":"Concello"},"url":"https:\/\/www.aguarda.es\/en\/author\/admin\/"}]}},"_links":{"self":[{"href":"https:\/\/www.aguarda.es\/en\/wp-json\/wp\/v2\/posts\/1386"}],"collection":[{"href":"https:\/\/www.aguarda.es\/en\/wp-json\/wp\/v2\/posts"}],"about":[{"href":"https:\/\/www.aguarda.es\/en\/wp-json\/wp\/v2\/types\/post"}],"author":[{"embeddable":true,"href":"https:\/\/www.aguarda.es\/en\/wp-json\/wp\/v2\/users\/1"}],"replies":[{"embeddable":true,"href":"https:\/\/www.aguarda.es\/en\/wp-json\/wp\/v2\/comments?post=1386"}],"version-history":[{"count":0,"href":"https:\/\/www.aguarda.es\/en\/wp-json\/wp\/v2\/posts\/1386\/revisions"}],"wp:featuredmedia":[{"embeddable":true,"href":"https:\/\/www.aguarda.es\/en\/wp-json\/wp\/v2\/media\/1385"}],"wp:attachment":[{"href":"https:\/\/www.aguarda.es\/en\/wp-json\/wp\/v2\/media?parent=1386"}],"wp:term":[{"taxonomy":"category","embeddable":true,"href":"https:\/\/www.aguarda.es\/en\/wp-json\/wp\/v2\/categories?post=1386"},{"taxonomy":"post_tag","embeddable":true,"href":"https:\/\/www.aguarda.es\/en\/wp-json\/wp\/v2\/tags?post=1386"}],"curies":[{"name":"wp","href":"https:\/\/api.w.org\/{rel}","templated":true}]}}