{"id":14242,"date":"2018-07-02T17:15:15","date_gmt":"2018-07-02T17:15:15","guid":{"rendered":"https:\/\/www.aguarda.es\/?p=14242"},"modified":"2018-07-02T17:15:15","modified_gmt":"2018-07-02T17:15:15","slug":"nancho-novo-sera-o-pregoeiro-da-xxviii-festa-da-langosta-e-da-cocina-marineira","status":"publish","type":"post","link":"https:\/\/www.aguarda.es\/en\/nancho-novo-sera-o-pregoeiro-da-xxviii-festa-da-langosta-e-da-cocina-marineira\/","title":{"rendered":"Nancho Novo ser\u00e1 o pregoeiro da XXVIII Festa da Langosta e da Coci\u00f1a Mari\u00f1eira"},"content":{"rendered":"<p style=\"text-align: justify\">O actor, humorista e cantante galego Nancho Novo, ser\u00e1 o responsable de dar o preg\u00f3n da XXVIII Festa da Langosta e da Cocina Mari\u00f1eira este venres d\u00eda 6 de xullo a partires das 21:00h na Praza do Rel\u00f3 da Guarda.<\/p>\n<p style=\"text-align: justify\">Nado en 1958 na Coru\u00f1a, combina a s\u00faa carreira de actor coa de cantante e compositor, ademais de ser o guitarrista do grupo Rock \u201cLos Castigados sin postre\u201d.<\/p>\n<p style=\"text-align: justify\">Ten realizado varios sketchs no reco\u00f1ecido programa televisivo \u201cEl Club de la Comedia\u201d e participa coma colaborador no programa radiof\u00f3nico \u201cHoy por hoy Madrid\u201d de Radio Madrid.<\/p>\n<p style=\"text-align: justify\">O seu debut coma actor profesional remontase ao 1988 no teatro de Madrid e proseguiu a s\u00faa carreira alternando traballos no teatro, cine ou series televisivas como \u201cFari\u00f1a\u201d.<\/p>\n<p style=\"text-align: justify\">Como ven sendo habitual a lectura do preg\u00f3n ser\u00e1 a noiti\u00f1a, dando o \u201cpistoletazo\u201d de sa\u00edda a unha fin de semana cargada de actividades que atraen a numerosos visitantes e turistas, as\u00ed coma a veci\u00f1os da Guarda e da Comarca do Baixo Mi\u00f1o.<\/p>\n<p style=\"text-align: justify\">Grazas \u00e1 excelente habilidade humor\u00edstica de Nancho Novo est\u00e1 asegurado que o seu preg\u00f3n ser\u00e1 unha cita que non te debes perder e dende o Concello da Guarda invitase a todo o p\u00fablico a asistir.<\/p>\n<p style=\"text-align: center\"><img decoding=\"async\" loading=\"lazy\" class=\"alignnone size-full wp-image-14245\" src=\"https:\/\/www.aguarda.es\/wp-content\/uploads\/2018\/07\/Nancho-Novo-ser\u00e1-o-pregoeiro-da-XXVIII-Festa-da-Langosta-e-da-Coci\u00f1a-Mari\u00f1eira-3.jpg\" alt=\"O actor, humorista e cantante galego Nancho Novo, ser\u00e1 o responsable de dar o preg\u00f3n da   XXVIII Festa da Langosta e da Cocina Mari\u00f1eira este venres d\u00eda 6 de xullo a partires das 21:00h na Praza do Rel\u00f3 da Guarda.\" width=\"655\" height=\"350\" srcset=\"https:\/\/www.aguarda.es\/wp-content\/uploads\/2018\/07\/Nancho-Novo-ser\u00e1-o-pregoeiro-da-XXVIII-Festa-da-Langosta-e-da-Coci\u00f1a-Mari\u00f1eira-3.jpg 655w, https:\/\/www.aguarda.es\/wp-content\/uploads\/2018\/07\/Nancho-Novo-ser\u00e1-o-pregoeiro-da-XXVIII-Festa-da-Langosta-e-da-Coci\u00f1a-Mari\u00f1eira-3-300x160.jpg 300w, https:\/\/www.aguarda.es\/wp-content\/uploads\/2018\/07\/Nancho-Novo-ser\u00e1-o-pregoeiro-da-XXVIII-Festa-da-Langosta-e-da-Coci\u00f1a-Mari\u00f1eira-3-570x305.jpg 570w\" sizes=\"(max-width: 655px) 100vw, 655px\" \/><\/p>\n<p style=\"text-align: justify\">Tralo preg\u00f3n realizarase a apertura da Carpa no Porto da Guarda onde xa se poder\u00e1n degustar os produtos do mar e da coci\u00f1a mari\u00f1eira. Ser\u00e1 sobre as 22:30h cando Nancho Novo realice o seu espect\u00e1culo \u201cEl Cavern\u00edcola\u201d, obra que trata sobre o modo no que se relacionan os homes e mulleres, unha versi\u00f3n da m\u00edtica obra de Broadway que leva m\u00e1is de 1200 funci\u00f3ns con grande \u00e9xito no Teatro de Madrid.<\/p>\n<p style=\"text-align: justify\">Para finalizar este primeiro d\u00eda da XXVIII Festa da Langosta e da Coci\u00f1a Mari\u00f1eira realizarase un ser\u00e1n mari\u00f1eiro contando coas actuaci\u00f3ns de m\u00e1is dunha decena de grupos tradicionais y de pandeireta que amenizar\u00e1n esta noite.<\/p>\n<p style=\"text-align: justify\">Na XXVIII Festa da Langosta e da Coci\u00f1a Mari\u00f1eira poderase degustar unha ampla variedade de produtos do mar, sobremesas e vi\u00f1os. A raci\u00f3n de Langosta custar\u00e1 25\u20ac, pero tam\u00e9n haber\u00e1 outras tapas coma percebes, calamares, langostinos, mexill\u00f3ns, navallas, polbo\u2026 a prezos populares. Na sobremesa, non pode faltar a Rosca de Xema, con raci\u00f3ns dende 1,5\u20ac.<\/p>\n<h3 style=\"text-align: justify\">Programaci\u00f3n variada e para todas as idades<\/h3>\n<p style=\"text-align: justify\">A XXVIII Festa da Langosta e da Coci\u00f1a Mari\u00f1eira ter\u00e1 inicio o venres 6 de xu\u00f1o co acto de lectura do preg\u00f3n na Praza do Rel\u00f3 \u00e1s 21:00h, que nesta edici\u00f3n recae no reco\u00f1ecido actor, humorista e cantante galego Nancho Novo. Esa mesma noite \u00e1s 22:30h far\u00e1 unha actuaci\u00f3n na carpa do Porto, presentando o seu espect\u00e1culo \u201cCavern\u00edcola\u201d.<\/p>\n<p style=\"text-align: justify\">Na xornada do s\u00e1bado 7 de xullo repartiranse ao longo do d\u00eda varias actuaci\u00f3ns musicais a cargo dos grupos A Boalleira, Acevedos Delgados e Mitic, as\u00ed coma un espect\u00e1culo de max\u00eda a cargo de Valeria Varitas. Destacan tam\u00e9n neste d\u00eda as actividades infant\u00eds e deportivas, coa XXIII edici\u00f3n da Traves\u00eda a Nado do Porto da Guarda.<\/p>\n<p style=\"text-align: justify\">O Domingo 8 de xu\u00f1o amenizar\u00e1n a xornada os grupos A Boalleira, Acevedos Delgados, Peter Punk e Brais das Hortas, contando coa actuaci\u00f3n estelar de Celina da Piedade, nunha noite na que o fado ser\u00e1 o protagonista. Tam\u00e9n destaca neste d\u00eda o obradoiro infantil de Mini-Chef ou o espect\u00e1culo c\u00f3mico de Roi Borrallas.<\/p>\n<p style=\"text-align: justify\">Durante toda a fin de semana A Guarda ofrecer\u00e1 visitas guiadas \u00e1 Rede de Museos, formada polo Museo do Mar o Castelo de Santa Cruz e o Monte de Santa Trega, haber\u00e1 unha gran feira de artesan\u00eda e zona l\u00fadica e infantil, con inchables acu\u00e1ticos(non esquezades o ba\u00f1ador!). Tam\u00e9n disporase dunha pantalla xigante para o seguimento dos partidos do Mundial de F\u00fatbol.<\/p>\n<p style=\"text-align: center\"><img decoding=\"async\" loading=\"lazy\" class=\"alignnone size-full wp-image-14244\" src=\"https:\/\/www.aguarda.es\/wp-content\/uploads\/2018\/07\/Nancho-Novo-ser\u00e1-o-pregoeiro-da-XXVIII-Festa-da-Langosta-e-da-Coci\u00f1a-Mari\u00f1eira-2.jpg\" alt=\"O actor, humorista e cantante galego Nancho Novo, ser\u00e1 o responsable de dar o preg\u00f3n da   XXVIII Festa da Langosta e da Cocina Mari\u00f1eira este venres d\u00eda 6 de xullo a partires das 21:00h na Praza do Rel\u00f3 da Guarda.\" width=\"1684\" height=\"1632\" srcset=\"https:\/\/www.aguarda.es\/wp-content\/uploads\/2018\/07\/Nancho-Novo-ser\u00e1-o-pregoeiro-da-XXVIII-Festa-da-Langosta-e-da-Coci\u00f1a-Mari\u00f1eira-2.jpg 1684w, https:\/\/www.aguarda.es\/wp-content\/uploads\/2018\/07\/Nancho-Novo-ser\u00e1-o-pregoeiro-da-XXVIII-Festa-da-Langosta-e-da-Coci\u00f1a-Mari\u00f1eira-2-300x291.jpg 300w, https:\/\/www.aguarda.es\/wp-content\/uploads\/2018\/07\/Nancho-Novo-ser\u00e1-o-pregoeiro-da-XXVIII-Festa-da-Langosta-e-da-Coci\u00f1a-Mari\u00f1eira-2-768x744.jpg 768w, https:\/\/www.aguarda.es\/wp-content\/uploads\/2018\/07\/Nancho-Novo-ser\u00e1-o-pregoeiro-da-XXVIII-Festa-da-Langosta-e-da-Coci\u00f1a-Mari\u00f1eira-2-1024x992.jpg 1024w, https:\/\/www.aguarda.es\/wp-content\/uploads\/2018\/07\/Nancho-Novo-ser\u00e1-o-pregoeiro-da-XXVIII-Festa-da-Langosta-e-da-Coci\u00f1a-Mari\u00f1eira-2-570x552.jpg 570w\" sizes=\"(max-width: 1684px) 100vw, 1684px\" \/><\/p>\n","protected":false},"excerpt":{"rendered":"<p>O actor, humorista e cantante galego Nancho Novo, ser\u00e1 o responsable de dar o preg\u00f3n da XXVIII Festa da Langosta e da Cocina Mari\u00f1eira este venres d\u00eda 6 de xullo a partires das 21:00h na Praza do Rel\u00f3 da Guarda. &hellip; <\/p>\n","protected":false},"author":2,"featured_media":14243,"comment_status":"open","ping_status":"open","sticky":false,"template":"","format":"standard","meta":[],"categories":[56],"tags":[226,1190,1261,1262],"yoast_head":"<!-- This site is optimized with the Yoast SEO plugin v21.1 - https:\/\/yoast.com\/wordpress\/plugins\/seo\/ -->\n<title>Nancho Novo ser\u00e1 o pregoeiro da XXVIII Festa da Langosta e da Coci\u00f1a Mari\u00f1eira - Concello da Guarda<\/title>\n<meta name=\"robots\" content=\"index, follow, max-snippet:-1, max-image-preview:large, max-video-preview:-1\" \/>\n<link rel=\"canonical\" href=\"https:\/\/www.aguarda.es\/en\/nancho-novo-sera-o-pregoeiro-da-xxviii-festa-da-langosta-e-da-cocina-marineira\/\" \/>\n<meta property=\"og:locale\" content=\"en_US\" \/>\n<meta property=\"og:type\" content=\"article\" \/>\n<meta property=\"og:title\" content=\"Nancho Novo ser\u00e1 o pregoeiro da XXVIII Festa da Langosta e da Coci\u00f1a Mari\u00f1eira - Concello da Guarda\" \/>\n<meta property=\"og:description\" content=\"O actor, humorista e cantante galego Nancho Novo, ser\u00e1 o responsable de dar o preg\u00f3n da XXVIII Festa da Langosta e da Cocina Mari\u00f1eira este venres d\u00eda 6 de xullo a partires das 21:00h na Praza do Rel\u00f3 da Guarda. &hellip;\" \/>\n<meta property=\"og:url\" content=\"https:\/\/www.aguarda.es\/en\/nancho-novo-sera-o-pregoeiro-da-xxviii-festa-da-langosta-e-da-cocina-marineira\/\" \/>\n<meta property=\"og:site_name\" content=\"Concello da Guarda\" \/>\n<meta property=\"article:publisher\" content=\"https:\/\/www.facebook.com\/ConcellodaGuarda\" \/>\n<meta property=\"article:published_time\" content=\"2018-07-02T17:15:15+00:00\" \/>\n<meta property=\"og:image\" content=\"https:\/\/www.aguarda.es\/wp-content\/uploads\/2018\/07\/Nancho-Novo-ser\u00e1-o-pregoeiro-da-XXVIII-Festa-da-Langosta-e-da-Coci\u00f1a-Mari\u00f1eira-1.jpg\" \/>\n\t<meta property=\"og:image:width\" content=\"600\" \/>\n\t<meta property=\"og:image:height\" content=\"600\" \/>\n\t<meta property=\"og:image:type\" content=\"image\/jpeg\" \/>\n<meta name=\"author\" content=\"prensa\" \/>\n<meta name=\"twitter:card\" content=\"summary_large_image\" \/>\n<meta name=\"twitter:creator\" content=\"@AGuarda_es\" \/>\n<meta name=\"twitter:site\" content=\"@AGuarda_es\" \/>\n<meta name=\"twitter:label1\" content=\"Written by\" \/>\n\t<meta name=\"twitter:data1\" content=\"prensa\" \/>\n\t<meta name=\"twitter:label2\" content=\"Est. reading time\" \/>\n\t<meta name=\"twitter:data2\" content=\"3 minutes\" \/>\n<script type=\"application\/ld+json\" class=\"yoast-schema-graph\">{\"@context\":\"https:\/\/schema.org\",\"@graph\":[{\"@type\":\"WebPage\",\"@id\":\"https:\/\/www.aguarda.es\/en\/nancho-novo-sera-o-pregoeiro-da-xxviii-festa-da-langosta-e-da-cocina-marineira\/\",\"url\":\"https:\/\/www.aguarda.es\/en\/nancho-novo-sera-o-pregoeiro-da-xxviii-festa-da-langosta-e-da-cocina-marineira\/\",\"name\":\"Nancho Novo ser\u00e1 o pregoeiro da XXVIII Festa da Langosta e da Coci\u00f1a Mari\u00f1eira - Concello da Guarda\",\"isPartOf\":{\"@id\":\"https:\/\/www.aguarda.es\/en\/#website\"},\"datePublished\":\"2018-07-02T17:15:15+00:00\",\"dateModified\":\"2018-07-02T17:15:15+00:00\",\"author\":{\"@id\":\"https:\/\/www.aguarda.es\/en\/#\/schema\/person\/c463ca3006858ffb349d11179d044f21\"},\"breadcrumb\":{\"@id\":\"https:\/\/www.aguarda.es\/en\/nancho-novo-sera-o-pregoeiro-da-xxviii-festa-da-langosta-e-da-cocina-marineira\/#breadcrumb\"},\"inLanguage\":\"en-US\",\"potentialAction\":[{\"@type\":\"ReadAction\",\"target\":[\"https:\/\/www.aguarda.es\/en\/nancho-novo-sera-o-pregoeiro-da-xxviii-festa-da-langosta-e-da-cocina-marineira\/\"]}]},{\"@type\":\"BreadcrumbList\",\"@id\":\"https:\/\/www.aguarda.es\/en\/nancho-novo-sera-o-pregoeiro-da-xxviii-festa-da-langosta-e-da-cocina-marineira\/#breadcrumb\",\"itemListElement\":[{\"@type\":\"ListItem\",\"position\":1,\"name\":\"Portada\",\"item\":\"https:\/\/www.aguarda.es\/en\/\"},{\"@type\":\"ListItem\",\"position\":2,\"name\":\"Nancho Novo ser\u00e1 o pregoeiro da XXVIII Festa da Langosta e da Coci\u00f1a Mari\u00f1eira\"}]},{\"@type\":\"WebSite\",\"@id\":\"https:\/\/www.aguarda.es\/en\/#website\",\"url\":\"https:\/\/www.aguarda.es\/en\/\",\"name\":\"Concello da Guarda\",\"description\":\"P\u00e1xina web do concello da Guarda\",\"potentialAction\":[{\"@type\":\"SearchAction\",\"target\":{\"@type\":\"EntryPoint\",\"urlTemplate\":\"https:\/\/www.aguarda.es\/en\/?s={search_term_string}\"},\"query-input\":\"required name=search_term_string\"}],\"inLanguage\":\"en-US\"},{\"@type\":\"Person\",\"@id\":\"https:\/\/www.aguarda.es\/en\/#\/schema\/person\/c463ca3006858ffb349d11179d044f21\",\"name\":\"prensa\",\"image\":{\"@type\":\"ImageObject\",\"inLanguage\":\"en-US\",\"@id\":\"https:\/\/www.aguarda.es\/en\/#\/schema\/person\/image\/\",\"url\":\"https:\/\/secure.gravatar.com\/avatar\/5f90ef536b0f98306edf5c7a1135ffa1?s=96&d=mm&r=g\",\"contentUrl\":\"https:\/\/secure.gravatar.com\/avatar\/5f90ef536b0f98306edf5c7a1135ffa1?s=96&d=mm&r=g\",\"caption\":\"prensa\"},\"url\":\"https:\/\/www.aguarda.es\/en\/author\/prensa\/\"}]}<\/script>\n<!-- \/ Yoast SEO plugin. -->","yoast_head_json":{"title":"Nancho Novo ser\u00e1 o pregoeiro da XXVIII Festa da Langosta e da Coci\u00f1a Mari\u00f1eira - Concello da Guarda","robots":{"index":"index","follow":"follow","max-snippet":"max-snippet:-1","max-image-preview":"max-image-preview:large","max-video-preview":"max-video-preview:-1"},"canonical":"https:\/\/www.aguarda.es\/en\/nancho-novo-sera-o-pregoeiro-da-xxviii-festa-da-langosta-e-da-cocina-marineira\/","og_locale":"en_US","og_type":"article","og_title":"Nancho Novo ser\u00e1 o pregoeiro da XXVIII Festa da Langosta e da Coci\u00f1a Mari\u00f1eira - Concello da Guarda","og_description":"O actor, humorista e cantante galego Nancho Novo, ser\u00e1 o responsable de dar o preg\u00f3n da XXVIII Festa da Langosta e da Cocina Mari\u00f1eira este venres d\u00eda 6 de xullo a partires das 21:00h na Praza do Rel\u00f3 da Guarda. &hellip;","og_url":"https:\/\/www.aguarda.es\/en\/nancho-novo-sera-o-pregoeiro-da-xxviii-festa-da-langosta-e-da-cocina-marineira\/","og_site_name":"Concello da Guarda","article_publisher":"https:\/\/www.facebook.com\/ConcellodaGuarda","article_published_time":"2018-07-02T17:15:15+00:00","og_image":[{"width":600,"height":600,"url":"https:\/\/www.aguarda.es\/wp-content\/uploads\/2018\/07\/Nancho-Novo-ser\u00e1-o-pregoeiro-da-XXVIII-Festa-da-Langosta-e-da-Coci\u00f1a-Mari\u00f1eira-1.jpg","type":"image\/jpeg"}],"author":"prensa","twitter_card":"summary_large_image","twitter_creator":"@AGuarda_es","twitter_site":"@AGuarda_es","twitter_misc":{"Written by":"prensa","Est. reading time":"3 minutes"},"schema":{"@context":"https:\/\/schema.org","@graph":[{"@type":"WebPage","@id":"https:\/\/www.aguarda.es\/en\/nancho-novo-sera-o-pregoeiro-da-xxviii-festa-da-langosta-e-da-cocina-marineira\/","url":"https:\/\/www.aguarda.es\/en\/nancho-novo-sera-o-pregoeiro-da-xxviii-festa-da-langosta-e-da-cocina-marineira\/","name":"Nancho Novo ser\u00e1 o pregoeiro da XXVIII Festa da Langosta e da Coci\u00f1a Mari\u00f1eira - Concello da Guarda","isPartOf":{"@id":"https:\/\/www.aguarda.es\/en\/#website"},"datePublished":"2018-07-02T17:15:15+00:00","dateModified":"2018-07-02T17:15:15+00:00","author":{"@id":"https:\/\/www.aguarda.es\/en\/#\/schema\/person\/c463ca3006858ffb349d11179d044f21"},"breadcrumb":{"@id":"https:\/\/www.aguarda.es\/en\/nancho-novo-sera-o-pregoeiro-da-xxviii-festa-da-langosta-e-da-cocina-marineira\/#breadcrumb"},"inLanguage":"en-US","potentialAction":[{"@type":"ReadAction","target":["https:\/\/www.aguarda.es\/en\/nancho-novo-sera-o-pregoeiro-da-xxviii-festa-da-langosta-e-da-cocina-marineira\/"]}]},{"@type":"BreadcrumbList","@id":"https:\/\/www.aguarda.es\/en\/nancho-novo-sera-o-pregoeiro-da-xxviii-festa-da-langosta-e-da-cocina-marineira\/#breadcrumb","itemListElement":[{"@type":"ListItem","position":1,"name":"Portada","item":"https:\/\/www.aguarda.es\/en\/"},{"@type":"ListItem","position":2,"name":"Nancho Novo ser\u00e1 o pregoeiro da XXVIII Festa da Langosta e da Coci\u00f1a Mari\u00f1eira"}]},{"@type":"WebSite","@id":"https:\/\/www.aguarda.es\/en\/#website","url":"https:\/\/www.aguarda.es\/en\/","name":"Concello da Guarda","description":"P\u00e1xina web do concello da Guarda","potentialAction":[{"@type":"SearchAction","target":{"@type":"EntryPoint","urlTemplate":"https:\/\/www.aguarda.es\/en\/?s={search_term_string}"},"query-input":"required name=search_term_string"}],"inLanguage":"en-US"},{"@type":"Person","@id":"https:\/\/www.aguarda.es\/en\/#\/schema\/person\/c463ca3006858ffb349d11179d044f21","name":"prensa","image":{"@type":"ImageObject","inLanguage":"en-US","@id":"https:\/\/www.aguarda.es\/en\/#\/schema\/person\/image\/","url":"https:\/\/secure.gravatar.com\/avatar\/5f90ef536b0f98306edf5c7a1135ffa1?s=96&d=mm&r=g","contentUrl":"https:\/\/secure.gravatar.com\/avatar\/5f90ef536b0f98306edf5c7a1135ffa1?s=96&d=mm&r=g","caption":"prensa"},"url":"https:\/\/www.aguarda.es\/en\/author\/prensa\/"}]}},"_links":{"self":[{"href":"https:\/\/www.aguarda.es\/en\/wp-json\/wp\/v2\/posts\/14242"}],"collection":[{"href":"https:\/\/www.aguarda.es\/en\/wp-json\/wp\/v2\/posts"}],"about":[{"href":"https:\/\/www.aguarda.es\/en\/wp-json\/wp\/v2\/types\/post"}],"author":[{"embeddable":true,"href":"https:\/\/www.aguarda.es\/en\/wp-json\/wp\/v2\/users\/2"}],"replies":[{"embeddable":true,"href":"https:\/\/www.aguarda.es\/en\/wp-json\/wp\/v2\/comments?post=14242"}],"version-history":[{"count":1,"href":"https:\/\/www.aguarda.es\/en\/wp-json\/wp\/v2\/posts\/14242\/revisions"}],"predecessor-version":[{"id":14246,"href":"https:\/\/www.aguarda.es\/en\/wp-json\/wp\/v2\/posts\/14242\/revisions\/14246"}],"wp:featuredmedia":[{"embeddable":true,"href":"https:\/\/www.aguarda.es\/en\/wp-json\/wp\/v2\/media\/14243"}],"wp:attachment":[{"href":"https:\/\/www.aguarda.es\/en\/wp-json\/wp\/v2\/media?parent=14242"}],"wp:term":[{"taxonomy":"category","embeddable":true,"href":"https:\/\/www.aguarda.es\/en\/wp-json\/wp\/v2\/categories?post=14242"},{"taxonomy":"post_tag","embeddable":true,"href":"https:\/\/www.aguarda.es\/en\/wp-json\/wp\/v2\/tags?post=14242"}],"curies":[{"name":"wp","href":"https:\/\/api.w.org\/{rel}","templated":true}]}}