{"id":14272,"date":"2018-07-04T08:42:47","date_gmt":"2018-07-04T08:42:47","guid":{"rendered":"https:\/\/www.aguarda.es\/?p=14272"},"modified":"2018-07-04T08:42:47","modified_gmt":"2018-07-04T08:42:47","slug":"a-exposicion-sobre-as-marcas-dos-pescadores-inaugurase-en-povoa-de-varzim","status":"publish","type":"post","link":"https:\/\/www.aguarda.es\/en\/a-exposicion-sobre-as-marcas-dos-pescadores-inaugurase-en-povoa-de-varzim\/","title":{"rendered":"A exposici\u00f3n sobre as Marcas dos Pescadores inaug\u00farase en P\u00f3voa de Varzim"},"content":{"rendered":"<p style=\"text-align: justify\">O pasado martes d\u00eda 3 de xullo de 2018 o Museo de Etnograf\u00eda e Historia de P\u00f3voa de Varzim acolleu a exposici\u00f3n sobre as Marcas dos Pescadores, un nexo com\u00fan entre os homes e mulleres do mar da Guarda e de P\u00f3voa de Varzim.<\/p>\n<p style=\"text-align: justify\">A exposici\u00f3n recolle unha mostra fotogr\u00e1fica, de aparellos de pesca, artigos e escritos sobre a historia do mar e dos seus pescadores.<\/p>\n<p style=\"text-align: center\"><img decoding=\"async\" loading=\"lazy\" class=\"alignnone size-full wp-image-14274\" src=\"https:\/\/www.aguarda.es\/wp-content\/uploads\/2018\/07\/NP-04072018-A-exposici\u00f3n-sobre-as-Marcas-dos-Pescadores-inaug\u00farase-en-P\u00f3voa-de-Varzim-1.jpg\" alt=\"O pasado martes d\u00eda 3 de xullo de 2018 o Museo de Etnograf\u00eda e Historia de P\u00f3voa de Varzim acolleu a exposici\u00f3n sobre as Marcas dos Pescadores, un nexo com\u00fan entre os homes e mulleres do mar da Guarda e de P\u00f3voa de Varzim.\" width=\"800\" height=\"533\" srcset=\"https:\/\/www.aguarda.es\/wp-content\/uploads\/2018\/07\/NP-04072018-A-exposici\u00f3n-sobre-as-Marcas-dos-Pescadores-inaug\u00farase-en-P\u00f3voa-de-Varzim-1.jpg 800w, https:\/\/www.aguarda.es\/wp-content\/uploads\/2018\/07\/NP-04072018-A-exposici\u00f3n-sobre-as-Marcas-dos-Pescadores-inaug\u00farase-en-P\u00f3voa-de-Varzim-1-300x200.jpg 300w, https:\/\/www.aguarda.es\/wp-content\/uploads\/2018\/07\/NP-04072018-A-exposici\u00f3n-sobre-as-Marcas-dos-Pescadores-inaug\u00farase-en-P\u00f3voa-de-Varzim-1-768x512.jpg 768w, https:\/\/www.aguarda.es\/wp-content\/uploads\/2018\/07\/NP-04072018-A-exposici\u00f3n-sobre-as-Marcas-dos-Pescadores-inaug\u00farase-en-P\u00f3voa-de-Varzim-1-570x380.jpg 570w\" sizes=\"(max-width: 800px) 100vw, 800px\" \/><\/p>\n<p style=\"text-align: justify\">Neste acto de inauguraci\u00f3n participaron, por parte da Guarda, Joaqu\u00edn Cadilla, presidente da Asociaci\u00f3n Piueiro e unha representaci\u00f3n deste colectivo, Antonio Lomba, Alcalde da Guarda; Xavier Crespo, Concelleiro de Patrimonio e unha representaci\u00f3n do colectivo mari\u00f1eiro da vila. Por parte da C\u00e1mara de Povoa de Varzim, Lu\u00eds Diamantino Carvalho Batista, Vicepresidente da C\u00e1mara de P\u00f3voa de Varzim, Maria Lucinda Campos Amorim Ramos Sousa Delgado, Vereadora de Turismo, as\u00ed como as comisarias da exposici\u00f3n, que forman parte do Museo.<\/p>\n<p style=\"text-align: center\"><img decoding=\"async\" loading=\"lazy\" class=\"alignnone size-full wp-image-14276\" src=\"https:\/\/www.aguarda.es\/wp-content\/uploads\/2018\/07\/NP-04072018-A-exposici\u00f3n-sobre-as-Marcas-dos-Pescadores-inaug\u00farase-en-P\u00f3voa-de-Varzim-3.jpg\" alt=\"O pasado martes d\u00eda 3 de xullo de 2018 o Museo de Etnograf\u00eda e Historia de P\u00f3voa de Varzim acolleu a exposici\u00f3n sobre as Marcas dos Pescadores, un nexo com\u00fan entre os homes e mulleres do mar da Guarda e de P\u00f3voa de Varzim.\" width=\"800\" height=\"533\" srcset=\"https:\/\/www.aguarda.es\/wp-content\/uploads\/2018\/07\/NP-04072018-A-exposici\u00f3n-sobre-as-Marcas-dos-Pescadores-inaug\u00farase-en-P\u00f3voa-de-Varzim-3.jpg 800w, https:\/\/www.aguarda.es\/wp-content\/uploads\/2018\/07\/NP-04072018-A-exposici\u00f3n-sobre-as-Marcas-dos-Pescadores-inaug\u00farase-en-P\u00f3voa-de-Varzim-3-300x200.jpg 300w, https:\/\/www.aguarda.es\/wp-content\/uploads\/2018\/07\/NP-04072018-A-exposici\u00f3n-sobre-as-Marcas-dos-Pescadores-inaug\u00farase-en-P\u00f3voa-de-Varzim-3-768x512.jpg 768w, https:\/\/www.aguarda.es\/wp-content\/uploads\/2018\/07\/NP-04072018-A-exposici\u00f3n-sobre-as-Marcas-dos-Pescadores-inaug\u00farase-en-P\u00f3voa-de-Varzim-3-570x380.jpg 570w\" sizes=\"(max-width: 800px) 100vw, 800px\" \/><\/p>\n<p style=\"text-align: justify\">Despois dunha breve explicaci\u00f3n sobre os diferentes contidos desta exposici\u00f3n, realizouse unha tertulia na que participaron m\u00e1is de medio cento de persoas, onde se intercambiaron experiencias, an\u00e9cdotas, memorias e sobre todo, descubriuse unha vez m\u00e1is a forte vinculaci\u00f3n existente entre estes dous municipios.<\/p>\n<p style=\"text-align: justify\">As fronteiras non separan as augas do mar e aos seus pescadores, nos tempos de barcos a remos e velas os povoeiros ti\u00f1an moita vinculaci\u00f3ns con Galicia e coa Guarda, onde atopaban abrigo ante os temporais do mar e onde tam\u00e9n visitaban a ermida de Santa Trega, as s\u00faas marcas foron sempre un punto en com\u00fan entre eles, unha maneira de identificarse entre si, nun tempo no que non exist\u00edan outras formas de comunicaci\u00f3ns ou de distinci\u00f3n, compartindo as marcas coma un nexo hist\u00f3rico-cultural com\u00fan.<\/p>\n<p style=\"text-align: justify\">A Exposici\u00f3n Marcas dos Mari\u00f1eiros visitar\u00e1 A Guarda a partires do vindeiro 22 de setembro, enmarcada nos actos previos \u00e1 celebraci\u00f3n do XIV Encontro de Embarcaci\u00f3ns Tradicionais de Galicia, que se celebrar\u00e1 na Guarda do 11 ao 14 de xullo de 2019.<\/p>\n<p style=\"text-align: center\"><img decoding=\"async\" loading=\"lazy\" class=\"alignnone size-full wp-image-14275\" src=\"https:\/\/www.aguarda.es\/wp-content\/uploads\/2018\/07\/NP-04072018-A-exposici\u00f3n-sobre-as-Marcas-dos-Pescadores-inaug\u00farase-en-P\u00f3voa-de-Varzim-2.jpg\" alt=\"O pasado martes d\u00eda 3 de xullo de 2018 o Museo de Etnograf\u00eda e Historia de P\u00f3voa de Varzim acolleu a exposici\u00f3n sobre as Marcas dos Pescadores, un nexo com\u00fan entre os homes e mulleres do mar da Guarda e de P\u00f3voa de Varzim.\" width=\"800\" height=\"533\" srcset=\"https:\/\/www.aguarda.es\/wp-content\/uploads\/2018\/07\/NP-04072018-A-exposici\u00f3n-sobre-as-Marcas-dos-Pescadores-inaug\u00farase-en-P\u00f3voa-de-Varzim-2.jpg 800w, https:\/\/www.aguarda.es\/wp-content\/uploads\/2018\/07\/NP-04072018-A-exposici\u00f3n-sobre-as-Marcas-dos-Pescadores-inaug\u00farase-en-P\u00f3voa-de-Varzim-2-300x200.jpg 300w, https:\/\/www.aguarda.es\/wp-content\/uploads\/2018\/07\/NP-04072018-A-exposici\u00f3n-sobre-as-Marcas-dos-Pescadores-inaug\u00farase-en-P\u00f3voa-de-Varzim-2-768x512.jpg 768w, https:\/\/www.aguarda.es\/wp-content\/uploads\/2018\/07\/NP-04072018-A-exposici\u00f3n-sobre-as-Marcas-dos-Pescadores-inaug\u00farase-en-P\u00f3voa-de-Varzim-2-570x380.jpg 570w\" sizes=\"(max-width: 800px) 100vw, 800px\" \/><\/p>\n","protected":false},"excerpt":{"rendered":"<p>O pasado martes d\u00eda 3 de xullo de 2018 o Museo de Etnograf\u00eda e Historia de P\u00f3voa de Varzim acolleu a exposici\u00f3n sobre as Marcas dos Pescadores, un nexo com\u00fan entre os homes e mulleres do mar da Guarda e &hellip; <\/p>\n","protected":false},"author":2,"featured_media":14273,"comment_status":"open","ping_status":"open","sticky":false,"template":"","format":"standard","meta":[],"categories":[34,43],"tags":[226,243,387,1237,1270],"yoast_head":"<!-- This site is optimized with the Yoast SEO plugin v21.1 - https:\/\/yoast.com\/wordpress\/plugins\/seo\/ -->\n<title>A exposici\u00f3n sobre as Marcas dos Pescadores inaug\u00farase en P\u00f3voa de Varzim - Concello da Guarda<\/title>\n<meta name=\"robots\" content=\"index, follow, max-snippet:-1, max-image-preview:large, max-video-preview:-1\" \/>\n<link rel=\"canonical\" href=\"https:\/\/www.aguarda.es\/en\/a-exposicion-sobre-as-marcas-dos-pescadores-inaugurase-en-povoa-de-varzim\/\" \/>\n<meta property=\"og:locale\" content=\"en_US\" \/>\n<meta property=\"og:type\" content=\"article\" \/>\n<meta property=\"og:title\" content=\"A exposici\u00f3n sobre as Marcas dos Pescadores inaug\u00farase en P\u00f3voa de Varzim - Concello da Guarda\" \/>\n<meta property=\"og:description\" content=\"O pasado martes d\u00eda 3 de xullo de 2018 o Museo de Etnograf\u00eda e Historia de P\u00f3voa de Varzim acolleu a exposici\u00f3n sobre as Marcas dos Pescadores, un nexo com\u00fan entre os homes e mulleres do mar da Guarda e &hellip;\" \/>\n<meta property=\"og:url\" content=\"https:\/\/www.aguarda.es\/en\/a-exposicion-sobre-as-marcas-dos-pescadores-inaugurase-en-povoa-de-varzim\/\" \/>\n<meta property=\"og:site_name\" content=\"Concello da Guarda\" \/>\n<meta property=\"article:publisher\" content=\"https:\/\/www.facebook.com\/ConcellodaGuarda\" \/>\n<meta property=\"article:published_time\" content=\"2018-07-04T08:42:47+00:00\" \/>\n<meta property=\"og:image\" content=\"https:\/\/www.aguarda.es\/wp-content\/uploads\/2018\/07\/NP-04072018-A-exposici\u00f3n-sobre-as-Marcas-dos-Pescadores-inaug\u00farase-en-P\u00f3voa-de-Varzim-4.jpg\" \/>\n\t<meta property=\"og:image:width\" content=\"800\" \/>\n\t<meta property=\"og:image:height\" content=\"533\" \/>\n\t<meta property=\"og:image:type\" content=\"image\/jpeg\" \/>\n<meta name=\"author\" content=\"prensa\" \/>\n<meta name=\"twitter:card\" content=\"summary_large_image\" \/>\n<meta name=\"twitter:creator\" content=\"@AGuarda_es\" \/>\n<meta name=\"twitter:site\" content=\"@AGuarda_es\" \/>\n<meta name=\"twitter:label1\" content=\"Written by\" \/>\n\t<meta name=\"twitter:data1\" content=\"prensa\" \/>\n\t<meta name=\"twitter:label2\" content=\"Est. reading time\" \/>\n\t<meta name=\"twitter:data2\" content=\"2 minutes\" \/>\n<script type=\"application\/ld+json\" class=\"yoast-schema-graph\">{\"@context\":\"https:\/\/schema.org\",\"@graph\":[{\"@type\":\"WebPage\",\"@id\":\"https:\/\/www.aguarda.es\/en\/a-exposicion-sobre-as-marcas-dos-pescadores-inaugurase-en-povoa-de-varzim\/\",\"url\":\"https:\/\/www.aguarda.es\/en\/a-exposicion-sobre-as-marcas-dos-pescadores-inaugurase-en-povoa-de-varzim\/\",\"name\":\"A exposici\u00f3n sobre as Marcas dos Pescadores inaug\u00farase en P\u00f3voa de Varzim - Concello da Guarda\",\"isPartOf\":{\"@id\":\"https:\/\/www.aguarda.es\/en\/#website\"},\"datePublished\":\"2018-07-04T08:42:47+00:00\",\"dateModified\":\"2018-07-04T08:42:47+00:00\",\"author\":{\"@id\":\"https:\/\/www.aguarda.es\/en\/#\/schema\/person\/c463ca3006858ffb349d11179d044f21\"},\"breadcrumb\":{\"@id\":\"https:\/\/www.aguarda.es\/en\/a-exposicion-sobre-as-marcas-dos-pescadores-inaugurase-en-povoa-de-varzim\/#breadcrumb\"},\"inLanguage\":\"en-US\",\"potentialAction\":[{\"@type\":\"ReadAction\",\"target\":[\"https:\/\/www.aguarda.es\/en\/a-exposicion-sobre-as-marcas-dos-pescadores-inaugurase-en-povoa-de-varzim\/\"]}]},{\"@type\":\"BreadcrumbList\",\"@id\":\"https:\/\/www.aguarda.es\/en\/a-exposicion-sobre-as-marcas-dos-pescadores-inaugurase-en-povoa-de-varzim\/#breadcrumb\",\"itemListElement\":[{\"@type\":\"ListItem\",\"position\":1,\"name\":\"Portada\",\"item\":\"https:\/\/www.aguarda.es\/en\/\"},{\"@type\":\"ListItem\",\"position\":2,\"name\":\"A exposici\u00f3n sobre as Marcas dos Pescadores inaug\u00farase en P\u00f3voa de Varzim\"}]},{\"@type\":\"WebSite\",\"@id\":\"https:\/\/www.aguarda.es\/en\/#website\",\"url\":\"https:\/\/www.aguarda.es\/en\/\",\"name\":\"Concello da Guarda\",\"description\":\"P\u00e1xina web do concello da Guarda\",\"potentialAction\":[{\"@type\":\"SearchAction\",\"target\":{\"@type\":\"EntryPoint\",\"urlTemplate\":\"https:\/\/www.aguarda.es\/en\/?s={search_term_string}\"},\"query-input\":\"required name=search_term_string\"}],\"inLanguage\":\"en-US\"},{\"@type\":\"Person\",\"@id\":\"https:\/\/www.aguarda.es\/en\/#\/schema\/person\/c463ca3006858ffb349d11179d044f21\",\"name\":\"prensa\",\"image\":{\"@type\":\"ImageObject\",\"inLanguage\":\"en-US\",\"@id\":\"https:\/\/www.aguarda.es\/en\/#\/schema\/person\/image\/\",\"url\":\"https:\/\/secure.gravatar.com\/avatar\/5f90ef536b0f98306edf5c7a1135ffa1?s=96&d=mm&r=g\",\"contentUrl\":\"https:\/\/secure.gravatar.com\/avatar\/5f90ef536b0f98306edf5c7a1135ffa1?s=96&d=mm&r=g\",\"caption\":\"prensa\"},\"url\":\"https:\/\/www.aguarda.es\/en\/author\/prensa\/\"}]}<\/script>\n<!-- \/ Yoast SEO plugin. -->","yoast_head_json":{"title":"A exposici\u00f3n sobre as Marcas dos Pescadores inaug\u00farase en P\u00f3voa de Varzim - Concello da Guarda","robots":{"index":"index","follow":"follow","max-snippet":"max-snippet:-1","max-image-preview":"max-image-preview:large","max-video-preview":"max-video-preview:-1"},"canonical":"https:\/\/www.aguarda.es\/en\/a-exposicion-sobre-as-marcas-dos-pescadores-inaugurase-en-povoa-de-varzim\/","og_locale":"en_US","og_type":"article","og_title":"A exposici\u00f3n sobre as Marcas dos Pescadores inaug\u00farase en P\u00f3voa de Varzim - Concello da Guarda","og_description":"O pasado martes d\u00eda 3 de xullo de 2018 o Museo de Etnograf\u00eda e Historia de P\u00f3voa de Varzim acolleu a exposici\u00f3n sobre as Marcas dos Pescadores, un nexo com\u00fan entre os homes e mulleres do mar da Guarda e &hellip;","og_url":"https:\/\/www.aguarda.es\/en\/a-exposicion-sobre-as-marcas-dos-pescadores-inaugurase-en-povoa-de-varzim\/","og_site_name":"Concello da Guarda","article_publisher":"https:\/\/www.facebook.com\/ConcellodaGuarda","article_published_time":"2018-07-04T08:42:47+00:00","og_image":[{"width":800,"height":533,"url":"https:\/\/www.aguarda.es\/wp-content\/uploads\/2018\/07\/NP-04072018-A-exposici\u00f3n-sobre-as-Marcas-dos-Pescadores-inaug\u00farase-en-P\u00f3voa-de-Varzim-4.jpg","type":"image\/jpeg"}],"author":"prensa","twitter_card":"summary_large_image","twitter_creator":"@AGuarda_es","twitter_site":"@AGuarda_es","twitter_misc":{"Written by":"prensa","Est. reading time":"2 minutes"},"schema":{"@context":"https:\/\/schema.org","@graph":[{"@type":"WebPage","@id":"https:\/\/www.aguarda.es\/en\/a-exposicion-sobre-as-marcas-dos-pescadores-inaugurase-en-povoa-de-varzim\/","url":"https:\/\/www.aguarda.es\/en\/a-exposicion-sobre-as-marcas-dos-pescadores-inaugurase-en-povoa-de-varzim\/","name":"A exposici\u00f3n sobre as Marcas dos Pescadores inaug\u00farase en P\u00f3voa de Varzim - Concello da Guarda","isPartOf":{"@id":"https:\/\/www.aguarda.es\/en\/#website"},"datePublished":"2018-07-04T08:42:47+00:00","dateModified":"2018-07-04T08:42:47+00:00","author":{"@id":"https:\/\/www.aguarda.es\/en\/#\/schema\/person\/c463ca3006858ffb349d11179d044f21"},"breadcrumb":{"@id":"https:\/\/www.aguarda.es\/en\/a-exposicion-sobre-as-marcas-dos-pescadores-inaugurase-en-povoa-de-varzim\/#breadcrumb"},"inLanguage":"en-US","potentialAction":[{"@type":"ReadAction","target":["https:\/\/www.aguarda.es\/en\/a-exposicion-sobre-as-marcas-dos-pescadores-inaugurase-en-povoa-de-varzim\/"]}]},{"@type":"BreadcrumbList","@id":"https:\/\/www.aguarda.es\/en\/a-exposicion-sobre-as-marcas-dos-pescadores-inaugurase-en-povoa-de-varzim\/#breadcrumb","itemListElement":[{"@type":"ListItem","position":1,"name":"Portada","item":"https:\/\/www.aguarda.es\/en\/"},{"@type":"ListItem","position":2,"name":"A exposici\u00f3n sobre as Marcas dos Pescadores inaug\u00farase en P\u00f3voa de Varzim"}]},{"@type":"WebSite","@id":"https:\/\/www.aguarda.es\/en\/#website","url":"https:\/\/www.aguarda.es\/en\/","name":"Concello da Guarda","description":"P\u00e1xina web do concello da Guarda","potentialAction":[{"@type":"SearchAction","target":{"@type":"EntryPoint","urlTemplate":"https:\/\/www.aguarda.es\/en\/?s={search_term_string}"},"query-input":"required name=search_term_string"}],"inLanguage":"en-US"},{"@type":"Person","@id":"https:\/\/www.aguarda.es\/en\/#\/schema\/person\/c463ca3006858ffb349d11179d044f21","name":"prensa","image":{"@type":"ImageObject","inLanguage":"en-US","@id":"https:\/\/www.aguarda.es\/en\/#\/schema\/person\/image\/","url":"https:\/\/secure.gravatar.com\/avatar\/5f90ef536b0f98306edf5c7a1135ffa1?s=96&d=mm&r=g","contentUrl":"https:\/\/secure.gravatar.com\/avatar\/5f90ef536b0f98306edf5c7a1135ffa1?s=96&d=mm&r=g","caption":"prensa"},"url":"https:\/\/www.aguarda.es\/en\/author\/prensa\/"}]}},"_links":{"self":[{"href":"https:\/\/www.aguarda.es\/en\/wp-json\/wp\/v2\/posts\/14272"}],"collection":[{"href":"https:\/\/www.aguarda.es\/en\/wp-json\/wp\/v2\/posts"}],"about":[{"href":"https:\/\/www.aguarda.es\/en\/wp-json\/wp\/v2\/types\/post"}],"author":[{"embeddable":true,"href":"https:\/\/www.aguarda.es\/en\/wp-json\/wp\/v2\/users\/2"}],"replies":[{"embeddable":true,"href":"https:\/\/www.aguarda.es\/en\/wp-json\/wp\/v2\/comments?post=14272"}],"version-history":[{"count":1,"href":"https:\/\/www.aguarda.es\/en\/wp-json\/wp\/v2\/posts\/14272\/revisions"}],"predecessor-version":[{"id":14277,"href":"https:\/\/www.aguarda.es\/en\/wp-json\/wp\/v2\/posts\/14272\/revisions\/14277"}],"wp:featuredmedia":[{"embeddable":true,"href":"https:\/\/www.aguarda.es\/en\/wp-json\/wp\/v2\/media\/14273"}],"wp:attachment":[{"href":"https:\/\/www.aguarda.es\/en\/wp-json\/wp\/v2\/media?parent=14272"}],"wp:term":[{"taxonomy":"category","embeddable":true,"href":"https:\/\/www.aguarda.es\/en\/wp-json\/wp\/v2\/categories?post=14272"},{"taxonomy":"post_tag","embeddable":true,"href":"https:\/\/www.aguarda.es\/en\/wp-json\/wp\/v2\/tags?post=14272"}],"curies":[{"name":"wp","href":"https:\/\/api.w.org\/{rel}","templated":true}]}}