{"id":1431,"date":"2015-12-04T07:03:08","date_gmt":"2015-12-04T07:03:08","guid":{"rendered":"https:\/\/www.aguarda.es\/?p=1431"},"modified":"2015-12-04T07:03:08","modified_gmt":"2015-12-04T07:03:08","slug":"medio-centenar-de-persoas-asisten-a-charla-do-arqueologo-rafael-rodriguez-dentro-do-ciclo-de-barferencias-de-inverno","status":"publish","type":"post","link":"https:\/\/www.aguarda.es\/en\/medio-centenar-de-persoas-asisten-a-charla-do-arqueologo-rafael-rodriguez-dentro-do-ciclo-de-barferencias-de-inverno\/","title":{"rendered":"Medio centenar de persoas asisten \u00e1 charla do arque\u00f3logo Rafael Rodr\u00edguez dentro do ciclo de Barferencias de Inverno"},"content":{"rendered":"\n<p>M\u00e1is de medio centenar de persoas asistiron onte, xoves 3 de decembro, \u00e1 charla do arque\u00f3logo Rafael Rodr\u00edguez, \u201cReescavando Mergelina\u201d, dentro do ciclo de Barferencias de Inverno, organizadas polo Concello da Guarda e ANABAM.<\/p>\n<p>O Concelleiro de Patrimonio, Xabier Crespo, foi o encargado de presentar \u00f3 ponente aos presentes e falar da s\u00faa traxectoria profesional onde destacan varias e importantes escavaci\u00f3ns.<\/p>\n<p>Rafael Rodr\u00edguez comezou a s\u00faa charla facendo un s\u00edmil entre a s\u00faa vida e a de Mergelina, as\u00ed ambos traballaron nesta zona aos 39 anos e coordinados pola Deputaci\u00f3n de Pontevedra.<br \/>O arque\u00f3logo, que coordina estas escavaci\u00f3ns promovidas pola Deputaci\u00f3n de Pontevedra e o Ministerio de Fomento, en colaboraci\u00f3n co Padroado Municipal do Monte Trega e o Concello da Guarda, estivo acompa\u00f1ado nesta conferencia de m\u00e1is arque\u00f3logos do equipo de traballo.<\/p>\n<p>Rafael Rodr\u00edguez explicoulles aos presentes o estado actual das escavaci\u00f3ns na zona co\u00f1ecida como Poboado de Mergelina -comezaron en agosto- na cal hai unhas 45 estruturas e ocupa unha superficie aproximada de 2.300 metros cadrados.<br \/>O arque\u00f3logo falou de que xa se atoparon m\u00e1is de 40.000 fragmentos cer\u00e1micos e que estes, engadidos \u00e1s \u00e1nforas atopadas, a algunhas moedas e por suposto o xa co\u00f1ecido coma \u201cCabez\u00f3n do Trega\u201d, colocan a esta citania do Trega \u201cna primeira divisi\u00f3n da arqueolox\u00eda espa\u00f1ola\u201d.<\/p>\n<p>O interese suscitado entre o p\u00fablico fixo que a barferencia se alongase m\u00e1is de d\u00faas horas. Os asistentes pregunt\u00e1ronlle \u00f3 arque\u00f3logo diferentes detalles puntuais coma se se atoparan restos \u00f3seos ou como era a vida econ\u00f3mica nesta comunidade.<\/p>\n<p>\u00d3 final da charla o alcalde da Guarda, Antonio Lomba, fixo entrega tanto a Rafael Rodr\u00edguez coma o propietario da cervexer\u00eda ITACA, onde se levou a cabo a reuni\u00f3n, dun agasallo.<\/p>\n<p><img decoding=\"async\" loading=\"lazy\" class=\" size-full wp-image-1429\" src=\"https:\/\/www.aguarda.es\/wp-content\/uploads\/2015\/12\/2015_barferenciamergelina1.JPG\" alt=\"\" width=\"600\" height=\"450\" srcset=\"https:\/\/www.aguarda.es\/wp-content\/uploads\/2015\/12\/2015_barferenciamergelina1.JPG 600w, https:\/\/www.aguarda.es\/wp-content\/uploads\/2015\/12\/2015_barferenciamergelina1-570x428.jpg 570w, https:\/\/www.aguarda.es\/wp-content\/uploads\/2015\/12\/2015_barferenciamergelina1-300x225.jpg 300w\" sizes=\"(max-width: 600px) 100vw, 600px\" \/><\/p>\n<p><img decoding=\"async\" loading=\"lazy\" class=\" size-full wp-image-1430\" src=\"https:\/\/www.aguarda.es\/wp-content\/uploads\/2015\/12\/2015_barferenciamergelina.JPG\" alt=\"\" width=\"600\" height=\"450\" srcset=\"https:\/\/www.aguarda.es\/wp-content\/uploads\/2015\/12\/2015_barferenciamergelina.JPG 600w, https:\/\/www.aguarda.es\/wp-content\/uploads\/2015\/12\/2015_barferenciamergelina-570x428.jpg 570w, https:\/\/www.aguarda.es\/wp-content\/uploads\/2015\/12\/2015_barferenciamergelina-300x225.jpg 300w\" sizes=\"(max-width: 600px) 100vw, 600px\" \/><\/p>\n","protected":false},"excerpt":{"rendered":"<p>M\u00e1is de medio centenar de persoas asistiron onte, xoves 3 de decembro, \u00e1 charla do arque\u00f3logo Rafael Rodr\u00edguez, \u201cReescavando Mergelina\u201d, dentro do ciclo de Barferencias de Inverno, organizadas polo Concello da Guarda e ANABAM. O Concelleiro de Patrimonio, Xabier Crespo, &hellip; <\/p>\n","protected":false},"author":1,"featured_media":1430,"comment_status":"open","ping_status":"open","sticky":false,"template":"","format":"standard","meta":[],"categories":[1],"tags":[],"yoast_head":"<!-- This site is optimized with the Yoast SEO plugin v21.1 - https:\/\/yoast.com\/wordpress\/plugins\/seo\/ -->\n<title>Medio centenar de persoas asisten \u00e1 charla do arque\u00f3logo Rafael Rodr\u00edguez dentro do ciclo de Barferencias de Inverno - Concello da Guarda<\/title>\n<meta name=\"robots\" content=\"index, follow, max-snippet:-1, max-image-preview:large, max-video-preview:-1\" \/>\n<link rel=\"canonical\" href=\"https:\/\/www.aguarda.es\/en\/medio-centenar-de-persoas-asisten-a-charla-do-arqueologo-rafael-rodriguez-dentro-do-ciclo-de-barferencias-de-inverno\/\" \/>\n<meta property=\"og:locale\" content=\"en_US\" \/>\n<meta property=\"og:type\" content=\"article\" \/>\n<meta property=\"og:title\" content=\"Medio centenar de persoas asisten \u00e1 charla do arque\u00f3logo Rafael Rodr\u00edguez dentro do ciclo de Barferencias de Inverno - Concello da Guarda\" \/>\n<meta property=\"og:description\" content=\"M\u00e1is de medio centenar de persoas asistiron onte, xoves 3 de decembro, \u00e1 charla do arque\u00f3logo Rafael Rodr\u00edguez, \u201cReescavando Mergelina\u201d, dentro do ciclo de Barferencias de Inverno, organizadas polo Concello da Guarda e ANABAM. O Concelleiro de Patrimonio, Xabier Crespo, &hellip;\" \/>\n<meta property=\"og:url\" content=\"https:\/\/www.aguarda.es\/en\/medio-centenar-de-persoas-asisten-a-charla-do-arqueologo-rafael-rodriguez-dentro-do-ciclo-de-barferencias-de-inverno\/\" \/>\n<meta property=\"og:site_name\" content=\"Concello da Guarda\" \/>\n<meta property=\"article:publisher\" content=\"https:\/\/www.facebook.com\/ConcellodaGuarda\" \/>\n<meta property=\"article:published_time\" content=\"2015-12-04T07:03:08+00:00\" \/>\n<meta property=\"og:image\" content=\"https:\/\/www.aguarda.es\/wp-content\/uploads\/2015\/12\/2015_barferenciamergelina.JPG\" \/>\n\t<meta property=\"og:image:width\" content=\"600\" \/>\n\t<meta property=\"og:image:height\" content=\"450\" \/>\n\t<meta property=\"og:image:type\" content=\"image\/jpeg\" \/>\n<meta name=\"author\" content=\"Concello\" \/>\n<meta name=\"twitter:card\" content=\"summary_large_image\" \/>\n<meta name=\"twitter:creator\" content=\"@AGuarda_es\" \/>\n<meta name=\"twitter:site\" content=\"@AGuarda_es\" \/>\n<meta name=\"twitter:label1\" content=\"Written by\" \/>\n\t<meta name=\"twitter:data1\" content=\"Concello\" \/>\n\t<meta name=\"twitter:label2\" content=\"Est. reading time\" \/>\n\t<meta name=\"twitter:data2\" content=\"2 minutes\" \/>\n<script type=\"application\/ld+json\" class=\"yoast-schema-graph\">{\"@context\":\"https:\/\/schema.org\",\"@graph\":[{\"@type\":\"WebPage\",\"@id\":\"https:\/\/www.aguarda.es\/en\/medio-centenar-de-persoas-asisten-a-charla-do-arqueologo-rafael-rodriguez-dentro-do-ciclo-de-barferencias-de-inverno\/\",\"url\":\"https:\/\/www.aguarda.es\/en\/medio-centenar-de-persoas-asisten-a-charla-do-arqueologo-rafael-rodriguez-dentro-do-ciclo-de-barferencias-de-inverno\/\",\"name\":\"Medio centenar de persoas asisten \u00e1 charla do arque\u00f3logo Rafael Rodr\u00edguez dentro do ciclo de Barferencias de Inverno - Concello da Guarda\",\"isPartOf\":{\"@id\":\"https:\/\/www.aguarda.es\/en\/#website\"},\"datePublished\":\"2015-12-04T07:03:08+00:00\",\"dateModified\":\"2015-12-04T07:03:08+00:00\",\"author\":{\"@id\":\"https:\/\/www.aguarda.es\/en\/#\/schema\/person\/ac30f4d74843174f0af56c730f74dd57\"},\"breadcrumb\":{\"@id\":\"https:\/\/www.aguarda.es\/en\/medio-centenar-de-persoas-asisten-a-charla-do-arqueologo-rafael-rodriguez-dentro-do-ciclo-de-barferencias-de-inverno\/#breadcrumb\"},\"inLanguage\":\"en-US\",\"potentialAction\":[{\"@type\":\"ReadAction\",\"target\":[\"https:\/\/www.aguarda.es\/en\/medio-centenar-de-persoas-asisten-a-charla-do-arqueologo-rafael-rodriguez-dentro-do-ciclo-de-barferencias-de-inverno\/\"]}]},{\"@type\":\"BreadcrumbList\",\"@id\":\"https:\/\/www.aguarda.es\/en\/medio-centenar-de-persoas-asisten-a-charla-do-arqueologo-rafael-rodriguez-dentro-do-ciclo-de-barferencias-de-inverno\/#breadcrumb\",\"itemListElement\":[{\"@type\":\"ListItem\",\"position\":1,\"name\":\"Portada\",\"item\":\"https:\/\/www.aguarda.es\/en\/\"},{\"@type\":\"ListItem\",\"position\":2,\"name\":\"Medio centenar de persoas asisten \u00e1 charla do arque\u00f3logo Rafael Rodr\u00edguez dentro do ciclo de Barferencias de Inverno\"}]},{\"@type\":\"WebSite\",\"@id\":\"https:\/\/www.aguarda.es\/en\/#website\",\"url\":\"https:\/\/www.aguarda.es\/en\/\",\"name\":\"Concello da Guarda\",\"description\":\"P\u00e1xina web do concello da Guarda\",\"potentialAction\":[{\"@type\":\"SearchAction\",\"target\":{\"@type\":\"EntryPoint\",\"urlTemplate\":\"https:\/\/www.aguarda.es\/en\/?s={search_term_string}\"},\"query-input\":\"required name=search_term_string\"}],\"inLanguage\":\"en-US\"},{\"@type\":\"Person\",\"@id\":\"https:\/\/www.aguarda.es\/en\/#\/schema\/person\/ac30f4d74843174f0af56c730f74dd57\",\"name\":\"Concello\",\"image\":{\"@type\":\"ImageObject\",\"inLanguage\":\"en-US\",\"@id\":\"https:\/\/www.aguarda.es\/en\/#\/schema\/person\/image\/\",\"url\":\"https:\/\/secure.gravatar.com\/avatar\/7eda12a04da40b2ef77eb62e68f07027?s=96&d=mm&r=g\",\"contentUrl\":\"https:\/\/secure.gravatar.com\/avatar\/7eda12a04da40b2ef77eb62e68f07027?s=96&d=mm&r=g\",\"caption\":\"Concello\"},\"url\":\"https:\/\/www.aguarda.es\/en\/author\/admin\/\"}]}<\/script>\n<!-- \/ Yoast SEO plugin. -->","yoast_head_json":{"title":"Medio centenar de persoas asisten \u00e1 charla do arque\u00f3logo Rafael Rodr\u00edguez dentro do ciclo de Barferencias de Inverno - Concello da Guarda","robots":{"index":"index","follow":"follow","max-snippet":"max-snippet:-1","max-image-preview":"max-image-preview:large","max-video-preview":"max-video-preview:-1"},"canonical":"https:\/\/www.aguarda.es\/en\/medio-centenar-de-persoas-asisten-a-charla-do-arqueologo-rafael-rodriguez-dentro-do-ciclo-de-barferencias-de-inverno\/","og_locale":"en_US","og_type":"article","og_title":"Medio centenar de persoas asisten \u00e1 charla do arque\u00f3logo Rafael Rodr\u00edguez dentro do ciclo de Barferencias de Inverno - Concello da Guarda","og_description":"M\u00e1is de medio centenar de persoas asistiron onte, xoves 3 de decembro, \u00e1 charla do arque\u00f3logo Rafael Rodr\u00edguez, \u201cReescavando Mergelina\u201d, dentro do ciclo de Barferencias de Inverno, organizadas polo Concello da Guarda e ANABAM. O Concelleiro de Patrimonio, Xabier Crespo, &hellip;","og_url":"https:\/\/www.aguarda.es\/en\/medio-centenar-de-persoas-asisten-a-charla-do-arqueologo-rafael-rodriguez-dentro-do-ciclo-de-barferencias-de-inverno\/","og_site_name":"Concello da Guarda","article_publisher":"https:\/\/www.facebook.com\/ConcellodaGuarda","article_published_time":"2015-12-04T07:03:08+00:00","og_image":[{"width":600,"height":450,"url":"https:\/\/www.aguarda.es\/wp-content\/uploads\/2015\/12\/2015_barferenciamergelina.JPG","type":"image\/jpeg"}],"author":"Concello","twitter_card":"summary_large_image","twitter_creator":"@AGuarda_es","twitter_site":"@AGuarda_es","twitter_misc":{"Written by":"Concello","Est. reading time":"2 minutes"},"schema":{"@context":"https:\/\/schema.org","@graph":[{"@type":"WebPage","@id":"https:\/\/www.aguarda.es\/en\/medio-centenar-de-persoas-asisten-a-charla-do-arqueologo-rafael-rodriguez-dentro-do-ciclo-de-barferencias-de-inverno\/","url":"https:\/\/www.aguarda.es\/en\/medio-centenar-de-persoas-asisten-a-charla-do-arqueologo-rafael-rodriguez-dentro-do-ciclo-de-barferencias-de-inverno\/","name":"Medio centenar de persoas asisten \u00e1 charla do arque\u00f3logo Rafael Rodr\u00edguez dentro do ciclo de Barferencias de Inverno - Concello da Guarda","isPartOf":{"@id":"https:\/\/www.aguarda.es\/en\/#website"},"datePublished":"2015-12-04T07:03:08+00:00","dateModified":"2015-12-04T07:03:08+00:00","author":{"@id":"https:\/\/www.aguarda.es\/en\/#\/schema\/person\/ac30f4d74843174f0af56c730f74dd57"},"breadcrumb":{"@id":"https:\/\/www.aguarda.es\/en\/medio-centenar-de-persoas-asisten-a-charla-do-arqueologo-rafael-rodriguez-dentro-do-ciclo-de-barferencias-de-inverno\/#breadcrumb"},"inLanguage":"en-US","potentialAction":[{"@type":"ReadAction","target":["https:\/\/www.aguarda.es\/en\/medio-centenar-de-persoas-asisten-a-charla-do-arqueologo-rafael-rodriguez-dentro-do-ciclo-de-barferencias-de-inverno\/"]}]},{"@type":"BreadcrumbList","@id":"https:\/\/www.aguarda.es\/en\/medio-centenar-de-persoas-asisten-a-charla-do-arqueologo-rafael-rodriguez-dentro-do-ciclo-de-barferencias-de-inverno\/#breadcrumb","itemListElement":[{"@type":"ListItem","position":1,"name":"Portada","item":"https:\/\/www.aguarda.es\/en\/"},{"@type":"ListItem","position":2,"name":"Medio centenar de persoas asisten \u00e1 charla do arque\u00f3logo Rafael Rodr\u00edguez dentro do ciclo de Barferencias de Inverno"}]},{"@type":"WebSite","@id":"https:\/\/www.aguarda.es\/en\/#website","url":"https:\/\/www.aguarda.es\/en\/","name":"Concello da Guarda","description":"P\u00e1xina web do concello da Guarda","potentialAction":[{"@type":"SearchAction","target":{"@type":"EntryPoint","urlTemplate":"https:\/\/www.aguarda.es\/en\/?s={search_term_string}"},"query-input":"required name=search_term_string"}],"inLanguage":"en-US"},{"@type":"Person","@id":"https:\/\/www.aguarda.es\/en\/#\/schema\/person\/ac30f4d74843174f0af56c730f74dd57","name":"Concello","image":{"@type":"ImageObject","inLanguage":"en-US","@id":"https:\/\/www.aguarda.es\/en\/#\/schema\/person\/image\/","url":"https:\/\/secure.gravatar.com\/avatar\/7eda12a04da40b2ef77eb62e68f07027?s=96&d=mm&r=g","contentUrl":"https:\/\/secure.gravatar.com\/avatar\/7eda12a04da40b2ef77eb62e68f07027?s=96&d=mm&r=g","caption":"Concello"},"url":"https:\/\/www.aguarda.es\/en\/author\/admin\/"}]}},"_links":{"self":[{"href":"https:\/\/www.aguarda.es\/en\/wp-json\/wp\/v2\/posts\/1431"}],"collection":[{"href":"https:\/\/www.aguarda.es\/en\/wp-json\/wp\/v2\/posts"}],"about":[{"href":"https:\/\/www.aguarda.es\/en\/wp-json\/wp\/v2\/types\/post"}],"author":[{"embeddable":true,"href":"https:\/\/www.aguarda.es\/en\/wp-json\/wp\/v2\/users\/1"}],"replies":[{"embeddable":true,"href":"https:\/\/www.aguarda.es\/en\/wp-json\/wp\/v2\/comments?post=1431"}],"version-history":[{"count":0,"href":"https:\/\/www.aguarda.es\/en\/wp-json\/wp\/v2\/posts\/1431\/revisions"}],"wp:featuredmedia":[{"embeddable":true,"href":"https:\/\/www.aguarda.es\/en\/wp-json\/wp\/v2\/media\/1430"}],"wp:attachment":[{"href":"https:\/\/www.aguarda.es\/en\/wp-json\/wp\/v2\/media?parent=1431"}],"wp:term":[{"taxonomy":"category","embeddable":true,"href":"https:\/\/www.aguarda.es\/en\/wp-json\/wp\/v2\/categories?post=1431"},{"taxonomy":"post_tag","embeddable":true,"href":"https:\/\/www.aguarda.es\/en\/wp-json\/wp\/v2\/tags?post=1431"}],"curies":[{"name":"wp","href":"https:\/\/api.w.org\/{rel}","templated":true}]}}