{"id":14374,"date":"2018-07-10T09:19:57","date_gmt":"2018-07-10T09:19:57","guid":{"rendered":"https:\/\/www.aguarda.es\/?p=14374"},"modified":"2018-07-10T09:19:57","modified_gmt":"2018-07-10T09:19:57","slug":"noites-no-castelo-regresa-a-guarda-o-21-de-xullo-coas-actuacions-de-ardentia-e-milladoiro","status":"publish","type":"post","link":"https:\/\/www.aguarda.es\/en\/noites-no-castelo-regresa-a-guarda-o-21-de-xullo-coas-actuacions-de-ardentia-e-milladoiro\/","title":{"rendered":"Noites no Castelo regresa \u00e1 Guarda o 21 de xullo coas actuaci\u00f3ns de Ardent\u00eda e Milladoiro"},"content":{"rendered":"<p style=\"text-align: justify\">O vindeiro s\u00e1bado d\u00eda 21 de xullo a partires das 22:30h cel\u00e9brase unha nova edici\u00f3n de Noites no Castelo, un festival organizado dende a Conceller\u00eda de Cultura do Concello da Guarda e que est\u00e1 subvencionado pola Deputaci\u00f3n de Pontevedra.<\/p>\n<p style=\"text-align: justify\">Nesta cuarta edici\u00f3n contarase coas actuaci\u00f3ns dos reco\u00f1ecidos grupos de m\u00fasica Ardent\u00eda e Milladoiro, enchendo de boa m\u00fasica galega este emblem\u00e1tico espazo da vila guardesa, declarado Ben de Interese Cultural(BIC).<\/p>\n<h2 style=\"text-align: justify\"><strong>Ardent\u00eda<\/strong><\/h2>\n<p style=\"text-align: justify\">A actuaci\u00f3n do grupo Ardent\u00eda est\u00e1 prevista para as 22:30h, este grupo de m\u00fasica galega ser\u00e1 o encargado de inaugurar esta cuarta edici\u00f3n de noites no Castelo. Ardent\u00eda \u00e9 un grupo de m\u00fasica tradicional galega nacido en 1990 na cidade de Vigo que incorpora instrumentos que non adoitaban estar presentes nas formaci\u00f3ns de m\u00fasica folk galega coma birimbau, clarinete ou requinta.<\/p>\n<p style=\"text-align: center\"><img decoding=\"async\" loading=\"lazy\" class=\"alignnone size-full wp-image-14376\" src=\"https:\/\/www.aguarda.es\/wp-content\/uploads\/2018\/07\/NP-10072018-Noites-no-Castelo-regresa-\u00e1-Guarda-o-21-de-xullo-coas-actuaci\u00f3ns-de-Ardent\u00eda-e-Milladoiro-1.jpg\" alt=\"O vindeiro s\u00e1bado d\u00eda 21 de xullo a partires das 22:30h cel\u00e9brase unha nova edici\u00f3n de Noites no Castelo, un festival organizado dende a Conceller\u00eda de Cultura do Concello da Guarda e que est\u00e1 subvencionado pola Deputaci\u00f3n de Pontevedra.\" width=\"800\" height=\"598\" srcset=\"https:\/\/www.aguarda.es\/wp-content\/uploads\/2018\/07\/NP-10072018-Noites-no-Castelo-regresa-\u00e1-Guarda-o-21-de-xullo-coas-actuaci\u00f3ns-de-Ardent\u00eda-e-Milladoiro-1.jpg 800w, https:\/\/www.aguarda.es\/wp-content\/uploads\/2018\/07\/NP-10072018-Noites-no-Castelo-regresa-\u00e1-Guarda-o-21-de-xullo-coas-actuaci\u00f3ns-de-Ardent\u00eda-e-Milladoiro-1-300x224.jpg 300w, https:\/\/www.aguarda.es\/wp-content\/uploads\/2018\/07\/NP-10072018-Noites-no-Castelo-regresa-\u00e1-Guarda-o-21-de-xullo-coas-actuaci\u00f3ns-de-Ardent\u00eda-e-Milladoiro-1-768x574.jpg 768w, https:\/\/www.aguarda.es\/wp-content\/uploads\/2018\/07\/NP-10072018-Noites-no-Castelo-regresa-\u00e1-Guarda-o-21-de-xullo-coas-actuaci\u00f3ns-de-Ardent\u00eda-e-Milladoiro-1-570x426.jpg 570w\" sizes=\"(max-width: 800px) 100vw, 800px\" \/><\/p>\n<h2 style=\"text-align: justify\">Milladoiro<\/h2>\n<p style=\"text-align: justify\">Sobre as 23:30h da noite est\u00e1 prevista a actuaci\u00f3n dun dos grupos m\u00e1is importantes de Galicia, Milladoiro, cunha traxectoria de m\u00e1is de 35 anos, subir\u00e1n ao escenario de Noites no Castelo para rememorar as mellores canci\u00f3ns dos seus 20 traballos discogr\u00e1ficos e as novidades de \u201cAtl\u00e1ntico\u201d o seu \u00faltimo disco editado este mesmo ano.<\/p>\n<p style=\"text-align: center\"><img decoding=\"async\" loading=\"lazy\" class=\"alignnone size-full wp-image-14375\" src=\"https:\/\/www.aguarda.es\/wp-content\/uploads\/2018\/07\/NP-10072018-Noites-no-Castelo-regresa-\u00e1-Guarda-o-21-de-xullo-coas-actuaci\u00f3ns-de-Ardent\u00eda-e-Milladoiro-3.jpg\" alt=\"O vindeiro s\u00e1bado d\u00eda 21 de xullo a partires das 22:30h cel\u00e9brase unha nova edici\u00f3n de Noites no Castelo, un festival organizado dende a Conceller\u00eda de Cultura do Concello da Guarda e que est\u00e1 subvencionado pola Deputaci\u00f3n de Pontevedra.\" width=\"786\" height=\"521\" srcset=\"https:\/\/www.aguarda.es\/wp-content\/uploads\/2018\/07\/NP-10072018-Noites-no-Castelo-regresa-\u00e1-Guarda-o-21-de-xullo-coas-actuaci\u00f3ns-de-Ardent\u00eda-e-Milladoiro-3.jpg 786w, https:\/\/www.aguarda.es\/wp-content\/uploads\/2018\/07\/NP-10072018-Noites-no-Castelo-regresa-\u00e1-Guarda-o-21-de-xullo-coas-actuaci\u00f3ns-de-Ardent\u00eda-e-Milladoiro-3-300x199.jpg 300w, https:\/\/www.aguarda.es\/wp-content\/uploads\/2018\/07\/NP-10072018-Noites-no-Castelo-regresa-\u00e1-Guarda-o-21-de-xullo-coas-actuaci\u00f3ns-de-Ardent\u00eda-e-Milladoiro-3-768x509.jpg 768w, https:\/\/www.aguarda.es\/wp-content\/uploads\/2018\/07\/NP-10072018-Noites-no-Castelo-regresa-\u00e1-Guarda-o-21-de-xullo-coas-actuaci\u00f3ns-de-Ardent\u00eda-e-Milladoiro-3-570x378.jpg 570w\" sizes=\"(max-width: 786px) 100vw, 786px\" \/><\/p>\n<p style=\"text-align: justify\">O Festival Noites no Castelo consol\u00eddase xa coma unha cita musical ineludible do calendario de ver\u00e1n do Concello da Guarda, pasando polo seu escenario grupos coma a Banda Crebinsky, o gaiteiro Xos\u00e9 Manuel Budi\u00f1o, a cantante Mercedes Pe\u00f3n, a gaiteira Susana Seivane ou o grupo folk A Roda.<\/p>\n","protected":false},"excerpt":{"rendered":"<p>O vindeiro s\u00e1bado d\u00eda 21 de xullo a partires das 22:30h cel\u00e9brase unha nova edici\u00f3n de Noites no Castelo, un festival organizado dende a Conceller\u00eda de Cultura do Concello da Guarda e que est\u00e1 subvencionado pola Deputaci\u00f3n de Pontevedra. Nesta &hellip; <\/p>\n","protected":false},"author":2,"featured_media":14377,"comment_status":"open","ping_status":"open","sticky":false,"template":"","format":"standard","meta":[],"categories":[34],"tags":[226,1290,797,243,1158,1289,719,405],"yoast_head":"<!-- This site is optimized with the Yoast SEO plugin v21.1 - https:\/\/yoast.com\/wordpress\/plugins\/seo\/ -->\n<title>Noites no Castelo regresa \u00e1 Guarda o 21 de xullo coas actuaci\u00f3ns de Ardent\u00eda e Milladoiro - Concello da Guarda<\/title>\n<meta name=\"robots\" content=\"index, follow, max-snippet:-1, max-image-preview:large, max-video-preview:-1\" \/>\n<link rel=\"canonical\" href=\"https:\/\/www.aguarda.es\/en\/noites-no-castelo-regresa-a-guarda-o-21-de-xullo-coas-actuacions-de-ardentia-e-milladoiro\/\" \/>\n<meta property=\"og:locale\" content=\"en_US\" \/>\n<meta property=\"og:type\" content=\"article\" \/>\n<meta property=\"og:title\" content=\"Noites no Castelo regresa \u00e1 Guarda o 21 de xullo coas actuaci\u00f3ns de Ardent\u00eda e Milladoiro - Concello da Guarda\" \/>\n<meta property=\"og:description\" content=\"O vindeiro s\u00e1bado d\u00eda 21 de xullo a partires das 22:30h cel\u00e9brase unha nova edici\u00f3n de Noites no Castelo, un festival organizado dende a Conceller\u00eda de Cultura do Concello da Guarda e que est\u00e1 subvencionado pola Deputaci\u00f3n de Pontevedra. Nesta &hellip;\" \/>\n<meta property=\"og:url\" content=\"https:\/\/www.aguarda.es\/en\/noites-no-castelo-regresa-a-guarda-o-21-de-xullo-coas-actuacions-de-ardentia-e-milladoiro\/\" \/>\n<meta property=\"og:site_name\" content=\"Concello da Guarda\" \/>\n<meta property=\"article:publisher\" content=\"https:\/\/www.facebook.com\/ConcellodaGuarda\" \/>\n<meta property=\"article:published_time\" content=\"2018-07-10T09:19:57+00:00\" \/>\n<meta property=\"og:image\" content=\"https:\/\/www.aguarda.es\/wp-content\/uploads\/2018\/07\/NP-10072018-Noites-no-Castelo-regresa-\u00e1-Guarda-o-21-de-xullo-coas-actuaci\u00f3ns-de-Ardent\u00eda-e-Milladoiro-2.jpg\" \/>\n\t<meta property=\"og:image:width\" content=\"800\" \/>\n\t<meta property=\"og:image:height\" content=\"1131\" \/>\n\t<meta property=\"og:image:type\" content=\"image\/jpeg\" \/>\n<meta name=\"author\" content=\"prensa\" \/>\n<meta name=\"twitter:card\" content=\"summary_large_image\" \/>\n<meta name=\"twitter:creator\" content=\"@AGuarda_es\" \/>\n<meta name=\"twitter:site\" content=\"@AGuarda_es\" \/>\n<meta name=\"twitter:label1\" content=\"Written by\" \/>\n\t<meta name=\"twitter:data1\" content=\"prensa\" \/>\n\t<meta name=\"twitter:label2\" content=\"Est. reading time\" \/>\n\t<meta name=\"twitter:data2\" content=\"1 minute\" \/>\n<script type=\"application\/ld+json\" class=\"yoast-schema-graph\">{\"@context\":\"https:\/\/schema.org\",\"@graph\":[{\"@type\":\"WebPage\",\"@id\":\"https:\/\/www.aguarda.es\/en\/noites-no-castelo-regresa-a-guarda-o-21-de-xullo-coas-actuacions-de-ardentia-e-milladoiro\/\",\"url\":\"https:\/\/www.aguarda.es\/en\/noites-no-castelo-regresa-a-guarda-o-21-de-xullo-coas-actuacions-de-ardentia-e-milladoiro\/\",\"name\":\"Noites no Castelo regresa \u00e1 Guarda o 21 de xullo coas actuaci\u00f3ns de Ardent\u00eda e Milladoiro - Concello da Guarda\",\"isPartOf\":{\"@id\":\"https:\/\/www.aguarda.es\/en\/#website\"},\"datePublished\":\"2018-07-10T09:19:57+00:00\",\"dateModified\":\"2018-07-10T09:19:57+00:00\",\"author\":{\"@id\":\"https:\/\/www.aguarda.es\/en\/#\/schema\/person\/c463ca3006858ffb349d11179d044f21\"},\"breadcrumb\":{\"@id\":\"https:\/\/www.aguarda.es\/en\/noites-no-castelo-regresa-a-guarda-o-21-de-xullo-coas-actuacions-de-ardentia-e-milladoiro\/#breadcrumb\"},\"inLanguage\":\"en-US\",\"potentialAction\":[{\"@type\":\"ReadAction\",\"target\":[\"https:\/\/www.aguarda.es\/en\/noites-no-castelo-regresa-a-guarda-o-21-de-xullo-coas-actuacions-de-ardentia-e-milladoiro\/\"]}]},{\"@type\":\"BreadcrumbList\",\"@id\":\"https:\/\/www.aguarda.es\/en\/noites-no-castelo-regresa-a-guarda-o-21-de-xullo-coas-actuacions-de-ardentia-e-milladoiro\/#breadcrumb\",\"itemListElement\":[{\"@type\":\"ListItem\",\"position\":1,\"name\":\"Portada\",\"item\":\"https:\/\/www.aguarda.es\/en\/\"},{\"@type\":\"ListItem\",\"position\":2,\"name\":\"Noites no Castelo regresa \u00e1 Guarda o 21 de xullo coas actuaci\u00f3ns de Ardent\u00eda e Milladoiro\"}]},{\"@type\":\"WebSite\",\"@id\":\"https:\/\/www.aguarda.es\/en\/#website\",\"url\":\"https:\/\/www.aguarda.es\/en\/\",\"name\":\"Concello da Guarda\",\"description\":\"P\u00e1xina web do concello da Guarda\",\"potentialAction\":[{\"@type\":\"SearchAction\",\"target\":{\"@type\":\"EntryPoint\",\"urlTemplate\":\"https:\/\/www.aguarda.es\/en\/?s={search_term_string}\"},\"query-input\":\"required name=search_term_string\"}],\"inLanguage\":\"en-US\"},{\"@type\":\"Person\",\"@id\":\"https:\/\/www.aguarda.es\/en\/#\/schema\/person\/c463ca3006858ffb349d11179d044f21\",\"name\":\"prensa\",\"image\":{\"@type\":\"ImageObject\",\"inLanguage\":\"en-US\",\"@id\":\"https:\/\/www.aguarda.es\/en\/#\/schema\/person\/image\/\",\"url\":\"https:\/\/secure.gravatar.com\/avatar\/5f90ef536b0f98306edf5c7a1135ffa1?s=96&d=mm&r=g\",\"contentUrl\":\"https:\/\/secure.gravatar.com\/avatar\/5f90ef536b0f98306edf5c7a1135ffa1?s=96&d=mm&r=g\",\"caption\":\"prensa\"},\"url\":\"https:\/\/www.aguarda.es\/en\/author\/prensa\/\"}]}<\/script>\n<!-- \/ Yoast SEO plugin. -->","yoast_head_json":{"title":"Noites no Castelo regresa \u00e1 Guarda o 21 de xullo coas actuaci\u00f3ns de Ardent\u00eda e Milladoiro - Concello da Guarda","robots":{"index":"index","follow":"follow","max-snippet":"max-snippet:-1","max-image-preview":"max-image-preview:large","max-video-preview":"max-video-preview:-1"},"canonical":"https:\/\/www.aguarda.es\/en\/noites-no-castelo-regresa-a-guarda-o-21-de-xullo-coas-actuacions-de-ardentia-e-milladoiro\/","og_locale":"en_US","og_type":"article","og_title":"Noites no Castelo regresa \u00e1 Guarda o 21 de xullo coas actuaci\u00f3ns de Ardent\u00eda e Milladoiro - Concello da Guarda","og_description":"O vindeiro s\u00e1bado d\u00eda 21 de xullo a partires das 22:30h cel\u00e9brase unha nova edici\u00f3n de Noites no Castelo, un festival organizado dende a Conceller\u00eda de Cultura do Concello da Guarda e que est\u00e1 subvencionado pola Deputaci\u00f3n de Pontevedra. Nesta &hellip;","og_url":"https:\/\/www.aguarda.es\/en\/noites-no-castelo-regresa-a-guarda-o-21-de-xullo-coas-actuacions-de-ardentia-e-milladoiro\/","og_site_name":"Concello da Guarda","article_publisher":"https:\/\/www.facebook.com\/ConcellodaGuarda","article_published_time":"2018-07-10T09:19:57+00:00","og_image":[{"width":800,"height":1131,"url":"https:\/\/www.aguarda.es\/wp-content\/uploads\/2018\/07\/NP-10072018-Noites-no-Castelo-regresa-\u00e1-Guarda-o-21-de-xullo-coas-actuaci\u00f3ns-de-Ardent\u00eda-e-Milladoiro-2.jpg","type":"image\/jpeg"}],"author":"prensa","twitter_card":"summary_large_image","twitter_creator":"@AGuarda_es","twitter_site":"@AGuarda_es","twitter_misc":{"Written by":"prensa","Est. reading time":"1 minute"},"schema":{"@context":"https:\/\/schema.org","@graph":[{"@type":"WebPage","@id":"https:\/\/www.aguarda.es\/en\/noites-no-castelo-regresa-a-guarda-o-21-de-xullo-coas-actuacions-de-ardentia-e-milladoiro\/","url":"https:\/\/www.aguarda.es\/en\/noites-no-castelo-regresa-a-guarda-o-21-de-xullo-coas-actuacions-de-ardentia-e-milladoiro\/","name":"Noites no Castelo regresa \u00e1 Guarda o 21 de xullo coas actuaci\u00f3ns de Ardent\u00eda e Milladoiro - Concello da Guarda","isPartOf":{"@id":"https:\/\/www.aguarda.es\/en\/#website"},"datePublished":"2018-07-10T09:19:57+00:00","dateModified":"2018-07-10T09:19:57+00:00","author":{"@id":"https:\/\/www.aguarda.es\/en\/#\/schema\/person\/c463ca3006858ffb349d11179d044f21"},"breadcrumb":{"@id":"https:\/\/www.aguarda.es\/en\/noites-no-castelo-regresa-a-guarda-o-21-de-xullo-coas-actuacions-de-ardentia-e-milladoiro\/#breadcrumb"},"inLanguage":"en-US","potentialAction":[{"@type":"ReadAction","target":["https:\/\/www.aguarda.es\/en\/noites-no-castelo-regresa-a-guarda-o-21-de-xullo-coas-actuacions-de-ardentia-e-milladoiro\/"]}]},{"@type":"BreadcrumbList","@id":"https:\/\/www.aguarda.es\/en\/noites-no-castelo-regresa-a-guarda-o-21-de-xullo-coas-actuacions-de-ardentia-e-milladoiro\/#breadcrumb","itemListElement":[{"@type":"ListItem","position":1,"name":"Portada","item":"https:\/\/www.aguarda.es\/en\/"},{"@type":"ListItem","position":2,"name":"Noites no Castelo regresa \u00e1 Guarda o 21 de xullo coas actuaci\u00f3ns de Ardent\u00eda e Milladoiro"}]},{"@type":"WebSite","@id":"https:\/\/www.aguarda.es\/en\/#website","url":"https:\/\/www.aguarda.es\/en\/","name":"Concello da Guarda","description":"P\u00e1xina web do concello da Guarda","potentialAction":[{"@type":"SearchAction","target":{"@type":"EntryPoint","urlTemplate":"https:\/\/www.aguarda.es\/en\/?s={search_term_string}"},"query-input":"required name=search_term_string"}],"inLanguage":"en-US"},{"@type":"Person","@id":"https:\/\/www.aguarda.es\/en\/#\/schema\/person\/c463ca3006858ffb349d11179d044f21","name":"prensa","image":{"@type":"ImageObject","inLanguage":"en-US","@id":"https:\/\/www.aguarda.es\/en\/#\/schema\/person\/image\/","url":"https:\/\/secure.gravatar.com\/avatar\/5f90ef536b0f98306edf5c7a1135ffa1?s=96&d=mm&r=g","contentUrl":"https:\/\/secure.gravatar.com\/avatar\/5f90ef536b0f98306edf5c7a1135ffa1?s=96&d=mm&r=g","caption":"prensa"},"url":"https:\/\/www.aguarda.es\/en\/author\/prensa\/"}]}},"_links":{"self":[{"href":"https:\/\/www.aguarda.es\/en\/wp-json\/wp\/v2\/posts\/14374"}],"collection":[{"href":"https:\/\/www.aguarda.es\/en\/wp-json\/wp\/v2\/posts"}],"about":[{"href":"https:\/\/www.aguarda.es\/en\/wp-json\/wp\/v2\/types\/post"}],"author":[{"embeddable":true,"href":"https:\/\/www.aguarda.es\/en\/wp-json\/wp\/v2\/users\/2"}],"replies":[{"embeddable":true,"href":"https:\/\/www.aguarda.es\/en\/wp-json\/wp\/v2\/comments?post=14374"}],"version-history":[{"count":1,"href":"https:\/\/www.aguarda.es\/en\/wp-json\/wp\/v2\/posts\/14374\/revisions"}],"predecessor-version":[{"id":14378,"href":"https:\/\/www.aguarda.es\/en\/wp-json\/wp\/v2\/posts\/14374\/revisions\/14378"}],"wp:featuredmedia":[{"embeddable":true,"href":"https:\/\/www.aguarda.es\/en\/wp-json\/wp\/v2\/media\/14377"}],"wp:attachment":[{"href":"https:\/\/www.aguarda.es\/en\/wp-json\/wp\/v2\/media?parent=14374"}],"wp:term":[{"taxonomy":"category","embeddable":true,"href":"https:\/\/www.aguarda.es\/en\/wp-json\/wp\/v2\/categories?post=14374"},{"taxonomy":"post_tag","embeddable":true,"href":"https:\/\/www.aguarda.es\/en\/wp-json\/wp\/v2\/tags?post=14374"}],"curies":[{"name":"wp","href":"https:\/\/api.w.org\/{rel}","templated":true}]}}