{"id":1446,"date":"2015-12-11T10:45:32","date_gmt":"2015-12-11T10:45:32","guid":{"rendered":"https:\/\/www.aguarda.es\/?p=1446"},"modified":"2015-12-11T10:45:32","modified_gmt":"2015-12-11T10:45:32","slug":"a-cita-de-conversas-coa-xuventude-programada-para-hoxe-queda-aprazada","status":"publish","type":"post","link":"https:\/\/www.aguarda.es\/en\/a-cita-de-conversas-coa-xuventude-programada-para-hoxe-queda-aprazada\/","title":{"rendered":"A cita de Conversas coa Xuventude programada para hoxe queda aprazada"},"content":{"rendered":"\n<p>O Concello informa que a charla de \u201cConversas coa Xuventude\u201d programada para hoxe venres, \u00e1s 20,30 horas na Casa dos Alonsos, est\u00e1 suspendida por motivos alleos \u00e1 organizaci\u00f3n.<\/p>\n<p>Esta iniciativa queda aprazada para despois das Festas de Nadal.<\/p>\n<p>A organizaci\u00f3n quere pedir desculpas polas molestias.<\/p>\n","protected":false},"excerpt":{"rendered":"<p>O Concello informa que a charla de \u201cConversas coa Xuventude\u201d programada para hoxe venres, \u00e1s 20,30 horas na Casa dos Alonsos, est\u00e1 suspendida por motivos alleos \u00e1 organizaci\u00f3n. Esta iniciativa queda aprazada para despois das Festas de Nadal. A organizaci\u00f3n &hellip; <\/p>\n","protected":false},"author":1,"featured_media":0,"comment_status":"open","ping_status":"open","sticky":false,"template":"","format":"standard","meta":[],"categories":[48],"tags":[],"yoast_head":"<!-- This site is optimized with the Yoast SEO plugin v21.1 - https:\/\/yoast.com\/wordpress\/plugins\/seo\/ -->\n<title>A cita de Conversas coa Xuventude programada para hoxe queda aprazada - Concello da Guarda<\/title>\n<meta name=\"robots\" content=\"index, follow, max-snippet:-1, max-image-preview:large, max-video-preview:-1\" \/>\n<link rel=\"canonical\" href=\"https:\/\/www.aguarda.es\/en\/a-cita-de-conversas-coa-xuventude-programada-para-hoxe-queda-aprazada\/\" \/>\n<meta property=\"og:locale\" content=\"en_US\" \/>\n<meta property=\"og:type\" content=\"article\" \/>\n<meta property=\"og:title\" content=\"A cita de Conversas coa Xuventude programada para hoxe queda aprazada - Concello da Guarda\" \/>\n<meta property=\"og:description\" content=\"O Concello informa que a charla de \u201cConversas coa Xuventude\u201d programada para hoxe venres, \u00e1s 20,30 horas na Casa dos Alonsos, est\u00e1 suspendida por motivos alleos \u00e1 organizaci\u00f3n. Esta iniciativa queda aprazada para despois das Festas de Nadal. A organizaci\u00f3n &hellip;\" \/>\n<meta property=\"og:url\" content=\"https:\/\/www.aguarda.es\/en\/a-cita-de-conversas-coa-xuventude-programada-para-hoxe-queda-aprazada\/\" \/>\n<meta property=\"og:site_name\" content=\"Concello da Guarda\" \/>\n<meta property=\"article:publisher\" content=\"https:\/\/www.facebook.com\/ConcellodaGuarda\" \/>\n<meta property=\"article:published_time\" content=\"2015-12-11T10:45:32+00:00\" \/>\n<meta property=\"og:image\" content=\"https:\/\/www.aguarda.es\/wp-content\/uploads\/2017\/06\/escudo-full-2.jpg\" \/>\n\t<meta property=\"og:image:width\" content=\"1135\" \/>\n\t<meta property=\"og:image:height\" content=\"712\" \/>\n\t<meta property=\"og:image:type\" content=\"image\/jpeg\" \/>\n<meta name=\"author\" content=\"Concello\" \/>\n<meta name=\"twitter:card\" content=\"summary_large_image\" \/>\n<meta name=\"twitter:creator\" content=\"@AGuarda_es\" \/>\n<meta name=\"twitter:site\" content=\"@AGuarda_es\" \/>\n<meta name=\"twitter:label1\" content=\"Written by\" \/>\n\t<meta name=\"twitter:data1\" content=\"Concello\" \/>\n<script type=\"application\/ld+json\" class=\"yoast-schema-graph\">{\"@context\":\"https:\/\/schema.org\",\"@graph\":[{\"@type\":\"WebPage\",\"@id\":\"https:\/\/www.aguarda.es\/en\/a-cita-de-conversas-coa-xuventude-programada-para-hoxe-queda-aprazada\/\",\"url\":\"https:\/\/www.aguarda.es\/en\/a-cita-de-conversas-coa-xuventude-programada-para-hoxe-queda-aprazada\/\",\"name\":\"A cita de Conversas coa Xuventude programada para hoxe queda aprazada - Concello da Guarda\",\"isPartOf\":{\"@id\":\"https:\/\/www.aguarda.es\/en\/#website\"},\"datePublished\":\"2015-12-11T10:45:32+00:00\",\"dateModified\":\"2015-12-11T10:45:32+00:00\",\"author\":{\"@id\":\"https:\/\/www.aguarda.es\/en\/#\/schema\/person\/ac30f4d74843174f0af56c730f74dd57\"},\"breadcrumb\":{\"@id\":\"https:\/\/www.aguarda.es\/en\/a-cita-de-conversas-coa-xuventude-programada-para-hoxe-queda-aprazada\/#breadcrumb\"},\"inLanguage\":\"en-US\",\"potentialAction\":[{\"@type\":\"ReadAction\",\"target\":[\"https:\/\/www.aguarda.es\/en\/a-cita-de-conversas-coa-xuventude-programada-para-hoxe-queda-aprazada\/\"]}]},{\"@type\":\"BreadcrumbList\",\"@id\":\"https:\/\/www.aguarda.es\/en\/a-cita-de-conversas-coa-xuventude-programada-para-hoxe-queda-aprazada\/#breadcrumb\",\"itemListElement\":[{\"@type\":\"ListItem\",\"position\":1,\"name\":\"Portada\",\"item\":\"https:\/\/www.aguarda.es\/en\/\"},{\"@type\":\"ListItem\",\"position\":2,\"name\":\"A cita de Conversas coa Xuventude programada para hoxe queda aprazada\"}]},{\"@type\":\"WebSite\",\"@id\":\"https:\/\/www.aguarda.es\/en\/#website\",\"url\":\"https:\/\/www.aguarda.es\/en\/\",\"name\":\"Concello da Guarda\",\"description\":\"P\u00e1xina web do concello da Guarda\",\"potentialAction\":[{\"@type\":\"SearchAction\",\"target\":{\"@type\":\"EntryPoint\",\"urlTemplate\":\"https:\/\/www.aguarda.es\/en\/?s={search_term_string}\"},\"query-input\":\"required name=search_term_string\"}],\"inLanguage\":\"en-US\"},{\"@type\":\"Person\",\"@id\":\"https:\/\/www.aguarda.es\/en\/#\/schema\/person\/ac30f4d74843174f0af56c730f74dd57\",\"name\":\"Concello\",\"image\":{\"@type\":\"ImageObject\",\"inLanguage\":\"en-US\",\"@id\":\"https:\/\/www.aguarda.es\/en\/#\/schema\/person\/image\/\",\"url\":\"https:\/\/secure.gravatar.com\/avatar\/7eda12a04da40b2ef77eb62e68f07027?s=96&d=mm&r=g\",\"contentUrl\":\"https:\/\/secure.gravatar.com\/avatar\/7eda12a04da40b2ef77eb62e68f07027?s=96&d=mm&r=g\",\"caption\":\"Concello\"},\"url\":\"https:\/\/www.aguarda.es\/en\/author\/admin\/\"}]}<\/script>\n<!-- \/ Yoast SEO plugin. -->","yoast_head_json":{"title":"A cita de Conversas coa Xuventude programada para hoxe queda aprazada - Concello da Guarda","robots":{"index":"index","follow":"follow","max-snippet":"max-snippet:-1","max-image-preview":"max-image-preview:large","max-video-preview":"max-video-preview:-1"},"canonical":"https:\/\/www.aguarda.es\/en\/a-cita-de-conversas-coa-xuventude-programada-para-hoxe-queda-aprazada\/","og_locale":"en_US","og_type":"article","og_title":"A cita de Conversas coa Xuventude programada para hoxe queda aprazada - Concello da Guarda","og_description":"O Concello informa que a charla de \u201cConversas coa Xuventude\u201d programada para hoxe venres, \u00e1s 20,30 horas na Casa dos Alonsos, est\u00e1 suspendida por motivos alleos \u00e1 organizaci\u00f3n. Esta iniciativa queda aprazada para despois das Festas de Nadal. A organizaci\u00f3n &hellip;","og_url":"https:\/\/www.aguarda.es\/en\/a-cita-de-conversas-coa-xuventude-programada-para-hoxe-queda-aprazada\/","og_site_name":"Concello da Guarda","article_publisher":"https:\/\/www.facebook.com\/ConcellodaGuarda","article_published_time":"2015-12-11T10:45:32+00:00","og_image":[{"width":1135,"height":712,"url":"https:\/\/www.aguarda.es\/wp-content\/uploads\/2017\/06\/escudo-full-2.jpg","type":"image\/jpeg"}],"author":"Concello","twitter_card":"summary_large_image","twitter_creator":"@AGuarda_es","twitter_site":"@AGuarda_es","twitter_misc":{"Written by":"Concello"},"schema":{"@context":"https:\/\/schema.org","@graph":[{"@type":"WebPage","@id":"https:\/\/www.aguarda.es\/en\/a-cita-de-conversas-coa-xuventude-programada-para-hoxe-queda-aprazada\/","url":"https:\/\/www.aguarda.es\/en\/a-cita-de-conversas-coa-xuventude-programada-para-hoxe-queda-aprazada\/","name":"A cita de Conversas coa Xuventude programada para hoxe queda aprazada - Concello da Guarda","isPartOf":{"@id":"https:\/\/www.aguarda.es\/en\/#website"},"datePublished":"2015-12-11T10:45:32+00:00","dateModified":"2015-12-11T10:45:32+00:00","author":{"@id":"https:\/\/www.aguarda.es\/en\/#\/schema\/person\/ac30f4d74843174f0af56c730f74dd57"},"breadcrumb":{"@id":"https:\/\/www.aguarda.es\/en\/a-cita-de-conversas-coa-xuventude-programada-para-hoxe-queda-aprazada\/#breadcrumb"},"inLanguage":"en-US","potentialAction":[{"@type":"ReadAction","target":["https:\/\/www.aguarda.es\/en\/a-cita-de-conversas-coa-xuventude-programada-para-hoxe-queda-aprazada\/"]}]},{"@type":"BreadcrumbList","@id":"https:\/\/www.aguarda.es\/en\/a-cita-de-conversas-coa-xuventude-programada-para-hoxe-queda-aprazada\/#breadcrumb","itemListElement":[{"@type":"ListItem","position":1,"name":"Portada","item":"https:\/\/www.aguarda.es\/en\/"},{"@type":"ListItem","position":2,"name":"A cita de Conversas coa Xuventude programada para hoxe queda aprazada"}]},{"@type":"WebSite","@id":"https:\/\/www.aguarda.es\/en\/#website","url":"https:\/\/www.aguarda.es\/en\/","name":"Concello da Guarda","description":"P\u00e1xina web do concello da Guarda","potentialAction":[{"@type":"SearchAction","target":{"@type":"EntryPoint","urlTemplate":"https:\/\/www.aguarda.es\/en\/?s={search_term_string}"},"query-input":"required name=search_term_string"}],"inLanguage":"en-US"},{"@type":"Person","@id":"https:\/\/www.aguarda.es\/en\/#\/schema\/person\/ac30f4d74843174f0af56c730f74dd57","name":"Concello","image":{"@type":"ImageObject","inLanguage":"en-US","@id":"https:\/\/www.aguarda.es\/en\/#\/schema\/person\/image\/","url":"https:\/\/secure.gravatar.com\/avatar\/7eda12a04da40b2ef77eb62e68f07027?s=96&d=mm&r=g","contentUrl":"https:\/\/secure.gravatar.com\/avatar\/7eda12a04da40b2ef77eb62e68f07027?s=96&d=mm&r=g","caption":"Concello"},"url":"https:\/\/www.aguarda.es\/en\/author\/admin\/"}]}},"_links":{"self":[{"href":"https:\/\/www.aguarda.es\/en\/wp-json\/wp\/v2\/posts\/1446"}],"collection":[{"href":"https:\/\/www.aguarda.es\/en\/wp-json\/wp\/v2\/posts"}],"about":[{"href":"https:\/\/www.aguarda.es\/en\/wp-json\/wp\/v2\/types\/post"}],"author":[{"embeddable":true,"href":"https:\/\/www.aguarda.es\/en\/wp-json\/wp\/v2\/users\/1"}],"replies":[{"embeddable":true,"href":"https:\/\/www.aguarda.es\/en\/wp-json\/wp\/v2\/comments?post=1446"}],"version-history":[{"count":0,"href":"https:\/\/www.aguarda.es\/en\/wp-json\/wp\/v2\/posts\/1446\/revisions"}],"wp:attachment":[{"href":"https:\/\/www.aguarda.es\/en\/wp-json\/wp\/v2\/media?parent=1446"}],"wp:term":[{"taxonomy":"category","embeddable":true,"href":"https:\/\/www.aguarda.es\/en\/wp-json\/wp\/v2\/categories?post=1446"},{"taxonomy":"post_tag","embeddable":true,"href":"https:\/\/www.aguarda.es\/en\/wp-json\/wp\/v2\/tags?post=1446"}],"curies":[{"name":"wp","href":"https:\/\/api.w.org\/{rel}","templated":true}]}}