{"id":14467,"date":"2018-07-17T12:12:10","date_gmt":"2018-07-17T12:12:10","guid":{"rendered":"https:\/\/www.aguarda.es\/?p=14467"},"modified":"2018-07-17T12:12:11","modified_gmt":"2018-07-17T12:12:11","slug":"aprobacion-da-lista-provisional-de-admitidos-o-proceso-selectivo-para-a-contratacion-de-un-peon-de-limpeza-para-o-padroado-municipal-monte-santa-trega","status":"publish","type":"post","link":"https:\/\/www.aguarda.es\/en\/aprobacion-da-lista-provisional-de-admitidos-o-proceso-selectivo-para-a-contratacion-de-un-peon-de-limpeza-para-o-padroado-municipal-monte-santa-trega\/","title":{"rendered":"Aprobaci\u00f3n da lista provisional de admitidos \u00f3 proceso selectivo para a contrataci\u00f3n de un pe\u00f3n de limpeza para o Padroado Municipal Monte Santa Trega"},"content":{"rendered":"<p>Aprobadas polo Decreto 27\/2018- BIS, de 1 de xu\u00f1o, as bases para a contrataci\u00f3n laboral temporal dun limpador\/a para o Monte Santa Trega, e rematado o prazo de presentaci\u00f3n de documentaci\u00f3n, RESOLVO:<\/p>\n<p>1.- Aprobar a seguinte lista de admitidos no proceso selectivo para a contrataci\u00f3n laboral temporal dun limpador\/a para o Monte Santa Trega, que o non haber excluidos \u00e9 definitiva:<\/p>\n<p>APELIDOS E NOME<br \/>\nDNI<br \/>\nCADILLA PENA, ANTONIO JOS\u00c9<\/p>\n<p>PORTELA CIVIDANES, JUAN LUIS<\/p>\n<p>2.- Designar o seguinte tribunal cualificador para este proceso selectivo:<\/p>\n<p>PRESIDENTE: Jos\u00e9 Luis Gil Vicente \u2013 Oficial do Departamento de Servizos do Concello da Guarda (titular); Manuel Angel Gonz\u00e1lez Mart\u00ednez \u2013 Axente da Polic\u00eda Local do Concello da Guarda (suplente)<br \/>\nSECRETARIO: Jos\u00e9 Carlos Mart\u00ednez Crespo \u2013 Funcionario administrativo adscrito o departamento de Secretar\u00eda do Concello da Guarda (titular); Julia Mar\u00eda Carrasco Glez.-Alegre\u2013 Secretaria do Concello da Guarda (suplente)<br \/>\nVOGAIS:<br \/>\n\u00c1ngel \u00c1lvarez Vicente \u2013 Oficial do Departamento de Servizos do Concello da Guarda (titular); M\u00aa Emilia Fernandez Rodr\u00edguez \u2013 Auxiliar Administrativa do Concello da Guarda (suplente);<br \/>\nHermelindo Mart\u00ednez Gonz\u00e1lez \u2013 Arquitecto T\u00e9cnico do Concello da Guarda (titular); Juan Antonio Taboada Veiga \u2013 Oficial Xefe da Polic\u00eda Local de A Guarda (suplente)<br \/>\nJos\u00e9 Mar\u00eda \u00c1lvarez \u00c1lvarez \u2013 Administrativo do departamento de Urbanismo do Concello da Guarda (titular); Maria Soledad Diz Amil \u2013 Bibliotecaria do Concello de A Guarda (suplente).<br \/>\nDavid Aragunde Arrpe \u2013 Interventor do Concello da Guarda (Titular); Montserrat Mari\u00f1o \u00c1lvarez &#8211; Funcionaria administrativa do Departamento de Intervenci\u00f3n do Concello da Guarda (suplente)<br \/>\nOs interesados poder\u00e1n recusar aos membros do Tribunal cualificador, no prazo de tres d\u00edas h\u00e1biles dende a publicaci\u00f3n da s\u00faa composici\u00f3n, cando, ao seu xu\u00edzo, concorra neles algunha das circunstancias previstas no artigo 23 Lei 40\/2015, de 1 de outubro, de R\u00e9xime Xur\u00eddico do Sector P\u00fablico.<\/p>\n<p>3.- Fixar a realizaci\u00f3n da proba te\u00f3rica para as 16:00 horas do d\u00eda 18 de xullo de 2018 na Casa do Concello sita na Praza do Rel\u00f3. O resto das probas realizaranse a continuaci\u00f3n desta no mesmo lugar<\/p>\n<p>4.- Publicar esta resoluci\u00f3n no Taboleiro de anuncios do Concello de A Guarda.<\/p>\n","protected":false},"excerpt":{"rendered":"<p>Aprobadas polo Decreto 27\/2018- BIS, de 1 de xu\u00f1o, as bases para a contrataci\u00f3n laboral temporal dun limpador\/a para o Monte Santa Trega, e rematado o prazo de presentaci\u00f3n de documentaci\u00f3n, RESOLVO: 1.- Aprobar a seguinte lista de admitidos no &hellip; <\/p>\n","protected":false},"author":2,"featured_media":8844,"comment_status":"open","ping_status":"open","sticky":false,"template":"","format":"standard","meta":[],"categories":[33],"tags":[226,867,1308,1309],"yoast_head":"<!-- This site is optimized with the Yoast SEO plugin v21.1 - https:\/\/yoast.com\/wordpress\/plugins\/seo\/ -->\n<title>Aprobaci\u00f3n da lista provisional de admitidos \u00f3 proceso selectivo para a contrataci\u00f3n de un pe\u00f3n de limpeza para o Padroado Municipal Monte Santa Trega - Concello da Guarda<\/title>\n<meta name=\"robots\" content=\"index, follow, max-snippet:-1, max-image-preview:large, max-video-preview:-1\" \/>\n<link rel=\"canonical\" href=\"https:\/\/www.aguarda.es\/en\/aprobacion-da-lista-provisional-de-admitidos-o-proceso-selectivo-para-a-contratacion-de-un-peon-de-limpeza-para-o-padroado-municipal-monte-santa-trega\/\" \/>\n<meta property=\"og:locale\" content=\"en_US\" \/>\n<meta property=\"og:type\" content=\"article\" \/>\n<meta property=\"og:title\" content=\"Aprobaci\u00f3n da lista provisional de admitidos \u00f3 proceso selectivo para a contrataci\u00f3n de un pe\u00f3n de limpeza para o Padroado Municipal Monte Santa Trega - Concello da Guarda\" \/>\n<meta property=\"og:description\" content=\"Aprobadas polo Decreto 27\/2018- BIS, de 1 de xu\u00f1o, as bases para a contrataci\u00f3n laboral temporal dun limpador\/a para o Monte Santa Trega, e rematado o prazo de presentaci\u00f3n de documentaci\u00f3n, RESOLVO: 1.- Aprobar a seguinte lista de admitidos no &hellip;\" \/>\n<meta property=\"og:url\" content=\"https:\/\/www.aguarda.es\/en\/aprobacion-da-lista-provisional-de-admitidos-o-proceso-selectivo-para-a-contratacion-de-un-peon-de-limpeza-para-o-padroado-municipal-monte-santa-trega\/\" \/>\n<meta property=\"og:site_name\" content=\"Concello da Guarda\" \/>\n<meta property=\"article:publisher\" content=\"https:\/\/www.facebook.com\/ConcellodaGuarda\" \/>\n<meta property=\"article:published_time\" content=\"2018-07-17T12:12:10+00:00\" \/>\n<meta property=\"article:modified_time\" content=\"2018-07-17T12:12:11+00:00\" \/>\n<meta property=\"og:image\" content=\"https:\/\/www.aguarda.es\/wp-content\/uploads\/2017\/06\/escudo-full.jpg\" \/>\n\t<meta property=\"og:image:width\" content=\"1135\" \/>\n\t<meta property=\"og:image:height\" content=\"712\" \/>\n\t<meta property=\"og:image:type\" content=\"image\/jpeg\" \/>\n<meta name=\"author\" content=\"prensa\" \/>\n<meta name=\"twitter:card\" content=\"summary_large_image\" \/>\n<meta name=\"twitter:creator\" content=\"@AGuarda_es\" \/>\n<meta name=\"twitter:site\" content=\"@AGuarda_es\" \/>\n<meta name=\"twitter:label1\" content=\"Written by\" \/>\n\t<meta name=\"twitter:data1\" content=\"prensa\" \/>\n\t<meta name=\"twitter:label2\" content=\"Est. reading time\" \/>\n\t<meta name=\"twitter:data2\" content=\"2 minutes\" \/>\n<script type=\"application\/ld+json\" class=\"yoast-schema-graph\">{\"@context\":\"https:\/\/schema.org\",\"@graph\":[{\"@type\":\"WebPage\",\"@id\":\"https:\/\/www.aguarda.es\/en\/aprobacion-da-lista-provisional-de-admitidos-o-proceso-selectivo-para-a-contratacion-de-un-peon-de-limpeza-para-o-padroado-municipal-monte-santa-trega\/\",\"url\":\"https:\/\/www.aguarda.es\/en\/aprobacion-da-lista-provisional-de-admitidos-o-proceso-selectivo-para-a-contratacion-de-un-peon-de-limpeza-para-o-padroado-municipal-monte-santa-trega\/\",\"name\":\"Aprobaci\u00f3n da lista provisional de admitidos \u00f3 proceso selectivo para a contrataci\u00f3n de un pe\u00f3n de limpeza para o Padroado Municipal Monte Santa Trega - Concello da Guarda\",\"isPartOf\":{\"@id\":\"https:\/\/www.aguarda.es\/en\/#website\"},\"datePublished\":\"2018-07-17T12:12:10+00:00\",\"dateModified\":\"2018-07-17T12:12:11+00:00\",\"author\":{\"@id\":\"https:\/\/www.aguarda.es\/en\/#\/schema\/person\/c463ca3006858ffb349d11179d044f21\"},\"breadcrumb\":{\"@id\":\"https:\/\/www.aguarda.es\/en\/aprobacion-da-lista-provisional-de-admitidos-o-proceso-selectivo-para-a-contratacion-de-un-peon-de-limpeza-para-o-padroado-municipal-monte-santa-trega\/#breadcrumb\"},\"inLanguage\":\"en-US\",\"potentialAction\":[{\"@type\":\"ReadAction\",\"target\":[\"https:\/\/www.aguarda.es\/en\/aprobacion-da-lista-provisional-de-admitidos-o-proceso-selectivo-para-a-contratacion-de-un-peon-de-limpeza-para-o-padroado-municipal-monte-santa-trega\/\"]}]},{\"@type\":\"BreadcrumbList\",\"@id\":\"https:\/\/www.aguarda.es\/en\/aprobacion-da-lista-provisional-de-admitidos-o-proceso-selectivo-para-a-contratacion-de-un-peon-de-limpeza-para-o-padroado-municipal-monte-santa-trega\/#breadcrumb\",\"itemListElement\":[{\"@type\":\"ListItem\",\"position\":1,\"name\":\"Portada\",\"item\":\"https:\/\/www.aguarda.es\/en\/\"},{\"@type\":\"ListItem\",\"position\":2,\"name\":\"Aprobaci\u00f3n da lista provisional de admitidos \u00f3 proceso selectivo para a contrataci\u00f3n de un pe\u00f3n de limpeza para o Padroado Municipal Monte Santa Trega\"}]},{\"@type\":\"WebSite\",\"@id\":\"https:\/\/www.aguarda.es\/en\/#website\",\"url\":\"https:\/\/www.aguarda.es\/en\/\",\"name\":\"Concello da Guarda\",\"description\":\"P\u00e1xina web do concello da Guarda\",\"potentialAction\":[{\"@type\":\"SearchAction\",\"target\":{\"@type\":\"EntryPoint\",\"urlTemplate\":\"https:\/\/www.aguarda.es\/en\/?s={search_term_string}\"},\"query-input\":\"required name=search_term_string\"}],\"inLanguage\":\"en-US\"},{\"@type\":\"Person\",\"@id\":\"https:\/\/www.aguarda.es\/en\/#\/schema\/person\/c463ca3006858ffb349d11179d044f21\",\"name\":\"prensa\",\"image\":{\"@type\":\"ImageObject\",\"inLanguage\":\"en-US\",\"@id\":\"https:\/\/www.aguarda.es\/en\/#\/schema\/person\/image\/\",\"url\":\"https:\/\/secure.gravatar.com\/avatar\/5f90ef536b0f98306edf5c7a1135ffa1?s=96&d=mm&r=g\",\"contentUrl\":\"https:\/\/secure.gravatar.com\/avatar\/5f90ef536b0f98306edf5c7a1135ffa1?s=96&d=mm&r=g\",\"caption\":\"prensa\"},\"url\":\"https:\/\/www.aguarda.es\/en\/author\/prensa\/\"}]}<\/script>\n<!-- \/ Yoast SEO plugin. -->","yoast_head_json":{"title":"Aprobaci\u00f3n da lista provisional de admitidos \u00f3 proceso selectivo para a contrataci\u00f3n de un pe\u00f3n de limpeza para o Padroado Municipal Monte Santa Trega - Concello da Guarda","robots":{"index":"index","follow":"follow","max-snippet":"max-snippet:-1","max-image-preview":"max-image-preview:large","max-video-preview":"max-video-preview:-1"},"canonical":"https:\/\/www.aguarda.es\/en\/aprobacion-da-lista-provisional-de-admitidos-o-proceso-selectivo-para-a-contratacion-de-un-peon-de-limpeza-para-o-padroado-municipal-monte-santa-trega\/","og_locale":"en_US","og_type":"article","og_title":"Aprobaci\u00f3n da lista provisional de admitidos \u00f3 proceso selectivo para a contrataci\u00f3n de un pe\u00f3n de limpeza para o Padroado Municipal Monte Santa Trega - Concello da Guarda","og_description":"Aprobadas polo Decreto 27\/2018- BIS, de 1 de xu\u00f1o, as bases para a contrataci\u00f3n laboral temporal dun limpador\/a para o Monte Santa Trega, e rematado o prazo de presentaci\u00f3n de documentaci\u00f3n, RESOLVO: 1.- Aprobar a seguinte lista de admitidos no &hellip;","og_url":"https:\/\/www.aguarda.es\/en\/aprobacion-da-lista-provisional-de-admitidos-o-proceso-selectivo-para-a-contratacion-de-un-peon-de-limpeza-para-o-padroado-municipal-monte-santa-trega\/","og_site_name":"Concello da Guarda","article_publisher":"https:\/\/www.facebook.com\/ConcellodaGuarda","article_published_time":"2018-07-17T12:12:10+00:00","article_modified_time":"2018-07-17T12:12:11+00:00","og_image":[{"width":1135,"height":712,"url":"https:\/\/www.aguarda.es\/wp-content\/uploads\/2017\/06\/escudo-full.jpg","type":"image\/jpeg"}],"author":"prensa","twitter_card":"summary_large_image","twitter_creator":"@AGuarda_es","twitter_site":"@AGuarda_es","twitter_misc":{"Written by":"prensa","Est. reading time":"2 minutes"},"schema":{"@context":"https:\/\/schema.org","@graph":[{"@type":"WebPage","@id":"https:\/\/www.aguarda.es\/en\/aprobacion-da-lista-provisional-de-admitidos-o-proceso-selectivo-para-a-contratacion-de-un-peon-de-limpeza-para-o-padroado-municipal-monte-santa-trega\/","url":"https:\/\/www.aguarda.es\/en\/aprobacion-da-lista-provisional-de-admitidos-o-proceso-selectivo-para-a-contratacion-de-un-peon-de-limpeza-para-o-padroado-municipal-monte-santa-trega\/","name":"Aprobaci\u00f3n da lista provisional de admitidos \u00f3 proceso selectivo para a contrataci\u00f3n de un pe\u00f3n de limpeza para o Padroado Municipal Monte Santa Trega - Concello da Guarda","isPartOf":{"@id":"https:\/\/www.aguarda.es\/en\/#website"},"datePublished":"2018-07-17T12:12:10+00:00","dateModified":"2018-07-17T12:12:11+00:00","author":{"@id":"https:\/\/www.aguarda.es\/en\/#\/schema\/person\/c463ca3006858ffb349d11179d044f21"},"breadcrumb":{"@id":"https:\/\/www.aguarda.es\/en\/aprobacion-da-lista-provisional-de-admitidos-o-proceso-selectivo-para-a-contratacion-de-un-peon-de-limpeza-para-o-padroado-municipal-monte-santa-trega\/#breadcrumb"},"inLanguage":"en-US","potentialAction":[{"@type":"ReadAction","target":["https:\/\/www.aguarda.es\/en\/aprobacion-da-lista-provisional-de-admitidos-o-proceso-selectivo-para-a-contratacion-de-un-peon-de-limpeza-para-o-padroado-municipal-monte-santa-trega\/"]}]},{"@type":"BreadcrumbList","@id":"https:\/\/www.aguarda.es\/en\/aprobacion-da-lista-provisional-de-admitidos-o-proceso-selectivo-para-a-contratacion-de-un-peon-de-limpeza-para-o-padroado-municipal-monte-santa-trega\/#breadcrumb","itemListElement":[{"@type":"ListItem","position":1,"name":"Portada","item":"https:\/\/www.aguarda.es\/en\/"},{"@type":"ListItem","position":2,"name":"Aprobaci\u00f3n da lista provisional de admitidos \u00f3 proceso selectivo para a contrataci\u00f3n de un pe\u00f3n de limpeza para o Padroado Municipal Monte Santa Trega"}]},{"@type":"WebSite","@id":"https:\/\/www.aguarda.es\/en\/#website","url":"https:\/\/www.aguarda.es\/en\/","name":"Concello da Guarda","description":"P\u00e1xina web do concello da Guarda","potentialAction":[{"@type":"SearchAction","target":{"@type":"EntryPoint","urlTemplate":"https:\/\/www.aguarda.es\/en\/?s={search_term_string}"},"query-input":"required name=search_term_string"}],"inLanguage":"en-US"},{"@type":"Person","@id":"https:\/\/www.aguarda.es\/en\/#\/schema\/person\/c463ca3006858ffb349d11179d044f21","name":"prensa","image":{"@type":"ImageObject","inLanguage":"en-US","@id":"https:\/\/www.aguarda.es\/en\/#\/schema\/person\/image\/","url":"https:\/\/secure.gravatar.com\/avatar\/5f90ef536b0f98306edf5c7a1135ffa1?s=96&d=mm&r=g","contentUrl":"https:\/\/secure.gravatar.com\/avatar\/5f90ef536b0f98306edf5c7a1135ffa1?s=96&d=mm&r=g","caption":"prensa"},"url":"https:\/\/www.aguarda.es\/en\/author\/prensa\/"}]}},"_links":{"self":[{"href":"https:\/\/www.aguarda.es\/en\/wp-json\/wp\/v2\/posts\/14467"}],"collection":[{"href":"https:\/\/www.aguarda.es\/en\/wp-json\/wp\/v2\/posts"}],"about":[{"href":"https:\/\/www.aguarda.es\/en\/wp-json\/wp\/v2\/types\/post"}],"author":[{"embeddable":true,"href":"https:\/\/www.aguarda.es\/en\/wp-json\/wp\/v2\/users\/2"}],"replies":[{"embeddable":true,"href":"https:\/\/www.aguarda.es\/en\/wp-json\/wp\/v2\/comments?post=14467"}],"version-history":[{"count":1,"href":"https:\/\/www.aguarda.es\/en\/wp-json\/wp\/v2\/posts\/14467\/revisions"}],"predecessor-version":[{"id":14468,"href":"https:\/\/www.aguarda.es\/en\/wp-json\/wp\/v2\/posts\/14467\/revisions\/14468"}],"wp:featuredmedia":[{"embeddable":true,"href":"https:\/\/www.aguarda.es\/en\/wp-json\/wp\/v2\/media\/8844"}],"wp:attachment":[{"href":"https:\/\/www.aguarda.es\/en\/wp-json\/wp\/v2\/media?parent=14467"}],"wp:term":[{"taxonomy":"category","embeddable":true,"href":"https:\/\/www.aguarda.es\/en\/wp-json\/wp\/v2\/categories?post=14467"},{"taxonomy":"post_tag","embeddable":true,"href":"https:\/\/www.aguarda.es\/en\/wp-json\/wp\/v2\/tags?post=14467"}],"curies":[{"name":"wp","href":"https:\/\/api.w.org\/{rel}","templated":true}]}}