{"id":14474,"date":"2018-07-18T10:48:12","date_gmt":"2018-07-18T10:48:12","guid":{"rendered":"https:\/\/www.aguarda.es\/?p=14474"},"modified":"2018-07-18T10:55:36","modified_gmt":"2018-07-18T10:55:36","slug":"este-sabado-celebrase-na-guarda-o-torneo-3x3-de-baloncesto","status":"publish","type":"post","link":"https:\/\/www.aguarda.es\/en\/este-sabado-celebrase-na-guarda-o-torneo-3x3-de-baloncesto\/","title":{"rendered":"Este s\u00e1bado cel\u00e9brase na Guarda o Torneo 3&#215;3 de Baloncesto"},"content":{"rendered":"<p style=\"text-align: justify\">Este s\u00e1bado d\u00eda 21 de xullo de 2018, as pistas deportivas do Centro Cultural da Guarda acollen a cuarta edici\u00f3n do Torneo de Baloncesto de ver\u00e1n 3&#215;3 Vila da Guarda.<\/p>\n<p style=\"text-align: justify\">Se desexas participar co teu equipo tan s\u00f3 tes que inscribirte a trav\u00e9s do seguinte ligaz\u00f3n: <a href=\"http:\/\/www.formfy.com\/form\/1417318\">www.formfy.com\/form\/1417318<\/a> , o prezo por equipo \u00e9 de 20\u20ac e en total establ\u00e9cense un m\u00e1ximo de 12 equipos para o torneo.<\/p>\n<p style=\"text-align: justify\">O Torneo celebrarase ao longo de toda a xornada deste s\u00e1bado, e coma ven sendo habitual contarase co acompa\u00f1amento musical de DJ\u00b4s, un torneo de triples para os inscritos e tam\u00e9n o triple do espectador.<\/p>\n<p style=\"text-align: justify\">O torneo est\u00e1 organizado por Baixo Mi\u00f1o Basket e conta coa colaboraci\u00f3n da Conceller\u00eda de Deportes do Concello da Guarda e casas comerciais.<\/p>\n<p style=\"text-align: center\"><img decoding=\"async\" loading=\"lazy\" class=\"aligncenter size-full wp-image-14476\" src=\"https:\/\/www.aguarda.es\/wp-content\/uploads\/2018\/07\/NP-18072018-Este-s\u00e1bado-cel\u00e9brase-na-Guarda-o-Torneo-3x3-de-Baloncesto.png\" alt=\"Este s\u00e1bado d\u00eda 21 de xullo de 2018, as pistas deportivas do Centro Cultural da Guarda acollen a cuarta edici\u00f3n do Torneo de Baloncesto de ver\u00e1n 3x3 Vila da Guarda.\" width=\"800\" height=\"304\" srcset=\"https:\/\/www.aguarda.es\/wp-content\/uploads\/2018\/07\/NP-18072018-Este-s\u00e1bado-cel\u00e9brase-na-Guarda-o-Torneo-3x3-de-Baloncesto.png 800w, https:\/\/www.aguarda.es\/wp-content\/uploads\/2018\/07\/NP-18072018-Este-s\u00e1bado-cel\u00e9brase-na-Guarda-o-Torneo-3x3-de-Baloncesto-300x114.png 300w, https:\/\/www.aguarda.es\/wp-content\/uploads\/2018\/07\/NP-18072018-Este-s\u00e1bado-cel\u00e9brase-na-Guarda-o-Torneo-3x3-de-Baloncesto-768x292.png 768w, https:\/\/www.aguarda.es\/wp-content\/uploads\/2018\/07\/NP-18072018-Este-s\u00e1bado-cel\u00e9brase-na-Guarda-o-Torneo-3x3-de-Baloncesto-570x217.png 570w\" sizes=\"(max-width: 800px) 100vw, 800px\" \/><\/p>\n","protected":false},"excerpt":{"rendered":"<p>Este s\u00e1bado d\u00eda 21 de xullo de 2018, as pistas deportivas do Centro Cultural da Guarda acollen a cuarta edici\u00f3n do Torneo de Baloncesto de ver\u00e1n 3&#215;3 Vila da Guarda. Se desexas participar co teu equipo tan s\u00f3 tes que &hellip; <\/p>\n","protected":false},"author":2,"featured_media":14477,"comment_status":"open","ping_status":"open","sticky":false,"template":"","format":"standard","meta":[],"categories":[35],"tags":[226,350,1311,276],"yoast_head":"<!-- This site is optimized with the Yoast SEO plugin v21.1 - https:\/\/yoast.com\/wordpress\/plugins\/seo\/ -->\n<title>Este s\u00e1bado cel\u00e9brase na Guarda o Torneo 3x3 de Baloncesto - Concello da Guarda<\/title>\n<meta name=\"robots\" content=\"index, follow, max-snippet:-1, max-image-preview:large, max-video-preview:-1\" \/>\n<link rel=\"canonical\" href=\"https:\/\/www.aguarda.es\/en\/este-sabado-celebrase-na-guarda-o-torneo-3x3-de-baloncesto\/\" \/>\n<meta property=\"og:locale\" content=\"en_US\" \/>\n<meta property=\"og:type\" content=\"article\" \/>\n<meta property=\"og:title\" content=\"Este s\u00e1bado cel\u00e9brase na Guarda o Torneo 3x3 de Baloncesto - Concello da Guarda\" \/>\n<meta property=\"og:description\" content=\"Este s\u00e1bado d\u00eda 21 de xullo de 2018, as pistas deportivas do Centro Cultural da Guarda acollen a cuarta edici\u00f3n do Torneo de Baloncesto de ver\u00e1n 3&#215;3 Vila da Guarda. Se desexas participar co teu equipo tan s\u00f3 tes que &hellip;\" \/>\n<meta property=\"og:url\" content=\"https:\/\/www.aguarda.es\/en\/este-sabado-celebrase-na-guarda-o-torneo-3x3-de-baloncesto\/\" \/>\n<meta property=\"og:site_name\" content=\"Concello da Guarda\" \/>\n<meta property=\"article:publisher\" content=\"https:\/\/www.facebook.com\/ConcellodaGuarda\" \/>\n<meta property=\"article:published_time\" content=\"2018-07-18T10:48:12+00:00\" \/>\n<meta property=\"article:modified_time\" content=\"2018-07-18T10:55:36+00:00\" \/>\n<meta property=\"og:image\" content=\"https:\/\/www.aguarda.es\/wp-content\/uploads\/2018\/07\/NP-18072018-Este-s\u00e1bado-cel\u00e9brase-na-Guarda-o-Torneo-3x3-de-Baloncesto.jpg\" \/>\n\t<meta property=\"og:image:width\" content=\"679\" \/>\n\t<meta property=\"og:image:height\" content=\"960\" \/>\n\t<meta property=\"og:image:type\" content=\"image\/jpeg\" \/>\n<meta name=\"author\" content=\"prensa\" \/>\n<meta name=\"twitter:card\" content=\"summary_large_image\" \/>\n<meta name=\"twitter:creator\" content=\"@AGuarda_es\" \/>\n<meta name=\"twitter:site\" content=\"@AGuarda_es\" \/>\n<meta name=\"twitter:label1\" content=\"Written by\" \/>\n\t<meta name=\"twitter:data1\" content=\"prensa\" \/>\n\t<meta name=\"twitter:label2\" content=\"Est. reading time\" \/>\n\t<meta name=\"twitter:data2\" content=\"1 minute\" \/>\n<script type=\"application\/ld+json\" class=\"yoast-schema-graph\">{\"@context\":\"https:\/\/schema.org\",\"@graph\":[{\"@type\":\"WebPage\",\"@id\":\"https:\/\/www.aguarda.es\/en\/este-sabado-celebrase-na-guarda-o-torneo-3x3-de-baloncesto\/\",\"url\":\"https:\/\/www.aguarda.es\/en\/este-sabado-celebrase-na-guarda-o-torneo-3x3-de-baloncesto\/\",\"name\":\"Este s\u00e1bado cel\u00e9brase na Guarda o Torneo 3x3 de Baloncesto - Concello da Guarda\",\"isPartOf\":{\"@id\":\"https:\/\/www.aguarda.es\/en\/#website\"},\"datePublished\":\"2018-07-18T10:48:12+00:00\",\"dateModified\":\"2018-07-18T10:55:36+00:00\",\"author\":{\"@id\":\"https:\/\/www.aguarda.es\/en\/#\/schema\/person\/c463ca3006858ffb349d11179d044f21\"},\"breadcrumb\":{\"@id\":\"https:\/\/www.aguarda.es\/en\/este-sabado-celebrase-na-guarda-o-torneo-3x3-de-baloncesto\/#breadcrumb\"},\"inLanguage\":\"en-US\",\"potentialAction\":[{\"@type\":\"ReadAction\",\"target\":[\"https:\/\/www.aguarda.es\/en\/este-sabado-celebrase-na-guarda-o-torneo-3x3-de-baloncesto\/\"]}]},{\"@type\":\"BreadcrumbList\",\"@id\":\"https:\/\/www.aguarda.es\/en\/este-sabado-celebrase-na-guarda-o-torneo-3x3-de-baloncesto\/#breadcrumb\",\"itemListElement\":[{\"@type\":\"ListItem\",\"position\":1,\"name\":\"Portada\",\"item\":\"https:\/\/www.aguarda.es\/en\/\"},{\"@type\":\"ListItem\",\"position\":2,\"name\":\"Este s\u00e1bado cel\u00e9brase na Guarda o Torneo 3&#215;3 de Baloncesto\"}]},{\"@type\":\"WebSite\",\"@id\":\"https:\/\/www.aguarda.es\/en\/#website\",\"url\":\"https:\/\/www.aguarda.es\/en\/\",\"name\":\"Concello da Guarda\",\"description\":\"P\u00e1xina web do concello da Guarda\",\"potentialAction\":[{\"@type\":\"SearchAction\",\"target\":{\"@type\":\"EntryPoint\",\"urlTemplate\":\"https:\/\/www.aguarda.es\/en\/?s={search_term_string}\"},\"query-input\":\"required name=search_term_string\"}],\"inLanguage\":\"en-US\"},{\"@type\":\"Person\",\"@id\":\"https:\/\/www.aguarda.es\/en\/#\/schema\/person\/c463ca3006858ffb349d11179d044f21\",\"name\":\"prensa\",\"image\":{\"@type\":\"ImageObject\",\"inLanguage\":\"en-US\",\"@id\":\"https:\/\/www.aguarda.es\/en\/#\/schema\/person\/image\/\",\"url\":\"https:\/\/secure.gravatar.com\/avatar\/5f90ef536b0f98306edf5c7a1135ffa1?s=96&d=mm&r=g\",\"contentUrl\":\"https:\/\/secure.gravatar.com\/avatar\/5f90ef536b0f98306edf5c7a1135ffa1?s=96&d=mm&r=g\",\"caption\":\"prensa\"},\"url\":\"https:\/\/www.aguarda.es\/en\/author\/prensa\/\"}]}<\/script>\n<!-- \/ Yoast SEO plugin. -->","yoast_head_json":{"title":"Este s\u00e1bado cel\u00e9brase na Guarda o Torneo 3x3 de Baloncesto - Concello da Guarda","robots":{"index":"index","follow":"follow","max-snippet":"max-snippet:-1","max-image-preview":"max-image-preview:large","max-video-preview":"max-video-preview:-1"},"canonical":"https:\/\/www.aguarda.es\/en\/este-sabado-celebrase-na-guarda-o-torneo-3x3-de-baloncesto\/","og_locale":"en_US","og_type":"article","og_title":"Este s\u00e1bado cel\u00e9brase na Guarda o Torneo 3x3 de Baloncesto - Concello da Guarda","og_description":"Este s\u00e1bado d\u00eda 21 de xullo de 2018, as pistas deportivas do Centro Cultural da Guarda acollen a cuarta edici\u00f3n do Torneo de Baloncesto de ver\u00e1n 3&#215;3 Vila da Guarda. Se desexas participar co teu equipo tan s\u00f3 tes que &hellip;","og_url":"https:\/\/www.aguarda.es\/en\/este-sabado-celebrase-na-guarda-o-torneo-3x3-de-baloncesto\/","og_site_name":"Concello da Guarda","article_publisher":"https:\/\/www.facebook.com\/ConcellodaGuarda","article_published_time":"2018-07-18T10:48:12+00:00","article_modified_time":"2018-07-18T10:55:36+00:00","og_image":[{"width":679,"height":960,"url":"https:\/\/www.aguarda.es\/wp-content\/uploads\/2018\/07\/NP-18072018-Este-s\u00e1bado-cel\u00e9brase-na-Guarda-o-Torneo-3x3-de-Baloncesto.jpg","type":"image\/jpeg"}],"author":"prensa","twitter_card":"summary_large_image","twitter_creator":"@AGuarda_es","twitter_site":"@AGuarda_es","twitter_misc":{"Written by":"prensa","Est. reading time":"1 minute"},"schema":{"@context":"https:\/\/schema.org","@graph":[{"@type":"WebPage","@id":"https:\/\/www.aguarda.es\/en\/este-sabado-celebrase-na-guarda-o-torneo-3x3-de-baloncesto\/","url":"https:\/\/www.aguarda.es\/en\/este-sabado-celebrase-na-guarda-o-torneo-3x3-de-baloncesto\/","name":"Este s\u00e1bado cel\u00e9brase na Guarda o Torneo 3x3 de Baloncesto - Concello da Guarda","isPartOf":{"@id":"https:\/\/www.aguarda.es\/en\/#website"},"datePublished":"2018-07-18T10:48:12+00:00","dateModified":"2018-07-18T10:55:36+00:00","author":{"@id":"https:\/\/www.aguarda.es\/en\/#\/schema\/person\/c463ca3006858ffb349d11179d044f21"},"breadcrumb":{"@id":"https:\/\/www.aguarda.es\/en\/este-sabado-celebrase-na-guarda-o-torneo-3x3-de-baloncesto\/#breadcrumb"},"inLanguage":"en-US","potentialAction":[{"@type":"ReadAction","target":["https:\/\/www.aguarda.es\/en\/este-sabado-celebrase-na-guarda-o-torneo-3x3-de-baloncesto\/"]}]},{"@type":"BreadcrumbList","@id":"https:\/\/www.aguarda.es\/en\/este-sabado-celebrase-na-guarda-o-torneo-3x3-de-baloncesto\/#breadcrumb","itemListElement":[{"@type":"ListItem","position":1,"name":"Portada","item":"https:\/\/www.aguarda.es\/en\/"},{"@type":"ListItem","position":2,"name":"Este s\u00e1bado cel\u00e9brase na Guarda o Torneo 3&#215;3 de Baloncesto"}]},{"@type":"WebSite","@id":"https:\/\/www.aguarda.es\/en\/#website","url":"https:\/\/www.aguarda.es\/en\/","name":"Concello da Guarda","description":"P\u00e1xina web do concello da Guarda","potentialAction":[{"@type":"SearchAction","target":{"@type":"EntryPoint","urlTemplate":"https:\/\/www.aguarda.es\/en\/?s={search_term_string}"},"query-input":"required name=search_term_string"}],"inLanguage":"en-US"},{"@type":"Person","@id":"https:\/\/www.aguarda.es\/en\/#\/schema\/person\/c463ca3006858ffb349d11179d044f21","name":"prensa","image":{"@type":"ImageObject","inLanguage":"en-US","@id":"https:\/\/www.aguarda.es\/en\/#\/schema\/person\/image\/","url":"https:\/\/secure.gravatar.com\/avatar\/5f90ef536b0f98306edf5c7a1135ffa1?s=96&d=mm&r=g","contentUrl":"https:\/\/secure.gravatar.com\/avatar\/5f90ef536b0f98306edf5c7a1135ffa1?s=96&d=mm&r=g","caption":"prensa"},"url":"https:\/\/www.aguarda.es\/en\/author\/prensa\/"}]}},"_links":{"self":[{"href":"https:\/\/www.aguarda.es\/en\/wp-json\/wp\/v2\/posts\/14474"}],"collection":[{"href":"https:\/\/www.aguarda.es\/en\/wp-json\/wp\/v2\/posts"}],"about":[{"href":"https:\/\/www.aguarda.es\/en\/wp-json\/wp\/v2\/types\/post"}],"author":[{"embeddable":true,"href":"https:\/\/www.aguarda.es\/en\/wp-json\/wp\/v2\/users\/2"}],"replies":[{"embeddable":true,"href":"https:\/\/www.aguarda.es\/en\/wp-json\/wp\/v2\/comments?post=14474"}],"version-history":[{"count":3,"href":"https:\/\/www.aguarda.es\/en\/wp-json\/wp\/v2\/posts\/14474\/revisions"}],"predecessor-version":[{"id":14479,"href":"https:\/\/www.aguarda.es\/en\/wp-json\/wp\/v2\/posts\/14474\/revisions\/14479"}],"wp:featuredmedia":[{"embeddable":true,"href":"https:\/\/www.aguarda.es\/en\/wp-json\/wp\/v2\/media\/14477"}],"wp:attachment":[{"href":"https:\/\/www.aguarda.es\/en\/wp-json\/wp\/v2\/media?parent=14474"}],"wp:term":[{"taxonomy":"category","embeddable":true,"href":"https:\/\/www.aguarda.es\/en\/wp-json\/wp\/v2\/categories?post=14474"},{"taxonomy":"post_tag","embeddable":true,"href":"https:\/\/www.aguarda.es\/en\/wp-json\/wp\/v2\/tags?post=14474"}],"curies":[{"name":"wp","href":"https:\/\/api.w.org\/{rel}","templated":true}]}}