{"id":14742,"date":"2018-08-11T21:54:32","date_gmt":"2018-08-11T21:54:32","guid":{"rendered":"https:\/\/www.aguarda.es\/?p=14742"},"modified":"2018-08-11T21:54:32","modified_gmt":"2018-08-11T21:54:32","slug":"a-guarda-acolleu-o-desfile-folclorico-tradicional-e-das-bandas-marineiras-das-festas-do-monte-2018","status":"publish","type":"post","link":"https:\/\/www.aguarda.es\/en\/a-guarda-acolleu-o-desfile-folclorico-tradicional-e-das-bandas-marineiras-das-festas-do-monte-2018\/","title":{"rendered":"A Guarda acolleu o Desfile Folcl\u00f3rico Tradicional e das Bandas Mari\u00f1eiras das Festas do Monte 2018"},"content":{"rendered":"<p style=\"text-align: justify\">O s\u00e1bado 11 de agosto celebr\u00e1base na Guarda o Desfile Folcl\u00f3rico Tradicional e das Bandas Mari\u00f1eiras enmarcado nas Festas do Monte 2018.<\/p>\n<p style=\"text-align: justify\">\u00c1s 12:00h do mediod\u00eda sa\u00edan dende a Alameda da Guarda os diferentes grupos, encabezando este desfile o Grupo de Maiores da Guarda, Do Lusco \u00f3 Fusco, Orballo, A Boalleira, entre outros. Tam\u00e9n numerosos particulares ataviados cos traxes tradicionais galegos, antes de dar paso \u00e1s 21 Bandas Mari\u00f1eiras, dende A Banda Negra ata \u00d3 Amparo do Monte, a \u00faltima banda formada e que cumpriu este ano o seu 10\u00ba aniversario. Tam\u00e9n resaltar o 50\u00ba aniversario da Banda Mau Mau nesta edici\u00f3n 2018.<\/p>\n<p style=\"text-align: justify\">Milleiros de persoas congreg\u00e1ronse nas r\u00faas da Guarda para presenciar este multitudinario e colorido desfile que rematou no Porto da Guarda.<\/p>\n<p style=\"text-align: center\"><img decoding=\"async\" loading=\"lazy\" class=\"aligncenter size-full wp-image-14756\" src=\"https:\/\/www.aguarda.es\/wp-content\/uploads\/2018\/08\/NP-11082018-A-Guarda-acolleu-o-Desfile-Folcl\u00f3rico-13.jpg\" alt=\"\" width=\"800\" height=\"600\" srcset=\"https:\/\/www.aguarda.es\/wp-content\/uploads\/2018\/08\/NP-11082018-A-Guarda-acolleu-o-Desfile-Folcl\u00f3rico-13.jpg 800w, https:\/\/www.aguarda.es\/wp-content\/uploads\/2018\/08\/NP-11082018-A-Guarda-acolleu-o-Desfile-Folcl\u00f3rico-13-300x225.jpg 300w, https:\/\/www.aguarda.es\/wp-content\/uploads\/2018\/08\/NP-11082018-A-Guarda-acolleu-o-Desfile-Folcl\u00f3rico-13-768x576.jpg 768w, https:\/\/www.aguarda.es\/wp-content\/uploads\/2018\/08\/NP-11082018-A-Guarda-acolleu-o-Desfile-Folcl\u00f3rico-13-570x428.jpg 570w\" sizes=\"(max-width: 800px) 100vw, 800px\" \/> <img decoding=\"async\" loading=\"lazy\" class=\"aligncenter size-full wp-image-14755\" src=\"https:\/\/www.aguarda.es\/wp-content\/uploads\/2018\/08\/NP-11082018-A-Guarda-acolleu-o-Desfile-Folcl\u00f3rico-12.jpg\" alt=\"\" width=\"800\" height=\"600\" srcset=\"https:\/\/www.aguarda.es\/wp-content\/uploads\/2018\/08\/NP-11082018-A-Guarda-acolleu-o-Desfile-Folcl\u00f3rico-12.jpg 800w, https:\/\/www.aguarda.es\/wp-content\/uploads\/2018\/08\/NP-11082018-A-Guarda-acolleu-o-Desfile-Folcl\u00f3rico-12-300x225.jpg 300w, https:\/\/www.aguarda.es\/wp-content\/uploads\/2018\/08\/NP-11082018-A-Guarda-acolleu-o-Desfile-Folcl\u00f3rico-12-768x576.jpg 768w, https:\/\/www.aguarda.es\/wp-content\/uploads\/2018\/08\/NP-11082018-A-Guarda-acolleu-o-Desfile-Folcl\u00f3rico-12-570x428.jpg 570w\" sizes=\"(max-width: 800px) 100vw, 800px\" \/> <img decoding=\"async\" loading=\"lazy\" class=\"aligncenter size-full wp-image-14754\" src=\"https:\/\/www.aguarda.es\/wp-content\/uploads\/2018\/08\/NP-11082018-A-Guarda-acolleu-o-Desfile-Folcl\u00f3rico-11.jpg\" alt=\"\" width=\"800\" height=\"600\" srcset=\"https:\/\/www.aguarda.es\/wp-content\/uploads\/2018\/08\/NP-11082018-A-Guarda-acolleu-o-Desfile-Folcl\u00f3rico-11.jpg 800w, https:\/\/www.aguarda.es\/wp-content\/uploads\/2018\/08\/NP-11082018-A-Guarda-acolleu-o-Desfile-Folcl\u00f3rico-11-300x225.jpg 300w, https:\/\/www.aguarda.es\/wp-content\/uploads\/2018\/08\/NP-11082018-A-Guarda-acolleu-o-Desfile-Folcl\u00f3rico-11-768x576.jpg 768w, https:\/\/www.aguarda.es\/wp-content\/uploads\/2018\/08\/NP-11082018-A-Guarda-acolleu-o-Desfile-Folcl\u00f3rico-11-570x428.jpg 570w\" sizes=\"(max-width: 800px) 100vw, 800px\" \/> <img decoding=\"async\" loading=\"lazy\" class=\"aligncenter size-full wp-image-14753\" src=\"https:\/\/www.aguarda.es\/wp-content\/uploads\/2018\/08\/NP-11082018-A-Guarda-acolleu-o-Desfile-Folcl\u00f3rico-10.jpg\" alt=\"\" width=\"800\" height=\"600\" srcset=\"https:\/\/www.aguarda.es\/wp-content\/uploads\/2018\/08\/NP-11082018-A-Guarda-acolleu-o-Desfile-Folcl\u00f3rico-10.jpg 800w, https:\/\/www.aguarda.es\/wp-content\/uploads\/2018\/08\/NP-11082018-A-Guarda-acolleu-o-Desfile-Folcl\u00f3rico-10-300x225.jpg 300w, https:\/\/www.aguarda.es\/wp-content\/uploads\/2018\/08\/NP-11082018-A-Guarda-acolleu-o-Desfile-Folcl\u00f3rico-10-768x576.jpg 768w, https:\/\/www.aguarda.es\/wp-content\/uploads\/2018\/08\/NP-11082018-A-Guarda-acolleu-o-Desfile-Folcl\u00f3rico-10-570x428.jpg 570w\" sizes=\"(max-width: 800px) 100vw, 800px\" \/> <img decoding=\"async\" loading=\"lazy\" class=\"aligncenter size-full wp-image-14752\" src=\"https:\/\/www.aguarda.es\/wp-content\/uploads\/2018\/08\/NP-11082018-A-Guarda-acolleu-o-Desfile-Folcl\u00f3rico-9.jpg\" alt=\"\" width=\"800\" height=\"600\" srcset=\"https:\/\/www.aguarda.es\/wp-content\/uploads\/2018\/08\/NP-11082018-A-Guarda-acolleu-o-Desfile-Folcl\u00f3rico-9.jpg 800w, https:\/\/www.aguarda.es\/wp-content\/uploads\/2018\/08\/NP-11082018-A-Guarda-acolleu-o-Desfile-Folcl\u00f3rico-9-300x225.jpg 300w, https:\/\/www.aguarda.es\/wp-content\/uploads\/2018\/08\/NP-11082018-A-Guarda-acolleu-o-Desfile-Folcl\u00f3rico-9-768x576.jpg 768w, https:\/\/www.aguarda.es\/wp-content\/uploads\/2018\/08\/NP-11082018-A-Guarda-acolleu-o-Desfile-Folcl\u00f3rico-9-570x428.jpg 570w\" sizes=\"(max-width: 800px) 100vw, 800px\" \/> <img decoding=\"async\" loading=\"lazy\" class=\"aligncenter size-full wp-image-14751\" src=\"https:\/\/www.aguarda.es\/wp-content\/uploads\/2018\/08\/NP-11082018-A-Guarda-acolleu-o-Desfile-Folcl\u00f3rico-8.jpg\" alt=\"\" width=\"800\" height=\"600\" srcset=\"https:\/\/www.aguarda.es\/wp-content\/uploads\/2018\/08\/NP-11082018-A-Guarda-acolleu-o-Desfile-Folcl\u00f3rico-8.jpg 800w, https:\/\/www.aguarda.es\/wp-content\/uploads\/2018\/08\/NP-11082018-A-Guarda-acolleu-o-Desfile-Folcl\u00f3rico-8-300x225.jpg 300w, https:\/\/www.aguarda.es\/wp-content\/uploads\/2018\/08\/NP-11082018-A-Guarda-acolleu-o-Desfile-Folcl\u00f3rico-8-768x576.jpg 768w, https:\/\/www.aguarda.es\/wp-content\/uploads\/2018\/08\/NP-11082018-A-Guarda-acolleu-o-Desfile-Folcl\u00f3rico-8-570x428.jpg 570w\" sizes=\"(max-width: 800px) 100vw, 800px\" \/> <img decoding=\"async\" loading=\"lazy\" class=\"aligncenter size-full wp-image-14750\" src=\"https:\/\/www.aguarda.es\/wp-content\/uploads\/2018\/08\/NP-11082018-A-Guarda-acolleu-o-Desfile-Folcl\u00f3rico-7.jpg\" alt=\"\" width=\"800\" height=\"600\" srcset=\"https:\/\/www.aguarda.es\/wp-content\/uploads\/2018\/08\/NP-11082018-A-Guarda-acolleu-o-Desfile-Folcl\u00f3rico-7.jpg 800w, https:\/\/www.aguarda.es\/wp-content\/uploads\/2018\/08\/NP-11082018-A-Guarda-acolleu-o-Desfile-Folcl\u00f3rico-7-300x225.jpg 300w, https:\/\/www.aguarda.es\/wp-content\/uploads\/2018\/08\/NP-11082018-A-Guarda-acolleu-o-Desfile-Folcl\u00f3rico-7-768x576.jpg 768w, https:\/\/www.aguarda.es\/wp-content\/uploads\/2018\/08\/NP-11082018-A-Guarda-acolleu-o-Desfile-Folcl\u00f3rico-7-570x428.jpg 570w\" sizes=\"(max-width: 800px) 100vw, 800px\" \/> <img decoding=\"async\" loading=\"lazy\" class=\"aligncenter size-full wp-image-14749\" src=\"https:\/\/www.aguarda.es\/wp-content\/uploads\/2018\/08\/NP-11082018-A-Guarda-acolleu-o-Desfile-Folcl\u00f3rico-6.jpg\" alt=\"\" width=\"800\" height=\"600\" srcset=\"https:\/\/www.aguarda.es\/wp-content\/uploads\/2018\/08\/NP-11082018-A-Guarda-acolleu-o-Desfile-Folcl\u00f3rico-6.jpg 800w, https:\/\/www.aguarda.es\/wp-content\/uploads\/2018\/08\/NP-11082018-A-Guarda-acolleu-o-Desfile-Folcl\u00f3rico-6-300x225.jpg 300w, https:\/\/www.aguarda.es\/wp-content\/uploads\/2018\/08\/NP-11082018-A-Guarda-acolleu-o-Desfile-Folcl\u00f3rico-6-768x576.jpg 768w, https:\/\/www.aguarda.es\/wp-content\/uploads\/2018\/08\/NP-11082018-A-Guarda-acolleu-o-Desfile-Folcl\u00f3rico-6-570x428.jpg 570w\" sizes=\"(max-width: 800px) 100vw, 800px\" \/> <img decoding=\"async\" loading=\"lazy\" class=\"aligncenter size-full wp-image-14748\" src=\"https:\/\/www.aguarda.es\/wp-content\/uploads\/2018\/08\/NP-11082018-A-Guarda-acolleu-o-Desfile-Folcl\u00f3rico-5.jpg\" alt=\"\" width=\"800\" height=\"600\" srcset=\"https:\/\/www.aguarda.es\/wp-content\/uploads\/2018\/08\/NP-11082018-A-Guarda-acolleu-o-Desfile-Folcl\u00f3rico-5.jpg 800w, https:\/\/www.aguarda.es\/wp-content\/uploads\/2018\/08\/NP-11082018-A-Guarda-acolleu-o-Desfile-Folcl\u00f3rico-5-300x225.jpg 300w, https:\/\/www.aguarda.es\/wp-content\/uploads\/2018\/08\/NP-11082018-A-Guarda-acolleu-o-Desfile-Folcl\u00f3rico-5-768x576.jpg 768w, https:\/\/www.aguarda.es\/wp-content\/uploads\/2018\/08\/NP-11082018-A-Guarda-acolleu-o-Desfile-Folcl\u00f3rico-5-570x428.jpg 570w\" sizes=\"(max-width: 800px) 100vw, 800px\" \/> <img decoding=\"async\" loading=\"lazy\" class=\"aligncenter size-full wp-image-14747\" src=\"https:\/\/www.aguarda.es\/wp-content\/uploads\/2018\/08\/NP-11082018-A-Guarda-acolleu-o-Desfile-Folcl\u00f3rico-4.jpg\" alt=\"\" width=\"800\" height=\"600\" srcset=\"https:\/\/www.aguarda.es\/wp-content\/uploads\/2018\/08\/NP-11082018-A-Guarda-acolleu-o-Desfile-Folcl\u00f3rico-4.jpg 800w, https:\/\/www.aguarda.es\/wp-content\/uploads\/2018\/08\/NP-11082018-A-Guarda-acolleu-o-Desfile-Folcl\u00f3rico-4-300x225.jpg 300w, https:\/\/www.aguarda.es\/wp-content\/uploads\/2018\/08\/NP-11082018-A-Guarda-acolleu-o-Desfile-Folcl\u00f3rico-4-768x576.jpg 768w, https:\/\/www.aguarda.es\/wp-content\/uploads\/2018\/08\/NP-11082018-A-Guarda-acolleu-o-Desfile-Folcl\u00f3rico-4-570x428.jpg 570w\" sizes=\"(max-width: 800px) 100vw, 800px\" \/> <img decoding=\"async\" loading=\"lazy\" class=\"aligncenter size-full wp-image-14746\" src=\"https:\/\/www.aguarda.es\/wp-content\/uploads\/2018\/08\/NP-11082018-A-Guarda-acolleu-o-Desfile-Folcl\u00f3rico-3.jpg\" alt=\"\" width=\"800\" height=\"600\" srcset=\"https:\/\/www.aguarda.es\/wp-content\/uploads\/2018\/08\/NP-11082018-A-Guarda-acolleu-o-Desfile-Folcl\u00f3rico-3.jpg 800w, https:\/\/www.aguarda.es\/wp-content\/uploads\/2018\/08\/NP-11082018-A-Guarda-acolleu-o-Desfile-Folcl\u00f3rico-3-300x225.jpg 300w, https:\/\/www.aguarda.es\/wp-content\/uploads\/2018\/08\/NP-11082018-A-Guarda-acolleu-o-Desfile-Folcl\u00f3rico-3-768x576.jpg 768w, https:\/\/www.aguarda.es\/wp-content\/uploads\/2018\/08\/NP-11082018-A-Guarda-acolleu-o-Desfile-Folcl\u00f3rico-3-570x428.jpg 570w\" sizes=\"(max-width: 800px) 100vw, 800px\" \/> <img decoding=\"async\" loading=\"lazy\" class=\"aligncenter size-full wp-image-14745\" src=\"https:\/\/www.aguarda.es\/wp-content\/uploads\/2018\/08\/NP-11082018-A-Guarda-acolleu-o-Desfile-Folcl\u00f3rico-2.jpg\" alt=\"\" width=\"800\" height=\"600\" srcset=\"https:\/\/www.aguarda.es\/wp-content\/uploads\/2018\/08\/NP-11082018-A-Guarda-acolleu-o-Desfile-Folcl\u00f3rico-2.jpg 800w, https:\/\/www.aguarda.es\/wp-content\/uploads\/2018\/08\/NP-11082018-A-Guarda-acolleu-o-Desfile-Folcl\u00f3rico-2-300x225.jpg 300w, https:\/\/www.aguarda.es\/wp-content\/uploads\/2018\/08\/NP-11082018-A-Guarda-acolleu-o-Desfile-Folcl\u00f3rico-2-768x576.jpg 768w, https:\/\/www.aguarda.es\/wp-content\/uploads\/2018\/08\/NP-11082018-A-Guarda-acolleu-o-Desfile-Folcl\u00f3rico-2-570x428.jpg 570w\" sizes=\"(max-width: 800px) 100vw, 800px\" \/> <img decoding=\"async\" loading=\"lazy\" class=\"aligncenter size-full wp-image-14744\" src=\"https:\/\/www.aguarda.es\/wp-content\/uploads\/2018\/08\/NP-11082018-A-Guarda-acolleu-o-Desfile-Folcl\u00f3rico-1.jpg\" alt=\"\" width=\"800\" height=\"600\" srcset=\"https:\/\/www.aguarda.es\/wp-content\/uploads\/2018\/08\/NP-11082018-A-Guarda-acolleu-o-Desfile-Folcl\u00f3rico-1.jpg 800w, https:\/\/www.aguarda.es\/wp-content\/uploads\/2018\/08\/NP-11082018-A-Guarda-acolleu-o-Desfile-Folcl\u00f3rico-1-300x225.jpg 300w, https:\/\/www.aguarda.es\/wp-content\/uploads\/2018\/08\/NP-11082018-A-Guarda-acolleu-o-Desfile-Folcl\u00f3rico-1-768x576.jpg 768w, https:\/\/www.aguarda.es\/wp-content\/uploads\/2018\/08\/NP-11082018-A-Guarda-acolleu-o-Desfile-Folcl\u00f3rico-1-570x428.jpg 570w\" sizes=\"(max-width: 800px) 100vw, 800px\" \/><\/p>\n","protected":false},"excerpt":{"rendered":"<p>O s\u00e1bado 11 de agosto celebr\u00e1base na Guarda o Desfile Folcl\u00f3rico Tradicional e das Bandas Mari\u00f1eiras enmarcado nas Festas do Monte 2018. \u00c1s 12:00h do mediod\u00eda sa\u00edan dende a Alameda da Guarda os diferentes grupos, encabezando este desfile o Grupo &hellip; <\/p>\n","protected":false},"author":2,"featured_media":14743,"comment_status":"open","ping_status":"open","sticky":false,"template":"","format":"standard","meta":[],"categories":[56,33],"tags":[],"yoast_head":"<!-- This site is optimized with the Yoast SEO plugin v21.1 - https:\/\/yoast.com\/wordpress\/plugins\/seo\/ -->\n<title>A Guarda acolleu o Desfile Folcl\u00f3rico Tradicional e das Bandas Mari\u00f1eiras das Festas do Monte 2018 - Concello da Guarda<\/title>\n<meta name=\"robots\" content=\"index, follow, max-snippet:-1, max-image-preview:large, max-video-preview:-1\" \/>\n<link rel=\"canonical\" href=\"https:\/\/www.aguarda.es\/en\/a-guarda-acolleu-o-desfile-folclorico-tradicional-e-das-bandas-marineiras-das-festas-do-monte-2018\/\" \/>\n<meta property=\"og:locale\" content=\"en_US\" \/>\n<meta property=\"og:type\" content=\"article\" \/>\n<meta property=\"og:title\" content=\"A Guarda acolleu o Desfile Folcl\u00f3rico Tradicional e das Bandas Mari\u00f1eiras das Festas do Monte 2018 - Concello da Guarda\" \/>\n<meta property=\"og:description\" content=\"O s\u00e1bado 11 de agosto celebr\u00e1base na Guarda o Desfile Folcl\u00f3rico Tradicional e das Bandas Mari\u00f1eiras enmarcado nas Festas do Monte 2018. \u00c1s 12:00h do mediod\u00eda sa\u00edan dende a Alameda da Guarda os diferentes grupos, encabezando este desfile o Grupo &hellip;\" \/>\n<meta property=\"og:url\" content=\"https:\/\/www.aguarda.es\/en\/a-guarda-acolleu-o-desfile-folclorico-tradicional-e-das-bandas-marineiras-das-festas-do-monte-2018\/\" \/>\n<meta property=\"og:site_name\" content=\"Concello da Guarda\" \/>\n<meta property=\"article:publisher\" content=\"https:\/\/www.facebook.com\/ConcellodaGuarda\" \/>\n<meta property=\"article:published_time\" content=\"2018-08-11T21:54:32+00:00\" \/>\n<meta property=\"og:image\" content=\"https:\/\/www.aguarda.es\/wp-content\/uploads\/2018\/08\/NP-11082018-A-Guarda-acolleu-o-Desfile-Folcl\u00f3rico-14.jpg\" \/>\n\t<meta property=\"og:image:width\" content=\"800\" \/>\n\t<meta property=\"og:image:height\" content=\"600\" \/>\n\t<meta property=\"og:image:type\" content=\"image\/jpeg\" \/>\n<meta name=\"author\" content=\"prensa\" \/>\n<meta name=\"twitter:card\" content=\"summary_large_image\" \/>\n<meta name=\"twitter:creator\" content=\"@AGuarda_es\" \/>\n<meta name=\"twitter:site\" content=\"@AGuarda_es\" \/>\n<meta name=\"twitter:label1\" content=\"Written by\" \/>\n\t<meta name=\"twitter:data1\" content=\"prensa\" \/>\n\t<meta name=\"twitter:label2\" content=\"Est. reading time\" \/>\n\t<meta name=\"twitter:data2\" content=\"1 minute\" \/>\n<script type=\"application\/ld+json\" class=\"yoast-schema-graph\">{\"@context\":\"https:\/\/schema.org\",\"@graph\":[{\"@type\":\"WebPage\",\"@id\":\"https:\/\/www.aguarda.es\/en\/a-guarda-acolleu-o-desfile-folclorico-tradicional-e-das-bandas-marineiras-das-festas-do-monte-2018\/\",\"url\":\"https:\/\/www.aguarda.es\/en\/a-guarda-acolleu-o-desfile-folclorico-tradicional-e-das-bandas-marineiras-das-festas-do-monte-2018\/\",\"name\":\"A Guarda acolleu o Desfile Folcl\u00f3rico Tradicional e das Bandas Mari\u00f1eiras das Festas do Monte 2018 - Concello da Guarda\",\"isPartOf\":{\"@id\":\"https:\/\/www.aguarda.es\/en\/#website\"},\"datePublished\":\"2018-08-11T21:54:32+00:00\",\"dateModified\":\"2018-08-11T21:54:32+00:00\",\"author\":{\"@id\":\"https:\/\/www.aguarda.es\/en\/#\/schema\/person\/c463ca3006858ffb349d11179d044f21\"},\"breadcrumb\":{\"@id\":\"https:\/\/www.aguarda.es\/en\/a-guarda-acolleu-o-desfile-folclorico-tradicional-e-das-bandas-marineiras-das-festas-do-monte-2018\/#breadcrumb\"},\"inLanguage\":\"en-US\",\"potentialAction\":[{\"@type\":\"ReadAction\",\"target\":[\"https:\/\/www.aguarda.es\/en\/a-guarda-acolleu-o-desfile-folclorico-tradicional-e-das-bandas-marineiras-das-festas-do-monte-2018\/\"]}]},{\"@type\":\"BreadcrumbList\",\"@id\":\"https:\/\/www.aguarda.es\/en\/a-guarda-acolleu-o-desfile-folclorico-tradicional-e-das-bandas-marineiras-das-festas-do-monte-2018\/#breadcrumb\",\"itemListElement\":[{\"@type\":\"ListItem\",\"position\":1,\"name\":\"Portada\",\"item\":\"https:\/\/www.aguarda.es\/en\/\"},{\"@type\":\"ListItem\",\"position\":2,\"name\":\"A Guarda acolleu o Desfile Folcl\u00f3rico Tradicional e das Bandas Mari\u00f1eiras das Festas do Monte 2018\"}]},{\"@type\":\"WebSite\",\"@id\":\"https:\/\/www.aguarda.es\/en\/#website\",\"url\":\"https:\/\/www.aguarda.es\/en\/\",\"name\":\"Concello da Guarda\",\"description\":\"P\u00e1xina web do concello da Guarda\",\"potentialAction\":[{\"@type\":\"SearchAction\",\"target\":{\"@type\":\"EntryPoint\",\"urlTemplate\":\"https:\/\/www.aguarda.es\/en\/?s={search_term_string}\"},\"query-input\":\"required name=search_term_string\"}],\"inLanguage\":\"en-US\"},{\"@type\":\"Person\",\"@id\":\"https:\/\/www.aguarda.es\/en\/#\/schema\/person\/c463ca3006858ffb349d11179d044f21\",\"name\":\"prensa\",\"image\":{\"@type\":\"ImageObject\",\"inLanguage\":\"en-US\",\"@id\":\"https:\/\/www.aguarda.es\/en\/#\/schema\/person\/image\/\",\"url\":\"https:\/\/secure.gravatar.com\/avatar\/5f90ef536b0f98306edf5c7a1135ffa1?s=96&d=mm&r=g\",\"contentUrl\":\"https:\/\/secure.gravatar.com\/avatar\/5f90ef536b0f98306edf5c7a1135ffa1?s=96&d=mm&r=g\",\"caption\":\"prensa\"},\"url\":\"https:\/\/www.aguarda.es\/en\/author\/prensa\/\"}]}<\/script>\n<!-- \/ Yoast SEO plugin. -->","yoast_head_json":{"title":"A Guarda acolleu o Desfile Folcl\u00f3rico Tradicional e das Bandas Mari\u00f1eiras das Festas do Monte 2018 - Concello da Guarda","robots":{"index":"index","follow":"follow","max-snippet":"max-snippet:-1","max-image-preview":"max-image-preview:large","max-video-preview":"max-video-preview:-1"},"canonical":"https:\/\/www.aguarda.es\/en\/a-guarda-acolleu-o-desfile-folclorico-tradicional-e-das-bandas-marineiras-das-festas-do-monte-2018\/","og_locale":"en_US","og_type":"article","og_title":"A Guarda acolleu o Desfile Folcl\u00f3rico Tradicional e das Bandas Mari\u00f1eiras das Festas do Monte 2018 - Concello da Guarda","og_description":"O s\u00e1bado 11 de agosto celebr\u00e1base na Guarda o Desfile Folcl\u00f3rico Tradicional e das Bandas Mari\u00f1eiras enmarcado nas Festas do Monte 2018. \u00c1s 12:00h do mediod\u00eda sa\u00edan dende a Alameda da Guarda os diferentes grupos, encabezando este desfile o Grupo &hellip;","og_url":"https:\/\/www.aguarda.es\/en\/a-guarda-acolleu-o-desfile-folclorico-tradicional-e-das-bandas-marineiras-das-festas-do-monte-2018\/","og_site_name":"Concello da Guarda","article_publisher":"https:\/\/www.facebook.com\/ConcellodaGuarda","article_published_time":"2018-08-11T21:54:32+00:00","og_image":[{"width":800,"height":600,"url":"https:\/\/www.aguarda.es\/wp-content\/uploads\/2018\/08\/NP-11082018-A-Guarda-acolleu-o-Desfile-Folcl\u00f3rico-14.jpg","type":"image\/jpeg"}],"author":"prensa","twitter_card":"summary_large_image","twitter_creator":"@AGuarda_es","twitter_site":"@AGuarda_es","twitter_misc":{"Written by":"prensa","Est. reading time":"1 minute"},"schema":{"@context":"https:\/\/schema.org","@graph":[{"@type":"WebPage","@id":"https:\/\/www.aguarda.es\/en\/a-guarda-acolleu-o-desfile-folclorico-tradicional-e-das-bandas-marineiras-das-festas-do-monte-2018\/","url":"https:\/\/www.aguarda.es\/en\/a-guarda-acolleu-o-desfile-folclorico-tradicional-e-das-bandas-marineiras-das-festas-do-monte-2018\/","name":"A Guarda acolleu o Desfile Folcl\u00f3rico Tradicional e das Bandas Mari\u00f1eiras das Festas do Monte 2018 - Concello da Guarda","isPartOf":{"@id":"https:\/\/www.aguarda.es\/en\/#website"},"datePublished":"2018-08-11T21:54:32+00:00","dateModified":"2018-08-11T21:54:32+00:00","author":{"@id":"https:\/\/www.aguarda.es\/en\/#\/schema\/person\/c463ca3006858ffb349d11179d044f21"},"breadcrumb":{"@id":"https:\/\/www.aguarda.es\/en\/a-guarda-acolleu-o-desfile-folclorico-tradicional-e-das-bandas-marineiras-das-festas-do-monte-2018\/#breadcrumb"},"inLanguage":"en-US","potentialAction":[{"@type":"ReadAction","target":["https:\/\/www.aguarda.es\/en\/a-guarda-acolleu-o-desfile-folclorico-tradicional-e-das-bandas-marineiras-das-festas-do-monte-2018\/"]}]},{"@type":"BreadcrumbList","@id":"https:\/\/www.aguarda.es\/en\/a-guarda-acolleu-o-desfile-folclorico-tradicional-e-das-bandas-marineiras-das-festas-do-monte-2018\/#breadcrumb","itemListElement":[{"@type":"ListItem","position":1,"name":"Portada","item":"https:\/\/www.aguarda.es\/en\/"},{"@type":"ListItem","position":2,"name":"A Guarda acolleu o Desfile Folcl\u00f3rico Tradicional e das Bandas Mari\u00f1eiras das Festas do Monte 2018"}]},{"@type":"WebSite","@id":"https:\/\/www.aguarda.es\/en\/#website","url":"https:\/\/www.aguarda.es\/en\/","name":"Concello da Guarda","description":"P\u00e1xina web do concello da Guarda","potentialAction":[{"@type":"SearchAction","target":{"@type":"EntryPoint","urlTemplate":"https:\/\/www.aguarda.es\/en\/?s={search_term_string}"},"query-input":"required name=search_term_string"}],"inLanguage":"en-US"},{"@type":"Person","@id":"https:\/\/www.aguarda.es\/en\/#\/schema\/person\/c463ca3006858ffb349d11179d044f21","name":"prensa","image":{"@type":"ImageObject","inLanguage":"en-US","@id":"https:\/\/www.aguarda.es\/en\/#\/schema\/person\/image\/","url":"https:\/\/secure.gravatar.com\/avatar\/5f90ef536b0f98306edf5c7a1135ffa1?s=96&d=mm&r=g","contentUrl":"https:\/\/secure.gravatar.com\/avatar\/5f90ef536b0f98306edf5c7a1135ffa1?s=96&d=mm&r=g","caption":"prensa"},"url":"https:\/\/www.aguarda.es\/en\/author\/prensa\/"}]}},"_links":{"self":[{"href":"https:\/\/www.aguarda.es\/en\/wp-json\/wp\/v2\/posts\/14742"}],"collection":[{"href":"https:\/\/www.aguarda.es\/en\/wp-json\/wp\/v2\/posts"}],"about":[{"href":"https:\/\/www.aguarda.es\/en\/wp-json\/wp\/v2\/types\/post"}],"author":[{"embeddable":true,"href":"https:\/\/www.aguarda.es\/en\/wp-json\/wp\/v2\/users\/2"}],"replies":[{"embeddable":true,"href":"https:\/\/www.aguarda.es\/en\/wp-json\/wp\/v2\/comments?post=14742"}],"version-history":[{"count":1,"href":"https:\/\/www.aguarda.es\/en\/wp-json\/wp\/v2\/posts\/14742\/revisions"}],"predecessor-version":[{"id":14757,"href":"https:\/\/www.aguarda.es\/en\/wp-json\/wp\/v2\/posts\/14742\/revisions\/14757"}],"wp:featuredmedia":[{"embeddable":true,"href":"https:\/\/www.aguarda.es\/en\/wp-json\/wp\/v2\/media\/14743"}],"wp:attachment":[{"href":"https:\/\/www.aguarda.es\/en\/wp-json\/wp\/v2\/media?parent=14742"}],"wp:term":[{"taxonomy":"category","embeddable":true,"href":"https:\/\/www.aguarda.es\/en\/wp-json\/wp\/v2\/categories?post=14742"},{"taxonomy":"post_tag","embeddable":true,"href":"https:\/\/www.aguarda.es\/en\/wp-json\/wp\/v2\/tags?post=14742"}],"curies":[{"name":"wp","href":"https:\/\/api.w.org\/{rel}","templated":true}]}}