{"id":14761,"date":"2018-08-13T13:54:07","date_gmt":"2018-08-13T13:54:07","guid":{"rendered":"https:\/\/www.aguarda.es\/?p=14761"},"modified":"2018-08-13T13:54:07","modified_gmt":"2018-08-13T13:54:07","slug":"ultima-cita-do-cinema-de-veran-ao-aire-libre-este-venres-na-guarda","status":"publish","type":"post","link":"https:\/\/www.aguarda.es\/en\/ultima-cita-do-cinema-de-veran-ao-aire-libre-este-venres-na-guarda\/","title":{"rendered":"\u00daltima cita do Cinema de Ver\u00e1n ao aire libre este venres na Guarda"},"content":{"rendered":"<p style=\"text-align: justify\">A Conceller\u00eda de Cultura do Concello da Guarda oferta un ano m\u00e1is o Cinema de Ver\u00e1n que nesta edici\u00f3n 2018 celebrase na Praza do Rel\u00f3 do municipio cun total de 3 sesi\u00f3ns de cinema para todos os p\u00fablicos.<\/p>\n<p style=\"text-align: justify\">A primeira cita celebrouse o m\u00e9rcores d\u00eda 11 de xullo coa proxecci\u00f3n de \u201cUn Italiano en Noruega\u201d, unha das pel\u00edculas m\u00e1is \u201ctaquilleiras\u201d en Italia, con m\u00e1is de 10 mill\u00f3ns de espectadores, seguida da proxecci\u00f3n de La La Land, unha homenaxe ao Hollywood dourado dos anos 50\u00b4s do pasado M\u00e9rcores d\u00eda 1 de agosto e xa para rematar este venres \u00e1s 22:00h ter\u00e1 lugar a proxecci\u00f3n de \u201cBeb\u00e9 Jefazo\u201d, unha divertida proxecci\u00f3n recomendada para p\u00fablico infantil sobre o impacto que ten a chegada dun novo fillo\/a \u00e1 familia.<\/p>\n<p style=\"text-align: justify\">Dende a Conceller\u00eda de Cultura an\u00edmase a todos os veci\u00f1os e visitantes a gozar desta \u00faltima proxecci\u00f3n ao aire libre na Praza do Rel\u00f3.<\/p>\n","protected":false},"excerpt":{"rendered":"<p>A Conceller\u00eda de Cultura do Concello da Guarda oferta un ano m\u00e1is o Cinema de Ver\u00e1n que nesta edici\u00f3n 2018 celebrase na Praza do Rel\u00f3 do municipio cun total de 3 sesi\u00f3ns de cinema para todos os p\u00fablicos. A primeira &hellip; <\/p>\n","protected":false},"author":2,"featured_media":14371,"comment_status":"open","ping_status":"open","sticky":false,"template":"","format":"standard","meta":[],"categories":[34],"tags":[226,602,1364,243],"yoast_head":"<!-- This site is optimized with the Yoast SEO plugin v21.1 - https:\/\/yoast.com\/wordpress\/plugins\/seo\/ -->\n<title>\u00daltima cita do Cinema de Ver\u00e1n ao aire libre este venres na Guarda - Concello da Guarda<\/title>\n<meta name=\"robots\" content=\"index, follow, max-snippet:-1, max-image-preview:large, max-video-preview:-1\" \/>\n<link rel=\"canonical\" href=\"https:\/\/www.aguarda.es\/en\/ultima-cita-do-cinema-de-veran-ao-aire-libre-este-venres-na-guarda\/\" \/>\n<meta property=\"og:locale\" content=\"en_US\" \/>\n<meta property=\"og:type\" content=\"article\" \/>\n<meta property=\"og:title\" content=\"\u00daltima cita do Cinema de Ver\u00e1n ao aire libre este venres na Guarda - Concello da Guarda\" \/>\n<meta property=\"og:description\" content=\"A Conceller\u00eda de Cultura do Concello da Guarda oferta un ano m\u00e1is o Cinema de Ver\u00e1n que nesta edici\u00f3n 2018 celebrase na Praza do Rel\u00f3 do municipio cun total de 3 sesi\u00f3ns de cinema para todos os p\u00fablicos. A primeira &hellip;\" \/>\n<meta property=\"og:url\" content=\"https:\/\/www.aguarda.es\/en\/ultima-cita-do-cinema-de-veran-ao-aire-libre-este-venres-na-guarda\/\" \/>\n<meta property=\"og:site_name\" content=\"Concello da Guarda\" \/>\n<meta property=\"article:publisher\" content=\"https:\/\/www.facebook.com\/ConcellodaGuarda\" \/>\n<meta property=\"article:published_time\" content=\"2018-08-13T13:54:07+00:00\" \/>\n<meta property=\"og:image\" content=\"https:\/\/www.aguarda.es\/wp-content\/uploads\/2018\/07\/NP-10072018-Cinema-de-Ver\u00e1n-ao-aire-libre-na-Guarda-.jpg\" \/>\n\t<meta property=\"og:image:width\" content=\"800\" \/>\n\t<meta property=\"og:image:height\" content=\"1131\" \/>\n\t<meta property=\"og:image:type\" content=\"image\/jpeg\" \/>\n<meta name=\"author\" content=\"prensa\" \/>\n<meta name=\"twitter:card\" content=\"summary_large_image\" \/>\n<meta name=\"twitter:creator\" content=\"@AGuarda_es\" \/>\n<meta name=\"twitter:site\" content=\"@AGuarda_es\" \/>\n<meta name=\"twitter:label1\" content=\"Written by\" \/>\n\t<meta name=\"twitter:data1\" content=\"prensa\" \/>\n\t<meta name=\"twitter:label2\" content=\"Est. reading time\" \/>\n\t<meta name=\"twitter:data2\" content=\"1 minute\" \/>\n<script type=\"application\/ld+json\" class=\"yoast-schema-graph\">{\"@context\":\"https:\/\/schema.org\",\"@graph\":[{\"@type\":\"WebPage\",\"@id\":\"https:\/\/www.aguarda.es\/en\/ultima-cita-do-cinema-de-veran-ao-aire-libre-este-venres-na-guarda\/\",\"url\":\"https:\/\/www.aguarda.es\/en\/ultima-cita-do-cinema-de-veran-ao-aire-libre-este-venres-na-guarda\/\",\"name\":\"\u00daltima cita do Cinema de Ver\u00e1n ao aire libre este venres na Guarda - Concello da Guarda\",\"isPartOf\":{\"@id\":\"https:\/\/www.aguarda.es\/en\/#website\"},\"datePublished\":\"2018-08-13T13:54:07+00:00\",\"dateModified\":\"2018-08-13T13:54:07+00:00\",\"author\":{\"@id\":\"https:\/\/www.aguarda.es\/en\/#\/schema\/person\/c463ca3006858ffb349d11179d044f21\"},\"breadcrumb\":{\"@id\":\"https:\/\/www.aguarda.es\/en\/ultima-cita-do-cinema-de-veran-ao-aire-libre-este-venres-na-guarda\/#breadcrumb\"},\"inLanguage\":\"en-US\",\"potentialAction\":[{\"@type\":\"ReadAction\",\"target\":[\"https:\/\/www.aguarda.es\/en\/ultima-cita-do-cinema-de-veran-ao-aire-libre-este-venres-na-guarda\/\"]}]},{\"@type\":\"BreadcrumbList\",\"@id\":\"https:\/\/www.aguarda.es\/en\/ultima-cita-do-cinema-de-veran-ao-aire-libre-este-venres-na-guarda\/#breadcrumb\",\"itemListElement\":[{\"@type\":\"ListItem\",\"position\":1,\"name\":\"Portada\",\"item\":\"https:\/\/www.aguarda.es\/en\/\"},{\"@type\":\"ListItem\",\"position\":2,\"name\":\"\u00daltima cita do Cinema de Ver\u00e1n ao aire libre este venres na Guarda\"}]},{\"@type\":\"WebSite\",\"@id\":\"https:\/\/www.aguarda.es\/en\/#website\",\"url\":\"https:\/\/www.aguarda.es\/en\/\",\"name\":\"Concello da Guarda\",\"description\":\"P\u00e1xina web do concello da Guarda\",\"potentialAction\":[{\"@type\":\"SearchAction\",\"target\":{\"@type\":\"EntryPoint\",\"urlTemplate\":\"https:\/\/www.aguarda.es\/en\/?s={search_term_string}\"},\"query-input\":\"required name=search_term_string\"}],\"inLanguage\":\"en-US\"},{\"@type\":\"Person\",\"@id\":\"https:\/\/www.aguarda.es\/en\/#\/schema\/person\/c463ca3006858ffb349d11179d044f21\",\"name\":\"prensa\",\"image\":{\"@type\":\"ImageObject\",\"inLanguage\":\"en-US\",\"@id\":\"https:\/\/www.aguarda.es\/en\/#\/schema\/person\/image\/\",\"url\":\"https:\/\/secure.gravatar.com\/avatar\/5f90ef536b0f98306edf5c7a1135ffa1?s=96&d=mm&r=g\",\"contentUrl\":\"https:\/\/secure.gravatar.com\/avatar\/5f90ef536b0f98306edf5c7a1135ffa1?s=96&d=mm&r=g\",\"caption\":\"prensa\"},\"url\":\"https:\/\/www.aguarda.es\/en\/author\/prensa\/\"}]}<\/script>\n<!-- \/ Yoast SEO plugin. -->","yoast_head_json":{"title":"\u00daltima cita do Cinema de Ver\u00e1n ao aire libre este venres na Guarda - Concello da Guarda","robots":{"index":"index","follow":"follow","max-snippet":"max-snippet:-1","max-image-preview":"max-image-preview:large","max-video-preview":"max-video-preview:-1"},"canonical":"https:\/\/www.aguarda.es\/en\/ultima-cita-do-cinema-de-veran-ao-aire-libre-este-venres-na-guarda\/","og_locale":"en_US","og_type":"article","og_title":"\u00daltima cita do Cinema de Ver\u00e1n ao aire libre este venres na Guarda - Concello da Guarda","og_description":"A Conceller\u00eda de Cultura do Concello da Guarda oferta un ano m\u00e1is o Cinema de Ver\u00e1n que nesta edici\u00f3n 2018 celebrase na Praza do Rel\u00f3 do municipio cun total de 3 sesi\u00f3ns de cinema para todos os p\u00fablicos. A primeira &hellip;","og_url":"https:\/\/www.aguarda.es\/en\/ultima-cita-do-cinema-de-veran-ao-aire-libre-este-venres-na-guarda\/","og_site_name":"Concello da Guarda","article_publisher":"https:\/\/www.facebook.com\/ConcellodaGuarda","article_published_time":"2018-08-13T13:54:07+00:00","og_image":[{"width":800,"height":1131,"url":"https:\/\/www.aguarda.es\/wp-content\/uploads\/2018\/07\/NP-10072018-Cinema-de-Ver\u00e1n-ao-aire-libre-na-Guarda-.jpg","type":"image\/jpeg"}],"author":"prensa","twitter_card":"summary_large_image","twitter_creator":"@AGuarda_es","twitter_site":"@AGuarda_es","twitter_misc":{"Written by":"prensa","Est. reading time":"1 minute"},"schema":{"@context":"https:\/\/schema.org","@graph":[{"@type":"WebPage","@id":"https:\/\/www.aguarda.es\/en\/ultima-cita-do-cinema-de-veran-ao-aire-libre-este-venres-na-guarda\/","url":"https:\/\/www.aguarda.es\/en\/ultima-cita-do-cinema-de-veran-ao-aire-libre-este-venres-na-guarda\/","name":"\u00daltima cita do Cinema de Ver\u00e1n ao aire libre este venres na Guarda - Concello da Guarda","isPartOf":{"@id":"https:\/\/www.aguarda.es\/en\/#website"},"datePublished":"2018-08-13T13:54:07+00:00","dateModified":"2018-08-13T13:54:07+00:00","author":{"@id":"https:\/\/www.aguarda.es\/en\/#\/schema\/person\/c463ca3006858ffb349d11179d044f21"},"breadcrumb":{"@id":"https:\/\/www.aguarda.es\/en\/ultima-cita-do-cinema-de-veran-ao-aire-libre-este-venres-na-guarda\/#breadcrumb"},"inLanguage":"en-US","potentialAction":[{"@type":"ReadAction","target":["https:\/\/www.aguarda.es\/en\/ultima-cita-do-cinema-de-veran-ao-aire-libre-este-venres-na-guarda\/"]}]},{"@type":"BreadcrumbList","@id":"https:\/\/www.aguarda.es\/en\/ultima-cita-do-cinema-de-veran-ao-aire-libre-este-venres-na-guarda\/#breadcrumb","itemListElement":[{"@type":"ListItem","position":1,"name":"Portada","item":"https:\/\/www.aguarda.es\/en\/"},{"@type":"ListItem","position":2,"name":"\u00daltima cita do Cinema de Ver\u00e1n ao aire libre este venres na Guarda"}]},{"@type":"WebSite","@id":"https:\/\/www.aguarda.es\/en\/#website","url":"https:\/\/www.aguarda.es\/en\/","name":"Concello da Guarda","description":"P\u00e1xina web do concello da Guarda","potentialAction":[{"@type":"SearchAction","target":{"@type":"EntryPoint","urlTemplate":"https:\/\/www.aguarda.es\/en\/?s={search_term_string}"},"query-input":"required name=search_term_string"}],"inLanguage":"en-US"},{"@type":"Person","@id":"https:\/\/www.aguarda.es\/en\/#\/schema\/person\/c463ca3006858ffb349d11179d044f21","name":"prensa","image":{"@type":"ImageObject","inLanguage":"en-US","@id":"https:\/\/www.aguarda.es\/en\/#\/schema\/person\/image\/","url":"https:\/\/secure.gravatar.com\/avatar\/5f90ef536b0f98306edf5c7a1135ffa1?s=96&d=mm&r=g","contentUrl":"https:\/\/secure.gravatar.com\/avatar\/5f90ef536b0f98306edf5c7a1135ffa1?s=96&d=mm&r=g","caption":"prensa"},"url":"https:\/\/www.aguarda.es\/en\/author\/prensa\/"}]}},"_links":{"self":[{"href":"https:\/\/www.aguarda.es\/en\/wp-json\/wp\/v2\/posts\/14761"}],"collection":[{"href":"https:\/\/www.aguarda.es\/en\/wp-json\/wp\/v2\/posts"}],"about":[{"href":"https:\/\/www.aguarda.es\/en\/wp-json\/wp\/v2\/types\/post"}],"author":[{"embeddable":true,"href":"https:\/\/www.aguarda.es\/en\/wp-json\/wp\/v2\/users\/2"}],"replies":[{"embeddable":true,"href":"https:\/\/www.aguarda.es\/en\/wp-json\/wp\/v2\/comments?post=14761"}],"version-history":[{"count":1,"href":"https:\/\/www.aguarda.es\/en\/wp-json\/wp\/v2\/posts\/14761\/revisions"}],"predecessor-version":[{"id":14762,"href":"https:\/\/www.aguarda.es\/en\/wp-json\/wp\/v2\/posts\/14761\/revisions\/14762"}],"wp:featuredmedia":[{"embeddable":true,"href":"https:\/\/www.aguarda.es\/en\/wp-json\/wp\/v2\/media\/14371"}],"wp:attachment":[{"href":"https:\/\/www.aguarda.es\/en\/wp-json\/wp\/v2\/media?parent=14761"}],"wp:term":[{"taxonomy":"category","embeddable":true,"href":"https:\/\/www.aguarda.es\/en\/wp-json\/wp\/v2\/categories?post=14761"},{"taxonomy":"post_tag","embeddable":true,"href":"https:\/\/www.aguarda.es\/en\/wp-json\/wp\/v2\/tags?post=14761"}],"curies":[{"name":"wp","href":"https:\/\/api.w.org\/{rel}","templated":true}]}}