{"id":14794,"date":"2018-08-17T11:51:45","date_gmt":"2018-08-17T11:51:45","guid":{"rendered":"https:\/\/www.aguarda.es\/?p=14794"},"modified":"2018-08-17T11:51:45","modified_gmt":"2018-08-17T11:51:45","slug":"a-guarda-presenta-o-novo-deseno-que-lucira-o-espigon-do-porto","status":"publish","type":"post","link":"https:\/\/www.aguarda.es\/en\/a-guarda-presenta-o-novo-deseno-que-lucira-o-espigon-do-porto\/","title":{"rendered":"A Guarda presenta o novo dese\u00f1o que lucir\u00e1 o espig\u00f3n do Porto"},"content":{"rendered":"<p style=\"text-align: justify\">Baixo o concepto de \u00abA Guarda escrita nas estrelas\u00bb o venres 17 de agosto foi presentado ante case medio cento de asistentes o novo dese\u00f1o do pintado do espig\u00f3n norte do Porto da Guarda, contando coa presenza dos artistas Alberto Brandon e Nuria Villa, o Alcalde da Guarda, Antonio Lomba e a Concelleira de Cultura, Elena Baz.<\/p>\n<p style=\"text-align: justify\">Segundo explicaron Alberto e Nuria, \u00absempre so\u00f1amos con facer este proxecto dende que comezamos a traballar xuntos, e ti\u00f1amos claro dende o inicio que levar\u00eda o noso estilo, pensando nos veci\u00f1os que o miran d\u00eda a d\u00eda.\u00bb Os artistas decidiron centrar este proxecto en transmitir con mensaxes directos empregando xogos de palabras e iconograf\u00edas, mesturando o sentimental e o hist\u00f3rico, para chegar ao coraz\u00f3n dos guardeses e que se recorde o pasado da nosa vila nun presente que non se esqueza.<\/p>\n<p style=\"text-align: center\"><img loading=\"lazy\" decoding=\"async\" class=\"aligncenter size-full wp-image-14797\" src=\"https:\/\/www.aguarda.es\/wp-content\/uploads\/2018\/08\/NP-17082018-A-Guarda-presenta-o-novo-dese\u00f1o-que-lucir\u00e1-o-espig\u00f3n-do-Porto-3.jpg\" alt=\"NP 17082018 A Guarda presenta o novo dese\u00f1o que lucir\u00e1 o espig\u00f3n do Porto\" width=\"800\" height=\"600\" srcset=\"https:\/\/www.aguarda.es\/wp-content\/uploads\/2018\/08\/NP-17082018-A-Guarda-presenta-o-novo-dese\u00f1o-que-lucir\u00e1-o-espig\u00f3n-do-Porto-3.jpg 800w, https:\/\/www.aguarda.es\/wp-content\/uploads\/2018\/08\/NP-17082018-A-Guarda-presenta-o-novo-dese\u00f1o-que-lucir\u00e1-o-espig\u00f3n-do-Porto-3-300x225.jpg 300w, https:\/\/www.aguarda.es\/wp-content\/uploads\/2018\/08\/NP-17082018-A-Guarda-presenta-o-novo-dese\u00f1o-que-lucir\u00e1-o-espig\u00f3n-do-Porto-3-768x576.jpg 768w, https:\/\/www.aguarda.es\/wp-content\/uploads\/2018\/08\/NP-17082018-A-Guarda-presenta-o-novo-dese\u00f1o-que-lucir\u00e1-o-espig\u00f3n-do-Porto-3-570x428.jpg 570w\" sizes=\"auto, (max-width: 800px) 100vw, 800px\" \/> <img loading=\"lazy\" decoding=\"async\" class=\"aligncenter size-full wp-image-14796\" src=\"https:\/\/www.aguarda.es\/wp-content\/uploads\/2018\/08\/NP-17082018-A-Guarda-presenta-o-novo-dese\u00f1o-que-lucir\u00e1-o-espig\u00f3n-do-Porto-2.jpg\" alt=\"NP 17082018 A Guarda presenta o novo dese\u00f1o que lucir\u00e1 o espig\u00f3n do Porto\" width=\"800\" height=\"533\" srcset=\"https:\/\/www.aguarda.es\/wp-content\/uploads\/2018\/08\/NP-17082018-A-Guarda-presenta-o-novo-dese\u00f1o-que-lucir\u00e1-o-espig\u00f3n-do-Porto-2.jpg 800w, https:\/\/www.aguarda.es\/wp-content\/uploads\/2018\/08\/NP-17082018-A-Guarda-presenta-o-novo-dese\u00f1o-que-lucir\u00e1-o-espig\u00f3n-do-Porto-2-300x200.jpg 300w, https:\/\/www.aguarda.es\/wp-content\/uploads\/2018\/08\/NP-17082018-A-Guarda-presenta-o-novo-dese\u00f1o-que-lucir\u00e1-o-espig\u00f3n-do-Porto-2-768x512.jpg 768w, https:\/\/www.aguarda.es\/wp-content\/uploads\/2018\/08\/NP-17082018-A-Guarda-presenta-o-novo-dese\u00f1o-que-lucir\u00e1-o-espig\u00f3n-do-Porto-2-570x380.jpg 570w\" sizes=\"auto, (max-width: 800px) 100vw, 800px\" \/><\/p>\n<p style=\"text-align: justify\">O Alcalde da Guarda, Antonio Lomba, aclarou que \u00abcon este proxecto se pretende que o espig\u00f3n contin\u00fae a ser un s\u00edmbolo para a vila da Guarda, traballando nun concepto que represente \u00e1 xente da Guarda e que sexa tam\u00e9n unha atracci\u00f3n tur\u00edstica m\u00e1is, contando para a s\u00faa confecci\u00f3n coa participaci\u00f3n da xente da vila\u00bb.<\/p>\n<p style=\"text-align: justify\">A Concelleira de Cultura, Elena Baz, explicou aos presentes que \u00abA Guarda est\u00e1 viva, A Guarda \u00e9 moi bonita e abrimos con este proxecto un espazo para que a xente que as\u00ed o desexe poda participar na s\u00faa confecci\u00f3n, traballando tam\u00e9n cos colexios e os nenos e nenas do municipio\u00bb.<\/p>\n<p style=\"text-align: justify\">A primeira tarefa foi como concretar e unir, nun lenzo tan apaisado como \u00e9 o espig\u00f3n, toda esa posible iconograf\u00eda e que te\u00f1a un sentido \u00fanico, para elo se tomou coma referencia o horizonte, onde o espig\u00f3n el\u00e9vase sobre o nivel do mar, decidindo crear un universo, un ceo estrelado onde a historia da vila da Guarda se amose en xeito de constelaci\u00f3ns e planetas, empregando unha gama crom\u00e1tica extra\u00edda do propio entorno portuario.<\/p>\n<p style=\"text-align: justify\">A intenci\u00f3n inicial dos artistas \u00e9 a de dividir o espig\u00f3n en tres espazos, dando cabida \u00e1s tres parroquias de A Guarda, Camposancos e Salcidos representando deste xeito o \u00abuniverso guard\u00e9s\u00bb, e onde a parte literaria estar\u00e1 representada cun fragmento do libro \u00abDe mar a mar\u00bb do poeta Feliciano Rol\u00e1n.<\/p>\n<p style=\"text-align: center\"><img loading=\"lazy\" decoding=\"async\" class=\"aligncenter size-full wp-image-14798\" src=\"https:\/\/www.aguarda.es\/wp-content\/uploads\/2018\/08\/NP-17082018-A-Guarda-presenta-o-novo-dese\u00f1o-que-lucir\u00e1-o-espig\u00f3n-do-Porto-4.jpg\" alt=\"NP 17082018 A Guarda presenta o novo dese\u00f1o que lucir\u00e1 o espig\u00f3n do Porto\" width=\"800\" height=\"533\" srcset=\"https:\/\/www.aguarda.es\/wp-content\/uploads\/2018\/08\/NP-17082018-A-Guarda-presenta-o-novo-dese\u00f1o-que-lucir\u00e1-o-espig\u00f3n-do-Porto-4.jpg 800w, https:\/\/www.aguarda.es\/wp-content\/uploads\/2018\/08\/NP-17082018-A-Guarda-presenta-o-novo-dese\u00f1o-que-lucir\u00e1-o-espig\u00f3n-do-Porto-4-300x200.jpg 300w, https:\/\/www.aguarda.es\/wp-content\/uploads\/2018\/08\/NP-17082018-A-Guarda-presenta-o-novo-dese\u00f1o-que-lucir\u00e1-o-espig\u00f3n-do-Porto-4-768x512.jpg 768w, https:\/\/www.aguarda.es\/wp-content\/uploads\/2018\/08\/NP-17082018-A-Guarda-presenta-o-novo-dese\u00f1o-que-lucir\u00e1-o-espig\u00f3n-do-Porto-4-570x380.jpg 570w\" sizes=\"auto, (max-width: 800px) 100vw, 800px\" \/> <img loading=\"lazy\" decoding=\"async\" class=\"aligncenter size-full wp-image-14799\" src=\"https:\/\/www.aguarda.es\/wp-content\/uploads\/2018\/08\/NP-17082018-A-Guarda-presenta-o-novo-dese\u00f1o-que-lucir\u00e1-o-espig\u00f3n-do-Porto-5.jpg\" alt=\"NP 17082018 A Guarda presenta o novo dese\u00f1o que lucir\u00e1 o espig\u00f3n do Porto\" width=\"800\" height=\"533\" srcset=\"https:\/\/www.aguarda.es\/wp-content\/uploads\/2018\/08\/NP-17082018-A-Guarda-presenta-o-novo-dese\u00f1o-que-lucir\u00e1-o-espig\u00f3n-do-Porto-5.jpg 800w, https:\/\/www.aguarda.es\/wp-content\/uploads\/2018\/08\/NP-17082018-A-Guarda-presenta-o-novo-dese\u00f1o-que-lucir\u00e1-o-espig\u00f3n-do-Porto-5-300x200.jpg 300w, https:\/\/www.aguarda.es\/wp-content\/uploads\/2018\/08\/NP-17082018-A-Guarda-presenta-o-novo-dese\u00f1o-que-lucir\u00e1-o-espig\u00f3n-do-Porto-5-768x512.jpg 768w, https:\/\/www.aguarda.es\/wp-content\/uploads\/2018\/08\/NP-17082018-A-Guarda-presenta-o-novo-dese\u00f1o-que-lucir\u00e1-o-espig\u00f3n-do-Porto-5-570x380.jpg 570w\" sizes=\"auto, (max-width: 800px) 100vw, 800px\" \/><\/p>\n<p style=\"text-align: justify\">As diferentes escalas da iconograf\u00eda non buscan que se vexan perfectamente dende as beiras do paseo ou dende o alto do Monte Santa Trega, sen\u00f3n que a xente te\u00f1a curiosidade e se achegue ata o espig\u00f3n para descubrir o que al\u00ed se vai a plasmar, xerando inquietude, movemento e tam\u00e9n difusi\u00f3n deste proxecto art\u00edstico.<\/p>\n<p style=\"text-align: justify\">O resultado final, far\u00e1 que o espig\u00f3n do Porto da Guarda sexa un museo visual no que os veci\u00f1os e visitantes da Guarda vexan, recorden e interact\u00faen con boa parte da historia da nosa vila.<\/p>\n<h2 style=\"text-align: justify\">Sobre os artistas Nuvi &amp; \u00e9xfico<\/h2>\n<p style=\"text-align: justify\">Ela, a artista Nuria Villa &#8220;aka NUVI&#8221; ilustra e \u00e9l, o dese\u00f1ador gr\u00e1fico Alberto Brandon &#8220;aka \u00e9xfico&#8221; debuxa tipograf\u00edas, creando traballos que os teletransportan a unha existencia plena. Despois dunha viaxe reveladora a Xap\u00f3n en 2014 e como hobby aos seus trabalos de fotograf\u00eda e dese\u00f1o para \u00abPetit de la Cr\u00e8me\u00bb, comparten as s\u00faas afecci\u00f3ns nun novo proxecto de forma totalmente manual, crean: A Guarda Souvenir Collection, como pura necesidade de crear souvenirs con paix\u00f3n que representen o pobo onde viven. Ademais da s\u00faa marca de roupa \u00e9xfico clothing, comenzan a xurdir todo tipo de traballos para murais, eventos, identidades corporativas&#8230; nos que plasman a s\u00faa propia personalidade, debuxos cun aire divertido, cun toque naif e perfeccionista, ilustraci\u00f3ns combinadas con lettering, onde a mensaxe e os detalles son moi importantes<\/p>\n<p style=\"text-align: center\"><img loading=\"lazy\" decoding=\"async\" class=\"aligncenter size-full wp-image-14795\" src=\"https:\/\/www.aguarda.es\/wp-content\/uploads\/2018\/08\/NP-17082018-A-Guarda-presenta-o-novo-dese\u00f1o-que-lucir\u00e1-o-espig\u00f3n-do-Porto-1.jpg\" alt=\"NP 17082018 A Guarda presenta o novo dese\u00f1o que lucir\u00e1 o espig\u00f3n do Porto\" width=\"800\" height=\"533\" srcset=\"https:\/\/www.aguarda.es\/wp-content\/uploads\/2018\/08\/NP-17082018-A-Guarda-presenta-o-novo-dese\u00f1o-que-lucir\u00e1-o-espig\u00f3n-do-Porto-1.jpg 800w, https:\/\/www.aguarda.es\/wp-content\/uploads\/2018\/08\/NP-17082018-A-Guarda-presenta-o-novo-dese\u00f1o-que-lucir\u00e1-o-espig\u00f3n-do-Porto-1-300x200.jpg 300w, https:\/\/www.aguarda.es\/wp-content\/uploads\/2018\/08\/NP-17082018-A-Guarda-presenta-o-novo-dese\u00f1o-que-lucir\u00e1-o-espig\u00f3n-do-Porto-1-768x512.jpg 768w, https:\/\/www.aguarda.es\/wp-content\/uploads\/2018\/08\/NP-17082018-A-Guarda-presenta-o-novo-dese\u00f1o-que-lucir\u00e1-o-espig\u00f3n-do-Porto-1-570x380.jpg 570w\" sizes=\"auto, (max-width: 800px) 100vw, 800px\" \/><\/p>\n","protected":false},"excerpt":{"rendered":"<p>Baixo o concepto de \u00abA Guarda escrita nas estrelas\u00bb o venres 17 de agosto foi presentado ante case medio cento de asistentes o novo dese\u00f1o do pintado do espig\u00f3n norte do Porto da Guarda, contando coa presenza dos artistas Alberto &hellip; <\/p>\n","protected":false},"author":2,"featured_media":14800,"comment_status":"open","ping_status":"open","sticky":false,"template":"","format":"standard","meta":{"inline_featured_image":false,"footnotes":""},"categories":[34,56],"tags":[226,1372,305,692,443],"class_list":["post-14794","post","type-post","status-publish","format-standard","has-post-thumbnail","hentry","category-cultura","category-turismo","tag-a-guarda","tag-a-guarda-nas-estrelas","tag-arte","tag-pintura","tag-porto-da-guarda"],"yoast_head":"<!-- This site is optimized with the Yoast SEO plugin v28.3 - https:\/\/yoast.com\/product\/yoast-seo-wordpress\/ -->\n<title>A Guarda presenta o novo dese\u00f1o que lucir\u00e1 o espig\u00f3n do Porto - Concello da Guarda<\/title>\n<meta name=\"robots\" content=\"index, follow, max-snippet:-1, max-image-preview:large, max-video-preview:-1\" \/>\n<link rel=\"canonical\" href=\"https:\/\/www.aguarda.es\/en\/a-guarda-presenta-o-novo-deseno-que-lucira-o-espigon-do-porto\/\" \/>\n<meta property=\"og:locale\" content=\"en_US\" \/>\n<meta property=\"og:type\" content=\"article\" \/>\n<meta property=\"og:title\" content=\"A Guarda presenta o novo dese\u00f1o que lucir\u00e1 o espig\u00f3n do Porto - Concello da Guarda\" \/>\n<meta property=\"og:description\" content=\"Baixo o concepto de \u00abA Guarda escrita nas estrelas\u00bb o venres 17 de agosto foi presentado ante case medio cento de asistentes o novo dese\u00f1o do pintado do espig\u00f3n norte do Porto da Guarda, contando coa presenza dos artistas Alberto &hellip;\" \/>\n<meta property=\"og:url\" content=\"https:\/\/www.aguarda.es\/en\/a-guarda-presenta-o-novo-deseno-que-lucira-o-espigon-do-porto\/\" \/>\n<meta property=\"og:site_name\" content=\"Concello da Guarda\" \/>\n<meta property=\"article:publisher\" content=\"https:\/\/www.facebook.com\/ConcellodaGuarda\" \/>\n<meta property=\"article:published_time\" content=\"2018-08-17T11:51:45+00:00\" \/>\n<meta property=\"og:image\" content=\"https:\/\/www.aguarda.es\/wp-content\/uploads\/2018\/08\/NP-17082018-A-Guarda-presenta-o-novo-dese\u00f1o-que-lucir\u00e1-o-espig\u00f3n-do-Porto-6.jpg\" \/>\n\t<meta property=\"og:image:width\" content=\"800\" \/>\n\t<meta property=\"og:image:height\" content=\"533\" \/>\n\t<meta property=\"og:image:type\" content=\"image\/jpeg\" \/>\n<meta name=\"author\" content=\"prensa\" \/>\n<meta name=\"twitter:card\" content=\"summary_large_image\" \/>\n<meta name=\"twitter:creator\" content=\"@AGuarda_es\" \/>\n<meta name=\"twitter:site\" content=\"@AGuarda_es\" \/>\n<meta name=\"twitter:label1\" content=\"Written by\" \/>\n\t<meta name=\"twitter:data1\" content=\"prensa\" \/>\n\t<meta name=\"twitter:label2\" content=\"Est. reading time\" \/>\n\t<meta name=\"twitter:data2\" content=\"3 minutes\" \/>\n<script type=\"application\/ld+json\" class=\"yoast-schema-graph\">{\"@context\":\"https:\\\/\\\/schema.org\",\"@graph\":[{\"@type\":\"Article\",\"@id\":\"https:\\\/\\\/www.aguarda.es\\\/en\\\/a-guarda-presenta-o-novo-deseno-que-lucira-o-espigon-do-porto\\\/#article\",\"isPartOf\":{\"@id\":\"https:\\\/\\\/www.aguarda.es\\\/en\\\/a-guarda-presenta-o-novo-deseno-que-lucira-o-espigon-do-porto\\\/\"},\"author\":{\"name\":\"prensa\",\"@id\":\"https:\\\/\\\/www.aguarda.es\\\/en\\\/#\\\/schema\\\/person\\\/c463ca3006858ffb349d11179d044f21\"},\"headline\":\"A Guarda presenta o novo dese\u00f1o que lucir\u00e1 o espig\u00f3n do Porto\",\"datePublished\":\"2018-08-17T11:51:45+00:00\",\"mainEntityOfPage\":{\"@id\":\"https:\\\/\\\/www.aguarda.es\\\/en\\\/a-guarda-presenta-o-novo-deseno-que-lucira-o-espigon-do-porto\\\/\"},\"wordCount\":658,\"commentCount\":0,\"image\":{\"@id\":\"https:\\\/\\\/www.aguarda.es\\\/en\\\/a-guarda-presenta-o-novo-deseno-que-lucira-o-espigon-do-porto\\\/#primaryimage\"},\"thumbnailUrl\":\"https:\\\/\\\/www.aguarda.es\\\/wp-content\\\/uploads\\\/2018\\\/08\\\/NP-17082018-A-Guarda-presenta-o-novo-dese\u00f1o-que-lucir\u00e1-o-espig\u00f3n-do-Porto-6.jpg\",\"keywords\":[\"A Guarda\",\"a guarda nas estrelas\",\"arte\",\"Pintura\",\"Porto da Guarda\"],\"articleSection\":[\"Cultura\",\"Turismo\"],\"inLanguage\":\"en-US\"},{\"@type\":\"WebPage\",\"@id\":\"https:\\\/\\\/www.aguarda.es\\\/en\\\/a-guarda-presenta-o-novo-deseno-que-lucira-o-espigon-do-porto\\\/\",\"url\":\"https:\\\/\\\/www.aguarda.es\\\/en\\\/a-guarda-presenta-o-novo-deseno-que-lucira-o-espigon-do-porto\\\/\",\"name\":\"A Guarda presenta o novo dese\u00f1o que lucir\u00e1 o espig\u00f3n do Porto - Concello da Guarda\",\"isPartOf\":{\"@id\":\"https:\\\/\\\/www.aguarda.es\\\/en\\\/#website\"},\"primaryImageOfPage\":{\"@id\":\"https:\\\/\\\/www.aguarda.es\\\/en\\\/a-guarda-presenta-o-novo-deseno-que-lucira-o-espigon-do-porto\\\/#primaryimage\"},\"image\":{\"@id\":\"https:\\\/\\\/www.aguarda.es\\\/en\\\/a-guarda-presenta-o-novo-deseno-que-lucira-o-espigon-do-porto\\\/#primaryimage\"},\"thumbnailUrl\":\"https:\\\/\\\/www.aguarda.es\\\/wp-content\\\/uploads\\\/2018\\\/08\\\/NP-17082018-A-Guarda-presenta-o-novo-dese\u00f1o-que-lucir\u00e1-o-espig\u00f3n-do-Porto-6.jpg\",\"datePublished\":\"2018-08-17T11:51:45+00:00\",\"author\":{\"@id\":\"https:\\\/\\\/www.aguarda.es\\\/en\\\/#\\\/schema\\\/person\\\/c463ca3006858ffb349d11179d044f21\"},\"breadcrumb\":{\"@id\":\"https:\\\/\\\/www.aguarda.es\\\/en\\\/a-guarda-presenta-o-novo-deseno-que-lucira-o-espigon-do-porto\\\/#breadcrumb\"},\"inLanguage\":\"en-US\",\"potentialAction\":[{\"@type\":\"ReadAction\",\"target\":[\"https:\\\/\\\/www.aguarda.es\\\/en\\\/a-guarda-presenta-o-novo-deseno-que-lucira-o-espigon-do-porto\\\/\"]}]},{\"@type\":\"ImageObject\",\"inLanguage\":\"en-US\",\"@id\":\"https:\\\/\\\/www.aguarda.es\\\/en\\\/a-guarda-presenta-o-novo-deseno-que-lucira-o-espigon-do-porto\\\/#primaryimage\",\"url\":\"https:\\\/\\\/www.aguarda.es\\\/wp-content\\\/uploads\\\/2018\\\/08\\\/NP-17082018-A-Guarda-presenta-o-novo-dese\u00f1o-que-lucir\u00e1-o-espig\u00f3n-do-Porto-6.jpg\",\"contentUrl\":\"https:\\\/\\\/www.aguarda.es\\\/wp-content\\\/uploads\\\/2018\\\/08\\\/NP-17082018-A-Guarda-presenta-o-novo-dese\u00f1o-que-lucir\u00e1-o-espig\u00f3n-do-Porto-6.jpg\",\"width\":800,\"height\":533,\"caption\":\"NP 17082018 A Guarda presenta o novo dese\u00f1o que lucir\u00e1 o espig\u00f3n do Porto\"},{\"@type\":\"BreadcrumbList\",\"@id\":\"https:\\\/\\\/www.aguarda.es\\\/en\\\/a-guarda-presenta-o-novo-deseno-que-lucira-o-espigon-do-porto\\\/#breadcrumb\",\"itemListElement\":[{\"@type\":\"ListItem\",\"position\":1,\"name\":\"Portada\",\"item\":\"https:\\\/\\\/www.aguarda.es\\\/en\\\/\"},{\"@type\":\"ListItem\",\"position\":2,\"name\":\"A Guarda presenta o novo dese\u00f1o que lucir\u00e1 o espig\u00f3n do Porto\"}]},{\"@type\":\"WebSite\",\"@id\":\"https:\\\/\\\/www.aguarda.es\\\/en\\\/#website\",\"url\":\"https:\\\/\\\/www.aguarda.es\\\/en\\\/\",\"name\":\"Concello da Guarda\",\"description\":\"P\u00e1xina web do concello da Guarda\",\"potentialAction\":[{\"@type\":\"SearchAction\",\"target\":{\"@type\":\"EntryPoint\",\"urlTemplate\":\"https:\\\/\\\/www.aguarda.es\\\/en\\\/?s={search_term_string}\"},\"query-input\":{\"@type\":\"PropertyValueSpecification\",\"valueRequired\":true,\"valueName\":\"search_term_string\"}}],\"inLanguage\":\"en-US\"},{\"@type\":\"Person\",\"@id\":\"https:\\\/\\\/www.aguarda.es\\\/en\\\/#\\\/schema\\\/person\\\/c463ca3006858ffb349d11179d044f21\",\"name\":\"prensa\",\"image\":{\"@type\":\"ImageObject\",\"inLanguage\":\"en-US\",\"@id\":\"https:\\\/\\\/secure.gravatar.com\\\/avatar\\\/387e117f874ba5d0a3439060b45d914395d77287b2e4890a49d1599fc3ef9189?s=96&d=mm&r=g\",\"url\":\"https:\\\/\\\/secure.gravatar.com\\\/avatar\\\/387e117f874ba5d0a3439060b45d914395d77287b2e4890a49d1599fc3ef9189?s=96&d=mm&r=g\",\"contentUrl\":\"https:\\\/\\\/secure.gravatar.com\\\/avatar\\\/387e117f874ba5d0a3439060b45d914395d77287b2e4890a49d1599fc3ef9189?s=96&d=mm&r=g\",\"caption\":\"prensa\"},\"url\":\"https:\\\/\\\/www.aguarda.es\\\/en\\\/author\\\/prensa\\\/\"}]}<\/script>\n<!-- \/ Yoast SEO plugin. -->","yoast_head_json":{"title":"A Guarda presenta o novo dese\u00f1o que lucir\u00e1 o espig\u00f3n do Porto - Concello da Guarda","robots":{"index":"index","follow":"follow","max-snippet":"max-snippet:-1","max-image-preview":"max-image-preview:large","max-video-preview":"max-video-preview:-1"},"canonical":"https:\/\/www.aguarda.es\/en\/a-guarda-presenta-o-novo-deseno-que-lucira-o-espigon-do-porto\/","og_locale":"en_US","og_type":"article","og_title":"A Guarda presenta o novo dese\u00f1o que lucir\u00e1 o espig\u00f3n do Porto - Concello da Guarda","og_description":"Baixo o concepto de \u00abA Guarda escrita nas estrelas\u00bb o venres 17 de agosto foi presentado ante case medio cento de asistentes o novo dese\u00f1o do pintado do espig\u00f3n norte do Porto da Guarda, contando coa presenza dos artistas Alberto &hellip;","og_url":"https:\/\/www.aguarda.es\/en\/a-guarda-presenta-o-novo-deseno-que-lucira-o-espigon-do-porto\/","og_site_name":"Concello da Guarda","article_publisher":"https:\/\/www.facebook.com\/ConcellodaGuarda","article_published_time":"2018-08-17T11:51:45+00:00","og_image":[{"width":800,"height":533,"url":"https:\/\/www.aguarda.es\/wp-content\/uploads\/2018\/08\/NP-17082018-A-Guarda-presenta-o-novo-dese\u00f1o-que-lucir\u00e1-o-espig\u00f3n-do-Porto-6.jpg","type":"image\/jpeg"}],"author":"prensa","twitter_card":"summary_large_image","twitter_creator":"@AGuarda_es","twitter_site":"@AGuarda_es","twitter_misc":{"Written by":"prensa","Est. reading time":"3 minutes"},"schema":{"@context":"https:\/\/schema.org","@graph":[{"@type":"Article","@id":"https:\/\/www.aguarda.es\/en\/a-guarda-presenta-o-novo-deseno-que-lucira-o-espigon-do-porto\/#article","isPartOf":{"@id":"https:\/\/www.aguarda.es\/en\/a-guarda-presenta-o-novo-deseno-que-lucira-o-espigon-do-porto\/"},"author":{"name":"prensa","@id":"https:\/\/www.aguarda.es\/en\/#\/schema\/person\/c463ca3006858ffb349d11179d044f21"},"headline":"A Guarda presenta o novo dese\u00f1o que lucir\u00e1 o espig\u00f3n do Porto","datePublished":"2018-08-17T11:51:45+00:00","mainEntityOfPage":{"@id":"https:\/\/www.aguarda.es\/en\/a-guarda-presenta-o-novo-deseno-que-lucira-o-espigon-do-porto\/"},"wordCount":658,"commentCount":0,"image":{"@id":"https:\/\/www.aguarda.es\/en\/a-guarda-presenta-o-novo-deseno-que-lucira-o-espigon-do-porto\/#primaryimage"},"thumbnailUrl":"https:\/\/www.aguarda.es\/wp-content\/uploads\/2018\/08\/NP-17082018-A-Guarda-presenta-o-novo-dese\u00f1o-que-lucir\u00e1-o-espig\u00f3n-do-Porto-6.jpg","keywords":["A Guarda","a guarda nas estrelas","arte","Pintura","Porto da Guarda"],"articleSection":["Cultura","Turismo"],"inLanguage":"en-US"},{"@type":"WebPage","@id":"https:\/\/www.aguarda.es\/en\/a-guarda-presenta-o-novo-deseno-que-lucira-o-espigon-do-porto\/","url":"https:\/\/www.aguarda.es\/en\/a-guarda-presenta-o-novo-deseno-que-lucira-o-espigon-do-porto\/","name":"A Guarda presenta o novo dese\u00f1o que lucir\u00e1 o espig\u00f3n do Porto - Concello da Guarda","isPartOf":{"@id":"https:\/\/www.aguarda.es\/en\/#website"},"primaryImageOfPage":{"@id":"https:\/\/www.aguarda.es\/en\/a-guarda-presenta-o-novo-deseno-que-lucira-o-espigon-do-porto\/#primaryimage"},"image":{"@id":"https:\/\/www.aguarda.es\/en\/a-guarda-presenta-o-novo-deseno-que-lucira-o-espigon-do-porto\/#primaryimage"},"thumbnailUrl":"https:\/\/www.aguarda.es\/wp-content\/uploads\/2018\/08\/NP-17082018-A-Guarda-presenta-o-novo-dese\u00f1o-que-lucir\u00e1-o-espig\u00f3n-do-Porto-6.jpg","datePublished":"2018-08-17T11:51:45+00:00","author":{"@id":"https:\/\/www.aguarda.es\/en\/#\/schema\/person\/c463ca3006858ffb349d11179d044f21"},"breadcrumb":{"@id":"https:\/\/www.aguarda.es\/en\/a-guarda-presenta-o-novo-deseno-que-lucira-o-espigon-do-porto\/#breadcrumb"},"inLanguage":"en-US","potentialAction":[{"@type":"ReadAction","target":["https:\/\/www.aguarda.es\/en\/a-guarda-presenta-o-novo-deseno-que-lucira-o-espigon-do-porto\/"]}]},{"@type":"ImageObject","inLanguage":"en-US","@id":"https:\/\/www.aguarda.es\/en\/a-guarda-presenta-o-novo-deseno-que-lucira-o-espigon-do-porto\/#primaryimage","url":"https:\/\/www.aguarda.es\/wp-content\/uploads\/2018\/08\/NP-17082018-A-Guarda-presenta-o-novo-dese\u00f1o-que-lucir\u00e1-o-espig\u00f3n-do-Porto-6.jpg","contentUrl":"https:\/\/www.aguarda.es\/wp-content\/uploads\/2018\/08\/NP-17082018-A-Guarda-presenta-o-novo-dese\u00f1o-que-lucir\u00e1-o-espig\u00f3n-do-Porto-6.jpg","width":800,"height":533,"caption":"NP 17082018 A Guarda presenta o novo dese\u00f1o que lucir\u00e1 o espig\u00f3n do Porto"},{"@type":"BreadcrumbList","@id":"https:\/\/www.aguarda.es\/en\/a-guarda-presenta-o-novo-deseno-que-lucira-o-espigon-do-porto\/#breadcrumb","itemListElement":[{"@type":"ListItem","position":1,"name":"Portada","item":"https:\/\/www.aguarda.es\/en\/"},{"@type":"ListItem","position":2,"name":"A Guarda presenta o novo dese\u00f1o que lucir\u00e1 o espig\u00f3n do Porto"}]},{"@type":"WebSite","@id":"https:\/\/www.aguarda.es\/en\/#website","url":"https:\/\/www.aguarda.es\/en\/","name":"Concello da Guarda","description":"P\u00e1xina web do concello da Guarda","potentialAction":[{"@type":"SearchAction","target":{"@type":"EntryPoint","urlTemplate":"https:\/\/www.aguarda.es\/en\/?s={search_term_string}"},"query-input":{"@type":"PropertyValueSpecification","valueRequired":true,"valueName":"search_term_string"}}],"inLanguage":"en-US"},{"@type":"Person","@id":"https:\/\/www.aguarda.es\/en\/#\/schema\/person\/c463ca3006858ffb349d11179d044f21","name":"prensa","image":{"@type":"ImageObject","inLanguage":"en-US","@id":"https:\/\/secure.gravatar.com\/avatar\/387e117f874ba5d0a3439060b45d914395d77287b2e4890a49d1599fc3ef9189?s=96&d=mm&r=g","url":"https:\/\/secure.gravatar.com\/avatar\/387e117f874ba5d0a3439060b45d914395d77287b2e4890a49d1599fc3ef9189?s=96&d=mm&r=g","contentUrl":"https:\/\/secure.gravatar.com\/avatar\/387e117f874ba5d0a3439060b45d914395d77287b2e4890a49d1599fc3ef9189?s=96&d=mm&r=g","caption":"prensa"},"url":"https:\/\/www.aguarda.es\/en\/author\/prensa\/"}]}},"_links":{"self":[{"href":"https:\/\/www.aguarda.es\/en\/wp-json\/wp\/v2\/posts\/14794","targetHints":{"allow":["GET"]}}],"collection":[{"href":"https:\/\/www.aguarda.es\/en\/wp-json\/wp\/v2\/posts"}],"about":[{"href":"https:\/\/www.aguarda.es\/en\/wp-json\/wp\/v2\/types\/post"}],"author":[{"embeddable":true,"href":"https:\/\/www.aguarda.es\/en\/wp-json\/wp\/v2\/users\/2"}],"replies":[{"embeddable":true,"href":"https:\/\/www.aguarda.es\/en\/wp-json\/wp\/v2\/comments?post=14794"}],"version-history":[{"count":1,"href":"https:\/\/www.aguarda.es\/en\/wp-json\/wp\/v2\/posts\/14794\/revisions"}],"predecessor-version":[{"id":14801,"href":"https:\/\/www.aguarda.es\/en\/wp-json\/wp\/v2\/posts\/14794\/revisions\/14801"}],"wp:featuredmedia":[{"embeddable":true,"href":"https:\/\/www.aguarda.es\/en\/wp-json\/wp\/v2\/media\/14800"}],"wp:attachment":[{"href":"https:\/\/www.aguarda.es\/en\/wp-json\/wp\/v2\/media?parent=14794"}],"wp:term":[{"taxonomy":"category","embeddable":true,"href":"https:\/\/www.aguarda.es\/en\/wp-json\/wp\/v2\/categories?post=14794"},{"taxonomy":"post_tag","embeddable":true,"href":"https:\/\/www.aguarda.es\/en\/wp-json\/wp\/v2\/tags?post=14794"}],"curies":[{"name":"wp","href":"https:\/\/api.w.org\/{rel}","templated":true}]}}