{"id":14863,"date":"2018-08-22T12:37:58","date_gmt":"2018-08-22T12:37:58","guid":{"rendered":"https:\/\/www.aguarda.es\/?p=14863"},"modified":"2018-08-22T12:37:58","modified_gmt":"2018-08-22T12:37:58","slug":"os-areais-guardeses-elixidos-por-milleiros-de-banistas-na-primeira-quincena-de-agosto","status":"publish","type":"post","link":"https:\/\/www.aguarda.es\/en\/os-areais-guardeses-elixidos-por-milleiros-de-banistas-na-primeira-quincena-de-agosto\/","title":{"rendered":"Os areais guardeses elixidos por milleiros de ba\u00f1istas na primeira quincena de agosto"},"content":{"rendered":"<p style=\"text-align: justify\">As praias mar\u00edtimas e fluviais do Concello da Guarda amosan un estado de alta ocupaci\u00f3n no que vai do mes de agosto, sendo elixidas por milleiros de ba\u00f1istas que d\u00eda a d\u00eda visitan estes espazos naturais.<\/p>\n<p style=\"text-align: justify\">A boa climatolox\u00eda do mes de agosto promoveu que moitos visitantes e tam\u00e9n locais aproveiten este bo tempo para gozar dos nosos areais, entre eles con dous que contan co distintivo internacional de Bandeira Azul, falamos das praias das praias de \u201cO Mu\u00ed\u00f1o\u201d e \u201cArea Grande\u201d, un reco\u00f1ecemento \u00e1 calidade medio ambiental e aos servizos que ofertan.<\/p>\n<p style=\"text-align: center\"><img decoding=\"async\" loading=\"lazy\" class=\"aligncenter size-full wp-image-14869\" src=\"https:\/\/www.aguarda.es\/wp-content\/uploads\/2018\/08\/NP-22082018-Os-areais-guardeses-elixidos-por-milleiros-de-ba\u00f1istas-na-primeira-quincena-de-agosto-6.jpg\" alt=\"As praias mar\u00edtimas e fluviais do Concello da Guarda amosan un estado de alta ocupaci\u00f3n no que vai do mes de agosto, sendo elixidas por milleiros de ba\u00f1istas que d\u00eda a d\u00eda visitan estes espazos naturais.\" width=\"800\" height=\"600\" srcset=\"https:\/\/www.aguarda.es\/wp-content\/uploads\/2018\/08\/NP-22082018-Os-areais-guardeses-elixidos-por-milleiros-de-ba\u00f1istas-na-primeira-quincena-de-agosto-6.jpg 800w, https:\/\/www.aguarda.es\/wp-content\/uploads\/2018\/08\/NP-22082018-Os-areais-guardeses-elixidos-por-milleiros-de-ba\u00f1istas-na-primeira-quincena-de-agosto-6-300x225.jpg 300w, https:\/\/www.aguarda.es\/wp-content\/uploads\/2018\/08\/NP-22082018-Os-areais-guardeses-elixidos-por-milleiros-de-ba\u00f1istas-na-primeira-quincena-de-agosto-6-768x576.jpg 768w, https:\/\/www.aguarda.es\/wp-content\/uploads\/2018\/08\/NP-22082018-Os-areais-guardeses-elixidos-por-milleiros-de-ba\u00f1istas-na-primeira-quincena-de-agosto-6-570x428.jpg 570w\" sizes=\"(max-width: 800px) 100vw, 800px\" \/> <img decoding=\"async\" loading=\"lazy\" class=\"aligncenter size-full wp-image-14867\" src=\"https:\/\/www.aguarda.es\/wp-content\/uploads\/2018\/08\/NP-22082018-Os-areais-guardeses-elixidos-por-milleiros-de-ba\u00f1istas-na-primeira-quincena-de-agosto-4.jpg\" alt=\"As praias mar\u00edtimas e fluviais do Concello da Guarda amosan un estado de alta ocupaci\u00f3n no que vai do mes de agosto, sendo elixidas por milleiros de ba\u00f1istas que d\u00eda a d\u00eda visitan estes espazos naturais.\" width=\"800\" height=\"600\" srcset=\"https:\/\/www.aguarda.es\/wp-content\/uploads\/2018\/08\/NP-22082018-Os-areais-guardeses-elixidos-por-milleiros-de-ba\u00f1istas-na-primeira-quincena-de-agosto-4.jpg 800w, https:\/\/www.aguarda.es\/wp-content\/uploads\/2018\/08\/NP-22082018-Os-areais-guardeses-elixidos-por-milleiros-de-ba\u00f1istas-na-primeira-quincena-de-agosto-4-300x225.jpg 300w, https:\/\/www.aguarda.es\/wp-content\/uploads\/2018\/08\/NP-22082018-Os-areais-guardeses-elixidos-por-milleiros-de-ba\u00f1istas-na-primeira-quincena-de-agosto-4-768x576.jpg 768w, https:\/\/www.aguarda.es\/wp-content\/uploads\/2018\/08\/NP-22082018-Os-areais-guardeses-elixidos-por-milleiros-de-ba\u00f1istas-na-primeira-quincena-de-agosto-4-570x428.jpg 570w\" sizes=\"(max-width: 800px) 100vw, 800px\" \/><\/p>\n<p style=\"text-align: justify\">Estas d\u00faas praias contan cos servizos esixidos pola \u00abAsociaci\u00f3n de Educaci\u00f3n Ambiental y del Consumidor (ADEAC)\u00bb, e a rama espa\u00f1ola da \u00abFederaci\u00f3n Europea de Educaci\u00f3n Ambiental (FEE)\u00bb para Bandeira Azul, como paneis informativos, an\u00e1lise de augas, servizo de limpeza e de recollida de residuos, duchas e aseos, e o servizo de salvamento e socorrismo que atende aos dous areais e que comeza co arranque estival.<\/p>\n<p style=\"text-align: justify\">A praia do Mu\u00ed\u00f1o no R\u00edo Mi\u00f1o, tam\u00e9n recibiu neste ano 2018 o distintivo de \u00abEcoPlayas\u00bb.<\/p>\n<p style=\"text-align: center\"><img decoding=\"async\" loading=\"lazy\" class=\"aligncenter size-full wp-image-14868\" src=\"https:\/\/www.aguarda.es\/wp-content\/uploads\/2018\/08\/NP-22082018-Os-areais-guardeses-elixidos-por-milleiros-de-ba\u00f1istas-na-primeira-quincena-de-agosto-5.jpg\" alt=\"As praias mar\u00edtimas e fluviais do Concello da Guarda amosan un estado de alta ocupaci\u00f3n no que vai do mes de agosto, sendo elixidas por milleiros de ba\u00f1istas que d\u00eda a d\u00eda visitan estes espazos naturais.\" width=\"800\" height=\"372\" srcset=\"https:\/\/www.aguarda.es\/wp-content\/uploads\/2018\/08\/NP-22082018-Os-areais-guardeses-elixidos-por-milleiros-de-ba\u00f1istas-na-primeira-quincena-de-agosto-5.jpg 800w, https:\/\/www.aguarda.es\/wp-content\/uploads\/2018\/08\/NP-22082018-Os-areais-guardeses-elixidos-por-milleiros-de-ba\u00f1istas-na-primeira-quincena-de-agosto-5-300x140.jpg 300w, https:\/\/www.aguarda.es\/wp-content\/uploads\/2018\/08\/NP-22082018-Os-areais-guardeses-elixidos-por-milleiros-de-ba\u00f1istas-na-primeira-quincena-de-agosto-5-768x357.jpg 768w, https:\/\/www.aguarda.es\/wp-content\/uploads\/2018\/08\/NP-22082018-Os-areais-guardeses-elixidos-por-milleiros-de-ba\u00f1istas-na-primeira-quincena-de-agosto-5-570x265.jpg 570w\" sizes=\"(max-width: 800px) 100vw, 800px\" \/> <img decoding=\"async\" loading=\"lazy\" class=\"aligncenter size-full wp-image-14865\" src=\"https:\/\/www.aguarda.es\/wp-content\/uploads\/2018\/08\/NP-22082018-Os-areais-guardeses-elixidos-por-milleiros-de-ba\u00f1istas-na-primeira-quincena-de-agosto-2.jpg\" alt=\"As praias mar\u00edtimas e fluviais do Concello da Guarda amosan un estado de alta ocupaci\u00f3n no que vai do mes de agosto, sendo elixidas por milleiros de ba\u00f1istas que d\u00eda a d\u00eda visitan estes espazos naturais.\" width=\"800\" height=\"286\" srcset=\"https:\/\/www.aguarda.es\/wp-content\/uploads\/2018\/08\/NP-22082018-Os-areais-guardeses-elixidos-por-milleiros-de-ba\u00f1istas-na-primeira-quincena-de-agosto-2.jpg 800w, https:\/\/www.aguarda.es\/wp-content\/uploads\/2018\/08\/NP-22082018-Os-areais-guardeses-elixidos-por-milleiros-de-ba\u00f1istas-na-primeira-quincena-de-agosto-2-300x107.jpg 300w, https:\/\/www.aguarda.es\/wp-content\/uploads\/2018\/08\/NP-22082018-Os-areais-guardeses-elixidos-por-milleiros-de-ba\u00f1istas-na-primeira-quincena-de-agosto-2-768x275.jpg 768w, https:\/\/www.aguarda.es\/wp-content\/uploads\/2018\/08\/NP-22082018-Os-areais-guardeses-elixidos-por-milleiros-de-ba\u00f1istas-na-primeira-quincena-de-agosto-2-570x204.jpg 570w\" sizes=\"(max-width: 800px) 100vw, 800px\" \/><\/p>\n<p style=\"text-align: justify\">Ademais A Guarda conta con outros areais que tam\u00e9n son frecuentados por ba\u00f1istas nesta tempada estival como as praias mar\u00edtimas de Fedorento e O Carreiro ou as praias fluviais da Lami\u00f1a, A Armona e O Codesal, espazos naturais para o desfrute que contan con tam\u00e9n con sendeiros, cami\u00f1os e rutas sinalizadas para co\u00f1ecer o seu entorno.<\/p>\n<p style=\"text-align: justify\">O concello da Guarda quere resaltar o esforzo realizado para a s\u00faa concesi\u00f3n no referente o mantemento e mellora das actuaci\u00f3ns e servizos v\u00e9ndose recompensado un ano m\u00e1is coas d\u00faas bandeiras azuis para o concello.<\/p>\n<p style=\"text-align: center\"><img decoding=\"async\" loading=\"lazy\" class=\"aligncenter size-full wp-image-14864\" src=\"https:\/\/www.aguarda.es\/wp-content\/uploads\/2018\/08\/NP-22082018-Os-areais-guardeses-elixidos-por-milleiros-de-ba\u00f1istas-na-primeira-quincena-de-agosto-1.jpg\" alt=\"As praias mar\u00edtimas e fluviais do Concello da Guarda amosan un estado de alta ocupaci\u00f3n no que vai do mes de agosto, sendo elixidas por milleiros de ba\u00f1istas que d\u00eda a d\u00eda visitan estes espazos naturais.\" width=\"800\" height=\"364\" srcset=\"https:\/\/www.aguarda.es\/wp-content\/uploads\/2018\/08\/NP-22082018-Os-areais-guardeses-elixidos-por-milleiros-de-ba\u00f1istas-na-primeira-quincena-de-agosto-1.jpg 800w, https:\/\/www.aguarda.es\/wp-content\/uploads\/2018\/08\/NP-22082018-Os-areais-guardeses-elixidos-por-milleiros-de-ba\u00f1istas-na-primeira-quincena-de-agosto-1-300x137.jpg 300w, https:\/\/www.aguarda.es\/wp-content\/uploads\/2018\/08\/NP-22082018-Os-areais-guardeses-elixidos-por-milleiros-de-ba\u00f1istas-na-primeira-quincena-de-agosto-1-768x349.jpg 768w, https:\/\/www.aguarda.es\/wp-content\/uploads\/2018\/08\/NP-22082018-Os-areais-guardeses-elixidos-por-milleiros-de-ba\u00f1istas-na-primeira-quincena-de-agosto-1-570x259.jpg 570w\" sizes=\"(max-width: 800px) 100vw, 800px\" \/><\/p>\n","protected":false},"excerpt":{"rendered":"<p>As praias mar\u00edtimas e fluviais do Concello da Guarda amosan un estado de alta ocupaci\u00f3n no que vai do mes de agosto, sendo elixidas por milleiros de ba\u00f1istas que d\u00eda a d\u00eda visitan estes espazos naturais. A boa climatolox\u00eda do &hellip; <\/p>\n","protected":false},"author":2,"featured_media":14866,"comment_status":"open","ping_status":"open","sticky":false,"template":"","format":"standard","meta":[],"categories":[56],"tags":[226,229,232,288],"yoast_head":"<!-- This site is optimized with the Yoast SEO plugin v21.1 - https:\/\/yoast.com\/wordpress\/plugins\/seo\/ -->\n<title>Os areais guardeses elixidos por milleiros de ba\u00f1istas na primeira quincena de agosto - Concello da Guarda<\/title>\n<meta name=\"robots\" content=\"index, follow, max-snippet:-1, max-image-preview:large, max-video-preview:-1\" \/>\n<link rel=\"canonical\" href=\"https:\/\/www.aguarda.es\/en\/os-areais-guardeses-elixidos-por-milleiros-de-banistas-na-primeira-quincena-de-agosto\/\" \/>\n<meta property=\"og:locale\" content=\"en_US\" \/>\n<meta property=\"og:type\" content=\"article\" \/>\n<meta property=\"og:title\" content=\"Os areais guardeses elixidos por milleiros de ba\u00f1istas na primeira quincena de agosto - Concello da Guarda\" \/>\n<meta property=\"og:description\" content=\"As praias mar\u00edtimas e fluviais do Concello da Guarda amosan un estado de alta ocupaci\u00f3n no que vai do mes de agosto, sendo elixidas por milleiros de ba\u00f1istas que d\u00eda a d\u00eda visitan estes espazos naturais. A boa climatolox\u00eda do &hellip;\" \/>\n<meta property=\"og:url\" content=\"https:\/\/www.aguarda.es\/en\/os-areais-guardeses-elixidos-por-milleiros-de-banistas-na-primeira-quincena-de-agosto\/\" \/>\n<meta property=\"og:site_name\" content=\"Concello da Guarda\" \/>\n<meta property=\"article:publisher\" content=\"https:\/\/www.facebook.com\/ConcellodaGuarda\" \/>\n<meta property=\"article:published_time\" content=\"2018-08-22T12:37:58+00:00\" \/>\n<meta property=\"og:image\" content=\"https:\/\/www.aguarda.es\/wp-content\/uploads\/2018\/08\/NP-22082018-Os-areais-guardeses-elixidos-por-milleiros-de-ba\u00f1istas-na-primeira-quincena-de-agosto-3.jpg\" \/>\n\t<meta property=\"og:image:width\" content=\"800\" \/>\n\t<meta property=\"og:image:height\" content=\"600\" \/>\n\t<meta property=\"og:image:type\" content=\"image\/jpeg\" \/>\n<meta name=\"author\" content=\"prensa\" \/>\n<meta name=\"twitter:card\" content=\"summary_large_image\" \/>\n<meta name=\"twitter:creator\" content=\"@AGuarda_es\" \/>\n<meta name=\"twitter:site\" content=\"@AGuarda_es\" \/>\n<meta name=\"twitter:label1\" content=\"Written by\" \/>\n\t<meta name=\"twitter:data1\" content=\"prensa\" \/>\n\t<meta name=\"twitter:label2\" content=\"Est. reading time\" \/>\n\t<meta name=\"twitter:data2\" content=\"1 minute\" \/>\n<script type=\"application\/ld+json\" class=\"yoast-schema-graph\">{\"@context\":\"https:\/\/schema.org\",\"@graph\":[{\"@type\":\"WebPage\",\"@id\":\"https:\/\/www.aguarda.es\/en\/os-areais-guardeses-elixidos-por-milleiros-de-banistas-na-primeira-quincena-de-agosto\/\",\"url\":\"https:\/\/www.aguarda.es\/en\/os-areais-guardeses-elixidos-por-milleiros-de-banistas-na-primeira-quincena-de-agosto\/\",\"name\":\"Os areais guardeses elixidos por milleiros de ba\u00f1istas na primeira quincena de agosto - Concello da Guarda\",\"isPartOf\":{\"@id\":\"https:\/\/www.aguarda.es\/en\/#website\"},\"datePublished\":\"2018-08-22T12:37:58+00:00\",\"dateModified\":\"2018-08-22T12:37:58+00:00\",\"author\":{\"@id\":\"https:\/\/www.aguarda.es\/en\/#\/schema\/person\/c463ca3006858ffb349d11179d044f21\"},\"breadcrumb\":{\"@id\":\"https:\/\/www.aguarda.es\/en\/os-areais-guardeses-elixidos-por-milleiros-de-banistas-na-primeira-quincena-de-agosto\/#breadcrumb\"},\"inLanguage\":\"en-US\",\"potentialAction\":[{\"@type\":\"ReadAction\",\"target\":[\"https:\/\/www.aguarda.es\/en\/os-areais-guardeses-elixidos-por-milleiros-de-banistas-na-primeira-quincena-de-agosto\/\"]}]},{\"@type\":\"BreadcrumbList\",\"@id\":\"https:\/\/www.aguarda.es\/en\/os-areais-guardeses-elixidos-por-milleiros-de-banistas-na-primeira-quincena-de-agosto\/#breadcrumb\",\"itemListElement\":[{\"@type\":\"ListItem\",\"position\":1,\"name\":\"Portada\",\"item\":\"https:\/\/www.aguarda.es\/en\/\"},{\"@type\":\"ListItem\",\"position\":2,\"name\":\"Os areais guardeses elixidos por milleiros de ba\u00f1istas na primeira quincena de agosto\"}]},{\"@type\":\"WebSite\",\"@id\":\"https:\/\/www.aguarda.es\/en\/#website\",\"url\":\"https:\/\/www.aguarda.es\/en\/\",\"name\":\"Concello da Guarda\",\"description\":\"P\u00e1xina web do concello da Guarda\",\"potentialAction\":[{\"@type\":\"SearchAction\",\"target\":{\"@type\":\"EntryPoint\",\"urlTemplate\":\"https:\/\/www.aguarda.es\/en\/?s={search_term_string}\"},\"query-input\":\"required name=search_term_string\"}],\"inLanguage\":\"en-US\"},{\"@type\":\"Person\",\"@id\":\"https:\/\/www.aguarda.es\/en\/#\/schema\/person\/c463ca3006858ffb349d11179d044f21\",\"name\":\"prensa\",\"image\":{\"@type\":\"ImageObject\",\"inLanguage\":\"en-US\",\"@id\":\"https:\/\/www.aguarda.es\/en\/#\/schema\/person\/image\/\",\"url\":\"https:\/\/secure.gravatar.com\/avatar\/5f90ef536b0f98306edf5c7a1135ffa1?s=96&d=mm&r=g\",\"contentUrl\":\"https:\/\/secure.gravatar.com\/avatar\/5f90ef536b0f98306edf5c7a1135ffa1?s=96&d=mm&r=g\",\"caption\":\"prensa\"},\"url\":\"https:\/\/www.aguarda.es\/en\/author\/prensa\/\"}]}<\/script>\n<!-- \/ Yoast SEO plugin. -->","yoast_head_json":{"title":"Os areais guardeses elixidos por milleiros de ba\u00f1istas na primeira quincena de agosto - Concello da Guarda","robots":{"index":"index","follow":"follow","max-snippet":"max-snippet:-1","max-image-preview":"max-image-preview:large","max-video-preview":"max-video-preview:-1"},"canonical":"https:\/\/www.aguarda.es\/en\/os-areais-guardeses-elixidos-por-milleiros-de-banistas-na-primeira-quincena-de-agosto\/","og_locale":"en_US","og_type":"article","og_title":"Os areais guardeses elixidos por milleiros de ba\u00f1istas na primeira quincena de agosto - Concello da Guarda","og_description":"As praias mar\u00edtimas e fluviais do Concello da Guarda amosan un estado de alta ocupaci\u00f3n no que vai do mes de agosto, sendo elixidas por milleiros de ba\u00f1istas que d\u00eda a d\u00eda visitan estes espazos naturais. A boa climatolox\u00eda do &hellip;","og_url":"https:\/\/www.aguarda.es\/en\/os-areais-guardeses-elixidos-por-milleiros-de-banistas-na-primeira-quincena-de-agosto\/","og_site_name":"Concello da Guarda","article_publisher":"https:\/\/www.facebook.com\/ConcellodaGuarda","article_published_time":"2018-08-22T12:37:58+00:00","og_image":[{"width":800,"height":600,"url":"https:\/\/www.aguarda.es\/wp-content\/uploads\/2018\/08\/NP-22082018-Os-areais-guardeses-elixidos-por-milleiros-de-ba\u00f1istas-na-primeira-quincena-de-agosto-3.jpg","type":"image\/jpeg"}],"author":"prensa","twitter_card":"summary_large_image","twitter_creator":"@AGuarda_es","twitter_site":"@AGuarda_es","twitter_misc":{"Written by":"prensa","Est. reading time":"1 minute"},"schema":{"@context":"https:\/\/schema.org","@graph":[{"@type":"WebPage","@id":"https:\/\/www.aguarda.es\/en\/os-areais-guardeses-elixidos-por-milleiros-de-banistas-na-primeira-quincena-de-agosto\/","url":"https:\/\/www.aguarda.es\/en\/os-areais-guardeses-elixidos-por-milleiros-de-banistas-na-primeira-quincena-de-agosto\/","name":"Os areais guardeses elixidos por milleiros de ba\u00f1istas na primeira quincena de agosto - Concello da Guarda","isPartOf":{"@id":"https:\/\/www.aguarda.es\/en\/#website"},"datePublished":"2018-08-22T12:37:58+00:00","dateModified":"2018-08-22T12:37:58+00:00","author":{"@id":"https:\/\/www.aguarda.es\/en\/#\/schema\/person\/c463ca3006858ffb349d11179d044f21"},"breadcrumb":{"@id":"https:\/\/www.aguarda.es\/en\/os-areais-guardeses-elixidos-por-milleiros-de-banistas-na-primeira-quincena-de-agosto\/#breadcrumb"},"inLanguage":"en-US","potentialAction":[{"@type":"ReadAction","target":["https:\/\/www.aguarda.es\/en\/os-areais-guardeses-elixidos-por-milleiros-de-banistas-na-primeira-quincena-de-agosto\/"]}]},{"@type":"BreadcrumbList","@id":"https:\/\/www.aguarda.es\/en\/os-areais-guardeses-elixidos-por-milleiros-de-banistas-na-primeira-quincena-de-agosto\/#breadcrumb","itemListElement":[{"@type":"ListItem","position":1,"name":"Portada","item":"https:\/\/www.aguarda.es\/en\/"},{"@type":"ListItem","position":2,"name":"Os areais guardeses elixidos por milleiros de ba\u00f1istas na primeira quincena de agosto"}]},{"@type":"WebSite","@id":"https:\/\/www.aguarda.es\/en\/#website","url":"https:\/\/www.aguarda.es\/en\/","name":"Concello da Guarda","description":"P\u00e1xina web do concello da Guarda","potentialAction":[{"@type":"SearchAction","target":{"@type":"EntryPoint","urlTemplate":"https:\/\/www.aguarda.es\/en\/?s={search_term_string}"},"query-input":"required name=search_term_string"}],"inLanguage":"en-US"},{"@type":"Person","@id":"https:\/\/www.aguarda.es\/en\/#\/schema\/person\/c463ca3006858ffb349d11179d044f21","name":"prensa","image":{"@type":"ImageObject","inLanguage":"en-US","@id":"https:\/\/www.aguarda.es\/en\/#\/schema\/person\/image\/","url":"https:\/\/secure.gravatar.com\/avatar\/5f90ef536b0f98306edf5c7a1135ffa1?s=96&d=mm&r=g","contentUrl":"https:\/\/secure.gravatar.com\/avatar\/5f90ef536b0f98306edf5c7a1135ffa1?s=96&d=mm&r=g","caption":"prensa"},"url":"https:\/\/www.aguarda.es\/en\/author\/prensa\/"}]}},"_links":{"self":[{"href":"https:\/\/www.aguarda.es\/en\/wp-json\/wp\/v2\/posts\/14863"}],"collection":[{"href":"https:\/\/www.aguarda.es\/en\/wp-json\/wp\/v2\/posts"}],"about":[{"href":"https:\/\/www.aguarda.es\/en\/wp-json\/wp\/v2\/types\/post"}],"author":[{"embeddable":true,"href":"https:\/\/www.aguarda.es\/en\/wp-json\/wp\/v2\/users\/2"}],"replies":[{"embeddable":true,"href":"https:\/\/www.aguarda.es\/en\/wp-json\/wp\/v2\/comments?post=14863"}],"version-history":[{"count":1,"href":"https:\/\/www.aguarda.es\/en\/wp-json\/wp\/v2\/posts\/14863\/revisions"}],"predecessor-version":[{"id":14870,"href":"https:\/\/www.aguarda.es\/en\/wp-json\/wp\/v2\/posts\/14863\/revisions\/14870"}],"wp:featuredmedia":[{"embeddable":true,"href":"https:\/\/www.aguarda.es\/en\/wp-json\/wp\/v2\/media\/14866"}],"wp:attachment":[{"href":"https:\/\/www.aguarda.es\/en\/wp-json\/wp\/v2\/media?parent=14863"}],"wp:term":[{"taxonomy":"category","embeddable":true,"href":"https:\/\/www.aguarda.es\/en\/wp-json\/wp\/v2\/categories?post=14863"},{"taxonomy":"post_tag","embeddable":true,"href":"https:\/\/www.aguarda.es\/en\/wp-json\/wp\/v2\/tags?post=14863"}],"curies":[{"name":"wp","href":"https:\/\/api.w.org\/{rel}","templated":true}]}}