{"id":14950,"date":"2018-08-29T08:51:36","date_gmt":"2018-08-29T08:51:36","guid":{"rendered":"https:\/\/www.aguarda.es\/?p=14950"},"modified":"2018-08-29T08:51:36","modified_gmt":"2018-08-29T08:51:36","slug":"o-ges-da-guarda-atendeu-case-un-milleiro-de-incidencias-entre-os-meses-de-agosto-de-2017-e-2018","status":"publish","type":"post","link":"https:\/\/www.aguarda.es\/en\/o-ges-da-guarda-atendeu-case-un-milleiro-de-incidencias-entre-os-meses-de-agosto-de-2017-e-2018\/","title":{"rendered":"O GES da Guarda atendeu case un milleiro  de incidencias entre os meses de agosto de 2017 e 2018"},"content":{"rendered":"<p style=\"text-align: justify\">O GES da Guarda ven de publicar o informe de atenci\u00f3n de emerxencias e operativos entre os meses de agosto de 2017 e 2018, cun total de 952 incidencias atendidas.<\/p>\n<p style=\"text-align: justify\">Entre as incidencias m\u00e1is frecuentes destacan os accidentes, seguido de operativos por animais, xesti\u00f3ns medioambientais, incendios urbanos e forestais, incidencias relacionadas coa circulaci\u00f3n, operativos varios, riscos, salvamento e rescate, sanitarios e de seguridade.<\/p>\n<p style=\"text-align: center\"><img decoding=\"async\" loading=\"lazy\" class=\"aligncenter size-full wp-image-14954\" src=\"https:\/\/www.aguarda.es\/wp-content\/uploads\/2018\/08\/NP-29082018-O-GES-da-Guarda-atendeu-case-un-milleiro-de-incidencias-entre-os-meses-de-agosto-de-2017-e-2018-4.jpg\" alt=\"O GES da Guarda ven de publicar o informe de atenci\u00f3n de emerxencias e operativos entre os meses de agosto de 2017 e 2018, cun total de 952 incidencias atendidas.\" width=\"800\" height=\"495\" srcset=\"https:\/\/www.aguarda.es\/wp-content\/uploads\/2018\/08\/NP-29082018-O-GES-da-Guarda-atendeu-case-un-milleiro-de-incidencias-entre-os-meses-de-agosto-de-2017-e-2018-4.jpg 800w, https:\/\/www.aguarda.es\/wp-content\/uploads\/2018\/08\/NP-29082018-O-GES-da-Guarda-atendeu-case-un-milleiro-de-incidencias-entre-os-meses-de-agosto-de-2017-e-2018-4-300x186.jpg 300w, https:\/\/www.aguarda.es\/wp-content\/uploads\/2018\/08\/NP-29082018-O-GES-da-Guarda-atendeu-case-un-milleiro-de-incidencias-entre-os-meses-de-agosto-de-2017-e-2018-4-768x475.jpg 768w, https:\/\/www.aguarda.es\/wp-content\/uploads\/2018\/08\/NP-29082018-O-GES-da-Guarda-atendeu-case-un-milleiro-de-incidencias-entre-os-meses-de-agosto-de-2017-e-2018-4-570x353.jpg 570w\" sizes=\"(max-width: 800px) 100vw, 800px\" \/> <img decoding=\"async\" loading=\"lazy\" class=\"aligncenter size-full wp-image-14951\" src=\"https:\/\/www.aguarda.es\/wp-content\/uploads\/2018\/08\/NP-29082018-O-GES-da-Guarda-atendeu-case-un-milleiro-de-incidencias-entre-os-meses-de-agosto-de-2017-e-2018-1.jpg\" alt=\"O GES da Guarda ven de publicar o informe de atenci\u00f3n de emerxencias e operativos entre os meses de agosto de 2017 e 2018, cun total de 952 incidencias atendidas.\" width=\"800\" height=\"563\" srcset=\"https:\/\/www.aguarda.es\/wp-content\/uploads\/2018\/08\/NP-29082018-O-GES-da-Guarda-atendeu-case-un-milleiro-de-incidencias-entre-os-meses-de-agosto-de-2017-e-2018-1.jpg 800w, https:\/\/www.aguarda.es\/wp-content\/uploads\/2018\/08\/NP-29082018-O-GES-da-Guarda-atendeu-case-un-milleiro-de-incidencias-entre-os-meses-de-agosto-de-2017-e-2018-1-300x211.jpg 300w, https:\/\/www.aguarda.es\/wp-content\/uploads\/2018\/08\/NP-29082018-O-GES-da-Guarda-atendeu-case-un-milleiro-de-incidencias-entre-os-meses-de-agosto-de-2017-e-2018-1-768x540.jpg 768w, https:\/\/www.aguarda.es\/wp-content\/uploads\/2018\/08\/NP-29082018-O-GES-da-Guarda-atendeu-case-un-milleiro-de-incidencias-entre-os-meses-de-agosto-de-2017-e-2018-1-570x401.jpg 570w\" sizes=\"(max-width: 800px) 100vw, 800px\" \/><\/p>\n<p style=\"text-align: justify\">A formaci\u00f3n dos 12 efectivos que forman parte do GES da Guarda \u00e9 unha parte primordial para realizar unha atenci\u00f3n adecuada no momento de incidencias reais, por este motivo participan activamente ao longo do ano en simulacros de emerxencias xunto con outros equipos de emerxencias como o helic\u00f3ptero Pesca 1 do servizo de gardacostas e tam\u00e9n realizan charlas e xornadas de emerxencias en diferentes centros educativos do Concello da Guarda, participaci\u00f3n en eventos acu\u00e1ticos coma traves\u00edas a nado, entre outros.<\/p>\n<p style=\"text-align: justify\">Na actualidade unha das intervenci\u00f3ns que m\u00e1is se demandan pola poboaci\u00f3n son as que te\u00f1en que ver coa retirada de ni\u00f1os de vespa velutina nas proximidades das vivendas, dando prioridade aos que se rexistran nos n\u00facleos urbanos e zonas habitadas, realizando case a total retirada dos que dos que se te\u00f1en co\u00f1ecemento no municipio.<\/p>\n<p style=\"text-align: justify\">Neste per\u00edodo de actuaci\u00f3n destacaron os incendios forestais, que causaron graves danos na nosa Comarca e onde o GES da Guarda interviu nos 4 Concellos aos que da cobertura (A Guarda, Tomi\u00f1o, O Rosal e Oia) e ademais colaborou co GES do Valmi\u00f1or nos incendios rexistrados en outubro do ano pasado en Baiona e Gondomar.<\/p>\n<p style=\"text-align: justify\">Na explosi\u00f3n do almac\u00e9n clandestino de elementos de pirotecnia en Tui, O GES da Guarda foi solicitado polo CAE 112-Galicia para colaborar na intervenci\u00f3n, que se realizou de forma conxunta con outros grupos operativos movilizados na zona.<\/p>\n<p style=\"text-align: center\"><img decoding=\"async\" loading=\"lazy\" class=\"aligncenter size-full wp-image-14953\" src=\"https:\/\/www.aguarda.es\/wp-content\/uploads\/2018\/08\/NP-29082018-O-GES-da-Guarda-atendeu-case-un-milleiro-de-incidencias-entre-os-meses-de-agosto-de-2017-e-2018-3.jpg\" alt=\"O GES da Guarda ven de publicar o informe de atenci\u00f3n de emerxencias e operativos entre os meses de agosto de 2017 e 2018, cun total de 952 incidencias atendidas.\" width=\"800\" height=\"497\" srcset=\"https:\/\/www.aguarda.es\/wp-content\/uploads\/2018\/08\/NP-29082018-O-GES-da-Guarda-atendeu-case-un-milleiro-de-incidencias-entre-os-meses-de-agosto-de-2017-e-2018-3.jpg 800w, https:\/\/www.aguarda.es\/wp-content\/uploads\/2018\/08\/NP-29082018-O-GES-da-Guarda-atendeu-case-un-milleiro-de-incidencias-entre-os-meses-de-agosto-de-2017-e-2018-3-300x186.jpg 300w, https:\/\/www.aguarda.es\/wp-content\/uploads\/2018\/08\/NP-29082018-O-GES-da-Guarda-atendeu-case-un-milleiro-de-incidencias-entre-os-meses-de-agosto-de-2017-e-2018-3-768x477.jpg 768w, https:\/\/www.aguarda.es\/wp-content\/uploads\/2018\/08\/NP-29082018-O-GES-da-Guarda-atendeu-case-un-milleiro-de-incidencias-entre-os-meses-de-agosto-de-2017-e-2018-3-570x354.jpg 570w\" sizes=\"(max-width: 800px) 100vw, 800px\" \/> <img decoding=\"async\" loading=\"lazy\" class=\"aligncenter size-full wp-image-14952\" src=\"https:\/\/www.aguarda.es\/wp-content\/uploads\/2018\/08\/NP-29082018-O-GES-da-Guarda-atendeu-case-un-milleiro-de-incidencias-entre-os-meses-de-agosto-de-2017-e-2018-2.jpg\" alt=\"O GES da Guarda ven de publicar o informe de atenci\u00f3n de emerxencias e operativos entre os meses de agosto de 2017 e 2018, cun total de 952 incidencias atendidas.\" width=\"800\" height=\"500\" srcset=\"https:\/\/www.aguarda.es\/wp-content\/uploads\/2018\/08\/NP-29082018-O-GES-da-Guarda-atendeu-case-un-milleiro-de-incidencias-entre-os-meses-de-agosto-de-2017-e-2018-2.jpg 800w, https:\/\/www.aguarda.es\/wp-content\/uploads\/2018\/08\/NP-29082018-O-GES-da-Guarda-atendeu-case-un-milleiro-de-incidencias-entre-os-meses-de-agosto-de-2017-e-2018-2-300x188.jpg 300w, https:\/\/www.aguarda.es\/wp-content\/uploads\/2018\/08\/NP-29082018-O-GES-da-Guarda-atendeu-case-un-milleiro-de-incidencias-entre-os-meses-de-agosto-de-2017-e-2018-2-768x480.jpg 768w, https:\/\/www.aguarda.es\/wp-content\/uploads\/2018\/08\/NP-29082018-O-GES-da-Guarda-atendeu-case-un-milleiro-de-incidencias-entre-os-meses-de-agosto-de-2017-e-2018-2-570x356.jpg 570w\" sizes=\"(max-width: 800px) 100vw, 800px\" \/><\/p>\n<p style=\"text-align: justify\">O Concello da Guarda, a trav\u00e9s da Conceller\u00eda de Emerxencias, ven de investir neste per\u00edodo m\u00e1is de 8000\u20ac en EPI\u00b4S e material variado para o GES da Guarda, centrando estas inversi\u00f3ns en material que repercuta na seguridade dos seus efectivos e nas prestaci\u00f3ns dun servizo de calidade nas s\u00faas intervenci\u00f3ns, coma guantes especiais, equipos ign\u00edfugos, protectores t\u00e9rmicos, luminarias, traxes, etc.<\/p>\n<p style=\"text-align: justify\">Proximamente o GES da Guarda contar\u00e1 cun equipo de comunicaci\u00f3ns intracraneal, que lles permitir\u00e1 comunicarse entre os efectivos desprazados a unha intervenci\u00f3n, facilitando unha mellor coordinaci\u00f3n entre eles en situaci\u00f3ns de emerxencias.<\/p>\n","protected":false},"excerpt":{"rendered":"<p>O GES da Guarda ven de publicar o informe de atenci\u00f3n de emerxencias e operativos entre os meses de agosto de 2017 e 2018, cun total de 952 incidencias atendidas. Entre as incidencias m\u00e1is frecuentes destacan os accidentes, seguido de &hellip; <\/p>\n","protected":false},"author":2,"featured_media":14951,"comment_status":"open","ping_status":"open","sticky":false,"template":"","format":"standard","meta":[],"categories":[33],"tags":[226,1398,1396,1397],"yoast_head":"<!-- This site is optimized with the Yoast SEO plugin v21.1 - https:\/\/yoast.com\/wordpress\/plugins\/seo\/ -->\n<title>O GES da Guarda atendeu case un milleiro de incidencias entre os meses de agosto de 2017 e 2018 - Concello da Guarda<\/title>\n<meta name=\"robots\" content=\"index, follow, max-snippet:-1, max-image-preview:large, max-video-preview:-1\" \/>\n<link rel=\"canonical\" href=\"https:\/\/www.aguarda.es\/en\/o-ges-da-guarda-atendeu-case-un-milleiro-de-incidencias-entre-os-meses-de-agosto-de-2017-e-2018\/\" \/>\n<meta property=\"og:locale\" content=\"en_US\" \/>\n<meta property=\"og:type\" content=\"article\" \/>\n<meta property=\"og:title\" content=\"O GES da Guarda atendeu case un milleiro de incidencias entre os meses de agosto de 2017 e 2018 - Concello da Guarda\" \/>\n<meta property=\"og:description\" content=\"O GES da Guarda ven de publicar o informe de atenci\u00f3n de emerxencias e operativos entre os meses de agosto de 2017 e 2018, cun total de 952 incidencias atendidas. Entre as incidencias m\u00e1is frecuentes destacan os accidentes, seguido de &hellip;\" \/>\n<meta property=\"og:url\" content=\"https:\/\/www.aguarda.es\/en\/o-ges-da-guarda-atendeu-case-un-milleiro-de-incidencias-entre-os-meses-de-agosto-de-2017-e-2018\/\" \/>\n<meta property=\"og:site_name\" content=\"Concello da Guarda\" \/>\n<meta property=\"article:publisher\" content=\"https:\/\/www.facebook.com\/ConcellodaGuarda\" \/>\n<meta property=\"article:published_time\" content=\"2018-08-29T08:51:36+00:00\" \/>\n<meta property=\"og:image\" content=\"https:\/\/www.aguarda.es\/wp-content\/uploads\/2018\/08\/NP-29082018-O-GES-da-Guarda-atendeu-case-un-milleiro-de-incidencias-entre-os-meses-de-agosto-de-2017-e-2018-1.jpg\" \/>\n\t<meta property=\"og:image:width\" content=\"800\" \/>\n\t<meta property=\"og:image:height\" content=\"563\" \/>\n\t<meta property=\"og:image:type\" content=\"image\/jpeg\" \/>\n<meta name=\"author\" content=\"prensa\" \/>\n<meta name=\"twitter:card\" content=\"summary_large_image\" \/>\n<meta name=\"twitter:creator\" content=\"@AGuarda_es\" \/>\n<meta name=\"twitter:site\" content=\"@AGuarda_es\" \/>\n<meta name=\"twitter:label1\" content=\"Written by\" \/>\n\t<meta name=\"twitter:data1\" content=\"prensa\" \/>\n\t<meta name=\"twitter:label2\" content=\"Est. reading time\" \/>\n\t<meta name=\"twitter:data2\" content=\"2 minutes\" \/>\n<script type=\"application\/ld+json\" class=\"yoast-schema-graph\">{\"@context\":\"https:\/\/schema.org\",\"@graph\":[{\"@type\":\"WebPage\",\"@id\":\"https:\/\/www.aguarda.es\/en\/o-ges-da-guarda-atendeu-case-un-milleiro-de-incidencias-entre-os-meses-de-agosto-de-2017-e-2018\/\",\"url\":\"https:\/\/www.aguarda.es\/en\/o-ges-da-guarda-atendeu-case-un-milleiro-de-incidencias-entre-os-meses-de-agosto-de-2017-e-2018\/\",\"name\":\"O GES da Guarda atendeu case un milleiro de incidencias entre os meses de agosto de 2017 e 2018 - Concello da Guarda\",\"isPartOf\":{\"@id\":\"https:\/\/www.aguarda.es\/en\/#website\"},\"datePublished\":\"2018-08-29T08:51:36+00:00\",\"dateModified\":\"2018-08-29T08:51:36+00:00\",\"author\":{\"@id\":\"https:\/\/www.aguarda.es\/en\/#\/schema\/person\/c463ca3006858ffb349d11179d044f21\"},\"breadcrumb\":{\"@id\":\"https:\/\/www.aguarda.es\/en\/o-ges-da-guarda-atendeu-case-un-milleiro-de-incidencias-entre-os-meses-de-agosto-de-2017-e-2018\/#breadcrumb\"},\"inLanguage\":\"en-US\",\"potentialAction\":[{\"@type\":\"ReadAction\",\"target\":[\"https:\/\/www.aguarda.es\/en\/o-ges-da-guarda-atendeu-case-un-milleiro-de-incidencias-entre-os-meses-de-agosto-de-2017-e-2018\/\"]}]},{\"@type\":\"BreadcrumbList\",\"@id\":\"https:\/\/www.aguarda.es\/en\/o-ges-da-guarda-atendeu-case-un-milleiro-de-incidencias-entre-os-meses-de-agosto-de-2017-e-2018\/#breadcrumb\",\"itemListElement\":[{\"@type\":\"ListItem\",\"position\":1,\"name\":\"Portada\",\"item\":\"https:\/\/www.aguarda.es\/en\/\"},{\"@type\":\"ListItem\",\"position\":2,\"name\":\"O GES da Guarda atendeu case un milleiro de incidencias entre os meses de agosto de 2017 e 2018\"}]},{\"@type\":\"WebSite\",\"@id\":\"https:\/\/www.aguarda.es\/en\/#website\",\"url\":\"https:\/\/www.aguarda.es\/en\/\",\"name\":\"Concello da Guarda\",\"description\":\"P\u00e1xina web do concello da Guarda\",\"potentialAction\":[{\"@type\":\"SearchAction\",\"target\":{\"@type\":\"EntryPoint\",\"urlTemplate\":\"https:\/\/www.aguarda.es\/en\/?s={search_term_string}\"},\"query-input\":\"required name=search_term_string\"}],\"inLanguage\":\"en-US\"},{\"@type\":\"Person\",\"@id\":\"https:\/\/www.aguarda.es\/en\/#\/schema\/person\/c463ca3006858ffb349d11179d044f21\",\"name\":\"prensa\",\"image\":{\"@type\":\"ImageObject\",\"inLanguage\":\"en-US\",\"@id\":\"https:\/\/www.aguarda.es\/en\/#\/schema\/person\/image\/\",\"url\":\"https:\/\/secure.gravatar.com\/avatar\/5f90ef536b0f98306edf5c7a1135ffa1?s=96&d=mm&r=g\",\"contentUrl\":\"https:\/\/secure.gravatar.com\/avatar\/5f90ef536b0f98306edf5c7a1135ffa1?s=96&d=mm&r=g\",\"caption\":\"prensa\"},\"url\":\"https:\/\/www.aguarda.es\/en\/author\/prensa\/\"}]}<\/script>\n<!-- \/ Yoast SEO plugin. -->","yoast_head_json":{"title":"O GES da Guarda atendeu case un milleiro de incidencias entre os meses de agosto de 2017 e 2018 - Concello da Guarda","robots":{"index":"index","follow":"follow","max-snippet":"max-snippet:-1","max-image-preview":"max-image-preview:large","max-video-preview":"max-video-preview:-1"},"canonical":"https:\/\/www.aguarda.es\/en\/o-ges-da-guarda-atendeu-case-un-milleiro-de-incidencias-entre-os-meses-de-agosto-de-2017-e-2018\/","og_locale":"en_US","og_type":"article","og_title":"O GES da Guarda atendeu case un milleiro de incidencias entre os meses de agosto de 2017 e 2018 - Concello da Guarda","og_description":"O GES da Guarda ven de publicar o informe de atenci\u00f3n de emerxencias e operativos entre os meses de agosto de 2017 e 2018, cun total de 952 incidencias atendidas. Entre as incidencias m\u00e1is frecuentes destacan os accidentes, seguido de &hellip;","og_url":"https:\/\/www.aguarda.es\/en\/o-ges-da-guarda-atendeu-case-un-milleiro-de-incidencias-entre-os-meses-de-agosto-de-2017-e-2018\/","og_site_name":"Concello da Guarda","article_publisher":"https:\/\/www.facebook.com\/ConcellodaGuarda","article_published_time":"2018-08-29T08:51:36+00:00","og_image":[{"width":800,"height":563,"url":"https:\/\/www.aguarda.es\/wp-content\/uploads\/2018\/08\/NP-29082018-O-GES-da-Guarda-atendeu-case-un-milleiro-de-incidencias-entre-os-meses-de-agosto-de-2017-e-2018-1.jpg","type":"image\/jpeg"}],"author":"prensa","twitter_card":"summary_large_image","twitter_creator":"@AGuarda_es","twitter_site":"@AGuarda_es","twitter_misc":{"Written by":"prensa","Est. reading time":"2 minutes"},"schema":{"@context":"https:\/\/schema.org","@graph":[{"@type":"WebPage","@id":"https:\/\/www.aguarda.es\/en\/o-ges-da-guarda-atendeu-case-un-milleiro-de-incidencias-entre-os-meses-de-agosto-de-2017-e-2018\/","url":"https:\/\/www.aguarda.es\/en\/o-ges-da-guarda-atendeu-case-un-milleiro-de-incidencias-entre-os-meses-de-agosto-de-2017-e-2018\/","name":"O GES da Guarda atendeu case un milleiro de incidencias entre os meses de agosto de 2017 e 2018 - Concello da Guarda","isPartOf":{"@id":"https:\/\/www.aguarda.es\/en\/#website"},"datePublished":"2018-08-29T08:51:36+00:00","dateModified":"2018-08-29T08:51:36+00:00","author":{"@id":"https:\/\/www.aguarda.es\/en\/#\/schema\/person\/c463ca3006858ffb349d11179d044f21"},"breadcrumb":{"@id":"https:\/\/www.aguarda.es\/en\/o-ges-da-guarda-atendeu-case-un-milleiro-de-incidencias-entre-os-meses-de-agosto-de-2017-e-2018\/#breadcrumb"},"inLanguage":"en-US","potentialAction":[{"@type":"ReadAction","target":["https:\/\/www.aguarda.es\/en\/o-ges-da-guarda-atendeu-case-un-milleiro-de-incidencias-entre-os-meses-de-agosto-de-2017-e-2018\/"]}]},{"@type":"BreadcrumbList","@id":"https:\/\/www.aguarda.es\/en\/o-ges-da-guarda-atendeu-case-un-milleiro-de-incidencias-entre-os-meses-de-agosto-de-2017-e-2018\/#breadcrumb","itemListElement":[{"@type":"ListItem","position":1,"name":"Portada","item":"https:\/\/www.aguarda.es\/en\/"},{"@type":"ListItem","position":2,"name":"O GES da Guarda atendeu case un milleiro de incidencias entre os meses de agosto de 2017 e 2018"}]},{"@type":"WebSite","@id":"https:\/\/www.aguarda.es\/en\/#website","url":"https:\/\/www.aguarda.es\/en\/","name":"Concello da Guarda","description":"P\u00e1xina web do concello da Guarda","potentialAction":[{"@type":"SearchAction","target":{"@type":"EntryPoint","urlTemplate":"https:\/\/www.aguarda.es\/en\/?s={search_term_string}"},"query-input":"required name=search_term_string"}],"inLanguage":"en-US"},{"@type":"Person","@id":"https:\/\/www.aguarda.es\/en\/#\/schema\/person\/c463ca3006858ffb349d11179d044f21","name":"prensa","image":{"@type":"ImageObject","inLanguage":"en-US","@id":"https:\/\/www.aguarda.es\/en\/#\/schema\/person\/image\/","url":"https:\/\/secure.gravatar.com\/avatar\/5f90ef536b0f98306edf5c7a1135ffa1?s=96&d=mm&r=g","contentUrl":"https:\/\/secure.gravatar.com\/avatar\/5f90ef536b0f98306edf5c7a1135ffa1?s=96&d=mm&r=g","caption":"prensa"},"url":"https:\/\/www.aguarda.es\/en\/author\/prensa\/"}]}},"_links":{"self":[{"href":"https:\/\/www.aguarda.es\/en\/wp-json\/wp\/v2\/posts\/14950"}],"collection":[{"href":"https:\/\/www.aguarda.es\/en\/wp-json\/wp\/v2\/posts"}],"about":[{"href":"https:\/\/www.aguarda.es\/en\/wp-json\/wp\/v2\/types\/post"}],"author":[{"embeddable":true,"href":"https:\/\/www.aguarda.es\/en\/wp-json\/wp\/v2\/users\/2"}],"replies":[{"embeddable":true,"href":"https:\/\/www.aguarda.es\/en\/wp-json\/wp\/v2\/comments?post=14950"}],"version-history":[{"count":1,"href":"https:\/\/www.aguarda.es\/en\/wp-json\/wp\/v2\/posts\/14950\/revisions"}],"predecessor-version":[{"id":14956,"href":"https:\/\/www.aguarda.es\/en\/wp-json\/wp\/v2\/posts\/14950\/revisions\/14956"}],"wp:featuredmedia":[{"embeddable":true,"href":"https:\/\/www.aguarda.es\/en\/wp-json\/wp\/v2\/media\/14951"}],"wp:attachment":[{"href":"https:\/\/www.aguarda.es\/en\/wp-json\/wp\/v2\/media?parent=14950"}],"wp:term":[{"taxonomy":"category","embeddable":true,"href":"https:\/\/www.aguarda.es\/en\/wp-json\/wp\/v2\/categories?post=14950"},{"taxonomy":"post_tag","embeddable":true,"href":"https:\/\/www.aguarda.es\/en\/wp-json\/wp\/v2\/tags?post=14950"}],"curies":[{"name":"wp","href":"https:\/\/api.w.org\/{rel}","templated":true}]}}