{"id":15092,"date":"2018-09-10T12:10:15","date_gmt":"2018-09-10T12:10:15","guid":{"rendered":"https:\/\/www.aguarda.es\/?p=15092"},"modified":"2018-09-10T12:32:40","modified_gmt":"2018-09-10T12:32:40","slug":"np-10092018-aberto-o-prazo-de-inscricion-para-o-club-de-lectura-da-biblioteca-publica-municipal-da-guarda","status":"publish","type":"post","link":"https:\/\/www.aguarda.es\/en\/np-10092018-aberto-o-prazo-de-inscricion-para-o-club-de-lectura-da-biblioteca-publica-municipal-da-guarda\/","title":{"rendered":"Aberto o prazo de inscrici\u00f3n para o club de lectura da Biblioteca P\u00fablica Municipal da Guarda"},"content":{"rendered":"<p style=\"text-align: justify\">A Biblioteca P\u00fablica Municipal da Guarda ofrece este ano unha nova actividade de animaci\u00f3n \u00e1 lectura. No mes de outubro ter\u00e1 inicio un Club de Lectura Xuvenil de C\u00f3mics coordinado pola bibliotecaria municipal Mar\u00eda Soledad Diz, destinado a mozos e mozas con idades comprendidas entre os 12 e 16 anos, tanto se son amantes do c\u00f3mic e novela gr\u00e1fica, como se desexan descubrir este x\u00e9nero tan interesante. Tr\u00e1tase de formar un grupo para reunirse un venres de cada mes e compartir as s\u00faas experiencias sobre a lectura do c\u00f3mic proposto en cada sesi\u00f3n.<\/p>\n<p style=\"text-align: justify\">Os obxectivos do Club son: Fomentar a lectura, o di\u00e1logo e a convivencia entre os rapaces e rapazas, ofertar novas oportunidades de desfrutar do tempo de lecer, crear un punto de encontro para compartir experiencias lectoras, tanto presenciais como virtuais, e ocasionalmente participar en actividades complementarias como encontros con autores.<\/p>\n<p style=\"text-align: justify\">Para ser membro do Club \u00e9 preciso inscribirse na Biblioteca de forma presencial, enviando un correo electr\u00f3nico a aguarda.rbgalicia@eidolocal.es indicando os datos (nome e apelidos, idade, enderezo, tel\u00e9fono e correo electr\u00f3nico, ou ben chamando ao tel\u00e9fono 986611850.<\/p>\n<p style=\"text-align: justify\">O prazo de inscrici\u00f3n remata o 29 de setembro. \u00c9 unha actividade de balde e todo o material preciso o facilita a Biblioteca.<\/p>\n<p style=\"text-align: justify\"><strong>Horario da Biblioteca P\u00fablica Municipal da Guarda a partires da vindeira semana:<\/strong><\/p>\n<p style=\"text-align: justify\">De luns a venres: 17:00h-20:00h<\/p>\n<p style=\"text-align: justify\">S\u00e1bados: de 10:00h a 13:00h<\/p>\n<p style=\"text-align: justify\"><strong>Horario do Centro Cultural a partires da vindeira semana:<\/strong><\/p>\n<p style=\"text-align: justify\">De luns a venres: de 10:00h a 13:00h e de 17:00h a 20:00h<\/p>\n<p style=\"text-align: justify\">S\u00e1bados: de 10:00h a 13:00h<\/p>\n","protected":false},"excerpt":{"rendered":"<p>A Biblioteca P\u00fablica Municipal da Guarda ofrece este ano unha nova actividade de animaci\u00f3n \u00e1 lectura. No mes de outubro ter\u00e1 inicio un Club de Lectura Xuvenil de C\u00f3mics coordinado pola bibliotecaria municipal Mar\u00eda Soledad Diz, destinado a mozos e &hellip; <\/p>\n","protected":false},"author":2,"featured_media":15093,"comment_status":"open","ping_status":"open","sticky":false,"template":"","format":"standard","meta":[],"categories":[34],"tags":[226,707,1431,1432,243],"yoast_head":"<!-- This site is optimized with the Yoast SEO plugin v21.1 - https:\/\/yoast.com\/wordpress\/plugins\/seo\/ -->\n<title>Aberto o prazo de inscrici\u00f3n para o club de lectura da Biblioteca P\u00fablica Municipal da Guarda - Concello da Guarda<\/title>\n<meta name=\"robots\" content=\"index, follow, max-snippet:-1, max-image-preview:large, max-video-preview:-1\" \/>\n<link rel=\"canonical\" href=\"https:\/\/www.aguarda.es\/en\/np-10092018-aberto-o-prazo-de-inscricion-para-o-club-de-lectura-da-biblioteca-publica-municipal-da-guarda\/\" \/>\n<meta property=\"og:locale\" content=\"en_US\" \/>\n<meta property=\"og:type\" content=\"article\" \/>\n<meta property=\"og:title\" content=\"Aberto o prazo de inscrici\u00f3n para o club de lectura da Biblioteca P\u00fablica Municipal da Guarda - Concello da Guarda\" \/>\n<meta property=\"og:description\" content=\"A Biblioteca P\u00fablica Municipal da Guarda ofrece este ano unha nova actividade de animaci\u00f3n \u00e1 lectura. No mes de outubro ter\u00e1 inicio un Club de Lectura Xuvenil de C\u00f3mics coordinado pola bibliotecaria municipal Mar\u00eda Soledad Diz, destinado a mozos e &hellip;\" \/>\n<meta property=\"og:url\" content=\"https:\/\/www.aguarda.es\/en\/np-10092018-aberto-o-prazo-de-inscricion-para-o-club-de-lectura-da-biblioteca-publica-municipal-da-guarda\/\" \/>\n<meta property=\"og:site_name\" content=\"Concello da Guarda\" \/>\n<meta property=\"article:publisher\" content=\"https:\/\/www.facebook.com\/ConcellodaGuarda\" \/>\n<meta property=\"article:published_time\" content=\"2018-09-10T12:10:15+00:00\" \/>\n<meta property=\"article:modified_time\" content=\"2018-09-10T12:32:40+00:00\" \/>\n<meta property=\"og:image\" content=\"https:\/\/www.aguarda.es\/wp-content\/uploads\/2018\/09\/NP-10092018-Aberto-o-prazo-de-inscrici\u00f3n-para-o-club-de-lectura-da-Biblioteca-P\u00fablica-Municipal-da-Guarda.jpg\" \/>\n\t<meta property=\"og:image:width\" content=\"800\" \/>\n\t<meta property=\"og:image:height\" content=\"1132\" \/>\n\t<meta property=\"og:image:type\" content=\"image\/jpeg\" \/>\n<meta name=\"author\" content=\"prensa\" \/>\n<meta name=\"twitter:card\" content=\"summary_large_image\" \/>\n<meta name=\"twitter:creator\" content=\"@AGuarda_es\" \/>\n<meta name=\"twitter:site\" content=\"@AGuarda_es\" \/>\n<meta name=\"twitter:label1\" content=\"Written by\" \/>\n\t<meta name=\"twitter:data1\" content=\"prensa\" \/>\n\t<meta name=\"twitter:label2\" content=\"Est. reading time\" \/>\n\t<meta name=\"twitter:data2\" content=\"1 minute\" \/>\n<script type=\"application\/ld+json\" class=\"yoast-schema-graph\">{\"@context\":\"https:\/\/schema.org\",\"@graph\":[{\"@type\":\"WebPage\",\"@id\":\"https:\/\/www.aguarda.es\/en\/np-10092018-aberto-o-prazo-de-inscricion-para-o-club-de-lectura-da-biblioteca-publica-municipal-da-guarda\/\",\"url\":\"https:\/\/www.aguarda.es\/en\/np-10092018-aberto-o-prazo-de-inscricion-para-o-club-de-lectura-da-biblioteca-publica-municipal-da-guarda\/\",\"name\":\"Aberto o prazo de inscrici\u00f3n para o club de lectura da Biblioteca P\u00fablica Municipal da Guarda - Concello da Guarda\",\"isPartOf\":{\"@id\":\"https:\/\/www.aguarda.es\/en\/#website\"},\"datePublished\":\"2018-09-10T12:10:15+00:00\",\"dateModified\":\"2018-09-10T12:32:40+00:00\",\"author\":{\"@id\":\"https:\/\/www.aguarda.es\/en\/#\/schema\/person\/c463ca3006858ffb349d11179d044f21\"},\"breadcrumb\":{\"@id\":\"https:\/\/www.aguarda.es\/en\/np-10092018-aberto-o-prazo-de-inscricion-para-o-club-de-lectura-da-biblioteca-publica-municipal-da-guarda\/#breadcrumb\"},\"inLanguage\":\"en-US\",\"potentialAction\":[{\"@type\":\"ReadAction\",\"target\":[\"https:\/\/www.aguarda.es\/en\/np-10092018-aberto-o-prazo-de-inscricion-para-o-club-de-lectura-da-biblioteca-publica-municipal-da-guarda\/\"]}]},{\"@type\":\"BreadcrumbList\",\"@id\":\"https:\/\/www.aguarda.es\/en\/np-10092018-aberto-o-prazo-de-inscricion-para-o-club-de-lectura-da-biblioteca-publica-municipal-da-guarda\/#breadcrumb\",\"itemListElement\":[{\"@type\":\"ListItem\",\"position\":1,\"name\":\"Portada\",\"item\":\"https:\/\/www.aguarda.es\/en\/\"},{\"@type\":\"ListItem\",\"position\":2,\"name\":\"Aberto o prazo de inscrici\u00f3n para o club de lectura da Biblioteca P\u00fablica Municipal da Guarda\"}]},{\"@type\":\"WebSite\",\"@id\":\"https:\/\/www.aguarda.es\/en\/#website\",\"url\":\"https:\/\/www.aguarda.es\/en\/\",\"name\":\"Concello da Guarda\",\"description\":\"P\u00e1xina web do concello da Guarda\",\"potentialAction\":[{\"@type\":\"SearchAction\",\"target\":{\"@type\":\"EntryPoint\",\"urlTemplate\":\"https:\/\/www.aguarda.es\/en\/?s={search_term_string}\"},\"query-input\":\"required name=search_term_string\"}],\"inLanguage\":\"en-US\"},{\"@type\":\"Person\",\"@id\":\"https:\/\/www.aguarda.es\/en\/#\/schema\/person\/c463ca3006858ffb349d11179d044f21\",\"name\":\"prensa\",\"image\":{\"@type\":\"ImageObject\",\"inLanguage\":\"en-US\",\"@id\":\"https:\/\/www.aguarda.es\/en\/#\/schema\/person\/image\/\",\"url\":\"https:\/\/secure.gravatar.com\/avatar\/5f90ef536b0f98306edf5c7a1135ffa1?s=96&d=mm&r=g\",\"contentUrl\":\"https:\/\/secure.gravatar.com\/avatar\/5f90ef536b0f98306edf5c7a1135ffa1?s=96&d=mm&r=g\",\"caption\":\"prensa\"},\"url\":\"https:\/\/www.aguarda.es\/en\/author\/prensa\/\"}]}<\/script>\n<!-- \/ Yoast SEO plugin. -->","yoast_head_json":{"title":"Aberto o prazo de inscrici\u00f3n para o club de lectura da Biblioteca P\u00fablica Municipal da Guarda - Concello da Guarda","robots":{"index":"index","follow":"follow","max-snippet":"max-snippet:-1","max-image-preview":"max-image-preview:large","max-video-preview":"max-video-preview:-1"},"canonical":"https:\/\/www.aguarda.es\/en\/np-10092018-aberto-o-prazo-de-inscricion-para-o-club-de-lectura-da-biblioteca-publica-municipal-da-guarda\/","og_locale":"en_US","og_type":"article","og_title":"Aberto o prazo de inscrici\u00f3n para o club de lectura da Biblioteca P\u00fablica Municipal da Guarda - Concello da Guarda","og_description":"A Biblioteca P\u00fablica Municipal da Guarda ofrece este ano unha nova actividade de animaci\u00f3n \u00e1 lectura. No mes de outubro ter\u00e1 inicio un Club de Lectura Xuvenil de C\u00f3mics coordinado pola bibliotecaria municipal Mar\u00eda Soledad Diz, destinado a mozos e &hellip;","og_url":"https:\/\/www.aguarda.es\/en\/np-10092018-aberto-o-prazo-de-inscricion-para-o-club-de-lectura-da-biblioteca-publica-municipal-da-guarda\/","og_site_name":"Concello da Guarda","article_publisher":"https:\/\/www.facebook.com\/ConcellodaGuarda","article_published_time":"2018-09-10T12:10:15+00:00","article_modified_time":"2018-09-10T12:32:40+00:00","og_image":[{"width":800,"height":1132,"url":"https:\/\/www.aguarda.es\/wp-content\/uploads\/2018\/09\/NP-10092018-Aberto-o-prazo-de-inscrici\u00f3n-para-o-club-de-lectura-da-Biblioteca-P\u00fablica-Municipal-da-Guarda.jpg","type":"image\/jpeg"}],"author":"prensa","twitter_card":"summary_large_image","twitter_creator":"@AGuarda_es","twitter_site":"@AGuarda_es","twitter_misc":{"Written by":"prensa","Est. reading time":"1 minute"},"schema":{"@context":"https:\/\/schema.org","@graph":[{"@type":"WebPage","@id":"https:\/\/www.aguarda.es\/en\/np-10092018-aberto-o-prazo-de-inscricion-para-o-club-de-lectura-da-biblioteca-publica-municipal-da-guarda\/","url":"https:\/\/www.aguarda.es\/en\/np-10092018-aberto-o-prazo-de-inscricion-para-o-club-de-lectura-da-biblioteca-publica-municipal-da-guarda\/","name":"Aberto o prazo de inscrici\u00f3n para o club de lectura da Biblioteca P\u00fablica Municipal da Guarda - Concello da Guarda","isPartOf":{"@id":"https:\/\/www.aguarda.es\/en\/#website"},"datePublished":"2018-09-10T12:10:15+00:00","dateModified":"2018-09-10T12:32:40+00:00","author":{"@id":"https:\/\/www.aguarda.es\/en\/#\/schema\/person\/c463ca3006858ffb349d11179d044f21"},"breadcrumb":{"@id":"https:\/\/www.aguarda.es\/en\/np-10092018-aberto-o-prazo-de-inscricion-para-o-club-de-lectura-da-biblioteca-publica-municipal-da-guarda\/#breadcrumb"},"inLanguage":"en-US","potentialAction":[{"@type":"ReadAction","target":["https:\/\/www.aguarda.es\/en\/np-10092018-aberto-o-prazo-de-inscricion-para-o-club-de-lectura-da-biblioteca-publica-municipal-da-guarda\/"]}]},{"@type":"BreadcrumbList","@id":"https:\/\/www.aguarda.es\/en\/np-10092018-aberto-o-prazo-de-inscricion-para-o-club-de-lectura-da-biblioteca-publica-municipal-da-guarda\/#breadcrumb","itemListElement":[{"@type":"ListItem","position":1,"name":"Portada","item":"https:\/\/www.aguarda.es\/en\/"},{"@type":"ListItem","position":2,"name":"Aberto o prazo de inscrici\u00f3n para o club de lectura da Biblioteca P\u00fablica Municipal da Guarda"}]},{"@type":"WebSite","@id":"https:\/\/www.aguarda.es\/en\/#website","url":"https:\/\/www.aguarda.es\/en\/","name":"Concello da Guarda","description":"P\u00e1xina web do concello da Guarda","potentialAction":[{"@type":"SearchAction","target":{"@type":"EntryPoint","urlTemplate":"https:\/\/www.aguarda.es\/en\/?s={search_term_string}"},"query-input":"required name=search_term_string"}],"inLanguage":"en-US"},{"@type":"Person","@id":"https:\/\/www.aguarda.es\/en\/#\/schema\/person\/c463ca3006858ffb349d11179d044f21","name":"prensa","image":{"@type":"ImageObject","inLanguage":"en-US","@id":"https:\/\/www.aguarda.es\/en\/#\/schema\/person\/image\/","url":"https:\/\/secure.gravatar.com\/avatar\/5f90ef536b0f98306edf5c7a1135ffa1?s=96&d=mm&r=g","contentUrl":"https:\/\/secure.gravatar.com\/avatar\/5f90ef536b0f98306edf5c7a1135ffa1?s=96&d=mm&r=g","caption":"prensa"},"url":"https:\/\/www.aguarda.es\/en\/author\/prensa\/"}]}},"_links":{"self":[{"href":"https:\/\/www.aguarda.es\/en\/wp-json\/wp\/v2\/posts\/15092"}],"collection":[{"href":"https:\/\/www.aguarda.es\/en\/wp-json\/wp\/v2\/posts"}],"about":[{"href":"https:\/\/www.aguarda.es\/en\/wp-json\/wp\/v2\/types\/post"}],"author":[{"embeddable":true,"href":"https:\/\/www.aguarda.es\/en\/wp-json\/wp\/v2\/users\/2"}],"replies":[{"embeddable":true,"href":"https:\/\/www.aguarda.es\/en\/wp-json\/wp\/v2\/comments?post=15092"}],"version-history":[{"count":2,"href":"https:\/\/www.aguarda.es\/en\/wp-json\/wp\/v2\/posts\/15092\/revisions"}],"predecessor-version":[{"id":15097,"href":"https:\/\/www.aguarda.es\/en\/wp-json\/wp\/v2\/posts\/15092\/revisions\/15097"}],"wp:featuredmedia":[{"embeddable":true,"href":"https:\/\/www.aguarda.es\/en\/wp-json\/wp\/v2\/media\/15093"}],"wp:attachment":[{"href":"https:\/\/www.aguarda.es\/en\/wp-json\/wp\/v2\/media?parent=15092"}],"wp:term":[{"taxonomy":"category","embeddable":true,"href":"https:\/\/www.aguarda.es\/en\/wp-json\/wp\/v2\/categories?post=15092"},{"taxonomy":"post_tag","embeddable":true,"href":"https:\/\/www.aguarda.es\/en\/wp-json\/wp\/v2\/tags?post=15092"}],"curies":[{"name":"wp","href":"https:\/\/api.w.org\/{rel}","templated":true}]}}