{"id":15102,"date":"2018-09-10T12:55:15","date_gmt":"2018-09-10T12:55:15","guid":{"rendered":"https:\/\/www.aguarda.es\/?p=15102"},"modified":"2018-09-10T12:57:26","modified_gmt":"2018-09-10T12:57:26","slug":"todo-a-punto-para-o-inicio-do-novo-curso-escolar-na-guarda","status":"publish","type":"post","link":"https:\/\/www.aguarda.es\/en\/todo-a-punto-para-o-inicio-do-novo-curso-escolar-na-guarda\/","title":{"rendered":"Todo a punto para o inicio do novo curso escolar na Guarda"},"content":{"rendered":"<p style=\"text-align: justify\">O Concello da Guarda ven de rematar os traballos de mantemento e posta a punto dos 4 centros educativos p\u00fablicos baixo responsabilidade do Concello, o Colexio da Sangri\u00f1a, o Colexio das Solanas, o Colexio MR Sinde e a escola unitaria de A G\u00e1ndara.<\/p>\n<p style=\"text-align: justify\">Durante todo o ver\u00e1n un operario municipal traballou nestes catro centros en diferentes tarefas de mantemento como o pintado de aulas, revisi\u00f3n das instalaci\u00f3ns el\u00e9ctricas, revisi\u00f3n e posta a punto das grifer\u00edas e dos ba\u00f1os e aseos, reparaci\u00f3n das tarimas de madeira das aulas, substituci\u00f3n de pasam\u00e1ns, limpeza de patios e xard\u00edns exteriores, as\u00ed como a instalaci\u00f3ns de novos corchos nas paredes, recheo de areeiros dos patios ou a reposici\u00f3n de tellas rotas dos tellados dalg\u00fans centros.<\/p>\n<p style=\"text-align: center\"><img decoding=\"async\" loading=\"lazy\" class=\"aligncenter size-full wp-image-15105\" src=\"https:\/\/www.aguarda.es\/wp-content\/uploads\/2018\/09\/NP-10092018-Todo-a-punto-para-o-inicio-do-novo-curso-escolar-na-Guarda-3.jpg\" alt=\"O Concello da Guarda ven de rematar os traballos de mantemento e posta a punto dos 4 centro educativos p\u00fablicos baixo responsabilidade do Concello, o Colexio da Sangri\u00f1a, o Colexio das Solanas, o Colexio MR Sinde e a escola unitaria de A G\u00e1ndara.\" width=\"800\" height=\"600\" srcset=\"https:\/\/www.aguarda.es\/wp-content\/uploads\/2018\/09\/NP-10092018-Todo-a-punto-para-o-inicio-do-novo-curso-escolar-na-Guarda-3.jpg 800w, https:\/\/www.aguarda.es\/wp-content\/uploads\/2018\/09\/NP-10092018-Todo-a-punto-para-o-inicio-do-novo-curso-escolar-na-Guarda-3-300x225.jpg 300w, https:\/\/www.aguarda.es\/wp-content\/uploads\/2018\/09\/NP-10092018-Todo-a-punto-para-o-inicio-do-novo-curso-escolar-na-Guarda-3-768x576.jpg 768w, https:\/\/www.aguarda.es\/wp-content\/uploads\/2018\/09\/NP-10092018-Todo-a-punto-para-o-inicio-do-novo-curso-escolar-na-Guarda-3-570x428.jpg 570w\" sizes=\"(max-width: 800px) 100vw, 800px\" \/> <img decoding=\"async\" loading=\"lazy\" class=\"aligncenter size-full wp-image-15104\" src=\"https:\/\/www.aguarda.es\/wp-content\/uploads\/2018\/09\/NP-10092018-Todo-a-punto-para-o-inicio-do-novo-curso-escolar-na-Guarda-2.jpg\" alt=\"O Concello da Guarda ven de rematar os traballos de mantemento e posta a punto dos 4 centro educativos p\u00fablicos baixo responsabilidade do Concello, o Colexio da Sangri\u00f1a, o Colexio das Solanas, o Colexio MR Sinde e a escola unitaria de A G\u00e1ndara.\" width=\"800\" height=\"600\" srcset=\"https:\/\/www.aguarda.es\/wp-content\/uploads\/2018\/09\/NP-10092018-Todo-a-punto-para-o-inicio-do-novo-curso-escolar-na-Guarda-2.jpg 800w, https:\/\/www.aguarda.es\/wp-content\/uploads\/2018\/09\/NP-10092018-Todo-a-punto-para-o-inicio-do-novo-curso-escolar-na-Guarda-2-300x225.jpg 300w, https:\/\/www.aguarda.es\/wp-content\/uploads\/2018\/09\/NP-10092018-Todo-a-punto-para-o-inicio-do-novo-curso-escolar-na-Guarda-2-768x576.jpg 768w, https:\/\/www.aguarda.es\/wp-content\/uploads\/2018\/09\/NP-10092018-Todo-a-punto-para-o-inicio-do-novo-curso-escolar-na-Guarda-2-570x428.jpg 570w\" sizes=\"(max-width: 800px) 100vw, 800px\" \/><\/p>\n<p style=\"text-align: justify\">Dende a Conceller\u00eda de Educaci\u00f3n do Concello da Guarda f\u00edxose un esforzo extraordinario para que os alumnos e alumnas atopen os seus respectivos centros educativos nas mellores condici\u00f3ns para iniciar este novo curso escolar.<\/p>\n<p style=\"text-align: justify\">Dende o Concello da Guarda rec\u00f3rdase \u00e1 Delegaci\u00f3n territorial de Pontevedra da Conseller\u00eda de Educaci\u00f3n da Xunta de Galicia que non \u00e9 competencia do Concello realizar obras maiores nestes centros e que se deben de atender estas demandas para o benestar dos alumnos e alumnas guardeses. No d\u00eda de hoxe inici\u00e1ronse as obras de reparaci\u00f3n do muro exterior do Colexio das Solanas, unhas obras que non son de mantemento, polo que deber\u00edan de ser acometidas pola citada instituci\u00f3n, pero que as est\u00e1 levando a cabo o Concello ante o inicio do novo curso escolar, e despois de non solventarse nin ter contestaci\u00f3n para unha soluci\u00f3n nos pasados meses. Do mesmo xeito recl\u00e1mase dende o Concello da Guarda melloras no acondicionamento dos ba\u00f1os e aseos do CEIP As Solanas, o arranxo o substituci\u00f3n da cuberta do patio do Colexio MR Sinde, as\u00ed como a adecuaci\u00f3n dun ba\u00f1o\/aseo do CEIP da Sangri\u00f1a, recordando que se trata, na s\u00faa maior\u00eda de centros con m\u00e1is de 25 anos de antig\u00fcidade, e que precisan de estas importantes obras, destacando a falla de inversi\u00f3n nos centros educativos do municipio por parte de Educaci\u00f3n, cando noutros termos municipais da bisbarra si que se inviste m\u00e1is di\u00f1eiro p\u00fablico, quedando os centros educativos guardeses abandoados pola Conseller\u00eda de Educaci\u00f3n.<\/p>\n<p style=\"text-align: center\"><img decoding=\"async\" loading=\"lazy\" class=\"aligncenter size-full wp-image-15103\" src=\"https:\/\/www.aguarda.es\/wp-content\/uploads\/2018\/09\/NP-10092018-Todo-a-punto-para-o-inicio-do-novo-curso-escolar-na-Guarda-1.jpg\" alt=\"O Concello da Guarda ven de rematar os traballos de mantemento e posta a punto dos 4 centro educativos p\u00fablicos baixo responsabilidade do Concello, o Colexio da Sangri\u00f1a, o Colexio das Solanas, o Colexio MR Sinde e a escola unitaria de A G\u00e1ndara.\" width=\"800\" height=\"600\" srcset=\"https:\/\/www.aguarda.es\/wp-content\/uploads\/2018\/09\/NP-10092018-Todo-a-punto-para-o-inicio-do-novo-curso-escolar-na-Guarda-1.jpg 800w, https:\/\/www.aguarda.es\/wp-content\/uploads\/2018\/09\/NP-10092018-Todo-a-punto-para-o-inicio-do-novo-curso-escolar-na-Guarda-1-300x225.jpg 300w, https:\/\/www.aguarda.es\/wp-content\/uploads\/2018\/09\/NP-10092018-Todo-a-punto-para-o-inicio-do-novo-curso-escolar-na-Guarda-1-768x576.jpg 768w, https:\/\/www.aguarda.es\/wp-content\/uploads\/2018\/09\/NP-10092018-Todo-a-punto-para-o-inicio-do-novo-curso-escolar-na-Guarda-1-570x428.jpg 570w\" sizes=\"(max-width: 800px) 100vw, 800px\" \/><\/p>\n","protected":false},"excerpt":{"rendered":"<p>O Concello da Guarda ven de rematar os traballos de mantemento e posta a punto dos 4 centros educativos p\u00fablicos baixo responsabilidade do Concello, o Colexio da Sangri\u00f1a, o Colexio das Solanas, o Colexio MR Sinde e a escola unitaria &hellip; <\/p>\n","protected":false},"author":2,"featured_media":15106,"comment_status":"open","ping_status":"open","sticky":false,"template":"","format":"standard","meta":[],"categories":[37],"tags":[226,1443,1442,1444,237],"yoast_head":"<!-- This site is optimized with the Yoast SEO plugin v21.1 - https:\/\/yoast.com\/wordpress\/plugins\/seo\/ -->\n<title>Todo a punto para o inicio do novo curso escolar na Guarda - Concello da Guarda<\/title>\n<meta name=\"robots\" content=\"index, follow, max-snippet:-1, max-image-preview:large, max-video-preview:-1\" \/>\n<link rel=\"canonical\" href=\"https:\/\/www.aguarda.es\/en\/todo-a-punto-para-o-inicio-do-novo-curso-escolar-na-guarda\/\" \/>\n<meta property=\"og:locale\" content=\"en_US\" \/>\n<meta property=\"og:type\" content=\"article\" \/>\n<meta property=\"og:title\" content=\"Todo a punto para o inicio do novo curso escolar na Guarda - Concello da Guarda\" \/>\n<meta property=\"og:description\" content=\"O Concello da Guarda ven de rematar os traballos de mantemento e posta a punto dos 4 centros educativos p\u00fablicos baixo responsabilidade do Concello, o Colexio da Sangri\u00f1a, o Colexio das Solanas, o Colexio MR Sinde e a escola unitaria &hellip;\" \/>\n<meta property=\"og:url\" content=\"https:\/\/www.aguarda.es\/en\/todo-a-punto-para-o-inicio-do-novo-curso-escolar-na-guarda\/\" \/>\n<meta property=\"og:site_name\" content=\"Concello da Guarda\" \/>\n<meta property=\"article:publisher\" content=\"https:\/\/www.facebook.com\/ConcellodaGuarda\" \/>\n<meta property=\"article:published_time\" content=\"2018-09-10T12:55:15+00:00\" \/>\n<meta property=\"article:modified_time\" content=\"2018-09-10T12:57:26+00:00\" \/>\n<meta property=\"og:image\" content=\"https:\/\/www.aguarda.es\/wp-content\/uploads\/2018\/09\/NP-10092018-Todo-a-punto-para-o-inicio-do-novo-curso-escolar-na-Guarda-4.jpg\" \/>\n\t<meta property=\"og:image:width\" content=\"800\" \/>\n\t<meta property=\"og:image:height\" content=\"600\" \/>\n\t<meta property=\"og:image:type\" content=\"image\/jpeg\" \/>\n<meta name=\"author\" content=\"prensa\" \/>\n<meta name=\"twitter:card\" content=\"summary_large_image\" \/>\n<meta name=\"twitter:creator\" content=\"@AGuarda_es\" \/>\n<meta name=\"twitter:site\" content=\"@AGuarda_es\" \/>\n<meta name=\"twitter:label1\" content=\"Written by\" \/>\n\t<meta name=\"twitter:data1\" content=\"prensa\" \/>\n\t<meta name=\"twitter:label2\" content=\"Est. reading time\" \/>\n\t<meta name=\"twitter:data2\" content=\"2 minutes\" \/>\n<script type=\"application\/ld+json\" class=\"yoast-schema-graph\">{\"@context\":\"https:\/\/schema.org\",\"@graph\":[{\"@type\":\"WebPage\",\"@id\":\"https:\/\/www.aguarda.es\/en\/todo-a-punto-para-o-inicio-do-novo-curso-escolar-na-guarda\/\",\"url\":\"https:\/\/www.aguarda.es\/en\/todo-a-punto-para-o-inicio-do-novo-curso-escolar-na-guarda\/\",\"name\":\"Todo a punto para o inicio do novo curso escolar na Guarda - Concello da Guarda\",\"isPartOf\":{\"@id\":\"https:\/\/www.aguarda.es\/en\/#website\"},\"datePublished\":\"2018-09-10T12:55:15+00:00\",\"dateModified\":\"2018-09-10T12:57:26+00:00\",\"author\":{\"@id\":\"https:\/\/www.aguarda.es\/en\/#\/schema\/person\/c463ca3006858ffb349d11179d044f21\"},\"breadcrumb\":{\"@id\":\"https:\/\/www.aguarda.es\/en\/todo-a-punto-para-o-inicio-do-novo-curso-escolar-na-guarda\/#breadcrumb\"},\"inLanguage\":\"en-US\",\"potentialAction\":[{\"@type\":\"ReadAction\",\"target\":[\"https:\/\/www.aguarda.es\/en\/todo-a-punto-para-o-inicio-do-novo-curso-escolar-na-guarda\/\"]}]},{\"@type\":\"BreadcrumbList\",\"@id\":\"https:\/\/www.aguarda.es\/en\/todo-a-punto-para-o-inicio-do-novo-curso-escolar-na-guarda\/#breadcrumb\",\"itemListElement\":[{\"@type\":\"ListItem\",\"position\":1,\"name\":\"Portada\",\"item\":\"https:\/\/www.aguarda.es\/en\/\"},{\"@type\":\"ListItem\",\"position\":2,\"name\":\"Todo a punto para o inicio do novo curso escolar na Guarda\"}]},{\"@type\":\"WebSite\",\"@id\":\"https:\/\/www.aguarda.es\/en\/#website\",\"url\":\"https:\/\/www.aguarda.es\/en\/\",\"name\":\"Concello da Guarda\",\"description\":\"P\u00e1xina web do concello da Guarda\",\"potentialAction\":[{\"@type\":\"SearchAction\",\"target\":{\"@type\":\"EntryPoint\",\"urlTemplate\":\"https:\/\/www.aguarda.es\/en\/?s={search_term_string}\"},\"query-input\":\"required name=search_term_string\"}],\"inLanguage\":\"en-US\"},{\"@type\":\"Person\",\"@id\":\"https:\/\/www.aguarda.es\/en\/#\/schema\/person\/c463ca3006858ffb349d11179d044f21\",\"name\":\"prensa\",\"image\":{\"@type\":\"ImageObject\",\"inLanguage\":\"en-US\",\"@id\":\"https:\/\/www.aguarda.es\/en\/#\/schema\/person\/image\/\",\"url\":\"https:\/\/secure.gravatar.com\/avatar\/5f90ef536b0f98306edf5c7a1135ffa1?s=96&d=mm&r=g\",\"contentUrl\":\"https:\/\/secure.gravatar.com\/avatar\/5f90ef536b0f98306edf5c7a1135ffa1?s=96&d=mm&r=g\",\"caption\":\"prensa\"},\"url\":\"https:\/\/www.aguarda.es\/en\/author\/prensa\/\"}]}<\/script>\n<!-- \/ Yoast SEO plugin. -->","yoast_head_json":{"title":"Todo a punto para o inicio do novo curso escolar na Guarda - Concello da Guarda","robots":{"index":"index","follow":"follow","max-snippet":"max-snippet:-1","max-image-preview":"max-image-preview:large","max-video-preview":"max-video-preview:-1"},"canonical":"https:\/\/www.aguarda.es\/en\/todo-a-punto-para-o-inicio-do-novo-curso-escolar-na-guarda\/","og_locale":"en_US","og_type":"article","og_title":"Todo a punto para o inicio do novo curso escolar na Guarda - Concello da Guarda","og_description":"O Concello da Guarda ven de rematar os traballos de mantemento e posta a punto dos 4 centros educativos p\u00fablicos baixo responsabilidade do Concello, o Colexio da Sangri\u00f1a, o Colexio das Solanas, o Colexio MR Sinde e a escola unitaria &hellip;","og_url":"https:\/\/www.aguarda.es\/en\/todo-a-punto-para-o-inicio-do-novo-curso-escolar-na-guarda\/","og_site_name":"Concello da Guarda","article_publisher":"https:\/\/www.facebook.com\/ConcellodaGuarda","article_published_time":"2018-09-10T12:55:15+00:00","article_modified_time":"2018-09-10T12:57:26+00:00","og_image":[{"width":800,"height":600,"url":"https:\/\/www.aguarda.es\/wp-content\/uploads\/2018\/09\/NP-10092018-Todo-a-punto-para-o-inicio-do-novo-curso-escolar-na-Guarda-4.jpg","type":"image\/jpeg"}],"author":"prensa","twitter_card":"summary_large_image","twitter_creator":"@AGuarda_es","twitter_site":"@AGuarda_es","twitter_misc":{"Written by":"prensa","Est. reading time":"2 minutes"},"schema":{"@context":"https:\/\/schema.org","@graph":[{"@type":"WebPage","@id":"https:\/\/www.aguarda.es\/en\/todo-a-punto-para-o-inicio-do-novo-curso-escolar-na-guarda\/","url":"https:\/\/www.aguarda.es\/en\/todo-a-punto-para-o-inicio-do-novo-curso-escolar-na-guarda\/","name":"Todo a punto para o inicio do novo curso escolar na Guarda - Concello da Guarda","isPartOf":{"@id":"https:\/\/www.aguarda.es\/en\/#website"},"datePublished":"2018-09-10T12:55:15+00:00","dateModified":"2018-09-10T12:57:26+00:00","author":{"@id":"https:\/\/www.aguarda.es\/en\/#\/schema\/person\/c463ca3006858ffb349d11179d044f21"},"breadcrumb":{"@id":"https:\/\/www.aguarda.es\/en\/todo-a-punto-para-o-inicio-do-novo-curso-escolar-na-guarda\/#breadcrumb"},"inLanguage":"en-US","potentialAction":[{"@type":"ReadAction","target":["https:\/\/www.aguarda.es\/en\/todo-a-punto-para-o-inicio-do-novo-curso-escolar-na-guarda\/"]}]},{"@type":"BreadcrumbList","@id":"https:\/\/www.aguarda.es\/en\/todo-a-punto-para-o-inicio-do-novo-curso-escolar-na-guarda\/#breadcrumb","itemListElement":[{"@type":"ListItem","position":1,"name":"Portada","item":"https:\/\/www.aguarda.es\/en\/"},{"@type":"ListItem","position":2,"name":"Todo a punto para o inicio do novo curso escolar na Guarda"}]},{"@type":"WebSite","@id":"https:\/\/www.aguarda.es\/en\/#website","url":"https:\/\/www.aguarda.es\/en\/","name":"Concello da Guarda","description":"P\u00e1xina web do concello da Guarda","potentialAction":[{"@type":"SearchAction","target":{"@type":"EntryPoint","urlTemplate":"https:\/\/www.aguarda.es\/en\/?s={search_term_string}"},"query-input":"required name=search_term_string"}],"inLanguage":"en-US"},{"@type":"Person","@id":"https:\/\/www.aguarda.es\/en\/#\/schema\/person\/c463ca3006858ffb349d11179d044f21","name":"prensa","image":{"@type":"ImageObject","inLanguage":"en-US","@id":"https:\/\/www.aguarda.es\/en\/#\/schema\/person\/image\/","url":"https:\/\/secure.gravatar.com\/avatar\/5f90ef536b0f98306edf5c7a1135ffa1?s=96&d=mm&r=g","contentUrl":"https:\/\/secure.gravatar.com\/avatar\/5f90ef536b0f98306edf5c7a1135ffa1?s=96&d=mm&r=g","caption":"prensa"},"url":"https:\/\/www.aguarda.es\/en\/author\/prensa\/"}]}},"_links":{"self":[{"href":"https:\/\/www.aguarda.es\/en\/wp-json\/wp\/v2\/posts\/15102"}],"collection":[{"href":"https:\/\/www.aguarda.es\/en\/wp-json\/wp\/v2\/posts"}],"about":[{"href":"https:\/\/www.aguarda.es\/en\/wp-json\/wp\/v2\/types\/post"}],"author":[{"embeddable":true,"href":"https:\/\/www.aguarda.es\/en\/wp-json\/wp\/v2\/users\/2"}],"replies":[{"embeddable":true,"href":"https:\/\/www.aguarda.es\/en\/wp-json\/wp\/v2\/comments?post=15102"}],"version-history":[{"count":2,"href":"https:\/\/www.aguarda.es\/en\/wp-json\/wp\/v2\/posts\/15102\/revisions"}],"predecessor-version":[{"id":15108,"href":"https:\/\/www.aguarda.es\/en\/wp-json\/wp\/v2\/posts\/15102\/revisions\/15108"}],"wp:featuredmedia":[{"embeddable":true,"href":"https:\/\/www.aguarda.es\/en\/wp-json\/wp\/v2\/media\/15106"}],"wp:attachment":[{"href":"https:\/\/www.aguarda.es\/en\/wp-json\/wp\/v2\/media?parent=15102"}],"wp:term":[{"taxonomy":"category","embeddable":true,"href":"https:\/\/www.aguarda.es\/en\/wp-json\/wp\/v2\/categories?post=15102"},{"taxonomy":"post_tag","embeddable":true,"href":"https:\/\/www.aguarda.es\/en\/wp-json\/wp\/v2\/tags?post=15102"}],"curies":[{"name":"wp","href":"https:\/\/api.w.org\/{rel}","templated":true}]}}