{"id":15154,"date":"2018-09-13T11:00:34","date_gmt":"2018-09-13T11:00:34","guid":{"rendered":"https:\/\/www.aguarda.es\/?p=15154"},"modified":"2018-09-13T11:02:07","modified_gmt":"2018-09-13T11:02:07","slug":"aberto-o-prazo-de-exposicion-publica-do-inventario-municipal-na-guarda","status":"publish","type":"post","link":"https:\/\/www.aguarda.es\/en\/aberto-o-prazo-de-exposicion-publica-do-inventario-municipal-na-guarda\/","title":{"rendered":"Aberto o prazo de exposici\u00f3n p\u00fablica do Inventario Municipal na Guarda"},"content":{"rendered":"<p style=\"text-align: justify\">O Concello da Guarda avanza na realizaci\u00f3n do inventario de bens municipais a trav\u00e9s dunha aplicaci\u00f3n inform\u00e1tica de acceso e consulta dun xeito sinxelo e \u00e1xil da totalidade dos bens de propiedade municipal, realizada pola empresa Procat Ingenier\u00eda y Medioambiente SL.<\/p>\n<p style=\"text-align: justify\">No d\u00eda de hoxe, 13 de setembro, sa\u00edu publicado no BOPPO o anuncio de exposici\u00f3n p\u00fablica do expediente de rectificaci\u00f3n deste proxecto e que abrangue 20 d\u00edas h\u00e1biles, ata o 15 de outubro, para que sexan presentadas as alegaci\u00f3ns ou reclamaci\u00f3ns ao mesmo. O horario de visita e consulta deste inventario \u00e9 de luns a venres de 9:00h a 14:00h na Sala de Reuni\u00f3ns do 1\u00ba andar da Casa dos Alonsos.<\/p>\n<p style=\"text-align: justify\">Esta aplicaci\u00f3n inform\u00e1tica recolle fincas, edificios, estradas, cami\u00f1os\u2026 para que o persoal municipal te\u00f1a un acceso directo a esta informaci\u00f3n, necesaria case a diario para a emisi\u00f3ns de certificados das titularidades dos bens, cando se realizan tarefas sobre os mesmos e \u00e1 hora da xustificaci\u00f3n de subvenci\u00f3ns, axudas e outras xesti\u00f3ns municipais.<\/p>\n<p style=\"text-align: justify\">Nesta aplicaci\u00f3n inform\u00e1tica contase coa posibilidade de constru\u00edr unha base de datos con t\u00f3dolos rexistros que se desexen inclu\u00edr e xestionar deste modo o mantemento dos activos do inventario, coa particularidade que toda a informaci\u00f3n pode ser tratada xeograficamente, filtrado de informaci\u00f3n segundo as necesidades, clasificaci\u00f3n dos bens por ep\u00edgrafes, emisi\u00f3n de certificados, entre outras posibilidades.<\/p>\n<p style=\"text-align: center\"><img decoding=\"async\" loading=\"lazy\" class=\"aligncenter size-full wp-image-15155\" src=\"https:\/\/www.aguarda.es\/wp-content\/uploads\/2018\/09\/NP-13092018-Aberto-o-prazo-de-exposici\u00f3n-p\u00fablica-do-Inventario-Municipal-na-Guarda-2.jpg\" alt=\"O Concello da Guarda avanza na realizaci\u00f3n do inventario de bens municipais a trav\u00e9s dunha aplicaci\u00f3n inform\u00e1tica de acceso e consulta dun xeito sinxelo e \u00e1xil da totalidade dos bens de propiedade municipal, realizada pola empresa Procat Ingenier\u00eda y Medioambiente SL.\" width=\"800\" height=\"417\" srcset=\"https:\/\/www.aguarda.es\/wp-content\/uploads\/2018\/09\/NP-13092018-Aberto-o-prazo-de-exposici\u00f3n-p\u00fablica-do-Inventario-Municipal-na-Guarda-2.jpg 800w, https:\/\/www.aguarda.es\/wp-content\/uploads\/2018\/09\/NP-13092018-Aberto-o-prazo-de-exposici\u00f3n-p\u00fablica-do-Inventario-Municipal-na-Guarda-2-300x156.jpg 300w, https:\/\/www.aguarda.es\/wp-content\/uploads\/2018\/09\/NP-13092018-Aberto-o-prazo-de-exposici\u00f3n-p\u00fablica-do-Inventario-Municipal-na-Guarda-2-768x400.jpg 768w, https:\/\/www.aguarda.es\/wp-content\/uploads\/2018\/09\/NP-13092018-Aberto-o-prazo-de-exposici\u00f3n-p\u00fablica-do-Inventario-Municipal-na-Guarda-2-570x297.jpg 570w\" sizes=\"(max-width: 800px) 100vw, 800px\" \/><\/p>\n<p style=\"text-align: justify\">O desenvolvemento desta actuaci\u00f3n real\u00edzase en 5 fases de actuaci\u00f3ns, cun tempo total de 12 meses.<\/p>\n<p style=\"text-align: justify\">Para a s\u00faa posta en marcha, xa se realizou a aprobaci\u00f3n inicial no pleno municipal do pasado 30 de xullo, o presente anuncio no BOP e o prazo de exposici\u00f3n p\u00fablica e alegaci\u00f3ns. Unha vez resoltas as posibles alegaci\u00f3ns, se levar\u00eda novamente a pleno para s\u00faa aprobaci\u00f3n definitiva. A lexislaci\u00f3n vixente establece que o inventario de bens municipais debe de actualizarse anualmente, inclu\u00edndo aquelas modificaci\u00f3ns, ou altas e baixas segundo correspondan.<\/p>\n<p style=\"text-align: justify\">Esta actuaci\u00f3n est\u00e1 subvencionada con cargo ao Plan Concellos da Deputaci\u00f3n de Pontevedra por un importe de 21.538\u20ac<\/p>\n","protected":false},"excerpt":{"rendered":"<p>O Concello da Guarda avanza na realizaci\u00f3n do inventario de bens municipais a trav\u00e9s dunha aplicaci\u00f3n inform\u00e1tica de acceso e consulta dun xeito sinxelo e \u00e1xil da totalidade dos bens de propiedade municipal, realizada pola empresa Procat Ingenier\u00eda y Medioambiente &hellip; <\/p>\n","protected":false},"author":2,"featured_media":15156,"comment_status":"open","ping_status":"open","sticky":false,"template":"","format":"standard","meta":[],"categories":[33],"tags":[226,1453,1452],"yoast_head":"<!-- This site is optimized with the Yoast SEO plugin v21.1 - https:\/\/yoast.com\/wordpress\/plugins\/seo\/ -->\n<title>Aberto o prazo de exposici\u00f3n p\u00fablica do Inventario Municipal na Guarda - Concello da Guarda<\/title>\n<meta name=\"robots\" content=\"index, follow, max-snippet:-1, max-image-preview:large, max-video-preview:-1\" \/>\n<link rel=\"canonical\" href=\"https:\/\/www.aguarda.es\/en\/aberto-o-prazo-de-exposicion-publica-do-inventario-municipal-na-guarda\/\" \/>\n<meta property=\"og:locale\" content=\"en_US\" \/>\n<meta property=\"og:type\" content=\"article\" \/>\n<meta property=\"og:title\" content=\"Aberto o prazo de exposici\u00f3n p\u00fablica do Inventario Municipal na Guarda - Concello da Guarda\" \/>\n<meta property=\"og:description\" content=\"O Concello da Guarda avanza na realizaci\u00f3n do inventario de bens municipais a trav\u00e9s dunha aplicaci\u00f3n inform\u00e1tica de acceso e consulta dun xeito sinxelo e \u00e1xil da totalidade dos bens de propiedade municipal, realizada pola empresa Procat Ingenier\u00eda y Medioambiente &hellip;\" \/>\n<meta property=\"og:url\" content=\"https:\/\/www.aguarda.es\/en\/aberto-o-prazo-de-exposicion-publica-do-inventario-municipal-na-guarda\/\" \/>\n<meta property=\"og:site_name\" content=\"Concello da Guarda\" \/>\n<meta property=\"article:publisher\" content=\"https:\/\/www.facebook.com\/ConcellodaGuarda\" \/>\n<meta property=\"article:published_time\" content=\"2018-09-13T11:00:34+00:00\" \/>\n<meta property=\"article:modified_time\" content=\"2018-09-13T11:02:07+00:00\" \/>\n<meta property=\"og:image\" content=\"https:\/\/www.aguarda.es\/wp-content\/uploads\/2018\/09\/NP-13092018-Aberto-o-prazo-de-exposici\u00f3n-p\u00fablica-do-Inventario-Municipal-na-Guarda-1.jpg\" \/>\n\t<meta property=\"og:image:width\" content=\"800\" \/>\n\t<meta property=\"og:image:height\" content=\"417\" \/>\n\t<meta property=\"og:image:type\" content=\"image\/jpeg\" \/>\n<meta name=\"author\" content=\"prensa\" \/>\n<meta name=\"twitter:card\" content=\"summary_large_image\" \/>\n<meta name=\"twitter:creator\" content=\"@AGuarda_es\" \/>\n<meta name=\"twitter:site\" content=\"@AGuarda_es\" \/>\n<meta name=\"twitter:label1\" content=\"Written by\" \/>\n\t<meta name=\"twitter:data1\" content=\"prensa\" \/>\n\t<meta name=\"twitter:label2\" content=\"Est. reading time\" \/>\n\t<meta name=\"twitter:data2\" content=\"2 minutes\" \/>\n<script type=\"application\/ld+json\" class=\"yoast-schema-graph\">{\"@context\":\"https:\/\/schema.org\",\"@graph\":[{\"@type\":\"WebPage\",\"@id\":\"https:\/\/www.aguarda.es\/en\/aberto-o-prazo-de-exposicion-publica-do-inventario-municipal-na-guarda\/\",\"url\":\"https:\/\/www.aguarda.es\/en\/aberto-o-prazo-de-exposicion-publica-do-inventario-municipal-na-guarda\/\",\"name\":\"Aberto o prazo de exposici\u00f3n p\u00fablica do Inventario Municipal na Guarda - Concello da Guarda\",\"isPartOf\":{\"@id\":\"https:\/\/www.aguarda.es\/en\/#website\"},\"datePublished\":\"2018-09-13T11:00:34+00:00\",\"dateModified\":\"2018-09-13T11:02:07+00:00\",\"author\":{\"@id\":\"https:\/\/www.aguarda.es\/en\/#\/schema\/person\/c463ca3006858ffb349d11179d044f21\"},\"breadcrumb\":{\"@id\":\"https:\/\/www.aguarda.es\/en\/aberto-o-prazo-de-exposicion-publica-do-inventario-municipal-na-guarda\/#breadcrumb\"},\"inLanguage\":\"en-US\",\"potentialAction\":[{\"@type\":\"ReadAction\",\"target\":[\"https:\/\/www.aguarda.es\/en\/aberto-o-prazo-de-exposicion-publica-do-inventario-municipal-na-guarda\/\"]}]},{\"@type\":\"BreadcrumbList\",\"@id\":\"https:\/\/www.aguarda.es\/en\/aberto-o-prazo-de-exposicion-publica-do-inventario-municipal-na-guarda\/#breadcrumb\",\"itemListElement\":[{\"@type\":\"ListItem\",\"position\":1,\"name\":\"Portada\",\"item\":\"https:\/\/www.aguarda.es\/en\/\"},{\"@type\":\"ListItem\",\"position\":2,\"name\":\"Aberto o prazo de exposici\u00f3n p\u00fablica do Inventario Municipal na Guarda\"}]},{\"@type\":\"WebSite\",\"@id\":\"https:\/\/www.aguarda.es\/en\/#website\",\"url\":\"https:\/\/www.aguarda.es\/en\/\",\"name\":\"Concello da Guarda\",\"description\":\"P\u00e1xina web do concello da Guarda\",\"potentialAction\":[{\"@type\":\"SearchAction\",\"target\":{\"@type\":\"EntryPoint\",\"urlTemplate\":\"https:\/\/www.aguarda.es\/en\/?s={search_term_string}\"},\"query-input\":\"required name=search_term_string\"}],\"inLanguage\":\"en-US\"},{\"@type\":\"Person\",\"@id\":\"https:\/\/www.aguarda.es\/en\/#\/schema\/person\/c463ca3006858ffb349d11179d044f21\",\"name\":\"prensa\",\"image\":{\"@type\":\"ImageObject\",\"inLanguage\":\"en-US\",\"@id\":\"https:\/\/www.aguarda.es\/en\/#\/schema\/person\/image\/\",\"url\":\"https:\/\/secure.gravatar.com\/avatar\/5f90ef536b0f98306edf5c7a1135ffa1?s=96&d=mm&r=g\",\"contentUrl\":\"https:\/\/secure.gravatar.com\/avatar\/5f90ef536b0f98306edf5c7a1135ffa1?s=96&d=mm&r=g\",\"caption\":\"prensa\"},\"url\":\"https:\/\/www.aguarda.es\/en\/author\/prensa\/\"}]}<\/script>\n<!-- \/ Yoast SEO plugin. -->","yoast_head_json":{"title":"Aberto o prazo de exposici\u00f3n p\u00fablica do Inventario Municipal na Guarda - Concello da Guarda","robots":{"index":"index","follow":"follow","max-snippet":"max-snippet:-1","max-image-preview":"max-image-preview:large","max-video-preview":"max-video-preview:-1"},"canonical":"https:\/\/www.aguarda.es\/en\/aberto-o-prazo-de-exposicion-publica-do-inventario-municipal-na-guarda\/","og_locale":"en_US","og_type":"article","og_title":"Aberto o prazo de exposici\u00f3n p\u00fablica do Inventario Municipal na Guarda - Concello da Guarda","og_description":"O Concello da Guarda avanza na realizaci\u00f3n do inventario de bens municipais a trav\u00e9s dunha aplicaci\u00f3n inform\u00e1tica de acceso e consulta dun xeito sinxelo e \u00e1xil da totalidade dos bens de propiedade municipal, realizada pola empresa Procat Ingenier\u00eda y Medioambiente &hellip;","og_url":"https:\/\/www.aguarda.es\/en\/aberto-o-prazo-de-exposicion-publica-do-inventario-municipal-na-guarda\/","og_site_name":"Concello da Guarda","article_publisher":"https:\/\/www.facebook.com\/ConcellodaGuarda","article_published_time":"2018-09-13T11:00:34+00:00","article_modified_time":"2018-09-13T11:02:07+00:00","og_image":[{"width":800,"height":417,"url":"https:\/\/www.aguarda.es\/wp-content\/uploads\/2018\/09\/NP-13092018-Aberto-o-prazo-de-exposici\u00f3n-p\u00fablica-do-Inventario-Municipal-na-Guarda-1.jpg","type":"image\/jpeg"}],"author":"prensa","twitter_card":"summary_large_image","twitter_creator":"@AGuarda_es","twitter_site":"@AGuarda_es","twitter_misc":{"Written by":"prensa","Est. reading time":"2 minutes"},"schema":{"@context":"https:\/\/schema.org","@graph":[{"@type":"WebPage","@id":"https:\/\/www.aguarda.es\/en\/aberto-o-prazo-de-exposicion-publica-do-inventario-municipal-na-guarda\/","url":"https:\/\/www.aguarda.es\/en\/aberto-o-prazo-de-exposicion-publica-do-inventario-municipal-na-guarda\/","name":"Aberto o prazo de exposici\u00f3n p\u00fablica do Inventario Municipal na Guarda - Concello da Guarda","isPartOf":{"@id":"https:\/\/www.aguarda.es\/en\/#website"},"datePublished":"2018-09-13T11:00:34+00:00","dateModified":"2018-09-13T11:02:07+00:00","author":{"@id":"https:\/\/www.aguarda.es\/en\/#\/schema\/person\/c463ca3006858ffb349d11179d044f21"},"breadcrumb":{"@id":"https:\/\/www.aguarda.es\/en\/aberto-o-prazo-de-exposicion-publica-do-inventario-municipal-na-guarda\/#breadcrumb"},"inLanguage":"en-US","potentialAction":[{"@type":"ReadAction","target":["https:\/\/www.aguarda.es\/en\/aberto-o-prazo-de-exposicion-publica-do-inventario-municipal-na-guarda\/"]}]},{"@type":"BreadcrumbList","@id":"https:\/\/www.aguarda.es\/en\/aberto-o-prazo-de-exposicion-publica-do-inventario-municipal-na-guarda\/#breadcrumb","itemListElement":[{"@type":"ListItem","position":1,"name":"Portada","item":"https:\/\/www.aguarda.es\/en\/"},{"@type":"ListItem","position":2,"name":"Aberto o prazo de exposici\u00f3n p\u00fablica do Inventario Municipal na Guarda"}]},{"@type":"WebSite","@id":"https:\/\/www.aguarda.es\/en\/#website","url":"https:\/\/www.aguarda.es\/en\/","name":"Concello da Guarda","description":"P\u00e1xina web do concello da Guarda","potentialAction":[{"@type":"SearchAction","target":{"@type":"EntryPoint","urlTemplate":"https:\/\/www.aguarda.es\/en\/?s={search_term_string}"},"query-input":"required name=search_term_string"}],"inLanguage":"en-US"},{"@type":"Person","@id":"https:\/\/www.aguarda.es\/en\/#\/schema\/person\/c463ca3006858ffb349d11179d044f21","name":"prensa","image":{"@type":"ImageObject","inLanguage":"en-US","@id":"https:\/\/www.aguarda.es\/en\/#\/schema\/person\/image\/","url":"https:\/\/secure.gravatar.com\/avatar\/5f90ef536b0f98306edf5c7a1135ffa1?s=96&d=mm&r=g","contentUrl":"https:\/\/secure.gravatar.com\/avatar\/5f90ef536b0f98306edf5c7a1135ffa1?s=96&d=mm&r=g","caption":"prensa"},"url":"https:\/\/www.aguarda.es\/en\/author\/prensa\/"}]}},"_links":{"self":[{"href":"https:\/\/www.aguarda.es\/en\/wp-json\/wp\/v2\/posts\/15154"}],"collection":[{"href":"https:\/\/www.aguarda.es\/en\/wp-json\/wp\/v2\/posts"}],"about":[{"href":"https:\/\/www.aguarda.es\/en\/wp-json\/wp\/v2\/types\/post"}],"author":[{"embeddable":true,"href":"https:\/\/www.aguarda.es\/en\/wp-json\/wp\/v2\/users\/2"}],"replies":[{"embeddable":true,"href":"https:\/\/www.aguarda.es\/en\/wp-json\/wp\/v2\/comments?post=15154"}],"version-history":[{"count":2,"href":"https:\/\/www.aguarda.es\/en\/wp-json\/wp\/v2\/posts\/15154\/revisions"}],"predecessor-version":[{"id":15158,"href":"https:\/\/www.aguarda.es\/en\/wp-json\/wp\/v2\/posts\/15154\/revisions\/15158"}],"wp:featuredmedia":[{"embeddable":true,"href":"https:\/\/www.aguarda.es\/en\/wp-json\/wp\/v2\/media\/15156"}],"wp:attachment":[{"href":"https:\/\/www.aguarda.es\/en\/wp-json\/wp\/v2\/media?parent=15154"}],"wp:term":[{"taxonomy":"category","embeddable":true,"href":"https:\/\/www.aguarda.es\/en\/wp-json\/wp\/v2\/categories?post=15154"},{"taxonomy":"post_tag","embeddable":true,"href":"https:\/\/www.aguarda.es\/en\/wp-json\/wp\/v2\/tags?post=15154"}],"curies":[{"name":"wp","href":"https:\/\/api.w.org\/{rel}","templated":true}]}}