{"id":15170,"date":"2018-09-17T09:14:41","date_gmt":"2018-09-17T09:14:41","guid":{"rendered":"https:\/\/www.aguarda.es\/?p=15170"},"modified":"2018-09-17T09:14:41","modified_gmt":"2018-09-17T09:14:41","slug":"vecinos-da-guarda-e-caminha-participaron-este-sabado-na-ruta-da-cova-moura","status":"publish","type":"post","link":"https:\/\/www.aguarda.es\/en\/vecinos-da-guarda-e-caminha-participaron-este-sabado-na-ruta-da-cova-moura\/","title":{"rendered":"Veci\u00f1os da Guarda e Caminha participaron este s\u00e1bado na Ruta da Cova Moura"},"content":{"rendered":"<p style=\"text-align: justify\">Contin\u00faan as andainas organizadas pola C\u00e1mara Municipal de Caminha e o Concello da Guarda e que ter\u00e1n lugar entre os meses de setembro e novembro co obxectivo de co\u00f1ecer a paisaxe e o patrimonio da comunidade galega e o pa\u00eds veci\u00f1o.<\/p>\n<p style=\"text-align: justify\">A primeira andaina, desta nova sesi\u00f3n celebrouse o pasado s\u00e1bado d\u00eda 15 de setembro, onde os participantes percorreron a Ruta da Cova Moura nas terras portuguesas de Mon\u00e7ao cunha distancia total de preto de 20 km.<\/p>\n<p style=\"text-align: justify\">Esta ruta guiada recorre as sendas e parroquias de Mon\u00e7ao. Os asistentes co\u00f1eceron praias fluviais como a de Sendin, onde transcorre o r\u00edo Gadanha, que ofrece unha paisaxe de gran valor.<\/p>\n<p style=\"text-align: justify\">Ademais de mu\u00ed\u00f1os, pontes medievais e moita natureza con pequenos sendeiros entre prados, vi\u00f1as, penedos e pi\u00f1eirais. Tam\u00e9n se co\u00f1eceu o Palacio de Berjoeira, clasificado como Munumento Nacional dende o ano 1910, de estilo neocl\u00e1sico, foi constru\u00eddo en 1834.<\/p>\n<p style=\"text-align: center\"><img decoding=\"async\" loading=\"lazy\" class=\"aligncenter size-full wp-image-15173\" src=\"https:\/\/www.aguarda.es\/wp-content\/uploads\/2018\/09\/NP-17092018-Veci\u00f1os-da-Guarda-e-Caminha-participaron-este-s\u00e1bado-na-Ruta-da-Cova-Moura-2.jpg\" alt=\"A primeira andaina, desta nova sesi\u00f3n celebrouse o pasado s\u00e1bado d\u00eda 15 de setembro, onde os participantes percorreron a Ruta da Cova Moura nas terras portuguesas de Mon\u00e7ao cunha distancia total de preto de 20 km.\" width=\"800\" height=\"600\" srcset=\"https:\/\/www.aguarda.es\/wp-content\/uploads\/2018\/09\/NP-17092018-Veci\u00f1os-da-Guarda-e-Caminha-participaron-este-s\u00e1bado-na-Ruta-da-Cova-Moura-2.jpg 800w, https:\/\/www.aguarda.es\/wp-content\/uploads\/2018\/09\/NP-17092018-Veci\u00f1os-da-Guarda-e-Caminha-participaron-este-s\u00e1bado-na-Ruta-da-Cova-Moura-2-300x225.jpg 300w, https:\/\/www.aguarda.es\/wp-content\/uploads\/2018\/09\/NP-17092018-Veci\u00f1os-da-Guarda-e-Caminha-participaron-este-s\u00e1bado-na-Ruta-da-Cova-Moura-2-768x576.jpg 768w, https:\/\/www.aguarda.es\/wp-content\/uploads\/2018\/09\/NP-17092018-Veci\u00f1os-da-Guarda-e-Caminha-participaron-este-s\u00e1bado-na-Ruta-da-Cova-Moura-2-570x428.jpg 570w\" sizes=\"(max-width: 800px) 100vw, 800px\" \/> <img decoding=\"async\" loading=\"lazy\" class=\"aligncenter size-full wp-image-15172\" src=\"https:\/\/www.aguarda.es\/wp-content\/uploads\/2018\/09\/NP-17092018-Veci\u00f1os-da-Guarda-e-Caminha-participaron-este-s\u00e1bado-na-Ruta-da-Cova-Moura-1.jpg\" alt=\"A primeira andaina, desta nova sesi\u00f3n celebrouse o pasado s\u00e1bado d\u00eda 15 de setembro, onde os participantes percorreron a Ruta da Cova Moura nas terras portuguesas de Mon\u00e7ao cunha distancia total de preto de 20 km.\" width=\"800\" height=\"600\" srcset=\"https:\/\/www.aguarda.es\/wp-content\/uploads\/2018\/09\/NP-17092018-Veci\u00f1os-da-Guarda-e-Caminha-participaron-este-s\u00e1bado-na-Ruta-da-Cova-Moura-1.jpg 800w, https:\/\/www.aguarda.es\/wp-content\/uploads\/2018\/09\/NP-17092018-Veci\u00f1os-da-Guarda-e-Caminha-participaron-este-s\u00e1bado-na-Ruta-da-Cova-Moura-1-300x225.jpg 300w, https:\/\/www.aguarda.es\/wp-content\/uploads\/2018\/09\/NP-17092018-Veci\u00f1os-da-Guarda-e-Caminha-participaron-este-s\u00e1bado-na-Ruta-da-Cova-Moura-1-768x576.jpg 768w, https:\/\/www.aguarda.es\/wp-content\/uploads\/2018\/09\/NP-17092018-Veci\u00f1os-da-Guarda-e-Caminha-participaron-este-s\u00e1bado-na-Ruta-da-Cova-Moura-1-570x428.jpg 570w\" sizes=\"(max-width: 800px) 100vw, 800px\" \/><\/p>\n<p style=\"text-align: justify\">O 20 de novembro celebrarase a segunda sa\u00edda, na que os participantes poder\u00e1n realizar unha andaina duns 15 km polo Monumento Natural de Pena Corneira. A andaina ser\u00e1 de ascenso desde Leiro, onde antes de iniciar a ascensi\u00f3n de case 500m. de desnivel os asistentes recorrer\u00e1n unha parte do r\u00edo e do pobo. A Pena Corneira \u00e9 unha gran roca ou penedo, situada no alto do monte, e amosase como un gran miradoiro sobre a comarca do Ribeiro. O seu bosque, de gran extensi\u00f3n, est\u00e1 catalogado como espazo natural de Galicia xa que est\u00e1 formado por \u00e1rbores aut\u00f3ctonos. Outros atractivos da ruta son o conxunto de h\u00f3rreos de Paredes e as igrexas rom\u00e1nicas de Leiro, Lebosende e Serantes.<\/p>\n<p style=\"text-align: justify\">O peche do calendario deste ano 2018 ter\u00e1 como protagonista as terras veci\u00f1as rosaleiras coa ruta de 18 km polos Mu\u00ed\u00f1os do Fol\u00f3n e do Pic\u00f3n o vindeiro 10 de novembro. Os Mu\u00ed\u00f1os do Fol\u00f3n e do Pic\u00f3n son un grupo de 60 mu\u00ed\u00f1os en fervenza, declarados Ben de Interese Cultural ao constitu\u00edr parte do rico patrimonio etnogr\u00e1fico, xa mencionados en documentos do s\u00e9culo XVII. Recorrido de gran beleza con excelente panor\u00e1micas ao val do Rosal e Esteiro do Mi\u00f1o. Tam\u00e9n se co\u00f1ecer\u00e1 a Capela na v\u00e9spera da celebraci\u00f3n de San Marti\u00f1o e pechar\u00e1 o calendario de Andainas 2018.<\/p>\n<p style=\"text-align: center\"><img decoding=\"async\" loading=\"lazy\" class=\"aligncenter size-full wp-image-15174\" src=\"https:\/\/www.aguarda.es\/wp-content\/uploads\/2018\/09\/NP-17092018-Veci\u00f1os-da-Guarda-e-Caminha-participaron-este-s\u00e1bado-na-Ruta-da-Cova-Moura-3.jpg\" alt=\"A primeira andaina, desta nova sesi\u00f3n celebrouse o pasado s\u00e1bado d\u00eda 15 de setembro, onde os participantes percorreron a Ruta da Cova Moura nas terras portuguesas de Mon\u00e7ao cunha distancia total de preto de 20 km.\" width=\"800\" height=\"600\" srcset=\"https:\/\/www.aguarda.es\/wp-content\/uploads\/2018\/09\/NP-17092018-Veci\u00f1os-da-Guarda-e-Caminha-participaron-este-s\u00e1bado-na-Ruta-da-Cova-Moura-3.jpg 800w, https:\/\/www.aguarda.es\/wp-content\/uploads\/2018\/09\/NP-17092018-Veci\u00f1os-da-Guarda-e-Caminha-participaron-este-s\u00e1bado-na-Ruta-da-Cova-Moura-3-300x225.jpg 300w, https:\/\/www.aguarda.es\/wp-content\/uploads\/2018\/09\/NP-17092018-Veci\u00f1os-da-Guarda-e-Caminha-participaron-este-s\u00e1bado-na-Ruta-da-Cova-Moura-3-768x576.jpg 768w, https:\/\/www.aguarda.es\/wp-content\/uploads\/2018\/09\/NP-17092018-Veci\u00f1os-da-Guarda-e-Caminha-participaron-este-s\u00e1bado-na-Ruta-da-Cova-Moura-3-570x428.jpg 570w\" sizes=\"(max-width: 800px) 100vw, 800px\" \/><\/p>\n","protected":false},"excerpt":{"rendered":"<p>Contin\u00faan as andainas organizadas pola C\u00e1mara Municipal de Caminha e o Concello da Guarda e que ter\u00e1n lugar entre os meses de setembro e novembro co obxectivo de co\u00f1ecer a paisaxe e o patrimonio da comunidade galega e o pa\u00eds &hellip; <\/p>\n","protected":false},"author":2,"featured_media":15171,"comment_status":"open","ping_status":"open","sticky":false,"template":"","format":"standard","meta":[],"categories":[35],"tags":[226,310,327,1456,1457,336],"yoast_head":"<!-- This site is optimized with the Yoast SEO plugin v21.1 - https:\/\/yoast.com\/wordpress\/plugins\/seo\/ -->\n<title>Veci\u00f1os da Guarda e Caminha participaron este s\u00e1bado na Ruta da Cova Moura - Concello da Guarda<\/title>\n<meta name=\"robots\" content=\"index, follow, max-snippet:-1, max-image-preview:large, max-video-preview:-1\" \/>\n<link rel=\"canonical\" href=\"https:\/\/www.aguarda.es\/en\/vecinos-da-guarda-e-caminha-participaron-este-sabado-na-ruta-da-cova-moura\/\" \/>\n<meta property=\"og:locale\" content=\"en_US\" \/>\n<meta property=\"og:type\" content=\"article\" \/>\n<meta property=\"og:title\" content=\"Veci\u00f1os da Guarda e Caminha participaron este s\u00e1bado na Ruta da Cova Moura - Concello da Guarda\" \/>\n<meta property=\"og:description\" content=\"Contin\u00faan as andainas organizadas pola C\u00e1mara Municipal de Caminha e o Concello da Guarda e que ter\u00e1n lugar entre os meses de setembro e novembro co obxectivo de co\u00f1ecer a paisaxe e o patrimonio da comunidade galega e o pa\u00eds &hellip;\" \/>\n<meta property=\"og:url\" content=\"https:\/\/www.aguarda.es\/en\/vecinos-da-guarda-e-caminha-participaron-este-sabado-na-ruta-da-cova-moura\/\" \/>\n<meta property=\"og:site_name\" content=\"Concello da Guarda\" \/>\n<meta property=\"article:publisher\" content=\"https:\/\/www.facebook.com\/ConcellodaGuarda\" \/>\n<meta property=\"article:published_time\" content=\"2018-09-17T09:14:41+00:00\" \/>\n<meta property=\"og:image\" content=\"https:\/\/www.aguarda.es\/wp-content\/uploads\/2018\/09\/NP-17092018-Veci\u00f1os-da-Guarda-e-Caminha-participaron-este-s\u00e1bado-na-Ruta-da-Cova-Moura-4.jpg\" \/>\n\t<meta property=\"og:image:width\" content=\"800\" \/>\n\t<meta property=\"og:image:height\" content=\"600\" \/>\n\t<meta property=\"og:image:type\" content=\"image\/jpeg\" \/>\n<meta name=\"author\" content=\"prensa\" \/>\n<meta name=\"twitter:card\" content=\"summary_large_image\" \/>\n<meta name=\"twitter:creator\" content=\"@AGuarda_es\" \/>\n<meta name=\"twitter:site\" content=\"@AGuarda_es\" \/>\n<meta name=\"twitter:label1\" content=\"Written by\" \/>\n\t<meta name=\"twitter:data1\" content=\"prensa\" \/>\n\t<meta name=\"twitter:label2\" content=\"Est. reading time\" \/>\n\t<meta name=\"twitter:data2\" content=\"2 minutes\" \/>\n<script type=\"application\/ld+json\" class=\"yoast-schema-graph\">{\"@context\":\"https:\/\/schema.org\",\"@graph\":[{\"@type\":\"WebPage\",\"@id\":\"https:\/\/www.aguarda.es\/en\/vecinos-da-guarda-e-caminha-participaron-este-sabado-na-ruta-da-cova-moura\/\",\"url\":\"https:\/\/www.aguarda.es\/en\/vecinos-da-guarda-e-caminha-participaron-este-sabado-na-ruta-da-cova-moura\/\",\"name\":\"Veci\u00f1os da Guarda e Caminha participaron este s\u00e1bado na Ruta da Cova Moura - Concello da Guarda\",\"isPartOf\":{\"@id\":\"https:\/\/www.aguarda.es\/en\/#website\"},\"datePublished\":\"2018-09-17T09:14:41+00:00\",\"dateModified\":\"2018-09-17T09:14:41+00:00\",\"author\":{\"@id\":\"https:\/\/www.aguarda.es\/en\/#\/schema\/person\/c463ca3006858ffb349d11179d044f21\"},\"breadcrumb\":{\"@id\":\"https:\/\/www.aguarda.es\/en\/vecinos-da-guarda-e-caminha-participaron-este-sabado-na-ruta-da-cova-moura\/#breadcrumb\"},\"inLanguage\":\"en-US\",\"potentialAction\":[{\"@type\":\"ReadAction\",\"target\":[\"https:\/\/www.aguarda.es\/en\/vecinos-da-guarda-e-caminha-participaron-este-sabado-na-ruta-da-cova-moura\/\"]}]},{\"@type\":\"BreadcrumbList\",\"@id\":\"https:\/\/www.aguarda.es\/en\/vecinos-da-guarda-e-caminha-participaron-este-sabado-na-ruta-da-cova-moura\/#breadcrumb\",\"itemListElement\":[{\"@type\":\"ListItem\",\"position\":1,\"name\":\"Portada\",\"item\":\"https:\/\/www.aguarda.es\/en\/\"},{\"@type\":\"ListItem\",\"position\":2,\"name\":\"Veci\u00f1os da Guarda e Caminha participaron este s\u00e1bado na Ruta da Cova Moura\"}]},{\"@type\":\"WebSite\",\"@id\":\"https:\/\/www.aguarda.es\/en\/#website\",\"url\":\"https:\/\/www.aguarda.es\/en\/\",\"name\":\"Concello da Guarda\",\"description\":\"P\u00e1xina web do concello da Guarda\",\"potentialAction\":[{\"@type\":\"SearchAction\",\"target\":{\"@type\":\"EntryPoint\",\"urlTemplate\":\"https:\/\/www.aguarda.es\/en\/?s={search_term_string}\"},\"query-input\":\"required name=search_term_string\"}],\"inLanguage\":\"en-US\"},{\"@type\":\"Person\",\"@id\":\"https:\/\/www.aguarda.es\/en\/#\/schema\/person\/c463ca3006858ffb349d11179d044f21\",\"name\":\"prensa\",\"image\":{\"@type\":\"ImageObject\",\"inLanguage\":\"en-US\",\"@id\":\"https:\/\/www.aguarda.es\/en\/#\/schema\/person\/image\/\",\"url\":\"https:\/\/secure.gravatar.com\/avatar\/5f90ef536b0f98306edf5c7a1135ffa1?s=96&d=mm&r=g\",\"contentUrl\":\"https:\/\/secure.gravatar.com\/avatar\/5f90ef536b0f98306edf5c7a1135ffa1?s=96&d=mm&r=g\",\"caption\":\"prensa\"},\"url\":\"https:\/\/www.aguarda.es\/en\/author\/prensa\/\"}]}<\/script>\n<!-- \/ Yoast SEO plugin. -->","yoast_head_json":{"title":"Veci\u00f1os da Guarda e Caminha participaron este s\u00e1bado na Ruta da Cova Moura - Concello da Guarda","robots":{"index":"index","follow":"follow","max-snippet":"max-snippet:-1","max-image-preview":"max-image-preview:large","max-video-preview":"max-video-preview:-1"},"canonical":"https:\/\/www.aguarda.es\/en\/vecinos-da-guarda-e-caminha-participaron-este-sabado-na-ruta-da-cova-moura\/","og_locale":"en_US","og_type":"article","og_title":"Veci\u00f1os da Guarda e Caminha participaron este s\u00e1bado na Ruta da Cova Moura - Concello da Guarda","og_description":"Contin\u00faan as andainas organizadas pola C\u00e1mara Municipal de Caminha e o Concello da Guarda e que ter\u00e1n lugar entre os meses de setembro e novembro co obxectivo de co\u00f1ecer a paisaxe e o patrimonio da comunidade galega e o pa\u00eds &hellip;","og_url":"https:\/\/www.aguarda.es\/en\/vecinos-da-guarda-e-caminha-participaron-este-sabado-na-ruta-da-cova-moura\/","og_site_name":"Concello da Guarda","article_publisher":"https:\/\/www.facebook.com\/ConcellodaGuarda","article_published_time":"2018-09-17T09:14:41+00:00","og_image":[{"width":800,"height":600,"url":"https:\/\/www.aguarda.es\/wp-content\/uploads\/2018\/09\/NP-17092018-Veci\u00f1os-da-Guarda-e-Caminha-participaron-este-s\u00e1bado-na-Ruta-da-Cova-Moura-4.jpg","type":"image\/jpeg"}],"author":"prensa","twitter_card":"summary_large_image","twitter_creator":"@AGuarda_es","twitter_site":"@AGuarda_es","twitter_misc":{"Written by":"prensa","Est. reading time":"2 minutes"},"schema":{"@context":"https:\/\/schema.org","@graph":[{"@type":"WebPage","@id":"https:\/\/www.aguarda.es\/en\/vecinos-da-guarda-e-caminha-participaron-este-sabado-na-ruta-da-cova-moura\/","url":"https:\/\/www.aguarda.es\/en\/vecinos-da-guarda-e-caminha-participaron-este-sabado-na-ruta-da-cova-moura\/","name":"Veci\u00f1os da Guarda e Caminha participaron este s\u00e1bado na Ruta da Cova Moura - Concello da Guarda","isPartOf":{"@id":"https:\/\/www.aguarda.es\/en\/#website"},"datePublished":"2018-09-17T09:14:41+00:00","dateModified":"2018-09-17T09:14:41+00:00","author":{"@id":"https:\/\/www.aguarda.es\/en\/#\/schema\/person\/c463ca3006858ffb349d11179d044f21"},"breadcrumb":{"@id":"https:\/\/www.aguarda.es\/en\/vecinos-da-guarda-e-caminha-participaron-este-sabado-na-ruta-da-cova-moura\/#breadcrumb"},"inLanguage":"en-US","potentialAction":[{"@type":"ReadAction","target":["https:\/\/www.aguarda.es\/en\/vecinos-da-guarda-e-caminha-participaron-este-sabado-na-ruta-da-cova-moura\/"]}]},{"@type":"BreadcrumbList","@id":"https:\/\/www.aguarda.es\/en\/vecinos-da-guarda-e-caminha-participaron-este-sabado-na-ruta-da-cova-moura\/#breadcrumb","itemListElement":[{"@type":"ListItem","position":1,"name":"Portada","item":"https:\/\/www.aguarda.es\/en\/"},{"@type":"ListItem","position":2,"name":"Veci\u00f1os da Guarda e Caminha participaron este s\u00e1bado na Ruta da Cova Moura"}]},{"@type":"WebSite","@id":"https:\/\/www.aguarda.es\/en\/#website","url":"https:\/\/www.aguarda.es\/en\/","name":"Concello da Guarda","description":"P\u00e1xina web do concello da Guarda","potentialAction":[{"@type":"SearchAction","target":{"@type":"EntryPoint","urlTemplate":"https:\/\/www.aguarda.es\/en\/?s={search_term_string}"},"query-input":"required name=search_term_string"}],"inLanguage":"en-US"},{"@type":"Person","@id":"https:\/\/www.aguarda.es\/en\/#\/schema\/person\/c463ca3006858ffb349d11179d044f21","name":"prensa","image":{"@type":"ImageObject","inLanguage":"en-US","@id":"https:\/\/www.aguarda.es\/en\/#\/schema\/person\/image\/","url":"https:\/\/secure.gravatar.com\/avatar\/5f90ef536b0f98306edf5c7a1135ffa1?s=96&d=mm&r=g","contentUrl":"https:\/\/secure.gravatar.com\/avatar\/5f90ef536b0f98306edf5c7a1135ffa1?s=96&d=mm&r=g","caption":"prensa"},"url":"https:\/\/www.aguarda.es\/en\/author\/prensa\/"}]}},"_links":{"self":[{"href":"https:\/\/www.aguarda.es\/en\/wp-json\/wp\/v2\/posts\/15170"}],"collection":[{"href":"https:\/\/www.aguarda.es\/en\/wp-json\/wp\/v2\/posts"}],"about":[{"href":"https:\/\/www.aguarda.es\/en\/wp-json\/wp\/v2\/types\/post"}],"author":[{"embeddable":true,"href":"https:\/\/www.aguarda.es\/en\/wp-json\/wp\/v2\/users\/2"}],"replies":[{"embeddable":true,"href":"https:\/\/www.aguarda.es\/en\/wp-json\/wp\/v2\/comments?post=15170"}],"version-history":[{"count":1,"href":"https:\/\/www.aguarda.es\/en\/wp-json\/wp\/v2\/posts\/15170\/revisions"}],"predecessor-version":[{"id":15175,"href":"https:\/\/www.aguarda.es\/en\/wp-json\/wp\/v2\/posts\/15170\/revisions\/15175"}],"wp:featuredmedia":[{"embeddable":true,"href":"https:\/\/www.aguarda.es\/en\/wp-json\/wp\/v2\/media\/15171"}],"wp:attachment":[{"href":"https:\/\/www.aguarda.es\/en\/wp-json\/wp\/v2\/media?parent=15170"}],"wp:term":[{"taxonomy":"category","embeddable":true,"href":"https:\/\/www.aguarda.es\/en\/wp-json\/wp\/v2\/categories?post=15170"},{"taxonomy":"post_tag","embeddable":true,"href":"https:\/\/www.aguarda.es\/en\/wp-json\/wp\/v2\/tags?post=15170"}],"curies":[{"name":"wp","href":"https:\/\/api.w.org\/{rel}","templated":true}]}}