{"id":15196,"date":"2018-09-18T11:54:05","date_gmt":"2018-09-18T11:54:05","guid":{"rendered":"https:\/\/www.aguarda.es\/?p=15196"},"modified":"2018-09-18T11:54:05","modified_gmt":"2018-09-18T11:54:05","slug":"a-guarda-liquidou-o-exercicio-2017-cun-remanente-positivo-de-tesoureria","status":"publish","type":"post","link":"https:\/\/www.aguarda.es\/en\/a-guarda-liquidou-o-exercicio-2017-cun-remanente-positivo-de-tesoureria\/","title":{"rendered":"A Guarda liquidou o exercicio 2017 cun remanente positivo de tesourer\u00eda"},"content":{"rendered":"<p style=\"text-align: justify\">O Concello da Guarda ven de aprobar o decreto da liquidaci\u00f3n do orzamento municipal correspondente ao exercicio 2017 cun saldo moi favorable para as arcas municipais, grazas a o esforzo levado a cabo dende as diferentes conceller\u00edas, que supuxo un remanente favorable de tesourer\u00eda para gastos xerais de 1,212,490,24\u20ac, o departamento de Facenda destaca que \u00e9 o dato m\u00e1is elevado da serie hist\u00f3rica.<\/p>\n<p style=\"text-align: justify\">A liquidaci\u00f3n de contas do 2017 amosan un resultado orzamentario positivo de 2,419,859,90\u20ac e o cumprimento por parte do Concello da regra do gasto, do criterio de estabilidade e tam\u00e9n do cumprimento do equilibrio orzamentario.<\/p>\n<p style=\"text-align: justify\">Este remanente favorable vai permitir, entre outras actuaci\u00f3ns, a futura compra do campo de F\u00ednola, ao car\u00f3n da Alameda da Guarda.<\/p>\n<p style=\"text-align: justify\">O Concello da Guarda ingresou no exercicio 2017 un total de 7,368,784,56\u20ac, sendo o gasto total para este exercicio de 6,957,314,19\u20ac.<\/p>\n<p style=\"text-align: justify\"><strong>Per\u00edodo medio de pago a provedores<\/strong><\/p>\n<p style=\"text-align: justify\">Outro dato salientable \u00e9 o per\u00edodo medio de pago a provedores, no segundo trimestre de 2018 o per\u00edodo medio de pago a provedores se sit\u00faa nos 12,35 d\u00edas, moi por debaixo doutros concellos e da media auton\u00f3mica de 33 d\u00edas a media da administraci\u00f3n central de 46 d\u00edas.<\/p>\n<p style=\"text-align: justify\"><strong>D\u00e9beda cos bancos<\/strong><\/p>\n<p style=\"text-align: justify\">En canto \u00e1 d\u00e9beda cos bancos, o Concello da Guarda conta cun endebedamento excepcional, moi inferior aos de anos anteriores. O equipo de goberno leva anos facendo un esforzo, adoptando medidas en canto ao control do gasto, racionalizaci\u00f3n e eficiencia, recordando que no ano 2006, o endebedamento cos bancos foi de 2,150,606,64\u20ac, chegando no exercicio do 2017 a un endebedamento hist\u00f3rico de 0\u20ac, xunto con esta cifra de endebedamento 0\u20ac podemos salientar tam\u00e9n de que as\u00ed como o endebedamento con provedores no ano 2006 situ\u00e1base en 2,238,488,47\u20ac, a data de 31 de decembro de 2017 o Concello da Guarda ti\u00f1a unha d\u00e9beda con provedores de 436.509,47\u20ac.<\/p>\n","protected":false},"excerpt":{"rendered":"<p>O Concello da Guarda ven de aprobar o decreto da liquidaci\u00f3n do orzamento municipal correspondente ao exercicio 2017 cun saldo moi favorable para as arcas municipais, grazas a o esforzo levado a cabo dende as diferentes conceller\u00edas, que supuxo un &hellip; <\/p>\n","protected":false},"author":2,"featured_media":15197,"comment_status":"open","ping_status":"open","sticky":false,"template":"","format":"standard","meta":[],"categories":[33],"tags":[226,1467,1464,1465,1466],"yoast_head":"<!-- This site is optimized with the Yoast SEO plugin v21.1 - https:\/\/yoast.com\/wordpress\/plugins\/seo\/ -->\n<title>A Guarda liquidou o exercicio 2017 cun remanente positivo de tesourer\u00eda - Concello da Guarda<\/title>\n<meta name=\"robots\" content=\"index, follow, max-snippet:-1, max-image-preview:large, max-video-preview:-1\" \/>\n<link rel=\"canonical\" href=\"https:\/\/www.aguarda.es\/en\/a-guarda-liquidou-o-exercicio-2017-cun-remanente-positivo-de-tesoureria\/\" \/>\n<meta property=\"og:locale\" content=\"en_US\" \/>\n<meta property=\"og:type\" content=\"article\" \/>\n<meta property=\"og:title\" content=\"A Guarda liquidou o exercicio 2017 cun remanente positivo de tesourer\u00eda - Concello da Guarda\" \/>\n<meta property=\"og:description\" content=\"O Concello da Guarda ven de aprobar o decreto da liquidaci\u00f3n do orzamento municipal correspondente ao exercicio 2017 cun saldo moi favorable para as arcas municipais, grazas a o esforzo levado a cabo dende as diferentes conceller\u00edas, que supuxo un &hellip;\" \/>\n<meta property=\"og:url\" content=\"https:\/\/www.aguarda.es\/en\/a-guarda-liquidou-o-exercicio-2017-cun-remanente-positivo-de-tesoureria\/\" \/>\n<meta property=\"og:site_name\" content=\"Concello da Guarda\" \/>\n<meta property=\"article:publisher\" content=\"https:\/\/www.facebook.com\/ConcellodaGuarda\" \/>\n<meta property=\"article:published_time\" content=\"2018-09-18T11:54:05+00:00\" \/>\n<meta property=\"og:image\" content=\"https:\/\/www.aguarda.es\/wp-content\/uploads\/2018\/09\/NP-18092018-A-Guarda-liquidou-o-exercicio-2017-cun-remanente-positivo-de-tesourer\u00eda.jpg\" \/>\n\t<meta property=\"og:image:width\" content=\"800\" \/>\n\t<meta property=\"og:image:height\" content=\"600\" \/>\n\t<meta property=\"og:image:type\" content=\"image\/jpeg\" \/>\n<meta name=\"author\" content=\"prensa\" \/>\n<meta name=\"twitter:card\" content=\"summary_large_image\" \/>\n<meta name=\"twitter:creator\" content=\"@AGuarda_es\" \/>\n<meta name=\"twitter:site\" content=\"@AGuarda_es\" \/>\n<meta name=\"twitter:label1\" content=\"Written by\" \/>\n\t<meta name=\"twitter:data1\" content=\"prensa\" \/>\n\t<meta name=\"twitter:label2\" content=\"Est. reading time\" \/>\n\t<meta name=\"twitter:data2\" content=\"2 minutes\" \/>\n<script type=\"application\/ld+json\" class=\"yoast-schema-graph\">{\"@context\":\"https:\/\/schema.org\",\"@graph\":[{\"@type\":\"WebPage\",\"@id\":\"https:\/\/www.aguarda.es\/en\/a-guarda-liquidou-o-exercicio-2017-cun-remanente-positivo-de-tesoureria\/\",\"url\":\"https:\/\/www.aguarda.es\/en\/a-guarda-liquidou-o-exercicio-2017-cun-remanente-positivo-de-tesoureria\/\",\"name\":\"A Guarda liquidou o exercicio 2017 cun remanente positivo de tesourer\u00eda - Concello da Guarda\",\"isPartOf\":{\"@id\":\"https:\/\/www.aguarda.es\/en\/#website\"},\"datePublished\":\"2018-09-18T11:54:05+00:00\",\"dateModified\":\"2018-09-18T11:54:05+00:00\",\"author\":{\"@id\":\"https:\/\/www.aguarda.es\/en\/#\/schema\/person\/c463ca3006858ffb349d11179d044f21\"},\"breadcrumb\":{\"@id\":\"https:\/\/www.aguarda.es\/en\/a-guarda-liquidou-o-exercicio-2017-cun-remanente-positivo-de-tesoureria\/#breadcrumb\"},\"inLanguage\":\"en-US\",\"potentialAction\":[{\"@type\":\"ReadAction\",\"target\":[\"https:\/\/www.aguarda.es\/en\/a-guarda-liquidou-o-exercicio-2017-cun-remanente-positivo-de-tesoureria\/\"]}]},{\"@type\":\"BreadcrumbList\",\"@id\":\"https:\/\/www.aguarda.es\/en\/a-guarda-liquidou-o-exercicio-2017-cun-remanente-positivo-de-tesoureria\/#breadcrumb\",\"itemListElement\":[{\"@type\":\"ListItem\",\"position\":1,\"name\":\"Portada\",\"item\":\"https:\/\/www.aguarda.es\/en\/\"},{\"@type\":\"ListItem\",\"position\":2,\"name\":\"A Guarda liquidou o exercicio 2017 cun remanente positivo de tesourer\u00eda\"}]},{\"@type\":\"WebSite\",\"@id\":\"https:\/\/www.aguarda.es\/en\/#website\",\"url\":\"https:\/\/www.aguarda.es\/en\/\",\"name\":\"Concello da Guarda\",\"description\":\"P\u00e1xina web do concello da Guarda\",\"potentialAction\":[{\"@type\":\"SearchAction\",\"target\":{\"@type\":\"EntryPoint\",\"urlTemplate\":\"https:\/\/www.aguarda.es\/en\/?s={search_term_string}\"},\"query-input\":\"required name=search_term_string\"}],\"inLanguage\":\"en-US\"},{\"@type\":\"Person\",\"@id\":\"https:\/\/www.aguarda.es\/en\/#\/schema\/person\/c463ca3006858ffb349d11179d044f21\",\"name\":\"prensa\",\"image\":{\"@type\":\"ImageObject\",\"inLanguage\":\"en-US\",\"@id\":\"https:\/\/www.aguarda.es\/en\/#\/schema\/person\/image\/\",\"url\":\"https:\/\/secure.gravatar.com\/avatar\/5f90ef536b0f98306edf5c7a1135ffa1?s=96&d=mm&r=g\",\"contentUrl\":\"https:\/\/secure.gravatar.com\/avatar\/5f90ef536b0f98306edf5c7a1135ffa1?s=96&d=mm&r=g\",\"caption\":\"prensa\"},\"url\":\"https:\/\/www.aguarda.es\/en\/author\/prensa\/\"}]}<\/script>\n<!-- \/ Yoast SEO plugin. -->","yoast_head_json":{"title":"A Guarda liquidou o exercicio 2017 cun remanente positivo de tesourer\u00eda - Concello da Guarda","robots":{"index":"index","follow":"follow","max-snippet":"max-snippet:-1","max-image-preview":"max-image-preview:large","max-video-preview":"max-video-preview:-1"},"canonical":"https:\/\/www.aguarda.es\/en\/a-guarda-liquidou-o-exercicio-2017-cun-remanente-positivo-de-tesoureria\/","og_locale":"en_US","og_type":"article","og_title":"A Guarda liquidou o exercicio 2017 cun remanente positivo de tesourer\u00eda - Concello da Guarda","og_description":"O Concello da Guarda ven de aprobar o decreto da liquidaci\u00f3n do orzamento municipal correspondente ao exercicio 2017 cun saldo moi favorable para as arcas municipais, grazas a o esforzo levado a cabo dende as diferentes conceller\u00edas, que supuxo un &hellip;","og_url":"https:\/\/www.aguarda.es\/en\/a-guarda-liquidou-o-exercicio-2017-cun-remanente-positivo-de-tesoureria\/","og_site_name":"Concello da Guarda","article_publisher":"https:\/\/www.facebook.com\/ConcellodaGuarda","article_published_time":"2018-09-18T11:54:05+00:00","og_image":[{"width":800,"height":600,"url":"https:\/\/www.aguarda.es\/wp-content\/uploads\/2018\/09\/NP-18092018-A-Guarda-liquidou-o-exercicio-2017-cun-remanente-positivo-de-tesourer\u00eda.jpg","type":"image\/jpeg"}],"author":"prensa","twitter_card":"summary_large_image","twitter_creator":"@AGuarda_es","twitter_site":"@AGuarda_es","twitter_misc":{"Written by":"prensa","Est. reading time":"2 minutes"},"schema":{"@context":"https:\/\/schema.org","@graph":[{"@type":"WebPage","@id":"https:\/\/www.aguarda.es\/en\/a-guarda-liquidou-o-exercicio-2017-cun-remanente-positivo-de-tesoureria\/","url":"https:\/\/www.aguarda.es\/en\/a-guarda-liquidou-o-exercicio-2017-cun-remanente-positivo-de-tesoureria\/","name":"A Guarda liquidou o exercicio 2017 cun remanente positivo de tesourer\u00eda - Concello da Guarda","isPartOf":{"@id":"https:\/\/www.aguarda.es\/en\/#website"},"datePublished":"2018-09-18T11:54:05+00:00","dateModified":"2018-09-18T11:54:05+00:00","author":{"@id":"https:\/\/www.aguarda.es\/en\/#\/schema\/person\/c463ca3006858ffb349d11179d044f21"},"breadcrumb":{"@id":"https:\/\/www.aguarda.es\/en\/a-guarda-liquidou-o-exercicio-2017-cun-remanente-positivo-de-tesoureria\/#breadcrumb"},"inLanguage":"en-US","potentialAction":[{"@type":"ReadAction","target":["https:\/\/www.aguarda.es\/en\/a-guarda-liquidou-o-exercicio-2017-cun-remanente-positivo-de-tesoureria\/"]}]},{"@type":"BreadcrumbList","@id":"https:\/\/www.aguarda.es\/en\/a-guarda-liquidou-o-exercicio-2017-cun-remanente-positivo-de-tesoureria\/#breadcrumb","itemListElement":[{"@type":"ListItem","position":1,"name":"Portada","item":"https:\/\/www.aguarda.es\/en\/"},{"@type":"ListItem","position":2,"name":"A Guarda liquidou o exercicio 2017 cun remanente positivo de tesourer\u00eda"}]},{"@type":"WebSite","@id":"https:\/\/www.aguarda.es\/en\/#website","url":"https:\/\/www.aguarda.es\/en\/","name":"Concello da Guarda","description":"P\u00e1xina web do concello da Guarda","potentialAction":[{"@type":"SearchAction","target":{"@type":"EntryPoint","urlTemplate":"https:\/\/www.aguarda.es\/en\/?s={search_term_string}"},"query-input":"required name=search_term_string"}],"inLanguage":"en-US"},{"@type":"Person","@id":"https:\/\/www.aguarda.es\/en\/#\/schema\/person\/c463ca3006858ffb349d11179d044f21","name":"prensa","image":{"@type":"ImageObject","inLanguage":"en-US","@id":"https:\/\/www.aguarda.es\/en\/#\/schema\/person\/image\/","url":"https:\/\/secure.gravatar.com\/avatar\/5f90ef536b0f98306edf5c7a1135ffa1?s=96&d=mm&r=g","contentUrl":"https:\/\/secure.gravatar.com\/avatar\/5f90ef536b0f98306edf5c7a1135ffa1?s=96&d=mm&r=g","caption":"prensa"},"url":"https:\/\/www.aguarda.es\/en\/author\/prensa\/"}]}},"_links":{"self":[{"href":"https:\/\/www.aguarda.es\/en\/wp-json\/wp\/v2\/posts\/15196"}],"collection":[{"href":"https:\/\/www.aguarda.es\/en\/wp-json\/wp\/v2\/posts"}],"about":[{"href":"https:\/\/www.aguarda.es\/en\/wp-json\/wp\/v2\/types\/post"}],"author":[{"embeddable":true,"href":"https:\/\/www.aguarda.es\/en\/wp-json\/wp\/v2\/users\/2"}],"replies":[{"embeddable":true,"href":"https:\/\/www.aguarda.es\/en\/wp-json\/wp\/v2\/comments?post=15196"}],"version-history":[{"count":1,"href":"https:\/\/www.aguarda.es\/en\/wp-json\/wp\/v2\/posts\/15196\/revisions"}],"predecessor-version":[{"id":15198,"href":"https:\/\/www.aguarda.es\/en\/wp-json\/wp\/v2\/posts\/15196\/revisions\/15198"}],"wp:featuredmedia":[{"embeddable":true,"href":"https:\/\/www.aguarda.es\/en\/wp-json\/wp\/v2\/media\/15197"}],"wp:attachment":[{"href":"https:\/\/www.aguarda.es\/en\/wp-json\/wp\/v2\/media?parent=15196"}],"wp:term":[{"taxonomy":"category","embeddable":true,"href":"https:\/\/www.aguarda.es\/en\/wp-json\/wp\/v2\/categories?post=15196"},{"taxonomy":"post_tag","embeddable":true,"href":"https:\/\/www.aguarda.es\/en\/wp-json\/wp\/v2\/tags?post=15196"}],"curies":[{"name":"wp","href":"https:\/\/api.w.org\/{rel}","templated":true}]}}