{"id":15424,"date":"2018-10-05T08:28:29","date_gmt":"2018-10-05T08:28:29","guid":{"rendered":"https:\/\/www.aguarda.es\/?p=15424"},"modified":"2018-10-05T08:28:29","modified_gmt":"2018-10-05T08:28:29","slug":"a-guarda-acolle-o-vindeiro-mercores-a-presentacion-do-libro-colon-rumbo-a-las-yndias","status":"publish","type":"post","link":"https:\/\/www.aguarda.es\/en\/a-guarda-acolle-o-vindeiro-mercores-a-presentacion-do-libro-colon-rumbo-a-las-yndias\/","title":{"rendered":"A Guarda  acolle o vindeiro m\u00e9rcores a presentaci\u00f3n do libro \u00abCol\u00f3n rumbo a las Yndias\u00bb"},"content":{"rendered":"<p style=\"text-align: JUSTIFY\">O vindeiro m\u00e9rcores d\u00eda 10 de outubro \u00e1s 20:00h a Casa dos Alonsos acolle a presentaci\u00f3n do libro \u00abCol\u00f3n rumbo a las Yndias\u00bb da autor\u00eda de Jos\u00e9 \u00c1ngel G\u00e1ndara.<\/p>\n<p style=\"text-align: JUSTIFY\">No acto de presentaci\u00f3n deste libro, que estar\u00e1 presentado polo historiador local J. Miguel Villa, contarase coas intervenci\u00f3ns do autor, Jos\u00e9 \u00c1ngel G\u00e1ndara; do coordinador do libro, Celso Fari\u00f1as; do Alcalde da Guarda, Antonio Lomba e do tudense experto no Col\u00f3n Galego, Antonio Cid V\u00e1zquez.<\/p>\n<p style=\"text-align: JUSTIFY\">Este libro trata sobre a colecci\u00f3n filat\u00e9lica \u00abCol\u00f3n rumbo a las Yndias\u00bb do guard\u00e9s Jos\u00e9 \u00c1ngel G\u00e1ndara, tal e como se amosa nas diferentes exposici\u00f3ns nas que ten participado a nivel nacional e internacional, acadando importantes \u00e9xitos que se recollen no seu amplo palmar\u00e9s, destacando coma Mellor colecci\u00f3n filat\u00e9lica de Espa\u00f1a no ano 1997, Medalla de ouro na Exposici\u00f3n Mundial de Brasil no ano 2017 ou a dobre Mellor colecci\u00f3n tem\u00e1tica en exposici\u00f3ns nacionais de \u00abExfolna\u00bb.<\/p>\n<p style=\"text-align: JUSTIFY\">Neste libro tam\u00e9n se amosan fotograf\u00edas de trofeos, medallas e diplomas acadados pola colecci\u00f3n ao longo da s\u00faa historia, que comezou, segundo relata Jos\u00e9 \u00c1ngel G\u00e1ndara, sobre os anos 1987, cando comezou a xuntar selos sobre a tem\u00e1tica colombina, e oficialmente no ano 1994, cando iniciou a colecci\u00f3n como tal.<\/p>\n<p style=\"text-align: JUSTIFY\">O libro conta con numerosos artigos sobre filatelia xa publicados acerca do tema colombino e tam\u00e9n sobre o Col\u00f3n Gallego.<\/p>\n<p style=\"text-align: JUSTIFY\">Coma curiosidades destaca que esta colecci\u00f3n cont\u00e9n pezas \u00fanicas a nivel mundial, das cales so existen 3 o 4 en todo o mundo, m\u00e1is de 80 pezas de gran rareza, material filat\u00e9lico variado coma selos, errores de selos, probas de imprenta, debuxos orixinais, historia postal, enteros postais, airgraphs, mataselos, correo a\u00e9reo, correo zepelin, correo mar\u00edtimo, probas fotogr\u00e1ficas, entre outros.<\/p>\n<p style=\"text-align: JUSTIFY\">En palabras de Jos\u00e9 \u00c1ngel G\u00e1ndara, o libro ten o obxectivo de dar a co\u00f1ecer ao p\u00fablico o que \u00e9 realmente unha colecci\u00f3n filat\u00e9lica e, neste caso, unha colecci\u00f3n filat\u00e9lica tem\u00e1tica, que non s\u00f3 se trata de xuntar selos, sen\u00f3n que leva consigo unha parte de documentaci\u00f3n que conta a historia ilustrada con diverso material filat\u00e9lico.<\/p>\n<p style=\"text-align: JUSTIFY\">Dende a Conceller\u00eda de Cultura conv\u00eddase a toda a cidadan\u00eda guardesa a co\u00f1ecer o libro deste coleccionista filat\u00e9lico guard\u00e9s, financiado polo Concello da Guarda, e a asistir ao acto de presentaci\u00f3n do mesmo, enmarcado na XXXVI exposici\u00f3n filat\u00e9lica e a XXII EXFIMI\u00d1O, que se celebra do 11 ao 17 de outubro na Casa dos Alonsos.<\/p>\n","protected":false},"excerpt":{"rendered":"<p>O vindeiro m\u00e9rcores d\u00eda 10 de outubro \u00e1s 20:00h a Casa dos Alonsos acolle a presentaci\u00f3n do libro \u00abCol\u00f3n rumbo a las Yndias\u00bb da autor\u00eda de Jos\u00e9 \u00c1ngel G\u00e1ndara. No acto de presentaci\u00f3n deste libro, que estar\u00e1 presentado polo historiador &hellip; <\/p>\n","protected":false},"author":2,"featured_media":15425,"comment_status":"open","ping_status":"open","sticky":false,"template":"","format":"standard","meta":[],"categories":[34,33],"tags":[226,243,1492,244],"yoast_head":"<!-- This site is optimized with the Yoast SEO plugin v21.1 - https:\/\/yoast.com\/wordpress\/plugins\/seo\/ -->\n<title>A Guarda acolle o vindeiro m\u00e9rcores a presentaci\u00f3n do libro \u00abCol\u00f3n rumbo a las Yndias\u00bb - Concello da Guarda<\/title>\n<meta name=\"robots\" content=\"index, follow, max-snippet:-1, max-image-preview:large, max-video-preview:-1\" \/>\n<link rel=\"canonical\" href=\"https:\/\/www.aguarda.es\/en\/a-guarda-acolle-o-vindeiro-mercores-a-presentacion-do-libro-colon-rumbo-a-las-yndias\/\" \/>\n<meta property=\"og:locale\" content=\"en_US\" \/>\n<meta property=\"og:type\" content=\"article\" \/>\n<meta property=\"og:title\" content=\"A Guarda acolle o vindeiro m\u00e9rcores a presentaci\u00f3n do libro \u00abCol\u00f3n rumbo a las Yndias\u00bb - Concello da Guarda\" \/>\n<meta property=\"og:description\" content=\"O vindeiro m\u00e9rcores d\u00eda 10 de outubro \u00e1s 20:00h a Casa dos Alonsos acolle a presentaci\u00f3n do libro \u00abCol\u00f3n rumbo a las Yndias\u00bb da autor\u00eda de Jos\u00e9 \u00c1ngel G\u00e1ndara. No acto de presentaci\u00f3n deste libro, que estar\u00e1 presentado polo historiador &hellip;\" \/>\n<meta property=\"og:url\" content=\"https:\/\/www.aguarda.es\/en\/a-guarda-acolle-o-vindeiro-mercores-a-presentacion-do-libro-colon-rumbo-a-las-yndias\/\" \/>\n<meta property=\"og:site_name\" content=\"Concello da Guarda\" \/>\n<meta property=\"article:publisher\" content=\"https:\/\/www.facebook.com\/ConcellodaGuarda\" \/>\n<meta property=\"article:published_time\" content=\"2018-10-05T08:28:29+00:00\" \/>\n<meta property=\"og:image\" content=\"https:\/\/www.aguarda.es\/wp-content\/uploads\/2018\/10\/NP-05102018-A-Guarda-acolle-o-vindeiro-m\u00e9rcores-a-presentaci\u00f3n-do-libro-\u00abCol\u00f3n-rumbo-a-las-Yndias\u00bb.jpg\" \/>\n\t<meta property=\"og:image:width\" content=\"800\" \/>\n\t<meta property=\"og:image:height\" content=\"1067\" \/>\n\t<meta property=\"og:image:type\" content=\"image\/jpeg\" \/>\n<meta name=\"author\" content=\"prensa\" \/>\n<meta name=\"twitter:card\" content=\"summary_large_image\" \/>\n<meta name=\"twitter:creator\" content=\"@AGuarda_es\" \/>\n<meta name=\"twitter:site\" content=\"@AGuarda_es\" \/>\n<meta name=\"twitter:label1\" content=\"Written by\" \/>\n\t<meta name=\"twitter:data1\" content=\"prensa\" \/>\n\t<meta name=\"twitter:label2\" content=\"Est. reading time\" \/>\n\t<meta name=\"twitter:data2\" content=\"2 minutes\" \/>\n<script type=\"application\/ld+json\" class=\"yoast-schema-graph\">{\"@context\":\"https:\/\/schema.org\",\"@graph\":[{\"@type\":\"WebPage\",\"@id\":\"https:\/\/www.aguarda.es\/en\/a-guarda-acolle-o-vindeiro-mercores-a-presentacion-do-libro-colon-rumbo-a-las-yndias\/\",\"url\":\"https:\/\/www.aguarda.es\/en\/a-guarda-acolle-o-vindeiro-mercores-a-presentacion-do-libro-colon-rumbo-a-las-yndias\/\",\"name\":\"A Guarda acolle o vindeiro m\u00e9rcores a presentaci\u00f3n do libro \u00abCol\u00f3n rumbo a las Yndias\u00bb - Concello da Guarda\",\"isPartOf\":{\"@id\":\"https:\/\/www.aguarda.es\/en\/#website\"},\"datePublished\":\"2018-10-05T08:28:29+00:00\",\"dateModified\":\"2018-10-05T08:28:29+00:00\",\"author\":{\"@id\":\"https:\/\/www.aguarda.es\/en\/#\/schema\/person\/c463ca3006858ffb349d11179d044f21\"},\"breadcrumb\":{\"@id\":\"https:\/\/www.aguarda.es\/en\/a-guarda-acolle-o-vindeiro-mercores-a-presentacion-do-libro-colon-rumbo-a-las-yndias\/#breadcrumb\"},\"inLanguage\":\"en-US\",\"potentialAction\":[{\"@type\":\"ReadAction\",\"target\":[\"https:\/\/www.aguarda.es\/en\/a-guarda-acolle-o-vindeiro-mercores-a-presentacion-do-libro-colon-rumbo-a-las-yndias\/\"]}]},{\"@type\":\"BreadcrumbList\",\"@id\":\"https:\/\/www.aguarda.es\/en\/a-guarda-acolle-o-vindeiro-mercores-a-presentacion-do-libro-colon-rumbo-a-las-yndias\/#breadcrumb\",\"itemListElement\":[{\"@type\":\"ListItem\",\"position\":1,\"name\":\"Portada\",\"item\":\"https:\/\/www.aguarda.es\/en\/\"},{\"@type\":\"ListItem\",\"position\":2,\"name\":\"A Guarda acolle o vindeiro m\u00e9rcores a presentaci\u00f3n do libro \u00abCol\u00f3n rumbo a las Yndias\u00bb\"}]},{\"@type\":\"WebSite\",\"@id\":\"https:\/\/www.aguarda.es\/en\/#website\",\"url\":\"https:\/\/www.aguarda.es\/en\/\",\"name\":\"Concello da Guarda\",\"description\":\"P\u00e1xina web do concello da Guarda\",\"potentialAction\":[{\"@type\":\"SearchAction\",\"target\":{\"@type\":\"EntryPoint\",\"urlTemplate\":\"https:\/\/www.aguarda.es\/en\/?s={search_term_string}\"},\"query-input\":\"required name=search_term_string\"}],\"inLanguage\":\"en-US\"},{\"@type\":\"Person\",\"@id\":\"https:\/\/www.aguarda.es\/en\/#\/schema\/person\/c463ca3006858ffb349d11179d044f21\",\"name\":\"prensa\",\"image\":{\"@type\":\"ImageObject\",\"inLanguage\":\"en-US\",\"@id\":\"https:\/\/www.aguarda.es\/en\/#\/schema\/person\/image\/\",\"url\":\"https:\/\/secure.gravatar.com\/avatar\/5f90ef536b0f98306edf5c7a1135ffa1?s=96&d=mm&r=g\",\"contentUrl\":\"https:\/\/secure.gravatar.com\/avatar\/5f90ef536b0f98306edf5c7a1135ffa1?s=96&d=mm&r=g\",\"caption\":\"prensa\"},\"url\":\"https:\/\/www.aguarda.es\/en\/author\/prensa\/\"}]}<\/script>\n<!-- \/ Yoast SEO plugin. -->","yoast_head_json":{"title":"A Guarda acolle o vindeiro m\u00e9rcores a presentaci\u00f3n do libro \u00abCol\u00f3n rumbo a las Yndias\u00bb - Concello da Guarda","robots":{"index":"index","follow":"follow","max-snippet":"max-snippet:-1","max-image-preview":"max-image-preview:large","max-video-preview":"max-video-preview:-1"},"canonical":"https:\/\/www.aguarda.es\/en\/a-guarda-acolle-o-vindeiro-mercores-a-presentacion-do-libro-colon-rumbo-a-las-yndias\/","og_locale":"en_US","og_type":"article","og_title":"A Guarda acolle o vindeiro m\u00e9rcores a presentaci\u00f3n do libro \u00abCol\u00f3n rumbo a las Yndias\u00bb - Concello da Guarda","og_description":"O vindeiro m\u00e9rcores d\u00eda 10 de outubro \u00e1s 20:00h a Casa dos Alonsos acolle a presentaci\u00f3n do libro \u00abCol\u00f3n rumbo a las Yndias\u00bb da autor\u00eda de Jos\u00e9 \u00c1ngel G\u00e1ndara. No acto de presentaci\u00f3n deste libro, que estar\u00e1 presentado polo historiador &hellip;","og_url":"https:\/\/www.aguarda.es\/en\/a-guarda-acolle-o-vindeiro-mercores-a-presentacion-do-libro-colon-rumbo-a-las-yndias\/","og_site_name":"Concello da Guarda","article_publisher":"https:\/\/www.facebook.com\/ConcellodaGuarda","article_published_time":"2018-10-05T08:28:29+00:00","og_image":[{"width":800,"height":1067,"url":"https:\/\/www.aguarda.es\/wp-content\/uploads\/2018\/10\/NP-05102018-A-Guarda-acolle-o-vindeiro-m\u00e9rcores-a-presentaci\u00f3n-do-libro-\u00abCol\u00f3n-rumbo-a-las-Yndias\u00bb.jpg","type":"image\/jpeg"}],"author":"prensa","twitter_card":"summary_large_image","twitter_creator":"@AGuarda_es","twitter_site":"@AGuarda_es","twitter_misc":{"Written by":"prensa","Est. reading time":"2 minutes"},"schema":{"@context":"https:\/\/schema.org","@graph":[{"@type":"WebPage","@id":"https:\/\/www.aguarda.es\/en\/a-guarda-acolle-o-vindeiro-mercores-a-presentacion-do-libro-colon-rumbo-a-las-yndias\/","url":"https:\/\/www.aguarda.es\/en\/a-guarda-acolle-o-vindeiro-mercores-a-presentacion-do-libro-colon-rumbo-a-las-yndias\/","name":"A Guarda acolle o vindeiro m\u00e9rcores a presentaci\u00f3n do libro \u00abCol\u00f3n rumbo a las Yndias\u00bb - Concello da Guarda","isPartOf":{"@id":"https:\/\/www.aguarda.es\/en\/#website"},"datePublished":"2018-10-05T08:28:29+00:00","dateModified":"2018-10-05T08:28:29+00:00","author":{"@id":"https:\/\/www.aguarda.es\/en\/#\/schema\/person\/c463ca3006858ffb349d11179d044f21"},"breadcrumb":{"@id":"https:\/\/www.aguarda.es\/en\/a-guarda-acolle-o-vindeiro-mercores-a-presentacion-do-libro-colon-rumbo-a-las-yndias\/#breadcrumb"},"inLanguage":"en-US","potentialAction":[{"@type":"ReadAction","target":["https:\/\/www.aguarda.es\/en\/a-guarda-acolle-o-vindeiro-mercores-a-presentacion-do-libro-colon-rumbo-a-las-yndias\/"]}]},{"@type":"BreadcrumbList","@id":"https:\/\/www.aguarda.es\/en\/a-guarda-acolle-o-vindeiro-mercores-a-presentacion-do-libro-colon-rumbo-a-las-yndias\/#breadcrumb","itemListElement":[{"@type":"ListItem","position":1,"name":"Portada","item":"https:\/\/www.aguarda.es\/en\/"},{"@type":"ListItem","position":2,"name":"A Guarda acolle o vindeiro m\u00e9rcores a presentaci\u00f3n do libro \u00abCol\u00f3n rumbo a las Yndias\u00bb"}]},{"@type":"WebSite","@id":"https:\/\/www.aguarda.es\/en\/#website","url":"https:\/\/www.aguarda.es\/en\/","name":"Concello da Guarda","description":"P\u00e1xina web do concello da Guarda","potentialAction":[{"@type":"SearchAction","target":{"@type":"EntryPoint","urlTemplate":"https:\/\/www.aguarda.es\/en\/?s={search_term_string}"},"query-input":"required name=search_term_string"}],"inLanguage":"en-US"},{"@type":"Person","@id":"https:\/\/www.aguarda.es\/en\/#\/schema\/person\/c463ca3006858ffb349d11179d044f21","name":"prensa","image":{"@type":"ImageObject","inLanguage":"en-US","@id":"https:\/\/www.aguarda.es\/en\/#\/schema\/person\/image\/","url":"https:\/\/secure.gravatar.com\/avatar\/5f90ef536b0f98306edf5c7a1135ffa1?s=96&d=mm&r=g","contentUrl":"https:\/\/secure.gravatar.com\/avatar\/5f90ef536b0f98306edf5c7a1135ffa1?s=96&d=mm&r=g","caption":"prensa"},"url":"https:\/\/www.aguarda.es\/en\/author\/prensa\/"}]}},"_links":{"self":[{"href":"https:\/\/www.aguarda.es\/en\/wp-json\/wp\/v2\/posts\/15424"}],"collection":[{"href":"https:\/\/www.aguarda.es\/en\/wp-json\/wp\/v2\/posts"}],"about":[{"href":"https:\/\/www.aguarda.es\/en\/wp-json\/wp\/v2\/types\/post"}],"author":[{"embeddable":true,"href":"https:\/\/www.aguarda.es\/en\/wp-json\/wp\/v2\/users\/2"}],"replies":[{"embeddable":true,"href":"https:\/\/www.aguarda.es\/en\/wp-json\/wp\/v2\/comments?post=15424"}],"version-history":[{"count":1,"href":"https:\/\/www.aguarda.es\/en\/wp-json\/wp\/v2\/posts\/15424\/revisions"}],"predecessor-version":[{"id":15426,"href":"https:\/\/www.aguarda.es\/en\/wp-json\/wp\/v2\/posts\/15424\/revisions\/15426"}],"wp:featuredmedia":[{"embeddable":true,"href":"https:\/\/www.aguarda.es\/en\/wp-json\/wp\/v2\/media\/15425"}],"wp:attachment":[{"href":"https:\/\/www.aguarda.es\/en\/wp-json\/wp\/v2\/media?parent=15424"}],"wp:term":[{"taxonomy":"category","embeddable":true,"href":"https:\/\/www.aguarda.es\/en\/wp-json\/wp\/v2\/categories?post=15424"},{"taxonomy":"post_tag","embeddable":true,"href":"https:\/\/www.aguarda.es\/en\/wp-json\/wp\/v2\/tags?post=15424"}],"curies":[{"name":"wp","href":"https:\/\/api.w.org\/{rel}","templated":true}]}}