{"id":15460,"date":"2018-10-09T12:20:51","date_gmt":"2018-10-09T12:20:51","guid":{"rendered":"https:\/\/www.aguarda.es\/?p=15460"},"modified":"2018-10-09T17:06:47","modified_gmt":"2018-10-09T17:06:47","slug":"tecnoimaxin","status":"publish","type":"post","link":"https:\/\/www.aguarda.es\/en\/tecnoimaxin\/","title":{"rendered":"A Feira do Emprego e Formaci\u00f3n \u00abTecnoimax\u00edn\u00bb contar\u00e1 con ponencias de especialistas do sector"},"content":{"rendered":"<p style=\"text-align: justify\">A Guarda prep\u00e1rase para acoller os d\u00edas 25, 26 e 27 de outubro unhas xornadas de formaci\u00f3n, empregabilidade e tecnolox\u00eda baixo o proxecto \u00abTecnoimax\u00edn\u00bb, que traer\u00e1 \u00e1 Guarda a especialistas do sector, que falar\u00e1n sobre todas as novidades e as s\u00faas experiencias no mundo empresarial.<\/p>\n<p style=\"text-align: justify\">O programa da Feira do Emprego e Formaci\u00f3n \u00abTecnoimax\u00edn\u00bb ter\u00e1 inicio na xornada do xoves 25 \u00e1s 10:00h, cun acto inaugural no que se contar\u00e1 coa asistencia do Delegado da Zona Franca de Vigo, David Regades; o Alcalde da Guarda, Antonio Lomba; a concelleira de Comercio, Montserrat Magallanes e demais convidados.<\/p>\n<p style=\"text-align: justify\">De seguido ter\u00e1 lugar o primeiro obradoiro sobre \u00abCompetencias emocionais para afrontar un futuro laboral dixitalizado\u00bb a cargo da Coach, formadora e Psicopedagoga Gema S\u00e1nchez- Cabezudo.<\/p>\n<p style=\"text-align: justify\">Xa pola tarde, \u00e1s 18:30h, D\u00e9bora Ramonde, Directora de Zona Franca e Explotaci\u00f3n Inmobiliaria de Vigo, falar\u00e1 sobre os Proxectos da Zona Franca de Vigo, interesantes iniciativas para o apoio aos emprendedores e a creaci\u00f3n de novas empresas.<\/p>\n<p style=\"text-align: justify\">A continuaci\u00f3n, dende \u00e1s 19:00h, Jaume Gurt, Director de Organizaci\u00f3n e Desenvolvemento de persoas Schibsted Spain, pechar\u00e1 esta primeira xornada cunha ponencia sobre \u00abA felicidade nas novas organizaci\u00f3ns\u00bb<\/p>\n<p style=\"text-align: justify\">Na segunda xornada da Feira do Emprego e Formaci\u00f3n \u00abTecnoimax\u00edn\u00bb o venres 26 de outubro ter\u00e1 lugar a Feira Maker de 10:00h a 12:00h, onde os asistentes poder\u00e1n co\u00f1ecer todas as novidades sobre novas tecnolox\u00edas e rob\u00f3tica da man de expertos do sector, grazas a conferencias e exhibici\u00f3ns, que contar\u00e1n coas intervenci\u00f3ns de Manuel Rodr\u00edguez, t\u00e9cnico de hardware de OPRobots e Alejandro Santos, t\u00e9cnico de Software de OPRobots.<\/p>\n<p style=\"text-align: justify\">\u00c1s 12:30h est\u00e1 prevista a realizaci\u00f3n dunha charla a cargo de \u00d3scar Rodr\u00edguez, Coordinador xeral de Ledisson Ait, programaci\u00f3n rob\u00f3tica, sobre \u00abA disrupci\u00f3n laboral: unha verdade inc\u00f3moda\u00bb.<\/p>\n<p style=\"text-align: justify\">Xa pola tarde, \u00e1s 16:00h a Escola Superor Gallaecia ser\u00e1 a encargada da realizaci\u00f3n dunha charla sobre \u00abTecnologia vs Arte \u2013 V\u00eddeo360\u00ba\u00bb, a cargo de Em\u00edlia Sim\u00e3o e Samuel Barbosa &#8211; Professores de Multim\u00e9dia e Artes da Escola Superior Gallaecia e Ensino Universit\u00e1rio.<\/p>\n<p style=\"text-align: justify\">Para rematar esta segunda xornada da Feira do Emprego e Formaci\u00f3n \u00abTecnoimax\u00edn\u00bb, \u00e1s 17:30h, Brais X. Curr\u00e1s Doutor en Arqueolox\u00eda e Mar Cortegoso Licenciada en Historia, falar\u00e1n sobre \u00abTransferencia e innovaci\u00f3n: as paisaxes do sal como recurso econ\u00f3mico\u00bb.<\/p>\n<p style=\"text-align: justify\">A terceira e derradeira xornada ter\u00e1 lugar o s\u00e1bado 27 de outubro cunha Feira de Empresas do sector que comezar\u00e1 \u00e1s 10:00h e se estender\u00e1 ao longo da ma\u00f1\u00e1, con presentaci\u00f3ns das empresas da comarca cun perfil innovador baixo a moderaci\u00f3n de Susana Rodr\u00edguez, Coach e psic\u00f3loga social. Tam\u00e9n se contar\u00e1 coa ponencia de Mar\u00eda Caeiro, Conselleira Delegada Grupo Caeiro, que \u00e1s 11:00h falar\u00e1 sobre a \u00abNova perspectiva nos Recursos humanos, unha mirada sensible na era tecnol\u00f3xica\u00bb.<\/p>\n<p style=\"text-align: justify\">A Feira do Emprego e Formaci\u00f3n \u00abTecnoimax\u00edn\u00bb chega un ano m\u00e1is \u00e1 Guarda para desenvolver unha ampla programaci\u00f3n de actividades ao longo de 3 d\u00edas, un evento dirixido a estimular o talento e crear cultura emprendedora na comarca do Baixo Mi\u00f1o.<\/p>\n<p style=\"text-align: justify\">O proxecto conta cunha p\u00e1xina web (<a href=\"http:\/\/www.imaxinaguarda.com\">www.imaxinaguarda.com<\/a>) na que se ir\u00e1 ampliando informaci\u00f3ns de interese sobre este Feira do Emprego e Formaci\u00f3n, que aspira a converterse nunha cita obrigada para todas aquelas persoas interesadas en co\u00f1ecer m\u00e1is sobre as novas tecnolox\u00edas, a formaci\u00f3n continua e emprego, novas v\u00edas de negocio, entre outras novidades do sector empresarial.<\/p>\n<h3 style=\"text-align: center\"><strong>PROGRAMA TECNOIMAX\u00cdN \u2013 CONCELLO DA GUARDA<\/strong><\/h3>\n<p style=\"text-align: justify\"><strong>XOVES 25 OUTUBRO<\/strong><\/p>\n<p style=\"text-align: left\">MA\u00d1\u00c1<br \/>\nActo inaugural \u2013 10:00 horas<br \/>\nDavid Regades Delegado da Zona Franca de Vigo<\/p>\n<p style=\"text-align: left\">OBRADOIRO 10:15 \u2013 13:00 horas<br \/>\nCompetencias emocionais para afrontar un futuro laboral dixitalizado<br \/>\nGema S\u00e1nchez- Cabezudo<br \/>\nCoach, formadora e Psicopedagoga<\/p>\n<p style=\"text-align: left\">TARDE<\/p>\n<p style=\"text-align: left\">18:30 \u2013 Proxectos da Zona Franca de Vigo<br \/>\nD\u00e9bora Ramonde, Directora de Zona Franca e Explotaci\u00f3n Inmobiliaria de Vigo<\/p>\n<p style=\"text-align: left\">19:00 a 20:30 A felicidade nas novas organizaci\u00f3ns<br \/>\nJaume Gurt , Director de Organizaci\u00f3n e Desenvolvemento de persoas Schibsted Spain (formada polas marcas InfoJobs, Fotocasa, Vibbo, Coches.net e MilAnuncios<br \/>\nAutor Blog Un Ceo sin corbata<\/p>\n<p style=\"text-align: left\"><strong>VENRES 26 OUTUBRO<\/strong><\/p>\n<p style=\"text-align: left\">FEIRA MAKER ( feira de tecnolox\u00eda, rob\u00f3tica, &#8230;)<br \/>\nConferencia\/exhibici\u00f3n 10:00\/12:00 Rob\u00f3tica de competici\u00f3n e formaci\u00f3n por OPRobots<br \/>\nManuel Rodr\u00edguez (t\u00e9cnico de hardware de OPRobots) e Alejandro Santos (t\u00e9cnico de Software de OPRobots) Contar\u00e1n con robots durante todo o d\u00eda no seu stand<\/p>\n<p style=\"text-align: left\">12:30 \/ 13:30<br \/>\n\u00d3scar Rodr\u00edguez Coordinador xeral de Ledisson Ait, programaci\u00f3n rob\u00f3tica,<br \/>\nA DISRUPCI\u00d3N LABORAL: UNHA VERDADE INC\u00d3MODA<br \/>\nNovos perfiles, actitudes, aptitudes nos novos entornos laborais<\/p>\n<p style=\"text-align: left\">TARDE<\/p>\n<p style=\"text-align: left\">16:00-17:30 ESCOLA SUPERIOR GALLAECIA<br \/>\nEm\u00edlia Sim\u00e3o &amp; Samuel Barbosa &#8211; Professores de Multim\u00e9dia e Artes da Escola Superior Gallaecia | Ensino Universit\u00e1rio<br \/>\nTecnologia vs Arte &#8211; V\u00eddeo360\u00ba<\/p>\n<p style=\"text-align: left\">17:30-18:00 Transferencia e innovaci\u00f3n: as paisaxes do sal como recurso econ\u00f3mico<br \/>\nBrais X. Curr\u00e1s Doutor en Arqueolox\u00eda e Mar Cortegoso Licenciada en Historia<\/p>\n<p style=\"text-align: left\"><strong>S\u00c1BADO 27 DE OUTUBRO<\/strong><\/p>\n<p style=\"text-align: left\">DURANTE TODA A MA\u00d1\u00c1 10:00 \/ 14 horas<br \/>\nFeira de empresas<br \/>\n11:00\/12:00 Nova perspectiva nos Recursos humanos, unha mirada sensible na era tecnol\u00f3xica<br \/>\nMar\u00eda Caeiro, Conselleira Delegada Grupo Caeiro<br \/>\nVicepresidenta de M.Caeiro S.A.<\/p>\n<p style=\"text-align: left\">Presentaci\u00f3ns das empresas: empresas da comarca cun rasgo innovador<br \/>\nConduce Susana Rodr\u00edguez<br \/>\nCoach e psic\u00f3loga social<\/p>\n<p style=\"text-align: center\"><img decoding=\"async\" loading=\"lazy\" class=\"aligncenter size-full wp-image-15461\" src=\"https:\/\/www.aguarda.es\/wp-content\/uploads\/2018\/10\/NP-09102018-A-Feira-do-Emprego-e-Formaci\u00f3n-\u00abTecnoimax\u00edn\u00bb-contar\u00e1-con-ponencias-de-especialistas-do-sector-2.jpg\" alt=\"A Guarda prep\u00e1rase para acoller os d\u00edas 25, 26 e 27 de outubro unhas xornadas de formaci\u00f3n, empregabilidade e tecnolox\u00eda baixo o proxecto \u00abTecnoimax\u00edn\u00bb, que traer\u00e1 \u00e1 Guarda a especialistas do sector, que falar\u00e1n sobre todas as novidades e as s\u00faas experiencias no mundo empresarial.\" width=\"800\" height=\"1254\" srcset=\"https:\/\/www.aguarda.es\/wp-content\/uploads\/2018\/10\/NP-09102018-A-Feira-do-Emprego-e-Formaci\u00f3n-\u00abTecnoimax\u00edn\u00bb-contar\u00e1-con-ponencias-de-especialistas-do-sector-2.jpg 800w, https:\/\/www.aguarda.es\/wp-content\/uploads\/2018\/10\/NP-09102018-A-Feira-do-Emprego-e-Formaci\u00f3n-\u00abTecnoimax\u00edn\u00bb-contar\u00e1-con-ponencias-de-especialistas-do-sector-2-191x300.jpg 191w, https:\/\/www.aguarda.es\/wp-content\/uploads\/2018\/10\/NP-09102018-A-Feira-do-Emprego-e-Formaci\u00f3n-\u00abTecnoimax\u00edn\u00bb-contar\u00e1-con-ponencias-de-especialistas-do-sector-2-768x1204.jpg 768w, https:\/\/www.aguarda.es\/wp-content\/uploads\/2018\/10\/NP-09102018-A-Feira-do-Emprego-e-Formaci\u00f3n-\u00abTecnoimax\u00edn\u00bb-contar\u00e1-con-ponencias-de-especialistas-do-sector-2-653x1024.jpg 653w, https:\/\/www.aguarda.es\/wp-content\/uploads\/2018\/10\/NP-09102018-A-Feira-do-Emprego-e-Formaci\u00f3n-\u00abTecnoimax\u00edn\u00bb-contar\u00e1-con-ponencias-de-especialistas-do-sector-2-570x893.jpg 570w\" sizes=\"(max-width: 800px) 100vw, 800px\" \/><\/p>\n","protected":false},"excerpt":{"rendered":"<p>A Guarda prep\u00e1rase para acoller os d\u00edas 25, 26 e 27 de outubro unhas xornadas de formaci\u00f3n, empregabilidade e tecnolox\u00eda baixo o proxecto \u00abTecnoimax\u00edn\u00bb, que traer\u00e1 \u00e1 Guarda a especialistas do sector, que falar\u00e1n sobre todas as novidades e as &hellip; <\/p>\n","protected":false},"author":2,"featured_media":15462,"comment_status":"open","ping_status":"open","sticky":false,"template":"","format":"standard","meta":[],"categories":[42,33],"tags":[226,867,1513,747,1225,1484],"yoast_head":"<!-- This site is optimized with the Yoast SEO plugin v21.1 - https:\/\/yoast.com\/wordpress\/plugins\/seo\/ -->\n<title>A Feira do Emprego e Formaci\u00f3n \u00abTecnoimax\u00edn\u00bb contar\u00e1 con ponencias de especialistas do sector - Concello da Guarda<\/title>\n<meta name=\"robots\" content=\"index, follow, max-snippet:-1, max-image-preview:large, max-video-preview:-1\" \/>\n<link rel=\"canonical\" href=\"https:\/\/www.aguarda.es\/en\/tecnoimaxin\/\" \/>\n<meta property=\"og:locale\" content=\"en_US\" \/>\n<meta property=\"og:type\" content=\"article\" \/>\n<meta property=\"og:title\" content=\"A Feira do Emprego e Formaci\u00f3n \u00abTecnoimax\u00edn\u00bb contar\u00e1 con ponencias de especialistas do sector - Concello da Guarda\" \/>\n<meta property=\"og:description\" content=\"A Guarda prep\u00e1rase para acoller os d\u00edas 25, 26 e 27 de outubro unhas xornadas de formaci\u00f3n, empregabilidade e tecnolox\u00eda baixo o proxecto \u00abTecnoimax\u00edn\u00bb, que traer\u00e1 \u00e1 Guarda a especialistas do sector, que falar\u00e1n sobre todas as novidades e as &hellip;\" \/>\n<meta property=\"og:url\" content=\"https:\/\/www.aguarda.es\/en\/tecnoimaxin\/\" \/>\n<meta property=\"og:site_name\" content=\"Concello da Guarda\" \/>\n<meta property=\"article:publisher\" content=\"https:\/\/www.facebook.com\/ConcellodaGuarda\" \/>\n<meta property=\"article:published_time\" content=\"2018-10-09T12:20:51+00:00\" \/>\n<meta property=\"article:modified_time\" content=\"2018-10-09T17:06:47+00:00\" \/>\n<meta property=\"og:image\" content=\"https:\/\/www.aguarda.es\/wp-content\/uploads\/2018\/10\/NP-09102018-A-Feira-do-Emprego-e-Formaci\u00f3n-\u00abTecnoimax\u00edn\u00bb-contar\u00e1-con-ponencias-de-especialistas-do-sector-1.jpg\" \/>\n\t<meta property=\"og:image:width\" content=\"800\" \/>\n\t<meta property=\"og:image:height\" content=\"856\" \/>\n\t<meta property=\"og:image:type\" content=\"image\/jpeg\" \/>\n<meta name=\"author\" content=\"prensa\" \/>\n<meta name=\"twitter:card\" content=\"summary_large_image\" \/>\n<meta name=\"twitter:creator\" content=\"@AGuarda_es\" \/>\n<meta name=\"twitter:site\" content=\"@AGuarda_es\" \/>\n<meta name=\"twitter:label1\" content=\"Written by\" \/>\n\t<meta name=\"twitter:data1\" content=\"prensa\" \/>\n\t<meta name=\"twitter:label2\" content=\"Est. reading time\" \/>\n\t<meta name=\"twitter:data2\" content=\"4 minutes\" \/>\n<script type=\"application\/ld+json\" class=\"yoast-schema-graph\">{\"@context\":\"https:\/\/schema.org\",\"@graph\":[{\"@type\":\"WebPage\",\"@id\":\"https:\/\/www.aguarda.es\/en\/tecnoimaxin\/\",\"url\":\"https:\/\/www.aguarda.es\/en\/tecnoimaxin\/\",\"name\":\"A Feira do Emprego e Formaci\u00f3n \u00abTecnoimax\u00edn\u00bb contar\u00e1 con ponencias de especialistas do sector - Concello da Guarda\",\"isPartOf\":{\"@id\":\"https:\/\/www.aguarda.es\/en\/#website\"},\"datePublished\":\"2018-10-09T12:20:51+00:00\",\"dateModified\":\"2018-10-09T17:06:47+00:00\",\"author\":{\"@id\":\"https:\/\/www.aguarda.es\/en\/#\/schema\/person\/c463ca3006858ffb349d11179d044f21\"},\"breadcrumb\":{\"@id\":\"https:\/\/www.aguarda.es\/en\/tecnoimaxin\/#breadcrumb\"},\"inLanguage\":\"en-US\",\"potentialAction\":[{\"@type\":\"ReadAction\",\"target\":[\"https:\/\/www.aguarda.es\/en\/tecnoimaxin\/\"]}]},{\"@type\":\"BreadcrumbList\",\"@id\":\"https:\/\/www.aguarda.es\/en\/tecnoimaxin\/#breadcrumb\",\"itemListElement\":[{\"@type\":\"ListItem\",\"position\":1,\"name\":\"Portada\",\"item\":\"https:\/\/www.aguarda.es\/en\/\"},{\"@type\":\"ListItem\",\"position\":2,\"name\":\"A Feira do Emprego e Formaci\u00f3n \u00abTecnoimax\u00edn\u00bb contar\u00e1 con ponencias de especialistas do sector\"}]},{\"@type\":\"WebSite\",\"@id\":\"https:\/\/www.aguarda.es\/en\/#website\",\"url\":\"https:\/\/www.aguarda.es\/en\/\",\"name\":\"Concello da Guarda\",\"description\":\"P\u00e1xina web do concello da Guarda\",\"potentialAction\":[{\"@type\":\"SearchAction\",\"target\":{\"@type\":\"EntryPoint\",\"urlTemplate\":\"https:\/\/www.aguarda.es\/en\/?s={search_term_string}\"},\"query-input\":\"required name=search_term_string\"}],\"inLanguage\":\"en-US\"},{\"@type\":\"Person\",\"@id\":\"https:\/\/www.aguarda.es\/en\/#\/schema\/person\/c463ca3006858ffb349d11179d044f21\",\"name\":\"prensa\",\"image\":{\"@type\":\"ImageObject\",\"inLanguage\":\"en-US\",\"@id\":\"https:\/\/www.aguarda.es\/en\/#\/schema\/person\/image\/\",\"url\":\"https:\/\/secure.gravatar.com\/avatar\/5f90ef536b0f98306edf5c7a1135ffa1?s=96&d=mm&r=g\",\"contentUrl\":\"https:\/\/secure.gravatar.com\/avatar\/5f90ef536b0f98306edf5c7a1135ffa1?s=96&d=mm&r=g\",\"caption\":\"prensa\"},\"url\":\"https:\/\/www.aguarda.es\/en\/author\/prensa\/\"}]}<\/script>\n<!-- \/ Yoast SEO plugin. -->","yoast_head_json":{"title":"A Feira do Emprego e Formaci\u00f3n \u00abTecnoimax\u00edn\u00bb contar\u00e1 con ponencias de especialistas do sector - Concello da Guarda","robots":{"index":"index","follow":"follow","max-snippet":"max-snippet:-1","max-image-preview":"max-image-preview:large","max-video-preview":"max-video-preview:-1"},"canonical":"https:\/\/www.aguarda.es\/en\/tecnoimaxin\/","og_locale":"en_US","og_type":"article","og_title":"A Feira do Emprego e Formaci\u00f3n \u00abTecnoimax\u00edn\u00bb contar\u00e1 con ponencias de especialistas do sector - Concello da Guarda","og_description":"A Guarda prep\u00e1rase para acoller os d\u00edas 25, 26 e 27 de outubro unhas xornadas de formaci\u00f3n, empregabilidade e tecnolox\u00eda baixo o proxecto \u00abTecnoimax\u00edn\u00bb, que traer\u00e1 \u00e1 Guarda a especialistas do sector, que falar\u00e1n sobre todas as novidades e as &hellip;","og_url":"https:\/\/www.aguarda.es\/en\/tecnoimaxin\/","og_site_name":"Concello da Guarda","article_publisher":"https:\/\/www.facebook.com\/ConcellodaGuarda","article_published_time":"2018-10-09T12:20:51+00:00","article_modified_time":"2018-10-09T17:06:47+00:00","og_image":[{"width":800,"height":856,"url":"https:\/\/www.aguarda.es\/wp-content\/uploads\/2018\/10\/NP-09102018-A-Feira-do-Emprego-e-Formaci\u00f3n-\u00abTecnoimax\u00edn\u00bb-contar\u00e1-con-ponencias-de-especialistas-do-sector-1.jpg","type":"image\/jpeg"}],"author":"prensa","twitter_card":"summary_large_image","twitter_creator":"@AGuarda_es","twitter_site":"@AGuarda_es","twitter_misc":{"Written by":"prensa","Est. reading time":"4 minutes"},"schema":{"@context":"https:\/\/schema.org","@graph":[{"@type":"WebPage","@id":"https:\/\/www.aguarda.es\/en\/tecnoimaxin\/","url":"https:\/\/www.aguarda.es\/en\/tecnoimaxin\/","name":"A Feira do Emprego e Formaci\u00f3n \u00abTecnoimax\u00edn\u00bb contar\u00e1 con ponencias de especialistas do sector - Concello da Guarda","isPartOf":{"@id":"https:\/\/www.aguarda.es\/en\/#website"},"datePublished":"2018-10-09T12:20:51+00:00","dateModified":"2018-10-09T17:06:47+00:00","author":{"@id":"https:\/\/www.aguarda.es\/en\/#\/schema\/person\/c463ca3006858ffb349d11179d044f21"},"breadcrumb":{"@id":"https:\/\/www.aguarda.es\/en\/tecnoimaxin\/#breadcrumb"},"inLanguage":"en-US","potentialAction":[{"@type":"ReadAction","target":["https:\/\/www.aguarda.es\/en\/tecnoimaxin\/"]}]},{"@type":"BreadcrumbList","@id":"https:\/\/www.aguarda.es\/en\/tecnoimaxin\/#breadcrumb","itemListElement":[{"@type":"ListItem","position":1,"name":"Portada","item":"https:\/\/www.aguarda.es\/en\/"},{"@type":"ListItem","position":2,"name":"A Feira do Emprego e Formaci\u00f3n \u00abTecnoimax\u00edn\u00bb contar\u00e1 con ponencias de especialistas do sector"}]},{"@type":"WebSite","@id":"https:\/\/www.aguarda.es\/en\/#website","url":"https:\/\/www.aguarda.es\/en\/","name":"Concello da Guarda","description":"P\u00e1xina web do concello da Guarda","potentialAction":[{"@type":"SearchAction","target":{"@type":"EntryPoint","urlTemplate":"https:\/\/www.aguarda.es\/en\/?s={search_term_string}"},"query-input":"required name=search_term_string"}],"inLanguage":"en-US"},{"@type":"Person","@id":"https:\/\/www.aguarda.es\/en\/#\/schema\/person\/c463ca3006858ffb349d11179d044f21","name":"prensa","image":{"@type":"ImageObject","inLanguage":"en-US","@id":"https:\/\/www.aguarda.es\/en\/#\/schema\/person\/image\/","url":"https:\/\/secure.gravatar.com\/avatar\/5f90ef536b0f98306edf5c7a1135ffa1?s=96&d=mm&r=g","contentUrl":"https:\/\/secure.gravatar.com\/avatar\/5f90ef536b0f98306edf5c7a1135ffa1?s=96&d=mm&r=g","caption":"prensa"},"url":"https:\/\/www.aguarda.es\/en\/author\/prensa\/"}]}},"_links":{"self":[{"href":"https:\/\/www.aguarda.es\/en\/wp-json\/wp\/v2\/posts\/15460"}],"collection":[{"href":"https:\/\/www.aguarda.es\/en\/wp-json\/wp\/v2\/posts"}],"about":[{"href":"https:\/\/www.aguarda.es\/en\/wp-json\/wp\/v2\/types\/post"}],"author":[{"embeddable":true,"href":"https:\/\/www.aguarda.es\/en\/wp-json\/wp\/v2\/users\/2"}],"replies":[{"embeddable":true,"href":"https:\/\/www.aguarda.es\/en\/wp-json\/wp\/v2\/comments?post=15460"}],"version-history":[{"count":3,"href":"https:\/\/www.aguarda.es\/en\/wp-json\/wp\/v2\/posts\/15460\/revisions"}],"predecessor-version":[{"id":15465,"href":"https:\/\/www.aguarda.es\/en\/wp-json\/wp\/v2\/posts\/15460\/revisions\/15465"}],"wp:featuredmedia":[{"embeddable":true,"href":"https:\/\/www.aguarda.es\/en\/wp-json\/wp\/v2\/media\/15462"}],"wp:attachment":[{"href":"https:\/\/www.aguarda.es\/en\/wp-json\/wp\/v2\/media?parent=15460"}],"wp:term":[{"taxonomy":"category","embeddable":true,"href":"https:\/\/www.aguarda.es\/en\/wp-json\/wp\/v2\/categories?post=15460"},{"taxonomy":"post_tag","embeddable":true,"href":"https:\/\/www.aguarda.es\/en\/wp-json\/wp\/v2\/tags?post=15460"}],"curies":[{"name":"wp","href":"https:\/\/api.w.org\/{rel}","templated":true}]}}