{"id":15466,"date":"2018-10-10T08:44:52","date_gmt":"2018-10-10T08:44:52","guid":{"rendered":"https:\/\/www.aguarda.es\/?p=15466"},"modified":"2018-10-10T08:44:52","modified_gmt":"2018-10-10T08:44:52","slug":"inicio-das-deporte-escolas-e-estrea-do-novo-cespede-do-estadio-municipal-da-sangrina-na-guarda","status":"publish","type":"post","link":"https:\/\/www.aguarda.es\/en\/inicio-das-deporte-escolas-e-estrea-do-novo-cespede-do-estadio-municipal-da-sangrina-na-guarda\/","title":{"rendered":"Inicio das DEPORTE Escolas e estrea do novo c\u00e9spede do Estadio Municipal da Sangri\u00f1a na Guarda"},"content":{"rendered":"<p style=\"text-align: justify\">O martes d\u00eda 9 de outubro de 2018 o Estadio Municipal da Sangri\u00f1a acolleu o inicio das DEPORTE Escolas, na modalidade de F\u00fatbol, promovidas dende a Deputaci\u00f3n de Pontevedra.<\/p>\n<p style=\"text-align: justify\">DEPORTE escolas \u00e9 un programa da Deputaci\u00f3n de Pontevedra, en colaboraci\u00f3n coas federaci\u00f3ns deportivas, totalmente gratu\u00edto, que busca promover a actividade f\u00edsico-deportiva entre as nenas e nenos en idade escolar a trav\u00e9s da oferta de diferentes modalidades deportivas.<\/p>\n<p style=\"text-align: justify\">Estas actividades est\u00e1n dirixidas a nenas e nenos de 5 a 15 anos, de toda a provincia de Pontevedra, excepto naquelas escolas nas que, polas caracter\u00edsticas t\u00e9cnicas do deporte que se vai practicar, se modifique a idade das e dos participantes. Nas escolas non se discriminar\u00e1 o alumnado por sexo, fomentando a igualdade.<\/p>\n<p style=\"text-align: center\"><img decoding=\"async\" loading=\"lazy\" class=\"aligncenter size-full wp-image-15471\" src=\"https:\/\/www.aguarda.es\/wp-content\/uploads\/2018\/10\/NP-10102018-Inicio-das-DEPORTE-Escolas-e-estrea-do-c\u00e9spede-artificial-do-Estadio-Municipal-da-Sang-.jpg\" alt=\"O martes d\u00eda 9 de outubro de 2018 o Estadio Municipal da Sangri\u00f1a acolleu o inicio das DEPORTE Escolas, na modalidade de F\u00fatbol, promovidas dende a Deputaci\u00f3n de Pontevedra.\" width=\"800\" height=\"533\" srcset=\"https:\/\/www.aguarda.es\/wp-content\/uploads\/2018\/10\/NP-10102018-Inicio-das-DEPORTE-Escolas-e-estrea-do-c\u00e9spede-artificial-do-Estadio-Municipal-da-Sang-.jpg 800w, https:\/\/www.aguarda.es\/wp-content\/uploads\/2018\/10\/NP-10102018-Inicio-das-DEPORTE-Escolas-e-estrea-do-c\u00e9spede-artificial-do-Estadio-Municipal-da-Sang--300x200.jpg 300w, https:\/\/www.aguarda.es\/wp-content\/uploads\/2018\/10\/NP-10102018-Inicio-das-DEPORTE-Escolas-e-estrea-do-c\u00e9spede-artificial-do-Estadio-Municipal-da-Sang--768x512.jpg 768w, https:\/\/www.aguarda.es\/wp-content\/uploads\/2018\/10\/NP-10102018-Inicio-das-DEPORTE-Escolas-e-estrea-do-c\u00e9spede-artificial-do-Estadio-Municipal-da-Sang--570x380.jpg 570w\" sizes=\"(max-width: 800px) 100vw, 800px\" \/> <img decoding=\"async\" loading=\"lazy\" class=\"aligncenter size-full wp-image-15468\" src=\"https:\/\/www.aguarda.es\/wp-content\/uploads\/2018\/10\/NP-10102018-Inicio-das-DEPORTE-Escolas-e-estrea-do-c\u00e9spede-artificial-do-Estadio-Municipal-da-Sang-2.jpg\" alt=\"O martes d\u00eda 9 de outubro de 2018 o Estadio Municipal da Sangri\u00f1a acolleu o inicio das DEPORTE Escolas, na modalidade de F\u00fatbol, promovidas dende a Deputaci\u00f3n de Pontevedra.\" width=\"800\" height=\"533\" srcset=\"https:\/\/www.aguarda.es\/wp-content\/uploads\/2018\/10\/NP-10102018-Inicio-das-DEPORTE-Escolas-e-estrea-do-c\u00e9spede-artificial-do-Estadio-Municipal-da-Sang-2.jpg 800w, https:\/\/www.aguarda.es\/wp-content\/uploads\/2018\/10\/NP-10102018-Inicio-das-DEPORTE-Escolas-e-estrea-do-c\u00e9spede-artificial-do-Estadio-Municipal-da-Sang-2-300x200.jpg 300w, https:\/\/www.aguarda.es\/wp-content\/uploads\/2018\/10\/NP-10102018-Inicio-das-DEPORTE-Escolas-e-estrea-do-c\u00e9spede-artificial-do-Estadio-Municipal-da-Sang-2-768x512.jpg 768w, https:\/\/www.aguarda.es\/wp-content\/uploads\/2018\/10\/NP-10102018-Inicio-das-DEPORTE-Escolas-e-estrea-do-c\u00e9spede-artificial-do-Estadio-Municipal-da-Sang-2-570x380.jpg 570w\" sizes=\"(max-width: 800px) 100vw, 800px\" \/><\/p>\n<p style=\"text-align: justify\">No Concello da Guarda realizaranse DEPORTE Escolas nas modalidades de Baloncesto, Patinaxe e F\u00fatbol. A modalidade de Baloncesto realizarase no CEIP Manuel Rodr\u00edguez Sinde os venres, en horario de 16:00 a 18:00h, a modalidade de Patinaxe, realizarase no CEIP Manuel Rodr\u00edguez Sinde os luns, de 17:00 a 18:00 h para os nados do 2013 ao 2008 e tam\u00e9n os luns, de 18:00 a 19:00 h para os nados do 2007 ao 2002 e a modalidade de f\u00fatbol ter\u00e1 lugar os martes e xoves, de 17:30 a 20:00 h, os martes e venres, de 17:30 a 20:00 h e os m\u00e9rcores e venres, de 17:00 a 18:30 h .<\/p>\n<p style=\"text-align: justify\">O inicio das DEPORTE Escolas de F\u00fatbol coincide co remate dos traballos de reposici\u00f3n do c\u00e9spede artificial do Estadio Municipal da Sangri\u00f1a, unhas actuaci\u00f3ns que comezaron a finais do mes de agosto financiadas a trav\u00e9s do Plan Concellos da Deputaci\u00f3n de Pontevedra, despois de 11 anos de uso intensivo e desgaste do anterior c\u00e9spede instalado, contando cun orzamento total 169.595,78\u20ac.<\/p>\n<p style=\"text-align: justify\">O novo c\u00e9spede \u00e9 \u00faltima xeraci\u00f3n para a pr\u00e1ctica de f\u00fatbol 11 e 7, cunha base de 20 mm e 45 mm de altura, monofilamento 12,950 Dtex, lastrado con area de s\u00edlice lavada e secada a fogo e caucho SBR3D. Este recheo \u00e9 de maior resistencia os UV, reduce o efecto Saplash, (bote de Bal\u00f3n), maior resistencia a pisada sen polvo no campo, e maior estabilidade.<\/p>\n<p style=\"text-align: justify\">Tam\u00e9n se substitu\u00edron as mallas das porter\u00edas, as bandeiras dos saques de esquina, as\u00ed coma a revisi\u00f3n e posta a punto do sistema de rego e do correcto funcionamento da drenaxe do campo antes da finalizaci\u00f3n das obras, para unha correcta pr\u00e1ctica deportiva nestas instalaci\u00f3ns.<\/p>\n<p style=\"text-align: center\"><img decoding=\"async\" loading=\"lazy\" class=\"aligncenter size-full wp-image-15470\" src=\"https:\/\/www.aguarda.es\/wp-content\/uploads\/2018\/10\/NP-10102018-Inicio-das-DEPORTE-Escolas-e-estrea-do-c\u00e9spede-artificial-do-Estadio-Municipal-da-Sang-4.jpg\" alt=\"\" width=\"800\" height=\"533\" srcset=\"https:\/\/www.aguarda.es\/wp-content\/uploads\/2018\/10\/NP-10102018-Inicio-das-DEPORTE-Escolas-e-estrea-do-c\u00e9spede-artificial-do-Estadio-Municipal-da-Sang-4.jpg 800w, https:\/\/www.aguarda.es\/wp-content\/uploads\/2018\/10\/NP-10102018-Inicio-das-DEPORTE-Escolas-e-estrea-do-c\u00e9spede-artificial-do-Estadio-Municipal-da-Sang-4-300x200.jpg 300w, https:\/\/www.aguarda.es\/wp-content\/uploads\/2018\/10\/NP-10102018-Inicio-das-DEPORTE-Escolas-e-estrea-do-c\u00e9spede-artificial-do-Estadio-Municipal-da-Sang-4-768x512.jpg 768w, https:\/\/www.aguarda.es\/wp-content\/uploads\/2018\/10\/NP-10102018-Inicio-das-DEPORTE-Escolas-e-estrea-do-c\u00e9spede-artificial-do-Estadio-Municipal-da-Sang-4-570x380.jpg 570w\" sizes=\"(max-width: 800px) 100vw, 800px\" \/> <img decoding=\"async\" loading=\"lazy\" class=\"aligncenter size-full wp-image-15468\" src=\"https:\/\/www.aguarda.es\/wp-content\/uploads\/2018\/10\/NP-10102018-Inicio-das-DEPORTE-Escolas-e-estrea-do-c\u00e9spede-artificial-do-Estadio-Municipal-da-Sang-2.jpg\" alt=\"O martes d\u00eda 9 de outubro de 2018 o Estadio Municipal da Sangri\u00f1a acolleu o inicio das DEPORTE Escolas, na modalidade de F\u00fatbol, promovidas dende a Deputaci\u00f3n de Pontevedra.\" width=\"800\" height=\"533\" srcset=\"https:\/\/www.aguarda.es\/wp-content\/uploads\/2018\/10\/NP-10102018-Inicio-das-DEPORTE-Escolas-e-estrea-do-c\u00e9spede-artificial-do-Estadio-Municipal-da-Sang-2.jpg 800w, https:\/\/www.aguarda.es\/wp-content\/uploads\/2018\/10\/NP-10102018-Inicio-das-DEPORTE-Escolas-e-estrea-do-c\u00e9spede-artificial-do-Estadio-Municipal-da-Sang-2-300x200.jpg 300w, https:\/\/www.aguarda.es\/wp-content\/uploads\/2018\/10\/NP-10102018-Inicio-das-DEPORTE-Escolas-e-estrea-do-c\u00e9spede-artificial-do-Estadio-Municipal-da-Sang-2-768x512.jpg 768w, https:\/\/www.aguarda.es\/wp-content\/uploads\/2018\/10\/NP-10102018-Inicio-das-DEPORTE-Escolas-e-estrea-do-c\u00e9spede-artificial-do-Estadio-Municipal-da-Sang-2-570x380.jpg 570w\" sizes=\"(max-width: 800px) 100vw, 800px\" \/><\/p>\n","protected":false},"excerpt":{"rendered":"<p>O martes d\u00eda 9 de outubro de 2018 o Estadio Municipal da Sangri\u00f1a acolleu o inicio das DEPORTE Escolas, na modalidade de F\u00fatbol, promovidas dende a Deputaci\u00f3n de Pontevedra. DEPORTE escolas \u00e9 un programa da Deputaci\u00f3n de Pontevedra, en colaboraci\u00f3n &hellip; <\/p>\n","protected":false},"author":2,"featured_media":15467,"comment_status":"open","ping_status":"open","sticky":false,"template":"","format":"standard","meta":[],"categories":[35,33],"tags":[226,1384,1514,349,261],"yoast_head":"<!-- This site is optimized with the Yoast SEO plugin v21.1 - https:\/\/yoast.com\/wordpress\/plugins\/seo\/ -->\n<title>Inicio das DEPORTE Escolas e estrea do novo c\u00e9spede do Estadio Municipal da Sangri\u00f1a na Guarda - Concello da Guarda<\/title>\n<meta name=\"robots\" content=\"index, follow, max-snippet:-1, max-image-preview:large, max-video-preview:-1\" \/>\n<link rel=\"canonical\" href=\"https:\/\/www.aguarda.es\/en\/inicio-das-deporte-escolas-e-estrea-do-novo-cespede-do-estadio-municipal-da-sangrina-na-guarda\/\" \/>\n<meta property=\"og:locale\" content=\"en_US\" \/>\n<meta property=\"og:type\" content=\"article\" \/>\n<meta property=\"og:title\" content=\"Inicio das DEPORTE Escolas e estrea do novo c\u00e9spede do Estadio Municipal da Sangri\u00f1a na Guarda - Concello da Guarda\" \/>\n<meta property=\"og:description\" content=\"O martes d\u00eda 9 de outubro de 2018 o Estadio Municipal da Sangri\u00f1a acolleu o inicio das DEPORTE Escolas, na modalidade de F\u00fatbol, promovidas dende a Deputaci\u00f3n de Pontevedra. DEPORTE escolas \u00e9 un programa da Deputaci\u00f3n de Pontevedra, en colaboraci\u00f3n &hellip;\" \/>\n<meta property=\"og:url\" content=\"https:\/\/www.aguarda.es\/en\/inicio-das-deporte-escolas-e-estrea-do-novo-cespede-do-estadio-municipal-da-sangrina-na-guarda\/\" \/>\n<meta property=\"og:site_name\" content=\"Concello da Guarda\" \/>\n<meta property=\"article:publisher\" content=\"https:\/\/www.facebook.com\/ConcellodaGuarda\" \/>\n<meta property=\"article:published_time\" content=\"2018-10-10T08:44:52+00:00\" \/>\n<meta property=\"og:image\" content=\"https:\/\/www.aguarda.es\/wp-content\/uploads\/2018\/10\/NP-10102018-Inicio-das-DEPORTE-Escolas-e-estrea-do-c\u00e9spede-artificial-do-Estadio-Municipal-da-Sang-1.jpg\" \/>\n\t<meta property=\"og:image:width\" content=\"800\" \/>\n\t<meta property=\"og:image:height\" content=\"533\" \/>\n\t<meta property=\"og:image:type\" content=\"image\/jpeg\" \/>\n<meta name=\"author\" content=\"prensa\" \/>\n<meta name=\"twitter:card\" content=\"summary_large_image\" \/>\n<meta name=\"twitter:creator\" content=\"@AGuarda_es\" \/>\n<meta name=\"twitter:site\" content=\"@AGuarda_es\" \/>\n<meta name=\"twitter:label1\" content=\"Written by\" \/>\n\t<meta name=\"twitter:data1\" content=\"prensa\" \/>\n\t<meta name=\"twitter:label2\" content=\"Est. reading time\" \/>\n\t<meta name=\"twitter:data2\" content=\"2 minutes\" \/>\n<script type=\"application\/ld+json\" class=\"yoast-schema-graph\">{\"@context\":\"https:\/\/schema.org\",\"@graph\":[{\"@type\":\"WebPage\",\"@id\":\"https:\/\/www.aguarda.es\/en\/inicio-das-deporte-escolas-e-estrea-do-novo-cespede-do-estadio-municipal-da-sangrina-na-guarda\/\",\"url\":\"https:\/\/www.aguarda.es\/en\/inicio-das-deporte-escolas-e-estrea-do-novo-cespede-do-estadio-municipal-da-sangrina-na-guarda\/\",\"name\":\"Inicio das DEPORTE Escolas e estrea do novo c\u00e9spede do Estadio Municipal da Sangri\u00f1a na Guarda - Concello da Guarda\",\"isPartOf\":{\"@id\":\"https:\/\/www.aguarda.es\/en\/#website\"},\"datePublished\":\"2018-10-10T08:44:52+00:00\",\"dateModified\":\"2018-10-10T08:44:52+00:00\",\"author\":{\"@id\":\"https:\/\/www.aguarda.es\/en\/#\/schema\/person\/c463ca3006858ffb349d11179d044f21\"},\"breadcrumb\":{\"@id\":\"https:\/\/www.aguarda.es\/en\/inicio-das-deporte-escolas-e-estrea-do-novo-cespede-do-estadio-municipal-da-sangrina-na-guarda\/#breadcrumb\"},\"inLanguage\":\"en-US\",\"potentialAction\":[{\"@type\":\"ReadAction\",\"target\":[\"https:\/\/www.aguarda.es\/en\/inicio-das-deporte-escolas-e-estrea-do-novo-cespede-do-estadio-municipal-da-sangrina-na-guarda\/\"]}]},{\"@type\":\"BreadcrumbList\",\"@id\":\"https:\/\/www.aguarda.es\/en\/inicio-das-deporte-escolas-e-estrea-do-novo-cespede-do-estadio-municipal-da-sangrina-na-guarda\/#breadcrumb\",\"itemListElement\":[{\"@type\":\"ListItem\",\"position\":1,\"name\":\"Portada\",\"item\":\"https:\/\/www.aguarda.es\/en\/\"},{\"@type\":\"ListItem\",\"position\":2,\"name\":\"Inicio das DEPORTE Escolas e estrea do novo c\u00e9spede do Estadio Municipal da Sangri\u00f1a na Guarda\"}]},{\"@type\":\"WebSite\",\"@id\":\"https:\/\/www.aguarda.es\/en\/#website\",\"url\":\"https:\/\/www.aguarda.es\/en\/\",\"name\":\"Concello da Guarda\",\"description\":\"P\u00e1xina web do concello da Guarda\",\"potentialAction\":[{\"@type\":\"SearchAction\",\"target\":{\"@type\":\"EntryPoint\",\"urlTemplate\":\"https:\/\/www.aguarda.es\/en\/?s={search_term_string}\"},\"query-input\":\"required name=search_term_string\"}],\"inLanguage\":\"en-US\"},{\"@type\":\"Person\",\"@id\":\"https:\/\/www.aguarda.es\/en\/#\/schema\/person\/c463ca3006858ffb349d11179d044f21\",\"name\":\"prensa\",\"image\":{\"@type\":\"ImageObject\",\"inLanguage\":\"en-US\",\"@id\":\"https:\/\/www.aguarda.es\/en\/#\/schema\/person\/image\/\",\"url\":\"https:\/\/secure.gravatar.com\/avatar\/5f90ef536b0f98306edf5c7a1135ffa1?s=96&d=mm&r=g\",\"contentUrl\":\"https:\/\/secure.gravatar.com\/avatar\/5f90ef536b0f98306edf5c7a1135ffa1?s=96&d=mm&r=g\",\"caption\":\"prensa\"},\"url\":\"https:\/\/www.aguarda.es\/en\/author\/prensa\/\"}]}<\/script>\n<!-- \/ Yoast SEO plugin. -->","yoast_head_json":{"title":"Inicio das DEPORTE Escolas e estrea do novo c\u00e9spede do Estadio Municipal da Sangri\u00f1a na Guarda - Concello da Guarda","robots":{"index":"index","follow":"follow","max-snippet":"max-snippet:-1","max-image-preview":"max-image-preview:large","max-video-preview":"max-video-preview:-1"},"canonical":"https:\/\/www.aguarda.es\/en\/inicio-das-deporte-escolas-e-estrea-do-novo-cespede-do-estadio-municipal-da-sangrina-na-guarda\/","og_locale":"en_US","og_type":"article","og_title":"Inicio das DEPORTE Escolas e estrea do novo c\u00e9spede do Estadio Municipal da Sangri\u00f1a na Guarda - Concello da Guarda","og_description":"O martes d\u00eda 9 de outubro de 2018 o Estadio Municipal da Sangri\u00f1a acolleu o inicio das DEPORTE Escolas, na modalidade de F\u00fatbol, promovidas dende a Deputaci\u00f3n de Pontevedra. DEPORTE escolas \u00e9 un programa da Deputaci\u00f3n de Pontevedra, en colaboraci\u00f3n &hellip;","og_url":"https:\/\/www.aguarda.es\/en\/inicio-das-deporte-escolas-e-estrea-do-novo-cespede-do-estadio-municipal-da-sangrina-na-guarda\/","og_site_name":"Concello da Guarda","article_publisher":"https:\/\/www.facebook.com\/ConcellodaGuarda","article_published_time":"2018-10-10T08:44:52+00:00","og_image":[{"width":800,"height":533,"url":"https:\/\/www.aguarda.es\/wp-content\/uploads\/2018\/10\/NP-10102018-Inicio-das-DEPORTE-Escolas-e-estrea-do-c\u00e9spede-artificial-do-Estadio-Municipal-da-Sang-1.jpg","type":"image\/jpeg"}],"author":"prensa","twitter_card":"summary_large_image","twitter_creator":"@AGuarda_es","twitter_site":"@AGuarda_es","twitter_misc":{"Written by":"prensa","Est. reading time":"2 minutes"},"schema":{"@context":"https:\/\/schema.org","@graph":[{"@type":"WebPage","@id":"https:\/\/www.aguarda.es\/en\/inicio-das-deporte-escolas-e-estrea-do-novo-cespede-do-estadio-municipal-da-sangrina-na-guarda\/","url":"https:\/\/www.aguarda.es\/en\/inicio-das-deporte-escolas-e-estrea-do-novo-cespede-do-estadio-municipal-da-sangrina-na-guarda\/","name":"Inicio das DEPORTE Escolas e estrea do novo c\u00e9spede do Estadio Municipal da Sangri\u00f1a na Guarda - Concello da Guarda","isPartOf":{"@id":"https:\/\/www.aguarda.es\/en\/#website"},"datePublished":"2018-10-10T08:44:52+00:00","dateModified":"2018-10-10T08:44:52+00:00","author":{"@id":"https:\/\/www.aguarda.es\/en\/#\/schema\/person\/c463ca3006858ffb349d11179d044f21"},"breadcrumb":{"@id":"https:\/\/www.aguarda.es\/en\/inicio-das-deporte-escolas-e-estrea-do-novo-cespede-do-estadio-municipal-da-sangrina-na-guarda\/#breadcrumb"},"inLanguage":"en-US","potentialAction":[{"@type":"ReadAction","target":["https:\/\/www.aguarda.es\/en\/inicio-das-deporte-escolas-e-estrea-do-novo-cespede-do-estadio-municipal-da-sangrina-na-guarda\/"]}]},{"@type":"BreadcrumbList","@id":"https:\/\/www.aguarda.es\/en\/inicio-das-deporte-escolas-e-estrea-do-novo-cespede-do-estadio-municipal-da-sangrina-na-guarda\/#breadcrumb","itemListElement":[{"@type":"ListItem","position":1,"name":"Portada","item":"https:\/\/www.aguarda.es\/en\/"},{"@type":"ListItem","position":2,"name":"Inicio das DEPORTE Escolas e estrea do novo c\u00e9spede do Estadio Municipal da Sangri\u00f1a na Guarda"}]},{"@type":"WebSite","@id":"https:\/\/www.aguarda.es\/en\/#website","url":"https:\/\/www.aguarda.es\/en\/","name":"Concello da Guarda","description":"P\u00e1xina web do concello da Guarda","potentialAction":[{"@type":"SearchAction","target":{"@type":"EntryPoint","urlTemplate":"https:\/\/www.aguarda.es\/en\/?s={search_term_string}"},"query-input":"required name=search_term_string"}],"inLanguage":"en-US"},{"@type":"Person","@id":"https:\/\/www.aguarda.es\/en\/#\/schema\/person\/c463ca3006858ffb349d11179d044f21","name":"prensa","image":{"@type":"ImageObject","inLanguage":"en-US","@id":"https:\/\/www.aguarda.es\/en\/#\/schema\/person\/image\/","url":"https:\/\/secure.gravatar.com\/avatar\/5f90ef536b0f98306edf5c7a1135ffa1?s=96&d=mm&r=g","contentUrl":"https:\/\/secure.gravatar.com\/avatar\/5f90ef536b0f98306edf5c7a1135ffa1?s=96&d=mm&r=g","caption":"prensa"},"url":"https:\/\/www.aguarda.es\/en\/author\/prensa\/"}]}},"_links":{"self":[{"href":"https:\/\/www.aguarda.es\/en\/wp-json\/wp\/v2\/posts\/15466"}],"collection":[{"href":"https:\/\/www.aguarda.es\/en\/wp-json\/wp\/v2\/posts"}],"about":[{"href":"https:\/\/www.aguarda.es\/en\/wp-json\/wp\/v2\/types\/post"}],"author":[{"embeddable":true,"href":"https:\/\/www.aguarda.es\/en\/wp-json\/wp\/v2\/users\/2"}],"replies":[{"embeddable":true,"href":"https:\/\/www.aguarda.es\/en\/wp-json\/wp\/v2\/comments?post=15466"}],"version-history":[{"count":1,"href":"https:\/\/www.aguarda.es\/en\/wp-json\/wp\/v2\/posts\/15466\/revisions"}],"predecessor-version":[{"id":15472,"href":"https:\/\/www.aguarda.es\/en\/wp-json\/wp\/v2\/posts\/15466\/revisions\/15472"}],"wp:featuredmedia":[{"embeddable":true,"href":"https:\/\/www.aguarda.es\/en\/wp-json\/wp\/v2\/media\/15467"}],"wp:attachment":[{"href":"https:\/\/www.aguarda.es\/en\/wp-json\/wp\/v2\/media?parent=15466"}],"wp:term":[{"taxonomy":"category","embeddable":true,"href":"https:\/\/www.aguarda.es\/en\/wp-json\/wp\/v2\/categories?post=15466"},{"taxonomy":"post_tag","embeddable":true,"href":"https:\/\/www.aguarda.es\/en\/wp-json\/wp\/v2\/tags?post=15466"}],"curies":[{"name":"wp","href":"https:\/\/api.w.org\/{rel}","templated":true}]}}