{"id":15641,"date":"2018-10-23T11:08:47","date_gmt":"2018-10-23T11:08:47","guid":{"rendered":"https:\/\/www.aguarda.es\/?p=15641"},"modified":"2018-10-23T11:08:47","modified_gmt":"2018-10-23T11:08:47","slug":"rematan-os-sorteos-de-carros-da-campana-de-mobilidade-a-guarda-todo-moi-preto","status":"publish","type":"post","link":"https:\/\/www.aguarda.es\/en\/rematan-os-sorteos-de-carros-da-campana-de-mobilidade-a-guarda-todo-moi-preto\/","title":{"rendered":"Rematan os sorteos de carros da Campa\u00f1a de Mobilidade \u00abA Guarda, todo moi preto\u00bb"},"content":{"rendered":"<p style=\"text-align: justify\">O martes d\u00eda 23 de outubro a Casa dos Alonsos da Guarda acolleu a \u00faltima entrega de 20 carros de compra entre os clientes do Mercado da Praza de Abastos da Guarda enmarcado na Campa\u00f1a de Mobilidade \u00abA Guarda, todo moi preto\u00bb, con esta entrega foron un total dun centenar de carros os que se repartiron ao longo das pasadas 5 semanas.<\/p>\n<p style=\"text-align: justify\">Os 20 premiados neste sorteo recolleron o seu carro na Casa dos Alonsos da man do Alcalde, Antonio Lomba e da Concelleira de Comercio Montserrat Magallanes, xunto cun plano \u00abMetrominuto\u00bb, no que se especifican os tempos e distancias entre os principais puntos do casco urbano coma a Praza do Rel\u00f3, a Alameda, os aparcamentos, as zonas de servizos, entre outros.<\/p>\n<p style=\"text-align: center\"><img decoding=\"async\" loading=\"lazy\" class=\"aligncenter size-full wp-image-15643\" src=\"https:\/\/www.aguarda.es\/wp-content\/uploads\/2018\/10\/Rematan-os-sorteos-de-carros-da-Campa\u00f1a-de-Mobilidade-\u00abA-Guarda-todo-moi-preto\u00bb-2.jpg\" alt=\"Os 20 premiados neste sorteo recolleron o seu carro na Casa dos Alonsos da man do Alcalde, Antonio Lomba e da Concelleira de Comercio Montserrat Magallanes, xunto cun plano \u00abMetrominuto\u00bb, no que se especifican os tempos e distancias entre os principais puntos do casco urbano coma a Praza do Rel\u00f3, a Alameda, os aparcamentos, as zonas de servizos, entre outros.\" width=\"800\" height=\"600\" srcset=\"https:\/\/www.aguarda.es\/wp-content\/uploads\/2018\/10\/Rematan-os-sorteos-de-carros-da-Campa\u00f1a-de-Mobilidade-\u00abA-Guarda-todo-moi-preto\u00bb-2.jpg 800w, https:\/\/www.aguarda.es\/wp-content\/uploads\/2018\/10\/Rematan-os-sorteos-de-carros-da-Campa\u00f1a-de-Mobilidade-\u00abA-Guarda-todo-moi-preto\u00bb-2-300x225.jpg 300w, https:\/\/www.aguarda.es\/wp-content\/uploads\/2018\/10\/Rematan-os-sorteos-de-carros-da-Campa\u00f1a-de-Mobilidade-\u00abA-Guarda-todo-moi-preto\u00bb-2-768x576.jpg 768w, https:\/\/www.aguarda.es\/wp-content\/uploads\/2018\/10\/Rematan-os-sorteos-de-carros-da-Campa\u00f1a-de-Mobilidade-\u00abA-Guarda-todo-moi-preto\u00bb-2-570x428.jpg 570w\" sizes=\"(max-width: 800px) 100vw, 800px\" \/> <img decoding=\"async\" loading=\"lazy\" class=\"aligncenter size-full wp-image-15642\" src=\"https:\/\/www.aguarda.es\/wp-content\/uploads\/2018\/10\/Rematan-os-sorteos-de-carros-da-Campa\u00f1a-de-Mobilidade-\u00abA-Guarda-todo-moi-preto\u00bb-1.jpg\" alt=\"Os 20 premiados neste sorteo recolleron o seu carro na Casa dos Alonsos da man do Alcalde, Antonio Lomba e da Concelleira de Comercio Montserrat Magallanes, xunto cun plano \u00abMetrominuto\u00bb, no que se especifican os tempos e distancias entre os principais puntos do casco urbano coma a Praza do Rel\u00f3, a Alameda, os aparcamentos, as zonas de servizos, entre outros.\" width=\"800\" height=\"533\" srcset=\"https:\/\/www.aguarda.es\/wp-content\/uploads\/2018\/10\/Rematan-os-sorteos-de-carros-da-Campa\u00f1a-de-Mobilidade-\u00abA-Guarda-todo-moi-preto\u00bb-1.jpg 800w, https:\/\/www.aguarda.es\/wp-content\/uploads\/2018\/10\/Rematan-os-sorteos-de-carros-da-Campa\u00f1a-de-Mobilidade-\u00abA-Guarda-todo-moi-preto\u00bb-1-300x200.jpg 300w, https:\/\/www.aguarda.es\/wp-content\/uploads\/2018\/10\/Rematan-os-sorteos-de-carros-da-Campa\u00f1a-de-Mobilidade-\u00abA-Guarda-todo-moi-preto\u00bb-1-768x512.jpg 768w, https:\/\/www.aguarda.es\/wp-content\/uploads\/2018\/10\/Rematan-os-sorteos-de-carros-da-Campa\u00f1a-de-Mobilidade-\u00abA-Guarda-todo-moi-preto\u00bb-1-570x380.jpg 570w\" sizes=\"(max-width: 800px) 100vw, 800px\" \/><\/p>\n<p style=\"text-align: justify\">Para o Alcalde da Guarda o obxectivo desta Campa\u00f1a \u00e9 concienciar \u00e1 poboaci\u00f3n de que A Guarda \u00e9 un pobo que se pode percorrer de xeito sinxelo a p\u00e9, favorecendo a mobilidade das persoas e a dinamizaci\u00f3n comercial, engadindo que \u00abtemos un casco urbano que se pode percorrer en poucos minutos, non \u00e9 preciso empregalo coche e se pode facer a p\u00e9 sen inconvenientes\u00bb. Neste senso destacou a aposta que se est\u00e1 facendo para promover e por en valor o Mercado municipal da Praza de Abastos da localidade, realizando diferentes obras de mantemento e mellora destas instalaci\u00f3ns, promovendo tam\u00e9n a incorporaci\u00f3n de novos postos de venda coa futura licitaci\u00f3n e concesi\u00f3n de 7 espazos de venda que se atopan arestora baleiros, ampliando a oferta de produtos e servizos deste espazo comercial do casco urbano do municipio as\u00ed coma a formaci\u00f3n continua dos praceiros e praceiras.<\/p>\n<p style=\"text-align: justify\">A Campa\u00f1a \u00abA Guarda, todo moi preto\u00bb abrangue diferentes acci\u00f3ns e actividades nos espazos p\u00fablicos orientadas \u00e1 concienciaci\u00f3n do uso da r\u00faa para a xente, facilitando o movemento a p\u00e9 polo casco urbano da vila, co emprego das prazas de aparcamento disuaorio postas en marcha nos \u00faltimos meses. O obxectivo \u00e9 ir retirando de xeito paulatino os veh\u00edculos da r\u00faa e darlle prioridade aos pe\u00f3ns no centro da vila, cunha filosof\u00eda de uso racional dos veh\u00edculos, coma o caso da Praza do Rel\u00f3, tendo coma referencia o proxecto de Francesco Tonucci da Rede Espa\u00f1ola de Cidades das nenas e dos nenos, da que A Guarda forma parte.<\/p>\n<p style=\"text-align: center\"><img decoding=\"async\" loading=\"lazy\" class=\"aligncenter size-full wp-image-15646\" src=\"https:\/\/www.aguarda.es\/wp-content\/uploads\/2018\/10\/Rematan-os-sorteos-de-carros-da-Campa\u00f1a-de-Mobilidade-\u00abA-Guarda-todo-moi-preto\u00bb-5.jpg\" alt=\"Os 20 premiados neste sorteo recolleron o seu carro na Casa dos Alonsos da man do Alcalde, Antonio Lomba e da Concelleira de Comercio Montserrat Magallanes, xunto cun plano \u00abMetrominuto\u00bb, no que se especifican os tempos e distancias entre os principais puntos do casco urbano coma a Praza do Rel\u00f3, a Alameda, os aparcamentos, as zonas de servizos, entre outros.\" width=\"800\" height=\"533\" srcset=\"https:\/\/www.aguarda.es\/wp-content\/uploads\/2018\/10\/Rematan-os-sorteos-de-carros-da-Campa\u00f1a-de-Mobilidade-\u00abA-Guarda-todo-moi-preto\u00bb-5.jpg 800w, https:\/\/www.aguarda.es\/wp-content\/uploads\/2018\/10\/Rematan-os-sorteos-de-carros-da-Campa\u00f1a-de-Mobilidade-\u00abA-Guarda-todo-moi-preto\u00bb-5-300x200.jpg 300w, https:\/\/www.aguarda.es\/wp-content\/uploads\/2018\/10\/Rematan-os-sorteos-de-carros-da-Campa\u00f1a-de-Mobilidade-\u00abA-Guarda-todo-moi-preto\u00bb-5-768x512.jpg 768w, https:\/\/www.aguarda.es\/wp-content\/uploads\/2018\/10\/Rematan-os-sorteos-de-carros-da-Campa\u00f1a-de-Mobilidade-\u00abA-Guarda-todo-moi-preto\u00bb-5-570x380.jpg 570w\" sizes=\"(max-width: 800px) 100vw, 800px\" \/> <img decoding=\"async\" loading=\"lazy\" class=\"aligncenter size-full wp-image-15644\" src=\"https:\/\/www.aguarda.es\/wp-content\/uploads\/2018\/10\/Rematan-os-sorteos-de-carros-da-Campa\u00f1a-de-Mobilidade-\u00abA-Guarda-todo-moi-preto\u00bb-3.jpg\" alt=\"Os 20 premiados neste sorteo recolleron o seu carro na Casa dos Alonsos da man do Alcalde, Antonio Lomba e da Concelleira de Comercio Montserrat Magallanes, xunto cun plano \u00abMetrominuto\u00bb, no que se especifican os tempos e distancias entre os principais puntos do casco urbano coma a Praza do Rel\u00f3, a Alameda, os aparcamentos, as zonas de servizos, entre outros.\" width=\"800\" height=\"533\" srcset=\"https:\/\/www.aguarda.es\/wp-content\/uploads\/2018\/10\/Rematan-os-sorteos-de-carros-da-Campa\u00f1a-de-Mobilidade-\u00abA-Guarda-todo-moi-preto\u00bb-3.jpg 800w, https:\/\/www.aguarda.es\/wp-content\/uploads\/2018\/10\/Rematan-os-sorteos-de-carros-da-Campa\u00f1a-de-Mobilidade-\u00abA-Guarda-todo-moi-preto\u00bb-3-300x200.jpg 300w, https:\/\/www.aguarda.es\/wp-content\/uploads\/2018\/10\/Rematan-os-sorteos-de-carros-da-Campa\u00f1a-de-Mobilidade-\u00abA-Guarda-todo-moi-preto\u00bb-3-768x512.jpg 768w, https:\/\/www.aguarda.es\/wp-content\/uploads\/2018\/10\/Rematan-os-sorteos-de-carros-da-Campa\u00f1a-de-Mobilidade-\u00abA-Guarda-todo-moi-preto\u00bb-3-570x380.jpg 570w\" sizes=\"(max-width: 800px) 100vw, 800px\" \/><\/p>\n","protected":false},"excerpt":{"rendered":"<p>O martes d\u00eda 23 de outubro a Casa dos Alonsos da Guarda acolleu a \u00faltima entrega de 20 carros de compra entre os clientes do Mercado da Praza de Abastos da Guarda enmarcado na Campa\u00f1a de Mobilidade \u00abA Guarda, todo &hellip; <\/p>\n","protected":false},"author":2,"featured_media":15645,"comment_status":"open","ping_status":"open","sticky":false,"template":"","format":"standard","meta":[],"categories":[33],"tags":[226,1487,1545,580,1546,699,339],"yoast_head":"<!-- This site is optimized with the Yoast SEO plugin v21.1 - https:\/\/yoast.com\/wordpress\/plugins\/seo\/ -->\n<title>Rematan os sorteos de carros da Campa\u00f1a de Mobilidade \u00abA Guarda, todo moi preto\u00bb - Concello da Guarda<\/title>\n<meta name=\"robots\" content=\"index, follow, max-snippet:-1, max-image-preview:large, max-video-preview:-1\" \/>\n<link rel=\"canonical\" href=\"https:\/\/www.aguarda.es\/en\/rematan-os-sorteos-de-carros-da-campana-de-mobilidade-a-guarda-todo-moi-preto\/\" \/>\n<meta property=\"og:locale\" content=\"en_US\" \/>\n<meta property=\"og:type\" content=\"article\" \/>\n<meta property=\"og:title\" content=\"Rematan os sorteos de carros da Campa\u00f1a de Mobilidade \u00abA Guarda, todo moi preto\u00bb - Concello da Guarda\" \/>\n<meta property=\"og:description\" content=\"O martes d\u00eda 23 de outubro a Casa dos Alonsos da Guarda acolleu a \u00faltima entrega de 20 carros de compra entre os clientes do Mercado da Praza de Abastos da Guarda enmarcado na Campa\u00f1a de Mobilidade \u00abA Guarda, todo &hellip;\" \/>\n<meta property=\"og:url\" content=\"https:\/\/www.aguarda.es\/en\/rematan-os-sorteos-de-carros-da-campana-de-mobilidade-a-guarda-todo-moi-preto\/\" \/>\n<meta property=\"og:site_name\" content=\"Concello da Guarda\" \/>\n<meta property=\"article:publisher\" content=\"https:\/\/www.facebook.com\/ConcellodaGuarda\" \/>\n<meta property=\"article:published_time\" content=\"2018-10-23T11:08:47+00:00\" \/>\n<meta property=\"og:image\" content=\"https:\/\/www.aguarda.es\/wp-content\/uploads\/2018\/10\/Rematan-os-sorteos-de-carros-da-Campa\u00f1a-de-Mobilidade-\u00abA-Guarda-todo-moi-preto\u00bb-4.jpg\" \/>\n\t<meta property=\"og:image:width\" content=\"800\" \/>\n\t<meta property=\"og:image:height\" content=\"533\" \/>\n\t<meta property=\"og:image:type\" content=\"image\/jpeg\" \/>\n<meta name=\"author\" content=\"prensa\" \/>\n<meta name=\"twitter:card\" content=\"summary_large_image\" \/>\n<meta name=\"twitter:creator\" content=\"@AGuarda_es\" \/>\n<meta name=\"twitter:site\" content=\"@AGuarda_es\" \/>\n<meta name=\"twitter:label1\" content=\"Written by\" \/>\n\t<meta name=\"twitter:data1\" content=\"prensa\" \/>\n\t<meta name=\"twitter:label2\" content=\"Est. reading time\" \/>\n\t<meta name=\"twitter:data2\" content=\"2 minutes\" \/>\n<script type=\"application\/ld+json\" class=\"yoast-schema-graph\">{\"@context\":\"https:\/\/schema.org\",\"@graph\":[{\"@type\":\"WebPage\",\"@id\":\"https:\/\/www.aguarda.es\/en\/rematan-os-sorteos-de-carros-da-campana-de-mobilidade-a-guarda-todo-moi-preto\/\",\"url\":\"https:\/\/www.aguarda.es\/en\/rematan-os-sorteos-de-carros-da-campana-de-mobilidade-a-guarda-todo-moi-preto\/\",\"name\":\"Rematan os sorteos de carros da Campa\u00f1a de Mobilidade \u00abA Guarda, todo moi preto\u00bb - Concello da Guarda\",\"isPartOf\":{\"@id\":\"https:\/\/www.aguarda.es\/en\/#website\"},\"datePublished\":\"2018-10-23T11:08:47+00:00\",\"dateModified\":\"2018-10-23T11:08:47+00:00\",\"author\":{\"@id\":\"https:\/\/www.aguarda.es\/en\/#\/schema\/person\/c463ca3006858ffb349d11179d044f21\"},\"breadcrumb\":{\"@id\":\"https:\/\/www.aguarda.es\/en\/rematan-os-sorteos-de-carros-da-campana-de-mobilidade-a-guarda-todo-moi-preto\/#breadcrumb\"},\"inLanguage\":\"en-US\",\"potentialAction\":[{\"@type\":\"ReadAction\",\"target\":[\"https:\/\/www.aguarda.es\/en\/rematan-os-sorteos-de-carros-da-campana-de-mobilidade-a-guarda-todo-moi-preto\/\"]}]},{\"@type\":\"BreadcrumbList\",\"@id\":\"https:\/\/www.aguarda.es\/en\/rematan-os-sorteos-de-carros-da-campana-de-mobilidade-a-guarda-todo-moi-preto\/#breadcrumb\",\"itemListElement\":[{\"@type\":\"ListItem\",\"position\":1,\"name\":\"Portada\",\"item\":\"https:\/\/www.aguarda.es\/en\/\"},{\"@type\":\"ListItem\",\"position\":2,\"name\":\"Rematan os sorteos de carros da Campa\u00f1a de Mobilidade \u00abA Guarda, todo moi preto\u00bb\"}]},{\"@type\":\"WebSite\",\"@id\":\"https:\/\/www.aguarda.es\/en\/#website\",\"url\":\"https:\/\/www.aguarda.es\/en\/\",\"name\":\"Concello da Guarda\",\"description\":\"P\u00e1xina web do concello da Guarda\",\"potentialAction\":[{\"@type\":\"SearchAction\",\"target\":{\"@type\":\"EntryPoint\",\"urlTemplate\":\"https:\/\/www.aguarda.es\/en\/?s={search_term_string}\"},\"query-input\":\"required name=search_term_string\"}],\"inLanguage\":\"en-US\"},{\"@type\":\"Person\",\"@id\":\"https:\/\/www.aguarda.es\/en\/#\/schema\/person\/c463ca3006858ffb349d11179d044f21\",\"name\":\"prensa\",\"image\":{\"@type\":\"ImageObject\",\"inLanguage\":\"en-US\",\"@id\":\"https:\/\/www.aguarda.es\/en\/#\/schema\/person\/image\/\",\"url\":\"https:\/\/secure.gravatar.com\/avatar\/5f90ef536b0f98306edf5c7a1135ffa1?s=96&d=mm&r=g\",\"contentUrl\":\"https:\/\/secure.gravatar.com\/avatar\/5f90ef536b0f98306edf5c7a1135ffa1?s=96&d=mm&r=g\",\"caption\":\"prensa\"},\"url\":\"https:\/\/www.aguarda.es\/en\/author\/prensa\/\"}]}<\/script>\n<!-- \/ Yoast SEO plugin. -->","yoast_head_json":{"title":"Rematan os sorteos de carros da Campa\u00f1a de Mobilidade \u00abA Guarda, todo moi preto\u00bb - Concello da Guarda","robots":{"index":"index","follow":"follow","max-snippet":"max-snippet:-1","max-image-preview":"max-image-preview:large","max-video-preview":"max-video-preview:-1"},"canonical":"https:\/\/www.aguarda.es\/en\/rematan-os-sorteos-de-carros-da-campana-de-mobilidade-a-guarda-todo-moi-preto\/","og_locale":"en_US","og_type":"article","og_title":"Rematan os sorteos de carros da Campa\u00f1a de Mobilidade \u00abA Guarda, todo moi preto\u00bb - Concello da Guarda","og_description":"O martes d\u00eda 23 de outubro a Casa dos Alonsos da Guarda acolleu a \u00faltima entrega de 20 carros de compra entre os clientes do Mercado da Praza de Abastos da Guarda enmarcado na Campa\u00f1a de Mobilidade \u00abA Guarda, todo &hellip;","og_url":"https:\/\/www.aguarda.es\/en\/rematan-os-sorteos-de-carros-da-campana-de-mobilidade-a-guarda-todo-moi-preto\/","og_site_name":"Concello da Guarda","article_publisher":"https:\/\/www.facebook.com\/ConcellodaGuarda","article_published_time":"2018-10-23T11:08:47+00:00","og_image":[{"width":800,"height":533,"url":"https:\/\/www.aguarda.es\/wp-content\/uploads\/2018\/10\/Rematan-os-sorteos-de-carros-da-Campa\u00f1a-de-Mobilidade-\u00abA-Guarda-todo-moi-preto\u00bb-4.jpg","type":"image\/jpeg"}],"author":"prensa","twitter_card":"summary_large_image","twitter_creator":"@AGuarda_es","twitter_site":"@AGuarda_es","twitter_misc":{"Written by":"prensa","Est. reading time":"2 minutes"},"schema":{"@context":"https:\/\/schema.org","@graph":[{"@type":"WebPage","@id":"https:\/\/www.aguarda.es\/en\/rematan-os-sorteos-de-carros-da-campana-de-mobilidade-a-guarda-todo-moi-preto\/","url":"https:\/\/www.aguarda.es\/en\/rematan-os-sorteos-de-carros-da-campana-de-mobilidade-a-guarda-todo-moi-preto\/","name":"Rematan os sorteos de carros da Campa\u00f1a de Mobilidade \u00abA Guarda, todo moi preto\u00bb - Concello da Guarda","isPartOf":{"@id":"https:\/\/www.aguarda.es\/en\/#website"},"datePublished":"2018-10-23T11:08:47+00:00","dateModified":"2018-10-23T11:08:47+00:00","author":{"@id":"https:\/\/www.aguarda.es\/en\/#\/schema\/person\/c463ca3006858ffb349d11179d044f21"},"breadcrumb":{"@id":"https:\/\/www.aguarda.es\/en\/rematan-os-sorteos-de-carros-da-campana-de-mobilidade-a-guarda-todo-moi-preto\/#breadcrumb"},"inLanguage":"en-US","potentialAction":[{"@type":"ReadAction","target":["https:\/\/www.aguarda.es\/en\/rematan-os-sorteos-de-carros-da-campana-de-mobilidade-a-guarda-todo-moi-preto\/"]}]},{"@type":"BreadcrumbList","@id":"https:\/\/www.aguarda.es\/en\/rematan-os-sorteos-de-carros-da-campana-de-mobilidade-a-guarda-todo-moi-preto\/#breadcrumb","itemListElement":[{"@type":"ListItem","position":1,"name":"Portada","item":"https:\/\/www.aguarda.es\/en\/"},{"@type":"ListItem","position":2,"name":"Rematan os sorteos de carros da Campa\u00f1a de Mobilidade \u00abA Guarda, todo moi preto\u00bb"}]},{"@type":"WebSite","@id":"https:\/\/www.aguarda.es\/en\/#website","url":"https:\/\/www.aguarda.es\/en\/","name":"Concello da Guarda","description":"P\u00e1xina web do concello da Guarda","potentialAction":[{"@type":"SearchAction","target":{"@type":"EntryPoint","urlTemplate":"https:\/\/www.aguarda.es\/en\/?s={search_term_string}"},"query-input":"required name=search_term_string"}],"inLanguage":"en-US"},{"@type":"Person","@id":"https:\/\/www.aguarda.es\/en\/#\/schema\/person\/c463ca3006858ffb349d11179d044f21","name":"prensa","image":{"@type":"ImageObject","inLanguage":"en-US","@id":"https:\/\/www.aguarda.es\/en\/#\/schema\/person\/image\/","url":"https:\/\/secure.gravatar.com\/avatar\/5f90ef536b0f98306edf5c7a1135ffa1?s=96&d=mm&r=g","contentUrl":"https:\/\/secure.gravatar.com\/avatar\/5f90ef536b0f98306edf5c7a1135ffa1?s=96&d=mm&r=g","caption":"prensa"},"url":"https:\/\/www.aguarda.es\/en\/author\/prensa\/"}]}},"_links":{"self":[{"href":"https:\/\/www.aguarda.es\/en\/wp-json\/wp\/v2\/posts\/15641"}],"collection":[{"href":"https:\/\/www.aguarda.es\/en\/wp-json\/wp\/v2\/posts"}],"about":[{"href":"https:\/\/www.aguarda.es\/en\/wp-json\/wp\/v2\/types\/post"}],"author":[{"embeddable":true,"href":"https:\/\/www.aguarda.es\/en\/wp-json\/wp\/v2\/users\/2"}],"replies":[{"embeddable":true,"href":"https:\/\/www.aguarda.es\/en\/wp-json\/wp\/v2\/comments?post=15641"}],"version-history":[{"count":1,"href":"https:\/\/www.aguarda.es\/en\/wp-json\/wp\/v2\/posts\/15641\/revisions"}],"predecessor-version":[{"id":15647,"href":"https:\/\/www.aguarda.es\/en\/wp-json\/wp\/v2\/posts\/15641\/revisions\/15647"}],"wp:featuredmedia":[{"embeddable":true,"href":"https:\/\/www.aguarda.es\/en\/wp-json\/wp\/v2\/media\/15645"}],"wp:attachment":[{"href":"https:\/\/www.aguarda.es\/en\/wp-json\/wp\/v2\/media?parent=15641"}],"wp:term":[{"taxonomy":"category","embeddable":true,"href":"https:\/\/www.aguarda.es\/en\/wp-json\/wp\/v2\/categories?post=15641"},{"taxonomy":"post_tag","embeddable":true,"href":"https:\/\/www.aguarda.es\/en\/wp-json\/wp\/v2\/tags?post=15641"}],"curies":[{"name":"wp","href":"https:\/\/api.w.org\/{rel}","templated":true}]}}