{"id":15664,"date":"2018-10-25T09:09:45","date_gmt":"2018-10-25T09:09:45","guid":{"rendered":"https:\/\/www.aguarda.es\/?p=15664"},"modified":"2018-10-25T09:09:45","modified_gmt":"2018-10-25T09:09:45","slug":"a-programacion-e-robotica-tamen-teran-cabida-na-feira-do-emprego-e-formacion-tecnoimaxin","status":"publish","type":"post","link":"https:\/\/www.aguarda.es\/en\/a-programacion-e-robotica-tamen-teran-cabida-na-feira-do-emprego-e-formacion-tecnoimaxin\/","title":{"rendered":"A programaci\u00f3n e rob\u00f3tica tam\u00e9n ter\u00e1n cabida na Feira do Emprego e Formaci\u00f3n \u00abTecnoimax\u00edn\u00bb"},"content":{"rendered":"<p style=\"text-align: justify\">A Casa dos Alonsos da Guarda acolle este venres a segunda xornada da Feira do Emprego e Formaci\u00f3n \u00abTecnoimax\u00edn\u00bb, que contar\u00e1 esta xornada cunha Feira Maker con exhibici\u00f3ns de rob\u00f3tica e varias charlas.<\/p>\n<p style=\"text-align: justify\">De 10:00h a 12:00h realizar\u00e1se a Feira Maker, onde os asistentes poder\u00e1n co\u00f1ecer todas as novidades sobre novas tecnolox\u00edas e rob\u00f3tica da man de expertos do sector, grazas a conferencias e exhibici\u00f3ns, que contar\u00e1n coas intervenci\u00f3ns de Manuel Rodr\u00edguez, t\u00e9cnico de hardware de OPRobots e Alejandro Santos, t\u00e9cnico de Software de OPRobots.<\/p>\n<p style=\"text-align: center\"><img decoding=\"async\" loading=\"lazy\" class=\"aligncenter size-full wp-image-15665\" src=\"https:\/\/www.aguarda.es\/wp-content\/uploads\/2018\/10\/NP-25102018-A-programaci\u00f3n-e-rob\u00f3tica-tam\u00e9n-ter\u00e1n-cabida-na-Feira-do-Emprego-e-Formaci\u00f3n-\u00abTecnoimax\u00edn\u00bb-1-copia.jpg\" alt=\"A Casa dos Alonsos da Guarda acolle este venres a segunda xornada da Feira do Emprego e Formaci\u00f3n \u00abTecnoimax\u00edn\u00bb, que contar\u00e1 esta xornada cunha Feira Maker con exhibici\u00f3ns de rob\u00f3tica e varias charlas.\" width=\"800\" height=\"611\" srcset=\"https:\/\/www.aguarda.es\/wp-content\/uploads\/2018\/10\/NP-25102018-A-programaci\u00f3n-e-rob\u00f3tica-tam\u00e9n-ter\u00e1n-cabida-na-Feira-do-Emprego-e-Formaci\u00f3n-\u00abTecnoimax\u00edn\u00bb-1-copia.jpg 800w, https:\/\/www.aguarda.es\/wp-content\/uploads\/2018\/10\/NP-25102018-A-programaci\u00f3n-e-rob\u00f3tica-tam\u00e9n-ter\u00e1n-cabida-na-Feira-do-Emprego-e-Formaci\u00f3n-\u00abTecnoimax\u00edn\u00bb-1-copia-300x229.jpg 300w, https:\/\/www.aguarda.es\/wp-content\/uploads\/2018\/10\/NP-25102018-A-programaci\u00f3n-e-rob\u00f3tica-tam\u00e9n-ter\u00e1n-cabida-na-Feira-do-Emprego-e-Formaci\u00f3n-\u00abTecnoimax\u00edn\u00bb-1-copia-768x587.jpg 768w, https:\/\/www.aguarda.es\/wp-content\/uploads\/2018\/10\/NP-25102018-A-programaci\u00f3n-e-rob\u00f3tica-tam\u00e9n-ter\u00e1n-cabida-na-Feira-do-Emprego-e-Formaci\u00f3n-\u00abTecnoimax\u00edn\u00bb-1-copia-570x435.jpg 570w\" sizes=\"(max-width: 800px) 100vw, 800px\" \/><\/p>\n<p style=\"text-align: justify\">A Conferencia de OPRObots estar\u00e1 enfocada \u00e1 rob\u00f3tica de competici\u00f3n, onde explicar\u00e1n aos presentes como \u00e9 o seu traballo e como aprenden d\u00eda a d\u00eda a facer cousas novas enfront\u00e1ndose aos mellores enxe\u00f1eiros do pa\u00eds. OPRobots expor\u00e1 as s\u00faas creaci\u00f3ns amosando como \u00e9 o seu funcionamento, fomentando a creatividade e innovaci\u00f3n a trav\u00e9s dos robots de competici\u00f3n de car\u00e1cter Velocistas (Robots aut\u00f3nomos que seguen unha li\u00f1a tentando ser m\u00e1is r\u00e1pidos que os seus rivais), Humanoides (Robots teleoperados con forma humana que loita nun ring tentando derribar ao seu adversario), Laberinto (Robots aut\u00f3nomos que te\u00f1en que buscar a sa\u00edda coa \u00fanica axuda das paredes que os rodean) e Minisumo (Dous robots aut\u00f3nomos situados nun doyho, que deben xuntarse e pelexar para sacar ao seu rival do c\u00edrculo).<\/p>\n<p style=\"text-align: center\"><img decoding=\"async\" loading=\"lazy\" class=\"aligncenter size-full wp-image-15668\" src=\"https:\/\/www.aguarda.es\/wp-content\/uploads\/2018\/10\/NP-25102018-A-programaci\u00f3n-e-rob\u00f3tica-tam\u00e9n-ter\u00e1n-cabida-na-Feira-do-Emprego-e-Formaci\u00f3n-\u00abTecnoimax\u00edn\u00bb-5.jpg\" alt=\"A Casa dos Alonsos da Guarda acolle este venres a segunda xornada da Feira do Emprego e Formaci\u00f3n \u00abTecnoimax\u00edn\u00bb, que contar\u00e1 esta xornada cunha Feira Maker con exhibici\u00f3ns de rob\u00f3tica e varias charlas.\" width=\"800\" height=\"554\" srcset=\"https:\/\/www.aguarda.es\/wp-content\/uploads\/2018\/10\/NP-25102018-A-programaci\u00f3n-e-rob\u00f3tica-tam\u00e9n-ter\u00e1n-cabida-na-Feira-do-Emprego-e-Formaci\u00f3n-\u00abTecnoimax\u00edn\u00bb-5.jpg 800w, https:\/\/www.aguarda.es\/wp-content\/uploads\/2018\/10\/NP-25102018-A-programaci\u00f3n-e-rob\u00f3tica-tam\u00e9n-ter\u00e1n-cabida-na-Feira-do-Emprego-e-Formaci\u00f3n-\u00abTecnoimax\u00edn\u00bb-5-300x208.jpg 300w, https:\/\/www.aguarda.es\/wp-content\/uploads\/2018\/10\/NP-25102018-A-programaci\u00f3n-e-rob\u00f3tica-tam\u00e9n-ter\u00e1n-cabida-na-Feira-do-Emprego-e-Formaci\u00f3n-\u00abTecnoimax\u00edn\u00bb-5-768x532.jpg 768w, https:\/\/www.aguarda.es\/wp-content\/uploads\/2018\/10\/NP-25102018-A-programaci\u00f3n-e-rob\u00f3tica-tam\u00e9n-ter\u00e1n-cabida-na-Feira-do-Emprego-e-Formaci\u00f3n-\u00abTecnoimax\u00edn\u00bb-5-570x395.jpg 570w\" sizes=\"(max-width: 800px) 100vw, 800px\" \/><\/p>\n<p style=\"text-align: justify\">\u00c1s 12:30h est\u00e1 prevista a realizaci\u00f3n dunha charla a cargo de \u00d3scar Rodr\u00edguez, Coordinador xeral de Ledisson Ait, programaci\u00f3n rob\u00f3tica, sobre \u00abA disrupci\u00f3n laboral: unha verdade inc\u00f3moda\u00bb. Nesta charla \u00d3scar tentar\u00e1 trasmitir aos presentes a visi\u00f3n hol\u00edstica, fundamentada na experiencia de LedissonAit como empresa tecnol\u00f3xica, sobre o que est\u00e1 a acontecer e suceder\u00e1 proximamente no mundo laboral coa inminente entrada dos algor\u00edtmos, as Ias e a rob\u00f3tica nos entornos de traballo. Neste senso centrarase en c\u00f3mo ser m\u00e1is competitivo e empleable que un robot, potenciando habilidades que nos caracterizan como humanos que que son as m\u00e1is buscadas hoxe en d\u00eda nas empresas tecnol\u00f3xicas.<\/p>\n<p style=\"text-align: justify\">Trala pausa da comida, \u00e1s 16:00h Emilia Simao e Samuel Barbosa, profesores de multimedia e arte da Escola Superior Gallaecia falar\u00e1n sobre \u00abTecnolox\u00eda vs Arte \u2013 Video 360\u00ba\u00bb.<\/p>\n<p style=\"text-align: justify\">O v\u00eddeo 360\/VR imponse na actualidade de xeito gradual nos medios de comunicaci\u00f3n dixital, cunha gran promoci\u00f3n e aceptaci\u00f3n nas plataformas de difusi\u00f3n de v\u00eddeos online e mesmo nas redes sociais, polo que os axentes tradicionais de publicidade e do cinema se actualizan para empregar unha experiencia pr\u00f3xima \u00e1 realidade ofertando a realidade virtual. Nesta charla explicarase, dende o punto de vista t\u00e9cnico, como se forma a imaxe 360\u00ba\/VR, coas c\u00e1maras e as aplicaci\u00f3ns de software existentes na actualidade.<\/p>\n<p style=\"text-align: center\"><img decoding=\"async\" loading=\"lazy\" class=\"aligncenter size-full wp-image-15667\" src=\"https:\/\/www.aguarda.es\/wp-content\/uploads\/2018\/10\/NP-25102018-A-programaci\u00f3n-e-rob\u00f3tica-tam\u00e9n-ter\u00e1n-cabida-na-Feira-do-Emprego-e-Formaci\u00f3n-\u00abTecnoimax\u00edn\u00bb-2.jpg\" alt=\"A Casa dos Alonsos da Guarda acolle este venres a segunda xornada da Feira do Emprego e Formaci\u00f3n \u00abTecnoimax\u00edn\u00bb, que contar\u00e1 esta xornada cunha Feira Maker con exhibici\u00f3ns de rob\u00f3tica e varias charlas.\" width=\"1599\" height=\"899\" srcset=\"https:\/\/www.aguarda.es\/wp-content\/uploads\/2018\/10\/NP-25102018-A-programaci\u00f3n-e-rob\u00f3tica-tam\u00e9n-ter\u00e1n-cabida-na-Feira-do-Emprego-e-Formaci\u00f3n-\u00abTecnoimax\u00edn\u00bb-2.jpg 1599w, https:\/\/www.aguarda.es\/wp-content\/uploads\/2018\/10\/NP-25102018-A-programaci\u00f3n-e-rob\u00f3tica-tam\u00e9n-ter\u00e1n-cabida-na-Feira-do-Emprego-e-Formaci\u00f3n-\u00abTecnoimax\u00edn\u00bb-2-300x169.jpg 300w, https:\/\/www.aguarda.es\/wp-content\/uploads\/2018\/10\/NP-25102018-A-programaci\u00f3n-e-rob\u00f3tica-tam\u00e9n-ter\u00e1n-cabida-na-Feira-do-Emprego-e-Formaci\u00f3n-\u00abTecnoimax\u00edn\u00bb-2-768x432.jpg 768w, https:\/\/www.aguarda.es\/wp-content\/uploads\/2018\/10\/NP-25102018-A-programaci\u00f3n-e-rob\u00f3tica-tam\u00e9n-ter\u00e1n-cabida-na-Feira-do-Emprego-e-Formaci\u00f3n-\u00abTecnoimax\u00edn\u00bb-2-1024x576.jpg 1024w, https:\/\/www.aguarda.es\/wp-content\/uploads\/2018\/10\/NP-25102018-A-programaci\u00f3n-e-rob\u00f3tica-tam\u00e9n-ter\u00e1n-cabida-na-Feira-do-Emprego-e-Formaci\u00f3n-\u00abTecnoimax\u00edn\u00bb-2-570x320.jpg 570w\" sizes=\"(max-width: 1599px) 100vw, 1599px\" \/><\/p>\n<p style=\"text-align: justify\">De seguido, \u00e1s 17:30h Brais Curr\u00e1s e Mar Cortegoso realizar\u00e1n unha Conferencia\/Exhibici\u00f3n sobre \u00abTransferencia e innovaci\u00f3n: as paisaxes do sal como recurso econ\u00f3mico\u00bb. O proxecto \u00abMar de Sal\u00bb parte do principio da transferencia cient\u00edfica como medio fundamental para sustentar o desenvolvemento patrimonial. Nesta comunicaci\u00f3n far\u00e1n unha presentaci\u00f3n do proxecto e do seus obxectivos, enfocados ao estudo e posta en valor das paisaxes do sal da antig\u00fcidade como un recurso patrimonial ao servizo da cidadan\u00eda e do desenvolvemento, econ\u00f3mico, tur\u00edstico e sociocultural. Igualmente tratar\u00e1n da capacidade de transferencia do estudo das salinas antigas e das novas oportunidades de negocio que pode crear.<\/p>\n<p style=\"text-align: justify\">A Feira do Emprego e Formaci\u00f3n \u00abTecnoimax\u00edn\u00bb chega un ano m\u00e1is \u00e1 Guarda para desenvolver unha ampla programaci\u00f3n de actividades ao longo de 3 d\u00edas, un evento dirixido a estimular o talento e crear cultura emprendedora na comarca do Baixo Mi\u00f1o.<\/p>\n<p style=\"text-align: justify\">O proxecto conta cunha p\u00e1xina web (<a href=\"http:\/\/www.imaxinaguarda.com\">www.imaxinaguarda.com<\/a>) na que se ir\u00e1 ampliando informaci\u00f3ns de interese sobre este Feira do Emprego e Formaci\u00f3n, que aspira a converterse nunha cita obrigada para todas aquelas persoas interesadas en co\u00f1ecer m\u00e1is sobre as novas tecnolox\u00edas, a formaci\u00f3n continua e emprego, novas v\u00edas de negocio, entre outras novidades do sector empresarial.<\/p>\n<p style=\"text-align: center\"><img decoding=\"async\" loading=\"lazy\" class=\"aligncenter size-full wp-image-15659\" src=\"https:\/\/www.aguarda.es\/wp-content\/uploads\/2018\/10\/NP-24102018-A-Guarda-congrega-dende-este-xoves-numerosas-actividades-13.jpg\" alt=\"A Guarda ser\u00e1 dende este xoves o foco para a formaci\u00f3n e o emprego na Comarca do Baixo Mi\u00f1o coa celebraci\u00f3n da Feira \u00abTecnoimax\u00edn, un evento que ter\u00e1 lugar na Casa dos Alonsos e que congregar\u00e1 a expertos do sector, que realizar\u00e1n conferencias e charlas, as\u00ed coma a realizaci\u00f3n de exhibici\u00f3ns de rob\u00f3tica ou unha feira con exposici\u00f3ns empresariais. A maiores deste gran evento do sector, A Guarda contar\u00e1 tam\u00e9n con outras actividades como unha charla sobre sa\u00fade para a xuventude, a inauguraci\u00f3n dunha exposici\u00f3n, unha obra teatral ou actividades infant\u00eds para celebrar o d\u00eda mundial das Bibliotecas.\" width=\"800\" height=\"745\" srcset=\"https:\/\/www.aguarda.es\/wp-content\/uploads\/2018\/10\/NP-24102018-A-Guarda-congrega-dende-este-xoves-numerosas-actividades-13.jpg 800w, https:\/\/www.aguarda.es\/wp-content\/uploads\/2018\/10\/NP-24102018-A-Guarda-congrega-dende-este-xoves-numerosas-actividades-13-300x279.jpg 300w, https:\/\/www.aguarda.es\/wp-content\/uploads\/2018\/10\/NP-24102018-A-Guarda-congrega-dende-este-xoves-numerosas-actividades-13-768x715.jpg 768w, https:\/\/www.aguarda.es\/wp-content\/uploads\/2018\/10\/NP-24102018-A-Guarda-congrega-dende-este-xoves-numerosas-actividades-13-570x531.jpg 570w\" sizes=\"(max-width: 800px) 100vw, 800px\" \/><\/p>\n<h2 style=\"text-align: center\"><strong>PROGRAMA TECNOIMAX\u00cdN \u2013 CONCELLO DA GUARDA<\/strong><\/h2>\n<p style=\"text-align: left\"><strong>VENRES 26 OUTUBRO<\/strong><\/p>\n<p style=\"text-align: left\">FEIRA MAKER ( feira de tecnolox\u00eda, rob\u00f3tica, &#8230;)<br \/>\nConferencia\/exhibici\u00f3n 10:00\/12:00 Rob\u00f3tica de competici\u00f3n e formaci\u00f3n por OPRobots<br \/>\nManuel Rodr\u00edguez (t\u00e9cnico de hardware de OPRobots) e Alejandro Santos (t\u00e9cnico de Software de OPRobots) Contar\u00e1n con robots durante todo o d\u00eda no seu stand<\/p>\n<p style=\"text-align: left\">12:30 \/ 13:30<br \/>\n\u00d3scar Rodr\u00edguez Coordinador xeral de Ledisson Ait, programaci\u00f3n rob\u00f3tica,<br \/>\nA DISRUPCI\u00d3N LABORAL: UNHA VERDADE INC\u00d3MODA<br \/>\nNovos perfiles, actitudes, aptitudes nos novos entornos laborais<\/p>\n<p style=\"text-align: left\">TARDE<\/p>\n<p style=\"text-align: left\">16:00-17:30 ESCOLA SUPERIOR GALLAECIA<br \/>\nEm\u00edlia Sim\u00e3o &amp; Samuel Barbosa &#8211; Professores de Multim\u00e9dia e Artes da Escola Superior Gallaecia | Ensino Universit\u00e1rio<br \/>\nTecnologia vs Arte &#8211; V\u00eddeo360\u00ba<\/p>\n<p style=\"text-align: left\">17:30-18:00 Transferencia e innovaci\u00f3n: as paisaxes do sal como recurso econ\u00f3mico<br \/>\nBrais X. Curr\u00e1s Doutor en Arqueolox\u00eda e Mar Cortegoso Licenciada en Historia<\/p>\n<p style=\"text-align: left\"><strong>S\u00c1BADO 27 DE OUTUBRO<\/strong><\/p>\n<p style=\"text-align: left\">DURANTE TODA A MA\u00d1\u00c1 10:00 \/ 14 horas<br \/>\nFeira de empresas<br \/>\n11:00\/12:00 Nova perspectiva nos Recursos humanos, unha mirada sensible na era tecnol\u00f3xica<br \/>\nMar\u00eda Caeiro, Conselleira Delegada Grupo Caeiro<br \/>\nVicepresidenta de M.Caeiro S.A.<\/p>\n<p style=\"text-align: left\">Presentaci\u00f3ns das empresas: empresas da comarca cun rasgo innovador<br \/>\nConduce Susana Rodr\u00edguez<br \/>\nCoach e psic\u00f3loga social<\/p>\n","protected":false},"excerpt":{"rendered":"<p>A Casa dos Alonsos da Guarda acolle este venres a segunda xornada da Feira do Emprego e Formaci\u00f3n \u00abTecnoimax\u00edn\u00bb, que contar\u00e1 esta xornada cunha Feira Maker con exhibici\u00f3ns de rob\u00f3tica e varias charlas. De 10:00h a 12:00h realizar\u00e1se a Feira &hellip; <\/p>\n","protected":false},"author":2,"featured_media":15666,"comment_status":"open","ping_status":"open","sticky":false,"template":"","format":"standard","meta":[],"categories":[42,33],"tags":[226,867,747,470,1484],"yoast_head":"<!-- This site is optimized with the Yoast SEO plugin v21.1 - https:\/\/yoast.com\/wordpress\/plugins\/seo\/ -->\n<title>A programaci\u00f3n e rob\u00f3tica tam\u00e9n ter\u00e1n cabida na Feira do Emprego e Formaci\u00f3n \u00abTecnoimax\u00edn\u00bb - Concello da Guarda<\/title>\n<meta name=\"robots\" content=\"index, follow, max-snippet:-1, max-image-preview:large, max-video-preview:-1\" \/>\n<link rel=\"canonical\" href=\"https:\/\/www.aguarda.es\/en\/a-programacion-e-robotica-tamen-teran-cabida-na-feira-do-emprego-e-formacion-tecnoimaxin\/\" \/>\n<meta property=\"og:locale\" content=\"en_US\" \/>\n<meta property=\"og:type\" content=\"article\" \/>\n<meta property=\"og:title\" content=\"A programaci\u00f3n e rob\u00f3tica tam\u00e9n ter\u00e1n cabida na Feira do Emprego e Formaci\u00f3n \u00abTecnoimax\u00edn\u00bb - Concello da Guarda\" \/>\n<meta property=\"og:description\" content=\"A Casa dos Alonsos da Guarda acolle este venres a segunda xornada da Feira do Emprego e Formaci\u00f3n \u00abTecnoimax\u00edn\u00bb, que contar\u00e1 esta xornada cunha Feira Maker con exhibici\u00f3ns de rob\u00f3tica e varias charlas. De 10:00h a 12:00h realizar\u00e1se a Feira &hellip;\" \/>\n<meta property=\"og:url\" content=\"https:\/\/www.aguarda.es\/en\/a-programacion-e-robotica-tamen-teran-cabida-na-feira-do-emprego-e-formacion-tecnoimaxin\/\" \/>\n<meta property=\"og:site_name\" content=\"Concello da Guarda\" \/>\n<meta property=\"article:publisher\" content=\"https:\/\/www.facebook.com\/ConcellodaGuarda\" \/>\n<meta property=\"article:published_time\" content=\"2018-10-25T09:09:45+00:00\" \/>\n<meta property=\"og:image\" content=\"https:\/\/www.aguarda.es\/wp-content\/uploads\/2018\/10\/NP-25102018-A-programaci\u00f3n-e-rob\u00f3tica-tam\u00e9n-ter\u00e1n-cabida-na-Feira-do-Emprego-e-Formaci\u00f3n-\u00abTecnoimax\u00edn\u00bb-1.jpg\" \/>\n\t<meta property=\"og:image:width\" content=\"800\" \/>\n\t<meta property=\"og:image:height\" content=\"450\" \/>\n\t<meta property=\"og:image:type\" content=\"image\/jpeg\" \/>\n<meta name=\"author\" content=\"prensa\" \/>\n<meta name=\"twitter:card\" content=\"summary_large_image\" \/>\n<meta name=\"twitter:creator\" content=\"@AGuarda_es\" \/>\n<meta name=\"twitter:site\" content=\"@AGuarda_es\" \/>\n<meta name=\"twitter:label1\" content=\"Written by\" \/>\n\t<meta name=\"twitter:data1\" content=\"prensa\" \/>\n\t<meta name=\"twitter:label2\" content=\"Est. reading time\" \/>\n\t<meta name=\"twitter:data2\" content=\"5 minutes\" \/>\n<script type=\"application\/ld+json\" class=\"yoast-schema-graph\">{\"@context\":\"https:\/\/schema.org\",\"@graph\":[{\"@type\":\"WebPage\",\"@id\":\"https:\/\/www.aguarda.es\/en\/a-programacion-e-robotica-tamen-teran-cabida-na-feira-do-emprego-e-formacion-tecnoimaxin\/\",\"url\":\"https:\/\/www.aguarda.es\/en\/a-programacion-e-robotica-tamen-teran-cabida-na-feira-do-emprego-e-formacion-tecnoimaxin\/\",\"name\":\"A programaci\u00f3n e rob\u00f3tica tam\u00e9n ter\u00e1n cabida na Feira do Emprego e Formaci\u00f3n \u00abTecnoimax\u00edn\u00bb - Concello da Guarda\",\"isPartOf\":{\"@id\":\"https:\/\/www.aguarda.es\/en\/#website\"},\"datePublished\":\"2018-10-25T09:09:45+00:00\",\"dateModified\":\"2018-10-25T09:09:45+00:00\",\"author\":{\"@id\":\"https:\/\/www.aguarda.es\/en\/#\/schema\/person\/c463ca3006858ffb349d11179d044f21\"},\"breadcrumb\":{\"@id\":\"https:\/\/www.aguarda.es\/en\/a-programacion-e-robotica-tamen-teran-cabida-na-feira-do-emprego-e-formacion-tecnoimaxin\/#breadcrumb\"},\"inLanguage\":\"en-US\",\"potentialAction\":[{\"@type\":\"ReadAction\",\"target\":[\"https:\/\/www.aguarda.es\/en\/a-programacion-e-robotica-tamen-teran-cabida-na-feira-do-emprego-e-formacion-tecnoimaxin\/\"]}]},{\"@type\":\"BreadcrumbList\",\"@id\":\"https:\/\/www.aguarda.es\/en\/a-programacion-e-robotica-tamen-teran-cabida-na-feira-do-emprego-e-formacion-tecnoimaxin\/#breadcrumb\",\"itemListElement\":[{\"@type\":\"ListItem\",\"position\":1,\"name\":\"Portada\",\"item\":\"https:\/\/www.aguarda.es\/en\/\"},{\"@type\":\"ListItem\",\"position\":2,\"name\":\"A programaci\u00f3n e rob\u00f3tica tam\u00e9n ter\u00e1n cabida na Feira do Emprego e Formaci\u00f3n \u00abTecnoimax\u00edn\u00bb\"}]},{\"@type\":\"WebSite\",\"@id\":\"https:\/\/www.aguarda.es\/en\/#website\",\"url\":\"https:\/\/www.aguarda.es\/en\/\",\"name\":\"Concello da Guarda\",\"description\":\"P\u00e1xina web do concello da Guarda\",\"potentialAction\":[{\"@type\":\"SearchAction\",\"target\":{\"@type\":\"EntryPoint\",\"urlTemplate\":\"https:\/\/www.aguarda.es\/en\/?s={search_term_string}\"},\"query-input\":\"required name=search_term_string\"}],\"inLanguage\":\"en-US\"},{\"@type\":\"Person\",\"@id\":\"https:\/\/www.aguarda.es\/en\/#\/schema\/person\/c463ca3006858ffb349d11179d044f21\",\"name\":\"prensa\",\"image\":{\"@type\":\"ImageObject\",\"inLanguage\":\"en-US\",\"@id\":\"https:\/\/www.aguarda.es\/en\/#\/schema\/person\/image\/\",\"url\":\"https:\/\/secure.gravatar.com\/avatar\/5f90ef536b0f98306edf5c7a1135ffa1?s=96&d=mm&r=g\",\"contentUrl\":\"https:\/\/secure.gravatar.com\/avatar\/5f90ef536b0f98306edf5c7a1135ffa1?s=96&d=mm&r=g\",\"caption\":\"prensa\"},\"url\":\"https:\/\/www.aguarda.es\/en\/author\/prensa\/\"}]}<\/script>\n<!-- \/ Yoast SEO plugin. -->","yoast_head_json":{"title":"A programaci\u00f3n e rob\u00f3tica tam\u00e9n ter\u00e1n cabida na Feira do Emprego e Formaci\u00f3n \u00abTecnoimax\u00edn\u00bb - Concello da Guarda","robots":{"index":"index","follow":"follow","max-snippet":"max-snippet:-1","max-image-preview":"max-image-preview:large","max-video-preview":"max-video-preview:-1"},"canonical":"https:\/\/www.aguarda.es\/en\/a-programacion-e-robotica-tamen-teran-cabida-na-feira-do-emprego-e-formacion-tecnoimaxin\/","og_locale":"en_US","og_type":"article","og_title":"A programaci\u00f3n e rob\u00f3tica tam\u00e9n ter\u00e1n cabida na Feira do Emprego e Formaci\u00f3n \u00abTecnoimax\u00edn\u00bb - Concello da Guarda","og_description":"A Casa dos Alonsos da Guarda acolle este venres a segunda xornada da Feira do Emprego e Formaci\u00f3n \u00abTecnoimax\u00edn\u00bb, que contar\u00e1 esta xornada cunha Feira Maker con exhibici\u00f3ns de rob\u00f3tica e varias charlas. De 10:00h a 12:00h realizar\u00e1se a Feira &hellip;","og_url":"https:\/\/www.aguarda.es\/en\/a-programacion-e-robotica-tamen-teran-cabida-na-feira-do-emprego-e-formacion-tecnoimaxin\/","og_site_name":"Concello da Guarda","article_publisher":"https:\/\/www.facebook.com\/ConcellodaGuarda","article_published_time":"2018-10-25T09:09:45+00:00","og_image":[{"width":800,"height":450,"url":"https:\/\/www.aguarda.es\/wp-content\/uploads\/2018\/10\/NP-25102018-A-programaci\u00f3n-e-rob\u00f3tica-tam\u00e9n-ter\u00e1n-cabida-na-Feira-do-Emprego-e-Formaci\u00f3n-\u00abTecnoimax\u00edn\u00bb-1.jpg","type":"image\/jpeg"}],"author":"prensa","twitter_card":"summary_large_image","twitter_creator":"@AGuarda_es","twitter_site":"@AGuarda_es","twitter_misc":{"Written by":"prensa","Est. reading time":"5 minutes"},"schema":{"@context":"https:\/\/schema.org","@graph":[{"@type":"WebPage","@id":"https:\/\/www.aguarda.es\/en\/a-programacion-e-robotica-tamen-teran-cabida-na-feira-do-emprego-e-formacion-tecnoimaxin\/","url":"https:\/\/www.aguarda.es\/en\/a-programacion-e-robotica-tamen-teran-cabida-na-feira-do-emprego-e-formacion-tecnoimaxin\/","name":"A programaci\u00f3n e rob\u00f3tica tam\u00e9n ter\u00e1n cabida na Feira do Emprego e Formaci\u00f3n \u00abTecnoimax\u00edn\u00bb - Concello da Guarda","isPartOf":{"@id":"https:\/\/www.aguarda.es\/en\/#website"},"datePublished":"2018-10-25T09:09:45+00:00","dateModified":"2018-10-25T09:09:45+00:00","author":{"@id":"https:\/\/www.aguarda.es\/en\/#\/schema\/person\/c463ca3006858ffb349d11179d044f21"},"breadcrumb":{"@id":"https:\/\/www.aguarda.es\/en\/a-programacion-e-robotica-tamen-teran-cabida-na-feira-do-emprego-e-formacion-tecnoimaxin\/#breadcrumb"},"inLanguage":"en-US","potentialAction":[{"@type":"ReadAction","target":["https:\/\/www.aguarda.es\/en\/a-programacion-e-robotica-tamen-teran-cabida-na-feira-do-emprego-e-formacion-tecnoimaxin\/"]}]},{"@type":"BreadcrumbList","@id":"https:\/\/www.aguarda.es\/en\/a-programacion-e-robotica-tamen-teran-cabida-na-feira-do-emprego-e-formacion-tecnoimaxin\/#breadcrumb","itemListElement":[{"@type":"ListItem","position":1,"name":"Portada","item":"https:\/\/www.aguarda.es\/en\/"},{"@type":"ListItem","position":2,"name":"A programaci\u00f3n e rob\u00f3tica tam\u00e9n ter\u00e1n cabida na Feira do Emprego e Formaci\u00f3n \u00abTecnoimax\u00edn\u00bb"}]},{"@type":"WebSite","@id":"https:\/\/www.aguarda.es\/en\/#website","url":"https:\/\/www.aguarda.es\/en\/","name":"Concello da Guarda","description":"P\u00e1xina web do concello da Guarda","potentialAction":[{"@type":"SearchAction","target":{"@type":"EntryPoint","urlTemplate":"https:\/\/www.aguarda.es\/en\/?s={search_term_string}"},"query-input":"required name=search_term_string"}],"inLanguage":"en-US"},{"@type":"Person","@id":"https:\/\/www.aguarda.es\/en\/#\/schema\/person\/c463ca3006858ffb349d11179d044f21","name":"prensa","image":{"@type":"ImageObject","inLanguage":"en-US","@id":"https:\/\/www.aguarda.es\/en\/#\/schema\/person\/image\/","url":"https:\/\/secure.gravatar.com\/avatar\/5f90ef536b0f98306edf5c7a1135ffa1?s=96&d=mm&r=g","contentUrl":"https:\/\/secure.gravatar.com\/avatar\/5f90ef536b0f98306edf5c7a1135ffa1?s=96&d=mm&r=g","caption":"prensa"},"url":"https:\/\/www.aguarda.es\/en\/author\/prensa\/"}]}},"_links":{"self":[{"href":"https:\/\/www.aguarda.es\/en\/wp-json\/wp\/v2\/posts\/15664"}],"collection":[{"href":"https:\/\/www.aguarda.es\/en\/wp-json\/wp\/v2\/posts"}],"about":[{"href":"https:\/\/www.aguarda.es\/en\/wp-json\/wp\/v2\/types\/post"}],"author":[{"embeddable":true,"href":"https:\/\/www.aguarda.es\/en\/wp-json\/wp\/v2\/users\/2"}],"replies":[{"embeddable":true,"href":"https:\/\/www.aguarda.es\/en\/wp-json\/wp\/v2\/comments?post=15664"}],"version-history":[{"count":1,"href":"https:\/\/www.aguarda.es\/en\/wp-json\/wp\/v2\/posts\/15664\/revisions"}],"predecessor-version":[{"id":15669,"href":"https:\/\/www.aguarda.es\/en\/wp-json\/wp\/v2\/posts\/15664\/revisions\/15669"}],"wp:featuredmedia":[{"embeddable":true,"href":"https:\/\/www.aguarda.es\/en\/wp-json\/wp\/v2\/media\/15666"}],"wp:attachment":[{"href":"https:\/\/www.aguarda.es\/en\/wp-json\/wp\/v2\/media?parent=15664"}],"wp:term":[{"taxonomy":"category","embeddable":true,"href":"https:\/\/www.aguarda.es\/en\/wp-json\/wp\/v2\/categories?post=15664"},{"taxonomy":"post_tag","embeddable":true,"href":"https:\/\/www.aguarda.es\/en\/wp-json\/wp\/v2\/tags?post=15664"}],"curies":[{"name":"wp","href":"https:\/\/api.w.org\/{rel}","templated":true}]}}