{"id":15670,"date":"2018-10-25T11:51:14","date_gmt":"2018-10-25T11:51:14","guid":{"rendered":"https:\/\/www.aguarda.es\/?p=15670"},"modified":"2018-10-25T11:51:14","modified_gmt":"2018-10-25T11:51:14","slug":"a-guarda-celebra-o-samain-con-obradoiros-e-maxia-na-praza-do-relo","status":"publish","type":"post","link":"https:\/\/www.aguarda.es\/en\/a-guarda-celebra-o-samain-con-obradoiros-e-maxia-na-praza-do-relo\/","title":{"rendered":"A Guarda celebra o Sama\u00edn con obradoiros e maxia na Praza do Rel\u00f3"},"content":{"rendered":"<p style=\"text-align: justify\">O vindeiro m\u00e9rcores d\u00eda 31 de outubro o Departamento de Cultura do Concello da Guarda, co apoio da Deputaci\u00f3n de Pontevedra organiza unha xornada de Sama\u00edn na Praza do Rel\u00f3 do municipio.<\/p>\n<p style=\"text-align: justify\">Na programaci\u00f3n de actividades para este d\u00eda contarase cun \u00abObradoiro de Figuras Terror\u00edficas\u00bb enfocado a nenos e nenas, que ter\u00e1 lugar na Praza do Rel\u00f3 en horario de 17:00h a 19:00h, aberto a todo o p\u00fablico e de balde.<\/p>\n<p style=\"text-align: justify\">Para rematar esta xornada de Sama\u00edn a partires das 19:00h realizarase un espect\u00e1culo de maxia a cargo de Maxia Xabi, onde os m\u00e1is pequenos poder\u00e1n gozar cos trucos deste gran mago.<\/p>\n<p style=\"text-align: justify\">As actividades de Sama\u00edn na Guarda ve\u00f1en de coller un forte pulo entre a poboaci\u00f3n guardesa nos pasados anos, e por elo que dende a Conceller\u00eda de Cultura apostouse este ano por continuar nesta senda e organizar estas actividades para desfrute dos m\u00e1is pequenos da casa.<\/p>\n<p style=\"text-align: justify\">Esta actividade conta cunha subvenci\u00f3n da Deputaci\u00f3n de Pontevedra para a normalizaci\u00f3n ling\u00fc\u00edstica, promocionando festas populares e de forte arraigo e tradici\u00f3n como \u00e9 o caso do Sama\u00edn, onde os rapaces e rapaces da vila enchen as r\u00faas co seu caracter\u00edstico \u00abtruco ou trato\u00bb.<\/p>\n","protected":false},"excerpt":{"rendered":"<p>O vindeiro m\u00e9rcores d\u00eda 31 de outubro o Departamento de Cultura do Concello da Guarda, co apoio da Deputaci\u00f3n de Pontevedra organiza unha xornada de Sama\u00edn na Praza do Rel\u00f3 do municipio. Na programaci\u00f3n de actividades para este d\u00eda contarase &hellip; <\/p>\n","protected":false},"author":2,"featured_media":15671,"comment_status":"open","ping_status":"open","sticky":false,"template":"","format":"standard","meta":[],"categories":[34,33],"tags":[226,354,1149,369,628],"yoast_head":"<!-- This site is optimized with the Yoast SEO plugin v21.1 - https:\/\/yoast.com\/wordpress\/plugins\/seo\/ -->\n<title>A Guarda celebra o Sama\u00edn con obradoiros e maxia na Praza do Rel\u00f3 - Concello da Guarda<\/title>\n<meta name=\"robots\" content=\"index, follow, max-snippet:-1, max-image-preview:large, max-video-preview:-1\" \/>\n<link rel=\"canonical\" href=\"https:\/\/www.aguarda.es\/en\/a-guarda-celebra-o-samain-con-obradoiros-e-maxia-na-praza-do-relo\/\" \/>\n<meta property=\"og:locale\" content=\"en_US\" \/>\n<meta property=\"og:type\" content=\"article\" \/>\n<meta property=\"og:title\" content=\"A Guarda celebra o Sama\u00edn con obradoiros e maxia na Praza do Rel\u00f3 - Concello da Guarda\" \/>\n<meta property=\"og:description\" content=\"O vindeiro m\u00e9rcores d\u00eda 31 de outubro o Departamento de Cultura do Concello da Guarda, co apoio da Deputaci\u00f3n de Pontevedra organiza unha xornada de Sama\u00edn na Praza do Rel\u00f3 do municipio. Na programaci\u00f3n de actividades para este d\u00eda contarase &hellip;\" \/>\n<meta property=\"og:url\" content=\"https:\/\/www.aguarda.es\/en\/a-guarda-celebra-o-samain-con-obradoiros-e-maxia-na-praza-do-relo\/\" \/>\n<meta property=\"og:site_name\" content=\"Concello da Guarda\" \/>\n<meta property=\"article:publisher\" content=\"https:\/\/www.facebook.com\/ConcellodaGuarda\" \/>\n<meta property=\"article:published_time\" content=\"2018-10-25T11:51:14+00:00\" \/>\n<meta property=\"og:image\" content=\"https:\/\/www.aguarda.es\/wp-content\/uploads\/2018\/10\/NP-25102018-A-Guarda-celebra-o-Sama\u00edn-con-Obradoiros-e-maxia-na-Praza-do-Rel\u00f3.jpg\" \/>\n\t<meta property=\"og:image:width\" content=\"800\" \/>\n\t<meta property=\"og:image:height\" content=\"1132\" \/>\n\t<meta property=\"og:image:type\" content=\"image\/jpeg\" \/>\n<meta name=\"author\" content=\"prensa\" \/>\n<meta name=\"twitter:card\" content=\"summary_large_image\" \/>\n<meta name=\"twitter:creator\" content=\"@AGuarda_es\" \/>\n<meta name=\"twitter:site\" content=\"@AGuarda_es\" \/>\n<meta name=\"twitter:label1\" content=\"Written by\" \/>\n\t<meta name=\"twitter:data1\" content=\"prensa\" \/>\n\t<meta name=\"twitter:label2\" content=\"Est. reading time\" \/>\n\t<meta name=\"twitter:data2\" content=\"1 minute\" \/>\n<script type=\"application\/ld+json\" class=\"yoast-schema-graph\">{\"@context\":\"https:\/\/schema.org\",\"@graph\":[{\"@type\":\"WebPage\",\"@id\":\"https:\/\/www.aguarda.es\/en\/a-guarda-celebra-o-samain-con-obradoiros-e-maxia-na-praza-do-relo\/\",\"url\":\"https:\/\/www.aguarda.es\/en\/a-guarda-celebra-o-samain-con-obradoiros-e-maxia-na-praza-do-relo\/\",\"name\":\"A Guarda celebra o Sama\u00edn con obradoiros e maxia na Praza do Rel\u00f3 - Concello da Guarda\",\"isPartOf\":{\"@id\":\"https:\/\/www.aguarda.es\/en\/#website\"},\"datePublished\":\"2018-10-25T11:51:14+00:00\",\"dateModified\":\"2018-10-25T11:51:14+00:00\",\"author\":{\"@id\":\"https:\/\/www.aguarda.es\/en\/#\/schema\/person\/c463ca3006858ffb349d11179d044f21\"},\"breadcrumb\":{\"@id\":\"https:\/\/www.aguarda.es\/en\/a-guarda-celebra-o-samain-con-obradoiros-e-maxia-na-praza-do-relo\/#breadcrumb\"},\"inLanguage\":\"en-US\",\"potentialAction\":[{\"@type\":\"ReadAction\",\"target\":[\"https:\/\/www.aguarda.es\/en\/a-guarda-celebra-o-samain-con-obradoiros-e-maxia-na-praza-do-relo\/\"]}]},{\"@type\":\"BreadcrumbList\",\"@id\":\"https:\/\/www.aguarda.es\/en\/a-guarda-celebra-o-samain-con-obradoiros-e-maxia-na-praza-do-relo\/#breadcrumb\",\"itemListElement\":[{\"@type\":\"ListItem\",\"position\":1,\"name\":\"Portada\",\"item\":\"https:\/\/www.aguarda.es\/en\/\"},{\"@type\":\"ListItem\",\"position\":2,\"name\":\"A Guarda celebra o Sama\u00edn con obradoiros e maxia na Praza do Rel\u00f3\"}]},{\"@type\":\"WebSite\",\"@id\":\"https:\/\/www.aguarda.es\/en\/#website\",\"url\":\"https:\/\/www.aguarda.es\/en\/\",\"name\":\"Concello da Guarda\",\"description\":\"P\u00e1xina web do concello da Guarda\",\"potentialAction\":[{\"@type\":\"SearchAction\",\"target\":{\"@type\":\"EntryPoint\",\"urlTemplate\":\"https:\/\/www.aguarda.es\/en\/?s={search_term_string}\"},\"query-input\":\"required name=search_term_string\"}],\"inLanguage\":\"en-US\"},{\"@type\":\"Person\",\"@id\":\"https:\/\/www.aguarda.es\/en\/#\/schema\/person\/c463ca3006858ffb349d11179d044f21\",\"name\":\"prensa\",\"image\":{\"@type\":\"ImageObject\",\"inLanguage\":\"en-US\",\"@id\":\"https:\/\/www.aguarda.es\/en\/#\/schema\/person\/image\/\",\"url\":\"https:\/\/secure.gravatar.com\/avatar\/5f90ef536b0f98306edf5c7a1135ffa1?s=96&d=mm&r=g\",\"contentUrl\":\"https:\/\/secure.gravatar.com\/avatar\/5f90ef536b0f98306edf5c7a1135ffa1?s=96&d=mm&r=g\",\"caption\":\"prensa\"},\"url\":\"https:\/\/www.aguarda.es\/en\/author\/prensa\/\"}]}<\/script>\n<!-- \/ Yoast SEO plugin. -->","yoast_head_json":{"title":"A Guarda celebra o Sama\u00edn con obradoiros e maxia na Praza do Rel\u00f3 - Concello da Guarda","robots":{"index":"index","follow":"follow","max-snippet":"max-snippet:-1","max-image-preview":"max-image-preview:large","max-video-preview":"max-video-preview:-1"},"canonical":"https:\/\/www.aguarda.es\/en\/a-guarda-celebra-o-samain-con-obradoiros-e-maxia-na-praza-do-relo\/","og_locale":"en_US","og_type":"article","og_title":"A Guarda celebra o Sama\u00edn con obradoiros e maxia na Praza do Rel\u00f3 - Concello da Guarda","og_description":"O vindeiro m\u00e9rcores d\u00eda 31 de outubro o Departamento de Cultura do Concello da Guarda, co apoio da Deputaci\u00f3n de Pontevedra organiza unha xornada de Sama\u00edn na Praza do Rel\u00f3 do municipio. Na programaci\u00f3n de actividades para este d\u00eda contarase &hellip;","og_url":"https:\/\/www.aguarda.es\/en\/a-guarda-celebra-o-samain-con-obradoiros-e-maxia-na-praza-do-relo\/","og_site_name":"Concello da Guarda","article_publisher":"https:\/\/www.facebook.com\/ConcellodaGuarda","article_published_time":"2018-10-25T11:51:14+00:00","og_image":[{"width":800,"height":1132,"url":"https:\/\/www.aguarda.es\/wp-content\/uploads\/2018\/10\/NP-25102018-A-Guarda-celebra-o-Sama\u00edn-con-Obradoiros-e-maxia-na-Praza-do-Rel\u00f3.jpg","type":"image\/jpeg"}],"author":"prensa","twitter_card":"summary_large_image","twitter_creator":"@AGuarda_es","twitter_site":"@AGuarda_es","twitter_misc":{"Written by":"prensa","Est. reading time":"1 minute"},"schema":{"@context":"https:\/\/schema.org","@graph":[{"@type":"WebPage","@id":"https:\/\/www.aguarda.es\/en\/a-guarda-celebra-o-samain-con-obradoiros-e-maxia-na-praza-do-relo\/","url":"https:\/\/www.aguarda.es\/en\/a-guarda-celebra-o-samain-con-obradoiros-e-maxia-na-praza-do-relo\/","name":"A Guarda celebra o Sama\u00edn con obradoiros e maxia na Praza do Rel\u00f3 - Concello da Guarda","isPartOf":{"@id":"https:\/\/www.aguarda.es\/en\/#website"},"datePublished":"2018-10-25T11:51:14+00:00","dateModified":"2018-10-25T11:51:14+00:00","author":{"@id":"https:\/\/www.aguarda.es\/en\/#\/schema\/person\/c463ca3006858ffb349d11179d044f21"},"breadcrumb":{"@id":"https:\/\/www.aguarda.es\/en\/a-guarda-celebra-o-samain-con-obradoiros-e-maxia-na-praza-do-relo\/#breadcrumb"},"inLanguage":"en-US","potentialAction":[{"@type":"ReadAction","target":["https:\/\/www.aguarda.es\/en\/a-guarda-celebra-o-samain-con-obradoiros-e-maxia-na-praza-do-relo\/"]}]},{"@type":"BreadcrumbList","@id":"https:\/\/www.aguarda.es\/en\/a-guarda-celebra-o-samain-con-obradoiros-e-maxia-na-praza-do-relo\/#breadcrumb","itemListElement":[{"@type":"ListItem","position":1,"name":"Portada","item":"https:\/\/www.aguarda.es\/en\/"},{"@type":"ListItem","position":2,"name":"A Guarda celebra o Sama\u00edn con obradoiros e maxia na Praza do Rel\u00f3"}]},{"@type":"WebSite","@id":"https:\/\/www.aguarda.es\/en\/#website","url":"https:\/\/www.aguarda.es\/en\/","name":"Concello da Guarda","description":"P\u00e1xina web do concello da Guarda","potentialAction":[{"@type":"SearchAction","target":{"@type":"EntryPoint","urlTemplate":"https:\/\/www.aguarda.es\/en\/?s={search_term_string}"},"query-input":"required name=search_term_string"}],"inLanguage":"en-US"},{"@type":"Person","@id":"https:\/\/www.aguarda.es\/en\/#\/schema\/person\/c463ca3006858ffb349d11179d044f21","name":"prensa","image":{"@type":"ImageObject","inLanguage":"en-US","@id":"https:\/\/www.aguarda.es\/en\/#\/schema\/person\/image\/","url":"https:\/\/secure.gravatar.com\/avatar\/5f90ef536b0f98306edf5c7a1135ffa1?s=96&d=mm&r=g","contentUrl":"https:\/\/secure.gravatar.com\/avatar\/5f90ef536b0f98306edf5c7a1135ffa1?s=96&d=mm&r=g","caption":"prensa"},"url":"https:\/\/www.aguarda.es\/en\/author\/prensa\/"}]}},"_links":{"self":[{"href":"https:\/\/www.aguarda.es\/en\/wp-json\/wp\/v2\/posts\/15670"}],"collection":[{"href":"https:\/\/www.aguarda.es\/en\/wp-json\/wp\/v2\/posts"}],"about":[{"href":"https:\/\/www.aguarda.es\/en\/wp-json\/wp\/v2\/types\/post"}],"author":[{"embeddable":true,"href":"https:\/\/www.aguarda.es\/en\/wp-json\/wp\/v2\/users\/2"}],"replies":[{"embeddable":true,"href":"https:\/\/www.aguarda.es\/en\/wp-json\/wp\/v2\/comments?post=15670"}],"version-history":[{"count":1,"href":"https:\/\/www.aguarda.es\/en\/wp-json\/wp\/v2\/posts\/15670\/revisions"}],"predecessor-version":[{"id":15672,"href":"https:\/\/www.aguarda.es\/en\/wp-json\/wp\/v2\/posts\/15670\/revisions\/15672"}],"wp:featuredmedia":[{"embeddable":true,"href":"https:\/\/www.aguarda.es\/en\/wp-json\/wp\/v2\/media\/15671"}],"wp:attachment":[{"href":"https:\/\/www.aguarda.es\/en\/wp-json\/wp\/v2\/media?parent=15670"}],"wp:term":[{"taxonomy":"category","embeddable":true,"href":"https:\/\/www.aguarda.es\/en\/wp-json\/wp\/v2\/categories?post=15670"},{"taxonomy":"post_tag","embeddable":true,"href":"https:\/\/www.aguarda.es\/en\/wp-json\/wp\/v2\/tags?post=15670"}],"curies":[{"name":"wp","href":"https:\/\/api.w.org\/{rel}","templated":true}]}}