{"id":15686,"date":"2018-10-26T07:47:25","date_gmt":"2018-10-26T07:47:25","guid":{"rendered":"https:\/\/www.aguarda.es\/?p=15686"},"modified":"2018-10-26T07:47:25","modified_gmt":"2018-10-26T07:47:25","slug":"unha-feira-de-empresas-pora-este-sabado-o-broche-final-a-tecnoimaxin-na-guarda","status":"publish","type":"post","link":"https:\/\/www.aguarda.es\/en\/unha-feira-de-empresas-pora-este-sabado-o-broche-final-a-tecnoimaxin-na-guarda\/","title":{"rendered":"Unha Feira de Empresas por\u00e1 este s\u00e1bado o broche final a \u00abTecnoimax\u00edn\u00bb na Guarda"},"content":{"rendered":"<p style=\"text-align: justify\">Na derradeira xornada da Feira do Emprego e Formaci\u00f3n \u00abTecnoimax\u00edn, a Casa dos Alonsos da Guarda acolle este s\u00e1bado d\u00eda 27 de outubro unha Feira de Empresas da comarca cun rasgo innovador, presentada pola Coach e psic\u00f3loga social Susana Rodr\u00edguez.<\/p>\n<p style=\"text-align: justify\"><img decoding=\"async\" loading=\"lazy\" class=\"aligncenter size-full wp-image-15687\" src=\"https:\/\/www.aguarda.es\/wp-content\/uploads\/2018\/10\/NP-26102018-Unha-Feira-de-Empresas-por\u00e1-este-s\u00e1bado-o-broche-final-a-\u00abTecnoimax\u00edn\u00bb-na-Guarda-1.jpg\" alt=\"\" width=\"800\" height=\"533\" srcset=\"https:\/\/www.aguarda.es\/wp-content\/uploads\/2018\/10\/NP-26102018-Unha-Feira-de-Empresas-por\u00e1-este-s\u00e1bado-o-broche-final-a-\u00abTecnoimax\u00edn\u00bb-na-Guarda-1.jpg 800w, https:\/\/www.aguarda.es\/wp-content\/uploads\/2018\/10\/NP-26102018-Unha-Feira-de-Empresas-por\u00e1-este-s\u00e1bado-o-broche-final-a-\u00abTecnoimax\u00edn\u00bb-na-Guarda-1-300x200.jpg 300w, https:\/\/www.aguarda.es\/wp-content\/uploads\/2018\/10\/NP-26102018-Unha-Feira-de-Empresas-por\u00e1-este-s\u00e1bado-o-broche-final-a-\u00abTecnoimax\u00edn\u00bb-na-Guarda-1-768x512.jpg 768w, https:\/\/www.aguarda.es\/wp-content\/uploads\/2018\/10\/NP-26102018-Unha-Feira-de-Empresas-por\u00e1-este-s\u00e1bado-o-broche-final-a-\u00abTecnoimax\u00edn\u00bb-na-Guarda-1-570x380.jpg 570w\" sizes=\"(max-width: 800px) 100vw, 800px\" \/><\/p>\n<p style=\"text-align: justify\">Nesta edici\u00f3n contarase coa participaci\u00f3n de empresas e empresarios da comarca coma Imersys Ceramics, Bonos Bienestar, Coballes, Fernando Coello, Alicerce, Comunica e Randstad.<\/p>\n<p style=\"text-align: justify\">Adem\u00e1is desta Feira de Empresas, aberta a todo o p\u00fablico entre as 10:00h e as 14:00h na Casa dos Alonsos, tam\u00e9n realizarase unha Charla sobre \u00abNova perspectiva nos Recursos Humanos, unha mirada sensible na era tecnol\u00f3xica\u00bb a cargo de Mar\u00eda Caeiro, Conselleira delegada do Grupo Caeiro, que por\u00e1 o broche final a esta edici\u00f3n de \u00abTecnoimax\u00edn\u00bb.<\/p>\n<p style=\"text-align: justify\">Na xornada deste s\u00e1bado pola ma\u00f1\u00e1, o grupo Randstad, empresa l\u00edder en traballo temporal e recursos humanos, realizar\u00e1 unha recollida de CV\u00b4s para as s\u00faas bases de datos para posibles vacantes nos diferentes postos que ofertan na actualidade.<\/p>\n<p style=\"text-align: justify\">A Feira do Emprego e Formaci\u00f3n \u00abTecnoimax\u00edn\u00bb chega un ano m\u00e1is \u00e1 Guarda para desenvolver unha ampla programaci\u00f3n de actividades ao longo de 3 d\u00edas, un evento dirixido a estimular o talento e crear cultura emprendedora na comarca do Baixo Mi\u00f1o.<\/p>\n<p style=\"text-align: justify\">O proxecto conta cunha p\u00e1xina web (<a href=\"http:\/\/www.imaxinaguarda.com\">www.imaxinaguarda.com<\/a>) na que se ir\u00e1 ampliando informaci\u00f3ns de interese sobre este Feira do Emprego e Formaci\u00f3n, que aspira a converterse nunha cita obrigada para todas aquelas persoas interesadas en co\u00f1ecer m\u00e1is sobre as novas tecnolox\u00edas, a formaci\u00f3n continua e emprego, novas v\u00edas de negocio, entre outras novidades do sector empresarial.<\/p>\n<p style=\"text-align: center\"><img decoding=\"async\" loading=\"lazy\" class=\"aligncenter size-full wp-image-15659\" src=\"https:\/\/www.aguarda.es\/wp-content\/uploads\/2018\/10\/NP-24102018-A-Guarda-congrega-dende-este-xoves-numerosas-actividades-13.jpg\" alt=\"A Guarda ser\u00e1 dende este xoves o foco para a formaci\u00f3n e o emprego na Comarca do Baixo Mi\u00f1o coa celebraci\u00f3n da Feira \u00abTecnoimax\u00edn, un evento que ter\u00e1 lugar na Casa dos Alonsos e que congregar\u00e1 a expertos do sector, que realizar\u00e1n conferencias e charlas, as\u00ed coma a realizaci\u00f3n de exhibici\u00f3ns de rob\u00f3tica ou unha feira con exposici\u00f3ns empresariais. A maiores deste gran evento do sector, A Guarda contar\u00e1 tam\u00e9n con outras actividades como unha charla sobre sa\u00fade para a xuventude, a inauguraci\u00f3n dunha exposici\u00f3n, unha obra teatral ou actividades infant\u00eds para celebrar o d\u00eda mundial das Bibliotecas.\" width=\"800\" height=\"745\" srcset=\"https:\/\/www.aguarda.es\/wp-content\/uploads\/2018\/10\/NP-24102018-A-Guarda-congrega-dende-este-xoves-numerosas-actividades-13.jpg 800w, https:\/\/www.aguarda.es\/wp-content\/uploads\/2018\/10\/NP-24102018-A-Guarda-congrega-dende-este-xoves-numerosas-actividades-13-300x279.jpg 300w, https:\/\/www.aguarda.es\/wp-content\/uploads\/2018\/10\/NP-24102018-A-Guarda-congrega-dende-este-xoves-numerosas-actividades-13-768x715.jpg 768w, https:\/\/www.aguarda.es\/wp-content\/uploads\/2018\/10\/NP-24102018-A-Guarda-congrega-dende-este-xoves-numerosas-actividades-13-570x531.jpg 570w\" sizes=\"(max-width: 800px) 100vw, 800px\" \/><\/p>\n<p style=\"text-align: justify\">PROGRAMA TECNOIMAX\u00cdN \u2013 CONCELLO DA GUARDA<\/p>\n<p style=\"text-align: justify\">S\u00c1BADO 27 DE OUTUBRO<\/p>\n<p style=\"text-align: justify\">DURANTE TODA A MA\u00d1\u00c1 10:00 \/ 14 horas<br \/>\nFeira de empresas<br \/>\n11:00\/12:00 Nova perspectiva nos Recursos humanos, unha mirada sensible na era tecnol\u00f3xica<br \/>\nMar\u00eda Caeiro, Conselleira Delegada Grupo Caeiro<br \/>\nVicepresidenta de M.Caeiro S.A.<\/p>\n<p style=\"text-align: justify\">Presentaci\u00f3ns das empresas: empresas da comarca cun rasgo innovador<br \/>\nConduce Susana Rodr\u00edguez<br \/>\nCoach e psic\u00f3loga social<\/p>\n","protected":false},"excerpt":{"rendered":"<p>Na derradeira xornada da Feira do Emprego e Formaci\u00f3n \u00abTecnoimax\u00edn, a Casa dos Alonsos da Guarda acolle este s\u00e1bado d\u00eda 27 de outubro unha Feira de Empresas da comarca cun rasgo innovador, presentada pola Coach e psic\u00f3loga social Susana Rodr\u00edguez. &hellip; <\/p>\n","protected":false},"author":2,"featured_media":15688,"comment_status":"open","ping_status":"open","sticky":false,"template":"","format":"standard","meta":[],"categories":[42,33],"tags":[226,867,1485,747,1484],"yoast_head":"<!-- This site is optimized with the Yoast SEO plugin v21.1 - https:\/\/yoast.com\/wordpress\/plugins\/seo\/ -->\n<title>Unha Feira de Empresas por\u00e1 este s\u00e1bado o broche final a \u00abTecnoimax\u00edn\u00bb na Guarda - Concello da Guarda<\/title>\n<meta name=\"robots\" content=\"index, follow, max-snippet:-1, max-image-preview:large, max-video-preview:-1\" \/>\n<link rel=\"canonical\" href=\"https:\/\/www.aguarda.es\/en\/unha-feira-de-empresas-pora-este-sabado-o-broche-final-a-tecnoimaxin-na-guarda\/\" \/>\n<meta property=\"og:locale\" content=\"en_US\" \/>\n<meta property=\"og:type\" content=\"article\" \/>\n<meta property=\"og:title\" content=\"Unha Feira de Empresas por\u00e1 este s\u00e1bado o broche final a \u00abTecnoimax\u00edn\u00bb na Guarda - Concello da Guarda\" \/>\n<meta property=\"og:description\" content=\"Na derradeira xornada da Feira do Emprego e Formaci\u00f3n \u00abTecnoimax\u00edn, a Casa dos Alonsos da Guarda acolle este s\u00e1bado d\u00eda 27 de outubro unha Feira de Empresas da comarca cun rasgo innovador, presentada pola Coach e psic\u00f3loga social Susana Rodr\u00edguez. &hellip;\" \/>\n<meta property=\"og:url\" content=\"https:\/\/www.aguarda.es\/en\/unha-feira-de-empresas-pora-este-sabado-o-broche-final-a-tecnoimaxin-na-guarda\/\" \/>\n<meta property=\"og:site_name\" content=\"Concello da Guarda\" \/>\n<meta property=\"article:publisher\" content=\"https:\/\/www.facebook.com\/ConcellodaGuarda\" \/>\n<meta property=\"article:published_time\" content=\"2018-10-26T07:47:25+00:00\" \/>\n<meta property=\"og:image\" content=\"https:\/\/www.aguarda.es\/wp-content\/uploads\/2018\/10\/NP-26102018-Unha-Feira-de-Empresas-por\u00e1-este-s\u00e1bado-o-broche-final-a-\u00abTecnoimax\u00edn\u00bb-na-Guarda-1-copia.jpg\" \/>\n\t<meta property=\"og:image:width\" content=\"800\" \/>\n\t<meta property=\"og:image:height\" content=\"747\" \/>\n\t<meta property=\"og:image:type\" content=\"image\/jpeg\" \/>\n<meta name=\"author\" content=\"prensa\" \/>\n<meta name=\"twitter:card\" content=\"summary_large_image\" \/>\n<meta name=\"twitter:creator\" content=\"@AGuarda_es\" \/>\n<meta name=\"twitter:site\" content=\"@AGuarda_es\" \/>\n<meta name=\"twitter:label1\" content=\"Written by\" \/>\n\t<meta name=\"twitter:data1\" content=\"prensa\" \/>\n\t<meta name=\"twitter:label2\" content=\"Est. reading time\" \/>\n\t<meta name=\"twitter:data2\" content=\"2 minutes\" \/>\n<script type=\"application\/ld+json\" class=\"yoast-schema-graph\">{\"@context\":\"https:\/\/schema.org\",\"@graph\":[{\"@type\":\"WebPage\",\"@id\":\"https:\/\/www.aguarda.es\/en\/unha-feira-de-empresas-pora-este-sabado-o-broche-final-a-tecnoimaxin-na-guarda\/\",\"url\":\"https:\/\/www.aguarda.es\/en\/unha-feira-de-empresas-pora-este-sabado-o-broche-final-a-tecnoimaxin-na-guarda\/\",\"name\":\"Unha Feira de Empresas por\u00e1 este s\u00e1bado o broche final a \u00abTecnoimax\u00edn\u00bb na Guarda - Concello da Guarda\",\"isPartOf\":{\"@id\":\"https:\/\/www.aguarda.es\/en\/#website\"},\"datePublished\":\"2018-10-26T07:47:25+00:00\",\"dateModified\":\"2018-10-26T07:47:25+00:00\",\"author\":{\"@id\":\"https:\/\/www.aguarda.es\/en\/#\/schema\/person\/c463ca3006858ffb349d11179d044f21\"},\"breadcrumb\":{\"@id\":\"https:\/\/www.aguarda.es\/en\/unha-feira-de-empresas-pora-este-sabado-o-broche-final-a-tecnoimaxin-na-guarda\/#breadcrumb\"},\"inLanguage\":\"en-US\",\"potentialAction\":[{\"@type\":\"ReadAction\",\"target\":[\"https:\/\/www.aguarda.es\/en\/unha-feira-de-empresas-pora-este-sabado-o-broche-final-a-tecnoimaxin-na-guarda\/\"]}]},{\"@type\":\"BreadcrumbList\",\"@id\":\"https:\/\/www.aguarda.es\/en\/unha-feira-de-empresas-pora-este-sabado-o-broche-final-a-tecnoimaxin-na-guarda\/#breadcrumb\",\"itemListElement\":[{\"@type\":\"ListItem\",\"position\":1,\"name\":\"Portada\",\"item\":\"https:\/\/www.aguarda.es\/en\/\"},{\"@type\":\"ListItem\",\"position\":2,\"name\":\"Unha Feira de Empresas por\u00e1 este s\u00e1bado o broche final a \u00abTecnoimax\u00edn\u00bb na Guarda\"}]},{\"@type\":\"WebSite\",\"@id\":\"https:\/\/www.aguarda.es\/en\/#website\",\"url\":\"https:\/\/www.aguarda.es\/en\/\",\"name\":\"Concello da Guarda\",\"description\":\"P\u00e1xina web do concello da Guarda\",\"potentialAction\":[{\"@type\":\"SearchAction\",\"target\":{\"@type\":\"EntryPoint\",\"urlTemplate\":\"https:\/\/www.aguarda.es\/en\/?s={search_term_string}\"},\"query-input\":\"required name=search_term_string\"}],\"inLanguage\":\"en-US\"},{\"@type\":\"Person\",\"@id\":\"https:\/\/www.aguarda.es\/en\/#\/schema\/person\/c463ca3006858ffb349d11179d044f21\",\"name\":\"prensa\",\"image\":{\"@type\":\"ImageObject\",\"inLanguage\":\"en-US\",\"@id\":\"https:\/\/www.aguarda.es\/en\/#\/schema\/person\/image\/\",\"url\":\"https:\/\/secure.gravatar.com\/avatar\/5f90ef536b0f98306edf5c7a1135ffa1?s=96&d=mm&r=g\",\"contentUrl\":\"https:\/\/secure.gravatar.com\/avatar\/5f90ef536b0f98306edf5c7a1135ffa1?s=96&d=mm&r=g\",\"caption\":\"prensa\"},\"url\":\"https:\/\/www.aguarda.es\/en\/author\/prensa\/\"}]}<\/script>\n<!-- \/ Yoast SEO plugin. -->","yoast_head_json":{"title":"Unha Feira de Empresas por\u00e1 este s\u00e1bado o broche final a \u00abTecnoimax\u00edn\u00bb na Guarda - Concello da Guarda","robots":{"index":"index","follow":"follow","max-snippet":"max-snippet:-1","max-image-preview":"max-image-preview:large","max-video-preview":"max-video-preview:-1"},"canonical":"https:\/\/www.aguarda.es\/en\/unha-feira-de-empresas-pora-este-sabado-o-broche-final-a-tecnoimaxin-na-guarda\/","og_locale":"en_US","og_type":"article","og_title":"Unha Feira de Empresas por\u00e1 este s\u00e1bado o broche final a \u00abTecnoimax\u00edn\u00bb na Guarda - Concello da Guarda","og_description":"Na derradeira xornada da Feira do Emprego e Formaci\u00f3n \u00abTecnoimax\u00edn, a Casa dos Alonsos da Guarda acolle este s\u00e1bado d\u00eda 27 de outubro unha Feira de Empresas da comarca cun rasgo innovador, presentada pola Coach e psic\u00f3loga social Susana Rodr\u00edguez. &hellip;","og_url":"https:\/\/www.aguarda.es\/en\/unha-feira-de-empresas-pora-este-sabado-o-broche-final-a-tecnoimaxin-na-guarda\/","og_site_name":"Concello da Guarda","article_publisher":"https:\/\/www.facebook.com\/ConcellodaGuarda","article_published_time":"2018-10-26T07:47:25+00:00","og_image":[{"width":800,"height":747,"url":"https:\/\/www.aguarda.es\/wp-content\/uploads\/2018\/10\/NP-26102018-Unha-Feira-de-Empresas-por\u00e1-este-s\u00e1bado-o-broche-final-a-\u00abTecnoimax\u00edn\u00bb-na-Guarda-1-copia.jpg","type":"image\/jpeg"}],"author":"prensa","twitter_card":"summary_large_image","twitter_creator":"@AGuarda_es","twitter_site":"@AGuarda_es","twitter_misc":{"Written by":"prensa","Est. reading time":"2 minutes"},"schema":{"@context":"https:\/\/schema.org","@graph":[{"@type":"WebPage","@id":"https:\/\/www.aguarda.es\/en\/unha-feira-de-empresas-pora-este-sabado-o-broche-final-a-tecnoimaxin-na-guarda\/","url":"https:\/\/www.aguarda.es\/en\/unha-feira-de-empresas-pora-este-sabado-o-broche-final-a-tecnoimaxin-na-guarda\/","name":"Unha Feira de Empresas por\u00e1 este s\u00e1bado o broche final a \u00abTecnoimax\u00edn\u00bb na Guarda - Concello da Guarda","isPartOf":{"@id":"https:\/\/www.aguarda.es\/en\/#website"},"datePublished":"2018-10-26T07:47:25+00:00","dateModified":"2018-10-26T07:47:25+00:00","author":{"@id":"https:\/\/www.aguarda.es\/en\/#\/schema\/person\/c463ca3006858ffb349d11179d044f21"},"breadcrumb":{"@id":"https:\/\/www.aguarda.es\/en\/unha-feira-de-empresas-pora-este-sabado-o-broche-final-a-tecnoimaxin-na-guarda\/#breadcrumb"},"inLanguage":"en-US","potentialAction":[{"@type":"ReadAction","target":["https:\/\/www.aguarda.es\/en\/unha-feira-de-empresas-pora-este-sabado-o-broche-final-a-tecnoimaxin-na-guarda\/"]}]},{"@type":"BreadcrumbList","@id":"https:\/\/www.aguarda.es\/en\/unha-feira-de-empresas-pora-este-sabado-o-broche-final-a-tecnoimaxin-na-guarda\/#breadcrumb","itemListElement":[{"@type":"ListItem","position":1,"name":"Portada","item":"https:\/\/www.aguarda.es\/en\/"},{"@type":"ListItem","position":2,"name":"Unha Feira de Empresas por\u00e1 este s\u00e1bado o broche final a \u00abTecnoimax\u00edn\u00bb na Guarda"}]},{"@type":"WebSite","@id":"https:\/\/www.aguarda.es\/en\/#website","url":"https:\/\/www.aguarda.es\/en\/","name":"Concello da Guarda","description":"P\u00e1xina web do concello da Guarda","potentialAction":[{"@type":"SearchAction","target":{"@type":"EntryPoint","urlTemplate":"https:\/\/www.aguarda.es\/en\/?s={search_term_string}"},"query-input":"required name=search_term_string"}],"inLanguage":"en-US"},{"@type":"Person","@id":"https:\/\/www.aguarda.es\/en\/#\/schema\/person\/c463ca3006858ffb349d11179d044f21","name":"prensa","image":{"@type":"ImageObject","inLanguage":"en-US","@id":"https:\/\/www.aguarda.es\/en\/#\/schema\/person\/image\/","url":"https:\/\/secure.gravatar.com\/avatar\/5f90ef536b0f98306edf5c7a1135ffa1?s=96&d=mm&r=g","contentUrl":"https:\/\/secure.gravatar.com\/avatar\/5f90ef536b0f98306edf5c7a1135ffa1?s=96&d=mm&r=g","caption":"prensa"},"url":"https:\/\/www.aguarda.es\/en\/author\/prensa\/"}]}},"_links":{"self":[{"href":"https:\/\/www.aguarda.es\/en\/wp-json\/wp\/v2\/posts\/15686"}],"collection":[{"href":"https:\/\/www.aguarda.es\/en\/wp-json\/wp\/v2\/posts"}],"about":[{"href":"https:\/\/www.aguarda.es\/en\/wp-json\/wp\/v2\/types\/post"}],"author":[{"embeddable":true,"href":"https:\/\/www.aguarda.es\/en\/wp-json\/wp\/v2\/users\/2"}],"replies":[{"embeddable":true,"href":"https:\/\/www.aguarda.es\/en\/wp-json\/wp\/v2\/comments?post=15686"}],"version-history":[{"count":1,"href":"https:\/\/www.aguarda.es\/en\/wp-json\/wp\/v2\/posts\/15686\/revisions"}],"predecessor-version":[{"id":15689,"href":"https:\/\/www.aguarda.es\/en\/wp-json\/wp\/v2\/posts\/15686\/revisions\/15689"}],"wp:featuredmedia":[{"embeddable":true,"href":"https:\/\/www.aguarda.es\/en\/wp-json\/wp\/v2\/media\/15688"}],"wp:attachment":[{"href":"https:\/\/www.aguarda.es\/en\/wp-json\/wp\/v2\/media?parent=15686"}],"wp:term":[{"taxonomy":"category","embeddable":true,"href":"https:\/\/www.aguarda.es\/en\/wp-json\/wp\/v2\/categories?post=15686"},{"taxonomy":"post_tag","embeddable":true,"href":"https:\/\/www.aguarda.es\/en\/wp-json\/wp\/v2\/tags?post=15686"}],"curies":[{"name":"wp","href":"https:\/\/api.w.org\/{rel}","templated":true}]}}