{"id":1575,"date":"2016-02-05T07:06:43","date_gmt":"2016-02-05T07:06:43","guid":{"rendered":"https:\/\/www.aguarda.es\/?p=1575"},"modified":"2016-02-05T07:06:43","modified_gmt":"2016-02-05T07:06:43","slug":"a-guarda-reparte-preto-de-4-000-euros-en-premios-entre-os-mais-de-200-participantes-do-desfile-concurso-de-entroido","status":"publish","type":"post","link":"https:\/\/www.aguarda.es\/en\/a-guarda-reparte-preto-de-4-000-euros-en-premios-entre-os-mais-de-200-participantes-do-desfile-concurso-de-entroido\/","title":{"rendered":"A Guarda reparte preto de 4.000 euros en premios entre os m\u00e1is de 200 participantes do Desfile-Concurso de Entroido"},"content":{"rendered":"<p>Este ano hai un aumento no n\u00famero de persoas que se inscribiron neste paseo. O Concello convida a todos os veci\u00f1os e veci\u00f1as da localidade a gozar deste entroido<\/p>\n<p>  <!--more-->  <\/p>\n<p>Este martes cel\u00e9brase na Guarda o Desfile-Concurso de Entroido que este ano repartir\u00e1 entre todos os participantes preto de 4.000 euros en premios.<\/p>\n<p>O desfile comezar\u00e1 \u00e1s 17,30 horas dende a Esquina Famosa, pasando pola R\u00faa Porto Rico e a R\u00faa Galicia, ata chegar a Alameda. Durante este traxecto un xurado estar\u00e1 atento a cada un dos traxes para poder votar os mellores disfraces.<\/p>\n<p>Os participantes neste paseo estar\u00e1n divididos en distintas categor\u00edas -carrozas, comparsas, grupos, individual infantil e individual adulto-.<br \/>Este ano son m\u00e1is de 200 persoas, entre adultos e nenos, os que est\u00e1n inscritos para participar neste desfile. N\u00f3tase un incremento de participantes na meirande parte das categor\u00edas.<\/p>\n<p>\u00d3 t\u00e9rmino do desfile o xurado deliberar\u00e1 para dar os premios. Tras a reuni\u00f3n entregar\u00e1n os agasallos na Alameda onde actuar\u00e1 a orquestra YUKATAN.<\/p>\n<p>O Concello da Guarda invita a todos os veci\u00f1os e veci\u00f1as da vila a participar neste entroido e a gozar do desfile e da multitude de disfraces que pasear\u00e1n polas r\u00faas da localidade.<\/p>\n<p><img decoding=\"async\" loading=\"lazy\" class=\" size-full wp-image-1574\" src=\"https:\/\/www.aguarda.es\/wp-content\/uploads\/2016\/02\/Cartaz_martes-9.png\" alt=\"\" width=\"335\" height=\"470\" srcset=\"https:\/\/www.aguarda.es\/wp-content\/uploads\/2016\/02\/Cartaz_martes-9.png 1219w, https:\/\/www.aguarda.es\/wp-content\/uploads\/2016\/02\/Cartaz_martes-9-570x801.png 570w, https:\/\/www.aguarda.es\/wp-content\/uploads\/2016\/02\/Cartaz_martes-9-214x300.png 214w, https:\/\/www.aguarda.es\/wp-content\/uploads\/2016\/02\/Cartaz_martes-9-768x1079.png 768w, https:\/\/www.aguarda.es\/wp-content\/uploads\/2016\/02\/Cartaz_martes-9-729x1024.png 729w\" sizes=\"(max-width: 335px) 100vw, 335px\" \/><\/p>\n","protected":false},"excerpt":{"rendered":"<p>Este ano hai un aumento no n\u00famero de persoas que se inscribiron neste paseo. O Concello convida a todos os veci\u00f1os e veci\u00f1as da localidade a gozar deste entroido<\/p>\n","protected":false},"author":1,"featured_media":0,"comment_status":"open","ping_status":"open","sticky":false,"template":"","format":"standard","meta":[],"categories":[34],"tags":[],"yoast_head":"<!-- This site is optimized with the Yoast SEO plugin v21.1 - https:\/\/yoast.com\/wordpress\/plugins\/seo\/ -->\n<title>A Guarda reparte preto de 4.000 euros en premios entre os m\u00e1is de 200 participantes do Desfile-Concurso de Entroido - Concello da Guarda<\/title>\n<meta name=\"robots\" content=\"index, follow, max-snippet:-1, max-image-preview:large, max-video-preview:-1\" \/>\n<link rel=\"canonical\" href=\"https:\/\/www.aguarda.es\/en\/a-guarda-reparte-preto-de-4-000-euros-en-premios-entre-os-mais-de-200-participantes-do-desfile-concurso-de-entroido\/\" \/>\n<meta property=\"og:locale\" content=\"en_US\" \/>\n<meta property=\"og:type\" content=\"article\" \/>\n<meta property=\"og:title\" content=\"A Guarda reparte preto de 4.000 euros en premios entre os m\u00e1is de 200 participantes do Desfile-Concurso de Entroido - Concello da Guarda\" \/>\n<meta property=\"og:description\" content=\"Este ano hai un aumento no n\u00famero de persoas que se inscribiron neste paseo. O Concello convida a todos os veci\u00f1os e veci\u00f1as da localidade a gozar deste entroido\" \/>\n<meta property=\"og:url\" content=\"https:\/\/www.aguarda.es\/en\/a-guarda-reparte-preto-de-4-000-euros-en-premios-entre-os-mais-de-200-participantes-do-desfile-concurso-de-entroido\/\" \/>\n<meta property=\"og:site_name\" content=\"Concello da Guarda\" \/>\n<meta property=\"article:publisher\" content=\"https:\/\/www.facebook.com\/ConcellodaGuarda\" \/>\n<meta property=\"article:published_time\" content=\"2016-02-05T07:06:43+00:00\" \/>\n<meta property=\"og:image\" content=\"https:\/\/www.aguarda.es\/wp-content\/uploads\/2016\/02\/Cartaz_martes-9.png\" \/>\n<meta name=\"author\" content=\"Concello\" \/>\n<meta name=\"twitter:card\" content=\"summary_large_image\" \/>\n<meta name=\"twitter:creator\" content=\"@AGuarda_es\" \/>\n<meta name=\"twitter:site\" content=\"@AGuarda_es\" \/>\n<meta name=\"twitter:label1\" content=\"Written by\" \/>\n\t<meta name=\"twitter:data1\" content=\"Concello\" \/>\n\t<meta name=\"twitter:label2\" content=\"Est. reading time\" \/>\n\t<meta name=\"twitter:data2\" content=\"1 minute\" \/>\n<script type=\"application\/ld+json\" class=\"yoast-schema-graph\">{\"@context\":\"https:\/\/schema.org\",\"@graph\":[{\"@type\":\"WebPage\",\"@id\":\"https:\/\/www.aguarda.es\/en\/a-guarda-reparte-preto-de-4-000-euros-en-premios-entre-os-mais-de-200-participantes-do-desfile-concurso-de-entroido\/\",\"url\":\"https:\/\/www.aguarda.es\/en\/a-guarda-reparte-preto-de-4-000-euros-en-premios-entre-os-mais-de-200-participantes-do-desfile-concurso-de-entroido\/\",\"name\":\"A Guarda reparte preto de 4.000 euros en premios entre os m\u00e1is de 200 participantes do Desfile-Concurso de Entroido - Concello da Guarda\",\"isPartOf\":{\"@id\":\"https:\/\/www.aguarda.es\/en\/#website\"},\"datePublished\":\"2016-02-05T07:06:43+00:00\",\"dateModified\":\"2016-02-05T07:06:43+00:00\",\"author\":{\"@id\":\"https:\/\/www.aguarda.es\/en\/#\/schema\/person\/ac30f4d74843174f0af56c730f74dd57\"},\"breadcrumb\":{\"@id\":\"https:\/\/www.aguarda.es\/en\/a-guarda-reparte-preto-de-4-000-euros-en-premios-entre-os-mais-de-200-participantes-do-desfile-concurso-de-entroido\/#breadcrumb\"},\"inLanguage\":\"en-US\",\"potentialAction\":[{\"@type\":\"ReadAction\",\"target\":[\"https:\/\/www.aguarda.es\/en\/a-guarda-reparte-preto-de-4-000-euros-en-premios-entre-os-mais-de-200-participantes-do-desfile-concurso-de-entroido\/\"]}]},{\"@type\":\"BreadcrumbList\",\"@id\":\"https:\/\/www.aguarda.es\/en\/a-guarda-reparte-preto-de-4-000-euros-en-premios-entre-os-mais-de-200-participantes-do-desfile-concurso-de-entroido\/#breadcrumb\",\"itemListElement\":[{\"@type\":\"ListItem\",\"position\":1,\"name\":\"Portada\",\"item\":\"https:\/\/www.aguarda.es\/en\/\"},{\"@type\":\"ListItem\",\"position\":2,\"name\":\"A Guarda reparte preto de 4.000 euros en premios entre os m\u00e1is de 200 participantes do Desfile-Concurso de Entroido\"}]},{\"@type\":\"WebSite\",\"@id\":\"https:\/\/www.aguarda.es\/en\/#website\",\"url\":\"https:\/\/www.aguarda.es\/en\/\",\"name\":\"Concello da Guarda\",\"description\":\"P\u00e1xina web do concello da Guarda\",\"potentialAction\":[{\"@type\":\"SearchAction\",\"target\":{\"@type\":\"EntryPoint\",\"urlTemplate\":\"https:\/\/www.aguarda.es\/en\/?s={search_term_string}\"},\"query-input\":\"required name=search_term_string\"}],\"inLanguage\":\"en-US\"},{\"@type\":\"Person\",\"@id\":\"https:\/\/www.aguarda.es\/en\/#\/schema\/person\/ac30f4d74843174f0af56c730f74dd57\",\"name\":\"Concello\",\"image\":{\"@type\":\"ImageObject\",\"inLanguage\":\"en-US\",\"@id\":\"https:\/\/www.aguarda.es\/en\/#\/schema\/person\/image\/\",\"url\":\"https:\/\/secure.gravatar.com\/avatar\/7eda12a04da40b2ef77eb62e68f07027?s=96&d=mm&r=g\",\"contentUrl\":\"https:\/\/secure.gravatar.com\/avatar\/7eda12a04da40b2ef77eb62e68f07027?s=96&d=mm&r=g\",\"caption\":\"Concello\"},\"url\":\"https:\/\/www.aguarda.es\/en\/author\/admin\/\"}]}<\/script>\n<!-- \/ Yoast SEO plugin. -->","yoast_head_json":{"title":"A Guarda reparte preto de 4.000 euros en premios entre os m\u00e1is de 200 participantes do Desfile-Concurso de Entroido - Concello da Guarda","robots":{"index":"index","follow":"follow","max-snippet":"max-snippet:-1","max-image-preview":"max-image-preview:large","max-video-preview":"max-video-preview:-1"},"canonical":"https:\/\/www.aguarda.es\/en\/a-guarda-reparte-preto-de-4-000-euros-en-premios-entre-os-mais-de-200-participantes-do-desfile-concurso-de-entroido\/","og_locale":"en_US","og_type":"article","og_title":"A Guarda reparte preto de 4.000 euros en premios entre os m\u00e1is de 200 participantes do Desfile-Concurso de Entroido - Concello da Guarda","og_description":"Este ano hai un aumento no n\u00famero de persoas que se inscribiron neste paseo. O Concello convida a todos os veci\u00f1os e veci\u00f1as da localidade a gozar deste entroido","og_url":"https:\/\/www.aguarda.es\/en\/a-guarda-reparte-preto-de-4-000-euros-en-premios-entre-os-mais-de-200-participantes-do-desfile-concurso-de-entroido\/","og_site_name":"Concello da Guarda","article_publisher":"https:\/\/www.facebook.com\/ConcellodaGuarda","article_published_time":"2016-02-05T07:06:43+00:00","og_image":[{"url":"https:\/\/www.aguarda.es\/wp-content\/uploads\/2016\/02\/Cartaz_martes-9.png"}],"author":"Concello","twitter_card":"summary_large_image","twitter_creator":"@AGuarda_es","twitter_site":"@AGuarda_es","twitter_misc":{"Written by":"Concello","Est. reading time":"1 minute"},"schema":{"@context":"https:\/\/schema.org","@graph":[{"@type":"WebPage","@id":"https:\/\/www.aguarda.es\/en\/a-guarda-reparte-preto-de-4-000-euros-en-premios-entre-os-mais-de-200-participantes-do-desfile-concurso-de-entroido\/","url":"https:\/\/www.aguarda.es\/en\/a-guarda-reparte-preto-de-4-000-euros-en-premios-entre-os-mais-de-200-participantes-do-desfile-concurso-de-entroido\/","name":"A Guarda reparte preto de 4.000 euros en premios entre os m\u00e1is de 200 participantes do Desfile-Concurso de Entroido - Concello da Guarda","isPartOf":{"@id":"https:\/\/www.aguarda.es\/en\/#website"},"datePublished":"2016-02-05T07:06:43+00:00","dateModified":"2016-02-05T07:06:43+00:00","author":{"@id":"https:\/\/www.aguarda.es\/en\/#\/schema\/person\/ac30f4d74843174f0af56c730f74dd57"},"breadcrumb":{"@id":"https:\/\/www.aguarda.es\/en\/a-guarda-reparte-preto-de-4-000-euros-en-premios-entre-os-mais-de-200-participantes-do-desfile-concurso-de-entroido\/#breadcrumb"},"inLanguage":"en-US","potentialAction":[{"@type":"ReadAction","target":["https:\/\/www.aguarda.es\/en\/a-guarda-reparte-preto-de-4-000-euros-en-premios-entre-os-mais-de-200-participantes-do-desfile-concurso-de-entroido\/"]}]},{"@type":"BreadcrumbList","@id":"https:\/\/www.aguarda.es\/en\/a-guarda-reparte-preto-de-4-000-euros-en-premios-entre-os-mais-de-200-participantes-do-desfile-concurso-de-entroido\/#breadcrumb","itemListElement":[{"@type":"ListItem","position":1,"name":"Portada","item":"https:\/\/www.aguarda.es\/en\/"},{"@type":"ListItem","position":2,"name":"A Guarda reparte preto de 4.000 euros en premios entre os m\u00e1is de 200 participantes do Desfile-Concurso de Entroido"}]},{"@type":"WebSite","@id":"https:\/\/www.aguarda.es\/en\/#website","url":"https:\/\/www.aguarda.es\/en\/","name":"Concello da Guarda","description":"P\u00e1xina web do concello da Guarda","potentialAction":[{"@type":"SearchAction","target":{"@type":"EntryPoint","urlTemplate":"https:\/\/www.aguarda.es\/en\/?s={search_term_string}"},"query-input":"required name=search_term_string"}],"inLanguage":"en-US"},{"@type":"Person","@id":"https:\/\/www.aguarda.es\/en\/#\/schema\/person\/ac30f4d74843174f0af56c730f74dd57","name":"Concello","image":{"@type":"ImageObject","inLanguage":"en-US","@id":"https:\/\/www.aguarda.es\/en\/#\/schema\/person\/image\/","url":"https:\/\/secure.gravatar.com\/avatar\/7eda12a04da40b2ef77eb62e68f07027?s=96&d=mm&r=g","contentUrl":"https:\/\/secure.gravatar.com\/avatar\/7eda12a04da40b2ef77eb62e68f07027?s=96&d=mm&r=g","caption":"Concello"},"url":"https:\/\/www.aguarda.es\/en\/author\/admin\/"}]}},"_links":{"self":[{"href":"https:\/\/www.aguarda.es\/en\/wp-json\/wp\/v2\/posts\/1575"}],"collection":[{"href":"https:\/\/www.aguarda.es\/en\/wp-json\/wp\/v2\/posts"}],"about":[{"href":"https:\/\/www.aguarda.es\/en\/wp-json\/wp\/v2\/types\/post"}],"author":[{"embeddable":true,"href":"https:\/\/www.aguarda.es\/en\/wp-json\/wp\/v2\/users\/1"}],"replies":[{"embeddable":true,"href":"https:\/\/www.aguarda.es\/en\/wp-json\/wp\/v2\/comments?post=1575"}],"version-history":[{"count":0,"href":"https:\/\/www.aguarda.es\/en\/wp-json\/wp\/v2\/posts\/1575\/revisions"}],"wp:attachment":[{"href":"https:\/\/www.aguarda.es\/en\/wp-json\/wp\/v2\/media?parent=1575"}],"wp:term":[{"taxonomy":"category","embeddable":true,"href":"https:\/\/www.aguarda.es\/en\/wp-json\/wp\/v2\/categories?post=1575"},{"taxonomy":"post_tag","embeddable":true,"href":"https:\/\/www.aguarda.es\/en\/wp-json\/wp\/v2\/tags?post=1575"}],"curies":[{"name":"wp","href":"https:\/\/api.w.org\/{rel}","templated":true}]}}