{"id":1590,"date":"2016-02-10T10:23:12","date_gmt":"2016-02-10T10:23:12","guid":{"rendered":"https:\/\/www.aguarda.es\/?p=1590"},"modified":"2016-02-10T10:23:12","modified_gmt":"2016-02-10T10:23:12","slug":"ciclo-de-charlas-manual-de-instrucions-para-educar-na-guarda","status":"publish","type":"post","link":"https:\/\/www.aguarda.es\/en\/ciclo-de-charlas-manual-de-instrucions-para-educar-na-guarda\/","title":{"rendered":"Ciclo de charlas \u201cManual de instruci\u00f3ns para educar\u201d na Guarda"},"content":{"rendered":"<p>Os encontros se celebrar\u00e1n o \u00faltimo martes de cada mes, sendo a primeira cita o 23 de febreiro. As xuntanzas ser\u00e1n na Casa dos Alonsos \u00e1s 19,30 horas<\/p>\n<p>  <!--more-->  <\/p>\n<p>Chegamos ao mundo sendo fillos pero, quen nos ensina a educar e a ser nais ou pais? A trav\u00e9s do ciclo de Charlas \u201cManual de instruci\u00f3ns para educar\u201d organizado polo Programa de Educaci\u00f3n Familiar e a OMIX do Concello da Guarda, o que se pretende \u00e9 compartir pautas sinxelas e ofrecer un espazo de reflexi\u00f3n e intercambio de experiencias, para\u00a0 poder axudas \u00e1s nais, pais e educadores\/as a lograr o pleno desenvolvemento dos nenos e nenas e adolescentes para facilitar a convivencia familiar.<\/p>\n<p>Educar aos fillos e fillas \u00e9 unha aprendizaxe diaria, polo que, nestas charlas se aportar\u00e1n v\u00edas para resolver conflitos de forma construtiva, reforzando a comunicaci\u00f3n e o di\u00e1logo como claves na relaci\u00f3n entres nais e pais con fillos e fillas. Nestes encontros falarase das normas e dos l\u00edmites coma un dereito dos rapaces e rapazas ofrecendo tam\u00e9n ferramentas alternativas para poder achegarse \u00e1 realidade de eses nenos e nenas.<\/p>\n<p>Para realizar esta actividade contarase coa colaboraci\u00f3n do terapeuta familiar Esteban Figueirido, que ser\u00e1 o encargado de guiar estas charlas. <br \/>Ademais o que se pretende \u00e9 que os participantes nos encontros tam\u00e9n expo\u00f1an as s\u00faas vivencias para poder intercambiar as experiencias.<\/p>\n<p>Datas e temas<\/p>\n<p>As charlas celebraranse o \u00faltimo martes de cada mes \u00e1s 19,30 horas, na Casa dos Alonsos. As\u00ed, o primeiro destes encontros est\u00e1 programado para o pr\u00f3ximo 23 de febreiro.<br \/>\u201cMellorando a comunicaci\u00f3n na familia: como falar para que os fillos escoiten e como escoitar para que os fillos falen\u201d, \u00e9 o t\u00edtulo que ten esta primeira charla.<\/p>\n<p>O 29 de marzo ter\u00e1 lugar a charla \u201cEnsinando a dicir non. Asertividade, normas e l\u00edmites\u201d, a seguinte \u00e9 o 26 de abril e levar\u00e1 por nome \u201cPautas para fomentar a autoestima dos fillos e fillas\u201d.<br \/>O ciclo de charlas se pechar\u00e1 o 24 de maio co tema \u201cDo berce \u00e1 adolescencia. Ferramentas \u00fatiles con adolescentes\u201d.<\/p>\n<p>O Concello da Guarda quere convidar a todos os pais e nais, educadores\/as e a todos aqueles veci\u00f1os e veci\u00f1as interesados na educaci\u00f3n a participar nestas charlas e axudar a crear un espazo enriquecedor no que falar e contar experiencias propias.<\/p>\n<p><img decoding=\"async\" loading=\"lazy\" class=\" size-full wp-image-1589\" src=\"https:\/\/www.aguarda.es\/wp-content\/uploads\/2016\/02\/2016_cartazeducacion.jpg\" alt=\"\" width=\"424\" height=\"600\" srcset=\"https:\/\/www.aguarda.es\/wp-content\/uploads\/2016\/02\/2016_cartazeducacion.jpg 424w, https:\/\/www.aguarda.es\/wp-content\/uploads\/2016\/02\/2016_cartazeducacion-212x300.jpg 212w\" sizes=\"(max-width: 424px) 100vw, 424px\" \/><\/p>\n","protected":false},"excerpt":{"rendered":"<p>Os encontros se celebrar\u00e1n o \u00faltimo martes de cada mes, sendo a primeira cita o 23 de febreiro. As xuntanzas ser\u00e1n na Casa dos Alonsos \u00e1s 19,30 horas<\/p>\n","protected":false},"author":1,"featured_media":1589,"comment_status":"open","ping_status":"open","sticky":false,"template":"","format":"standard","meta":[],"categories":[38],"tags":[],"yoast_head":"<!-- This site is optimized with the Yoast SEO plugin v21.1 - https:\/\/yoast.com\/wordpress\/plugins\/seo\/ -->\n<title>Ciclo de charlas \u201cManual de instruci\u00f3ns para educar\u201d na Guarda - Concello da Guarda<\/title>\n<meta name=\"robots\" content=\"index, follow, max-snippet:-1, max-image-preview:large, max-video-preview:-1\" \/>\n<link rel=\"canonical\" href=\"https:\/\/www.aguarda.es\/en\/ciclo-de-charlas-manual-de-instrucions-para-educar-na-guarda\/\" \/>\n<meta property=\"og:locale\" content=\"en_US\" \/>\n<meta property=\"og:type\" content=\"article\" \/>\n<meta property=\"og:title\" content=\"Ciclo de charlas \u201cManual de instruci\u00f3ns para educar\u201d na Guarda - Concello da Guarda\" \/>\n<meta property=\"og:description\" content=\"Os encontros se celebrar\u00e1n o \u00faltimo martes de cada mes, sendo a primeira cita o 23 de febreiro. As xuntanzas ser\u00e1n na Casa dos Alonsos \u00e1s 19,30 horas\" \/>\n<meta property=\"og:url\" content=\"https:\/\/www.aguarda.es\/en\/ciclo-de-charlas-manual-de-instrucions-para-educar-na-guarda\/\" \/>\n<meta property=\"og:site_name\" content=\"Concello da Guarda\" \/>\n<meta property=\"article:publisher\" content=\"https:\/\/www.facebook.com\/ConcellodaGuarda\" \/>\n<meta property=\"article:published_time\" content=\"2016-02-10T10:23:12+00:00\" \/>\n<meta property=\"og:image\" content=\"https:\/\/www.aguarda.es\/wp-content\/uploads\/2016\/02\/2016_cartazeducacion.jpg\" \/>\n\t<meta property=\"og:image:width\" content=\"424\" \/>\n\t<meta property=\"og:image:height\" content=\"600\" \/>\n\t<meta property=\"og:image:type\" content=\"image\/jpeg\" \/>\n<meta name=\"author\" content=\"Concello\" \/>\n<meta name=\"twitter:card\" content=\"summary_large_image\" \/>\n<meta name=\"twitter:creator\" content=\"@AGuarda_es\" \/>\n<meta name=\"twitter:site\" content=\"@AGuarda_es\" \/>\n<meta name=\"twitter:label1\" content=\"Written by\" \/>\n\t<meta name=\"twitter:data1\" content=\"Concello\" \/>\n\t<meta name=\"twitter:label2\" content=\"Est. reading time\" \/>\n\t<meta name=\"twitter:data2\" content=\"2 minutes\" \/>\n<script type=\"application\/ld+json\" class=\"yoast-schema-graph\">{\"@context\":\"https:\/\/schema.org\",\"@graph\":[{\"@type\":\"WebPage\",\"@id\":\"https:\/\/www.aguarda.es\/en\/ciclo-de-charlas-manual-de-instrucions-para-educar-na-guarda\/\",\"url\":\"https:\/\/www.aguarda.es\/en\/ciclo-de-charlas-manual-de-instrucions-para-educar-na-guarda\/\",\"name\":\"Ciclo de charlas \u201cManual de instruci\u00f3ns para educar\u201d na Guarda - Concello da Guarda\",\"isPartOf\":{\"@id\":\"https:\/\/www.aguarda.es\/en\/#website\"},\"datePublished\":\"2016-02-10T10:23:12+00:00\",\"dateModified\":\"2016-02-10T10:23:12+00:00\",\"author\":{\"@id\":\"https:\/\/www.aguarda.es\/en\/#\/schema\/person\/ac30f4d74843174f0af56c730f74dd57\"},\"breadcrumb\":{\"@id\":\"https:\/\/www.aguarda.es\/en\/ciclo-de-charlas-manual-de-instrucions-para-educar-na-guarda\/#breadcrumb\"},\"inLanguage\":\"en-US\",\"potentialAction\":[{\"@type\":\"ReadAction\",\"target\":[\"https:\/\/www.aguarda.es\/en\/ciclo-de-charlas-manual-de-instrucions-para-educar-na-guarda\/\"]}]},{\"@type\":\"BreadcrumbList\",\"@id\":\"https:\/\/www.aguarda.es\/en\/ciclo-de-charlas-manual-de-instrucions-para-educar-na-guarda\/#breadcrumb\",\"itemListElement\":[{\"@type\":\"ListItem\",\"position\":1,\"name\":\"Portada\",\"item\":\"https:\/\/www.aguarda.es\/en\/\"},{\"@type\":\"ListItem\",\"position\":2,\"name\":\"Ciclo de charlas \u201cManual de instruci\u00f3ns para educar\u201d na Guarda\"}]},{\"@type\":\"WebSite\",\"@id\":\"https:\/\/www.aguarda.es\/en\/#website\",\"url\":\"https:\/\/www.aguarda.es\/en\/\",\"name\":\"Concello da Guarda\",\"description\":\"P\u00e1xina web do concello da Guarda\",\"potentialAction\":[{\"@type\":\"SearchAction\",\"target\":{\"@type\":\"EntryPoint\",\"urlTemplate\":\"https:\/\/www.aguarda.es\/en\/?s={search_term_string}\"},\"query-input\":\"required name=search_term_string\"}],\"inLanguage\":\"en-US\"},{\"@type\":\"Person\",\"@id\":\"https:\/\/www.aguarda.es\/en\/#\/schema\/person\/ac30f4d74843174f0af56c730f74dd57\",\"name\":\"Concello\",\"image\":{\"@type\":\"ImageObject\",\"inLanguage\":\"en-US\",\"@id\":\"https:\/\/www.aguarda.es\/en\/#\/schema\/person\/image\/\",\"url\":\"https:\/\/secure.gravatar.com\/avatar\/7eda12a04da40b2ef77eb62e68f07027?s=96&d=mm&r=g\",\"contentUrl\":\"https:\/\/secure.gravatar.com\/avatar\/7eda12a04da40b2ef77eb62e68f07027?s=96&d=mm&r=g\",\"caption\":\"Concello\"},\"url\":\"https:\/\/www.aguarda.es\/en\/author\/admin\/\"}]}<\/script>\n<!-- \/ Yoast SEO plugin. -->","yoast_head_json":{"title":"Ciclo de charlas \u201cManual de instruci\u00f3ns para educar\u201d na Guarda - Concello da Guarda","robots":{"index":"index","follow":"follow","max-snippet":"max-snippet:-1","max-image-preview":"max-image-preview:large","max-video-preview":"max-video-preview:-1"},"canonical":"https:\/\/www.aguarda.es\/en\/ciclo-de-charlas-manual-de-instrucions-para-educar-na-guarda\/","og_locale":"en_US","og_type":"article","og_title":"Ciclo de charlas \u201cManual de instruci\u00f3ns para educar\u201d na Guarda - Concello da Guarda","og_description":"Os encontros se celebrar\u00e1n o \u00faltimo martes de cada mes, sendo a primeira cita o 23 de febreiro. As xuntanzas ser\u00e1n na Casa dos Alonsos \u00e1s 19,30 horas","og_url":"https:\/\/www.aguarda.es\/en\/ciclo-de-charlas-manual-de-instrucions-para-educar-na-guarda\/","og_site_name":"Concello da Guarda","article_publisher":"https:\/\/www.facebook.com\/ConcellodaGuarda","article_published_time":"2016-02-10T10:23:12+00:00","og_image":[{"width":424,"height":600,"url":"https:\/\/www.aguarda.es\/wp-content\/uploads\/2016\/02\/2016_cartazeducacion.jpg","type":"image\/jpeg"}],"author":"Concello","twitter_card":"summary_large_image","twitter_creator":"@AGuarda_es","twitter_site":"@AGuarda_es","twitter_misc":{"Written by":"Concello","Est. reading time":"2 minutes"},"schema":{"@context":"https:\/\/schema.org","@graph":[{"@type":"WebPage","@id":"https:\/\/www.aguarda.es\/en\/ciclo-de-charlas-manual-de-instrucions-para-educar-na-guarda\/","url":"https:\/\/www.aguarda.es\/en\/ciclo-de-charlas-manual-de-instrucions-para-educar-na-guarda\/","name":"Ciclo de charlas \u201cManual de instruci\u00f3ns para educar\u201d na Guarda - Concello da Guarda","isPartOf":{"@id":"https:\/\/www.aguarda.es\/en\/#website"},"datePublished":"2016-02-10T10:23:12+00:00","dateModified":"2016-02-10T10:23:12+00:00","author":{"@id":"https:\/\/www.aguarda.es\/en\/#\/schema\/person\/ac30f4d74843174f0af56c730f74dd57"},"breadcrumb":{"@id":"https:\/\/www.aguarda.es\/en\/ciclo-de-charlas-manual-de-instrucions-para-educar-na-guarda\/#breadcrumb"},"inLanguage":"en-US","potentialAction":[{"@type":"ReadAction","target":["https:\/\/www.aguarda.es\/en\/ciclo-de-charlas-manual-de-instrucions-para-educar-na-guarda\/"]}]},{"@type":"BreadcrumbList","@id":"https:\/\/www.aguarda.es\/en\/ciclo-de-charlas-manual-de-instrucions-para-educar-na-guarda\/#breadcrumb","itemListElement":[{"@type":"ListItem","position":1,"name":"Portada","item":"https:\/\/www.aguarda.es\/en\/"},{"@type":"ListItem","position":2,"name":"Ciclo de charlas \u201cManual de instruci\u00f3ns para educar\u201d na Guarda"}]},{"@type":"WebSite","@id":"https:\/\/www.aguarda.es\/en\/#website","url":"https:\/\/www.aguarda.es\/en\/","name":"Concello da Guarda","description":"P\u00e1xina web do concello da Guarda","potentialAction":[{"@type":"SearchAction","target":{"@type":"EntryPoint","urlTemplate":"https:\/\/www.aguarda.es\/en\/?s={search_term_string}"},"query-input":"required name=search_term_string"}],"inLanguage":"en-US"},{"@type":"Person","@id":"https:\/\/www.aguarda.es\/en\/#\/schema\/person\/ac30f4d74843174f0af56c730f74dd57","name":"Concello","image":{"@type":"ImageObject","inLanguage":"en-US","@id":"https:\/\/www.aguarda.es\/en\/#\/schema\/person\/image\/","url":"https:\/\/secure.gravatar.com\/avatar\/7eda12a04da40b2ef77eb62e68f07027?s=96&d=mm&r=g","contentUrl":"https:\/\/secure.gravatar.com\/avatar\/7eda12a04da40b2ef77eb62e68f07027?s=96&d=mm&r=g","caption":"Concello"},"url":"https:\/\/www.aguarda.es\/en\/author\/admin\/"}]}},"_links":{"self":[{"href":"https:\/\/www.aguarda.es\/en\/wp-json\/wp\/v2\/posts\/1590"}],"collection":[{"href":"https:\/\/www.aguarda.es\/en\/wp-json\/wp\/v2\/posts"}],"about":[{"href":"https:\/\/www.aguarda.es\/en\/wp-json\/wp\/v2\/types\/post"}],"author":[{"embeddable":true,"href":"https:\/\/www.aguarda.es\/en\/wp-json\/wp\/v2\/users\/1"}],"replies":[{"embeddable":true,"href":"https:\/\/www.aguarda.es\/en\/wp-json\/wp\/v2\/comments?post=1590"}],"version-history":[{"count":0,"href":"https:\/\/www.aguarda.es\/en\/wp-json\/wp\/v2\/posts\/1590\/revisions"}],"wp:featuredmedia":[{"embeddable":true,"href":"https:\/\/www.aguarda.es\/en\/wp-json\/wp\/v2\/media\/1589"}],"wp:attachment":[{"href":"https:\/\/www.aguarda.es\/en\/wp-json\/wp\/v2\/media?parent=1590"}],"wp:term":[{"taxonomy":"category","embeddable":true,"href":"https:\/\/www.aguarda.es\/en\/wp-json\/wp\/v2\/categories?post=1590"},{"taxonomy":"post_tag","embeddable":true,"href":"https:\/\/www.aguarda.es\/en\/wp-json\/wp\/v2\/tags?post=1590"}],"curies":[{"name":"wp","href":"https:\/\/api.w.org\/{rel}","templated":true}]}}