{"id":15905,"date":"2018-11-23T09:32:38","date_gmt":"2018-11-23T09:32:38","guid":{"rendered":"https:\/\/www.aguarda.es\/?p=15905"},"modified":"2018-11-23T09:32:38","modified_gmt":"2018-11-23T09:32:38","slug":"a-guarda-convida-a-cidadania-a-participar-nunha-concentracion-contra-as-violencias-este-domingo","status":"publish","type":"post","link":"https:\/\/www.aguarda.es\/en\/a-guarda-convida-a-cidadania-a-participar-nunha-concentracion-contra-as-violencias-este-domingo\/","title":{"rendered":"A Guarda convida \u00e1 cidadan\u00eda a participar nunha concentraci\u00f3n contra as violencias este domingo"},"content":{"rendered":"<p style=\"text-align: justify\">O Concello da Guarda, a trav\u00e9s da Conceller\u00eda de Igualdade e do Centro de Informaci\u00f3n \u00e1 Muller (CIM), organiza este ano varias actividades para conmemorar o D\u00eda Internacional contra a violencia de X\u00e9nero, que se conmemora cada ano o 25 de novembro.<\/p>\n<p style=\"text-align: justify\">As actividades arrancaron esta semana cunha gran implicaci\u00f3n por parte do comercio, hostalar\u00eda e empresas en xeral do municipio, coa proposta de vestir de loito a vila, en sinal de dor por todas as mulleres que sofren violencia, unha campa\u00f1a que se est\u00e1 a visualizar tam\u00e9n a trav\u00e9s das redes sociais do municipio(Facebook, Twitter e Instagram) baixo o hashtag #AGuardaenNegro.<\/p>\n<p style=\"text-align: justify\"><img decoding=\"async\" loading=\"lazy\" class=\"aligncenter size-full wp-image-15906\" src=\"https:\/\/www.aguarda.es\/wp-content\/uploads\/2018\/11\/NP23111.jpg\" alt=\"Este domingo d\u00eda 25 de novembro faise un chamamento p\u00fablico \u00e1 participaci\u00f3n da cidadan\u00eda para commemorar o D\u00eda Internacional Contra a Violencia de x\u00e9nero \u00e1s 12:00 h na Casa dos Alonso\" width=\"2621\" height=\"3514\" srcset=\"https:\/\/www.aguarda.es\/wp-content\/uploads\/2018\/11\/NP23111.jpg 2621w, https:\/\/www.aguarda.es\/wp-content\/uploads\/2018\/11\/NP23111-224x300.jpg 224w, https:\/\/www.aguarda.es\/wp-content\/uploads\/2018\/11\/NP23111-768x1030.jpg 768w, https:\/\/www.aguarda.es\/wp-content\/uploads\/2018\/11\/NP23111-764x1024.jpg 764w, https:\/\/www.aguarda.es\/wp-content\/uploads\/2018\/11\/NP23111-570x764.jpg 570w\" sizes=\"(max-width: 2621px) 100vw, 2621px\" \/>As tendas, comercios, empresas, bares, postos do mercados, etc. vest\u00edronse de negro ao longo desta semana, os maniqu\u00eds, os manteis dos restaurante e mesmo os empregados e empregadas e empresarios e empresarias tam\u00e9n vest\u00edronse de negro.<\/p>\n<p style=\"text-align: justify\">Este domingo d\u00eda 25 de novembro faise un chamamento p\u00fablico \u00e1 participaci\u00f3n da cidadan\u00eda para commemorar o D\u00eda Internacional Contra a Violencia de x\u00e9nero \u00e1s 12:00 h na Casa dos Alonso, contarase coa actuaci\u00f3n musical de Xard\u00edn Desordenado e convidase a todos e todas a tinguir a Praza do Rel\u00f3 de negro, en sinal de rexeitamento de todo tipo de agresi\u00f3ns e violencia machista, apoiando \u00e1s v\u00edtimas e transmitindo as xeraci\u00f3ns futuras o respecto \u00e1 igualdade de mulleres e homes para defender unha sociedade xusta e paritaria.<\/p>\n<p style=\"text-align: justify\"><img decoding=\"async\" loading=\"lazy\" class=\"aligncenter size-full wp-image-15907\" src=\"https:\/\/www.aguarda.es\/wp-content\/uploads\/2018\/11\/NP23112.jpg\" alt=\"Este domingo d\u00eda 25 de novembro faise un chamamento p\u00fablico \u00e1 participaci\u00f3n da cidadan\u00eda para commemorar o D\u00eda Internacional Contra a Violencia de x\u00e9nero \u00e1s 12:00 h na Casa dos Alonso\" width=\"800\" height=\"565\" srcset=\"https:\/\/www.aguarda.es\/wp-content\/uploads\/2018\/11\/NP23112.jpg 800w, https:\/\/www.aguarda.es\/wp-content\/uploads\/2018\/11\/NP23112-300x212.jpg 300w, https:\/\/www.aguarda.es\/wp-content\/uploads\/2018\/11\/NP23112-768x542.jpg 768w, https:\/\/www.aguarda.es\/wp-content\/uploads\/2018\/11\/NP23112-570x403.jpg 570w\" sizes=\"(max-width: 800px) 100vw, 800px\" \/>Para acadar este fin pedimos \u00e1 xente que acuda ata a Praza do Rel\u00f3 que acuda con roupa, sombreiros, chuvasqueiros, paraugas&#8230;de cor negra.<\/p>\n<p style=\"text-align: center\"><img decoding=\"async\" loading=\"lazy\" class=\"aligncenter size-full wp-image-15908\" src=\"https:\/\/www.aguarda.es\/wp-content\/uploads\/2018\/11\/NP23114.jpg\" alt=\"Este domingo d\u00eda 25 de novembro faise un chamamento p\u00fablico \u00e1 participaci\u00f3n da cidadan\u00eda para commemorar o D\u00eda Internacional Contra a Violencia de x\u00e9nero \u00e1s 12:00 h na Casa dos Alonso\" width=\"842\" height=\"1191\" srcset=\"https:\/\/www.aguarda.es\/wp-content\/uploads\/2018\/11\/NP23114.jpg 842w, https:\/\/www.aguarda.es\/wp-content\/uploads\/2018\/11\/NP23114-212x300.jpg 212w, https:\/\/www.aguarda.es\/wp-content\/uploads\/2018\/11\/NP23114-768x1086.jpg 768w, https:\/\/www.aguarda.es\/wp-content\/uploads\/2018\/11\/NP23114-724x1024.jpg 724w, https:\/\/www.aguarda.es\/wp-content\/uploads\/2018\/11\/NP23114-570x806.jpg 570w\" sizes=\"(max-width: 842px) 100vw, 842px\" \/><\/p>\n","protected":false},"excerpt":{"rendered":"<p>O Concello da Guarda, a trav\u00e9s da Conceller\u00eda de Igualdade e do Centro de Informaci\u00f3n \u00e1 Muller (CIM), organiza este ano varias actividades para conmemorar o D\u00eda Internacional contra a violencia de X\u00e9nero, que se conmemora cada ano o 25 &hellip; <\/p>\n","protected":false},"author":2,"featured_media":15906,"comment_status":"open","ping_status":"open","sticky":false,"template":"","format":"standard","meta":[],"categories":[41],"tags":[226,634,666],"yoast_head":"<!-- This site is optimized with the Yoast SEO plugin v21.1 - https:\/\/yoast.com\/wordpress\/plugins\/seo\/ -->\n<title>A Guarda convida \u00e1 cidadan\u00eda a participar nunha concentraci\u00f3n contra as violencias este domingo - Concello da Guarda<\/title>\n<meta name=\"robots\" content=\"index, follow, max-snippet:-1, max-image-preview:large, max-video-preview:-1\" \/>\n<link rel=\"canonical\" href=\"https:\/\/www.aguarda.es\/en\/a-guarda-convida-a-cidadania-a-participar-nunha-concentracion-contra-as-violencias-este-domingo\/\" \/>\n<meta property=\"og:locale\" content=\"en_US\" \/>\n<meta property=\"og:type\" content=\"article\" \/>\n<meta property=\"og:title\" content=\"A Guarda convida \u00e1 cidadan\u00eda a participar nunha concentraci\u00f3n contra as violencias este domingo - Concello da Guarda\" \/>\n<meta property=\"og:description\" content=\"O Concello da Guarda, a trav\u00e9s da Conceller\u00eda de Igualdade e do Centro de Informaci\u00f3n \u00e1 Muller (CIM), organiza este ano varias actividades para conmemorar o D\u00eda Internacional contra a violencia de X\u00e9nero, que se conmemora cada ano o 25 &hellip;\" \/>\n<meta property=\"og:url\" content=\"https:\/\/www.aguarda.es\/en\/a-guarda-convida-a-cidadania-a-participar-nunha-concentracion-contra-as-violencias-este-domingo\/\" \/>\n<meta property=\"og:site_name\" content=\"Concello da Guarda\" \/>\n<meta property=\"article:publisher\" content=\"https:\/\/www.facebook.com\/ConcellodaGuarda\" \/>\n<meta property=\"article:published_time\" content=\"2018-11-23T09:32:38+00:00\" \/>\n<meta property=\"og:image\" content=\"https:\/\/www.aguarda.es\/wp-content\/uploads\/2018\/11\/NP23111.jpg\" \/>\n\t<meta property=\"og:image:width\" content=\"2621\" \/>\n\t<meta property=\"og:image:height\" content=\"3514\" \/>\n\t<meta property=\"og:image:type\" content=\"image\/jpeg\" \/>\n<meta name=\"author\" content=\"prensa\" \/>\n<meta name=\"twitter:card\" content=\"summary_large_image\" \/>\n<meta name=\"twitter:creator\" content=\"@AGuarda_es\" \/>\n<meta name=\"twitter:site\" content=\"@AGuarda_es\" \/>\n<meta name=\"twitter:label1\" content=\"Written by\" \/>\n\t<meta name=\"twitter:data1\" content=\"prensa\" \/>\n\t<meta name=\"twitter:label2\" content=\"Est. reading time\" \/>\n\t<meta name=\"twitter:data2\" content=\"1 minute\" \/>\n<script type=\"application\/ld+json\" class=\"yoast-schema-graph\">{\"@context\":\"https:\/\/schema.org\",\"@graph\":[{\"@type\":\"WebPage\",\"@id\":\"https:\/\/www.aguarda.es\/en\/a-guarda-convida-a-cidadania-a-participar-nunha-concentracion-contra-as-violencias-este-domingo\/\",\"url\":\"https:\/\/www.aguarda.es\/en\/a-guarda-convida-a-cidadania-a-participar-nunha-concentracion-contra-as-violencias-este-domingo\/\",\"name\":\"A Guarda convida \u00e1 cidadan\u00eda a participar nunha concentraci\u00f3n contra as violencias este domingo - Concello da Guarda\",\"isPartOf\":{\"@id\":\"https:\/\/www.aguarda.es\/en\/#website\"},\"datePublished\":\"2018-11-23T09:32:38+00:00\",\"dateModified\":\"2018-11-23T09:32:38+00:00\",\"author\":{\"@id\":\"https:\/\/www.aguarda.es\/en\/#\/schema\/person\/c463ca3006858ffb349d11179d044f21\"},\"breadcrumb\":{\"@id\":\"https:\/\/www.aguarda.es\/en\/a-guarda-convida-a-cidadania-a-participar-nunha-concentracion-contra-as-violencias-este-domingo\/#breadcrumb\"},\"inLanguage\":\"en-US\",\"potentialAction\":[{\"@type\":\"ReadAction\",\"target\":[\"https:\/\/www.aguarda.es\/en\/a-guarda-convida-a-cidadania-a-participar-nunha-concentracion-contra-as-violencias-este-domingo\/\"]}]},{\"@type\":\"BreadcrumbList\",\"@id\":\"https:\/\/www.aguarda.es\/en\/a-guarda-convida-a-cidadania-a-participar-nunha-concentracion-contra-as-violencias-este-domingo\/#breadcrumb\",\"itemListElement\":[{\"@type\":\"ListItem\",\"position\":1,\"name\":\"Portada\",\"item\":\"https:\/\/www.aguarda.es\/en\/\"},{\"@type\":\"ListItem\",\"position\":2,\"name\":\"A Guarda convida \u00e1 cidadan\u00eda a participar nunha concentraci\u00f3n contra as violencias este domingo\"}]},{\"@type\":\"WebSite\",\"@id\":\"https:\/\/www.aguarda.es\/en\/#website\",\"url\":\"https:\/\/www.aguarda.es\/en\/\",\"name\":\"Concello da Guarda\",\"description\":\"P\u00e1xina web do concello da Guarda\",\"potentialAction\":[{\"@type\":\"SearchAction\",\"target\":{\"@type\":\"EntryPoint\",\"urlTemplate\":\"https:\/\/www.aguarda.es\/en\/?s={search_term_string}\"},\"query-input\":\"required name=search_term_string\"}],\"inLanguage\":\"en-US\"},{\"@type\":\"Person\",\"@id\":\"https:\/\/www.aguarda.es\/en\/#\/schema\/person\/c463ca3006858ffb349d11179d044f21\",\"name\":\"prensa\",\"image\":{\"@type\":\"ImageObject\",\"inLanguage\":\"en-US\",\"@id\":\"https:\/\/www.aguarda.es\/en\/#\/schema\/person\/image\/\",\"url\":\"https:\/\/secure.gravatar.com\/avatar\/5f90ef536b0f98306edf5c7a1135ffa1?s=96&d=mm&r=g\",\"contentUrl\":\"https:\/\/secure.gravatar.com\/avatar\/5f90ef536b0f98306edf5c7a1135ffa1?s=96&d=mm&r=g\",\"caption\":\"prensa\"},\"url\":\"https:\/\/www.aguarda.es\/en\/author\/prensa\/\"}]}<\/script>\n<!-- \/ Yoast SEO plugin. -->","yoast_head_json":{"title":"A Guarda convida \u00e1 cidadan\u00eda a participar nunha concentraci\u00f3n contra as violencias este domingo - Concello da Guarda","robots":{"index":"index","follow":"follow","max-snippet":"max-snippet:-1","max-image-preview":"max-image-preview:large","max-video-preview":"max-video-preview:-1"},"canonical":"https:\/\/www.aguarda.es\/en\/a-guarda-convida-a-cidadania-a-participar-nunha-concentracion-contra-as-violencias-este-domingo\/","og_locale":"en_US","og_type":"article","og_title":"A Guarda convida \u00e1 cidadan\u00eda a participar nunha concentraci\u00f3n contra as violencias este domingo - Concello da Guarda","og_description":"O Concello da Guarda, a trav\u00e9s da Conceller\u00eda de Igualdade e do Centro de Informaci\u00f3n \u00e1 Muller (CIM), organiza este ano varias actividades para conmemorar o D\u00eda Internacional contra a violencia de X\u00e9nero, que se conmemora cada ano o 25 &hellip;","og_url":"https:\/\/www.aguarda.es\/en\/a-guarda-convida-a-cidadania-a-participar-nunha-concentracion-contra-as-violencias-este-domingo\/","og_site_name":"Concello da Guarda","article_publisher":"https:\/\/www.facebook.com\/ConcellodaGuarda","article_published_time":"2018-11-23T09:32:38+00:00","og_image":[{"width":2621,"height":3514,"url":"https:\/\/www.aguarda.es\/wp-content\/uploads\/2018\/11\/NP23111.jpg","type":"image\/jpeg"}],"author":"prensa","twitter_card":"summary_large_image","twitter_creator":"@AGuarda_es","twitter_site":"@AGuarda_es","twitter_misc":{"Written by":"prensa","Est. reading time":"1 minute"},"schema":{"@context":"https:\/\/schema.org","@graph":[{"@type":"WebPage","@id":"https:\/\/www.aguarda.es\/en\/a-guarda-convida-a-cidadania-a-participar-nunha-concentracion-contra-as-violencias-este-domingo\/","url":"https:\/\/www.aguarda.es\/en\/a-guarda-convida-a-cidadania-a-participar-nunha-concentracion-contra-as-violencias-este-domingo\/","name":"A Guarda convida \u00e1 cidadan\u00eda a participar nunha concentraci\u00f3n contra as violencias este domingo - Concello da Guarda","isPartOf":{"@id":"https:\/\/www.aguarda.es\/en\/#website"},"datePublished":"2018-11-23T09:32:38+00:00","dateModified":"2018-11-23T09:32:38+00:00","author":{"@id":"https:\/\/www.aguarda.es\/en\/#\/schema\/person\/c463ca3006858ffb349d11179d044f21"},"breadcrumb":{"@id":"https:\/\/www.aguarda.es\/en\/a-guarda-convida-a-cidadania-a-participar-nunha-concentracion-contra-as-violencias-este-domingo\/#breadcrumb"},"inLanguage":"en-US","potentialAction":[{"@type":"ReadAction","target":["https:\/\/www.aguarda.es\/en\/a-guarda-convida-a-cidadania-a-participar-nunha-concentracion-contra-as-violencias-este-domingo\/"]}]},{"@type":"BreadcrumbList","@id":"https:\/\/www.aguarda.es\/en\/a-guarda-convida-a-cidadania-a-participar-nunha-concentracion-contra-as-violencias-este-domingo\/#breadcrumb","itemListElement":[{"@type":"ListItem","position":1,"name":"Portada","item":"https:\/\/www.aguarda.es\/en\/"},{"@type":"ListItem","position":2,"name":"A Guarda convida \u00e1 cidadan\u00eda a participar nunha concentraci\u00f3n contra as violencias este domingo"}]},{"@type":"WebSite","@id":"https:\/\/www.aguarda.es\/en\/#website","url":"https:\/\/www.aguarda.es\/en\/","name":"Concello da Guarda","description":"P\u00e1xina web do concello da Guarda","potentialAction":[{"@type":"SearchAction","target":{"@type":"EntryPoint","urlTemplate":"https:\/\/www.aguarda.es\/en\/?s={search_term_string}"},"query-input":"required name=search_term_string"}],"inLanguage":"en-US"},{"@type":"Person","@id":"https:\/\/www.aguarda.es\/en\/#\/schema\/person\/c463ca3006858ffb349d11179d044f21","name":"prensa","image":{"@type":"ImageObject","inLanguage":"en-US","@id":"https:\/\/www.aguarda.es\/en\/#\/schema\/person\/image\/","url":"https:\/\/secure.gravatar.com\/avatar\/5f90ef536b0f98306edf5c7a1135ffa1?s=96&d=mm&r=g","contentUrl":"https:\/\/secure.gravatar.com\/avatar\/5f90ef536b0f98306edf5c7a1135ffa1?s=96&d=mm&r=g","caption":"prensa"},"url":"https:\/\/www.aguarda.es\/en\/author\/prensa\/"}]}},"_links":{"self":[{"href":"https:\/\/www.aguarda.es\/en\/wp-json\/wp\/v2\/posts\/15905"}],"collection":[{"href":"https:\/\/www.aguarda.es\/en\/wp-json\/wp\/v2\/posts"}],"about":[{"href":"https:\/\/www.aguarda.es\/en\/wp-json\/wp\/v2\/types\/post"}],"author":[{"embeddable":true,"href":"https:\/\/www.aguarda.es\/en\/wp-json\/wp\/v2\/users\/2"}],"replies":[{"embeddable":true,"href":"https:\/\/www.aguarda.es\/en\/wp-json\/wp\/v2\/comments?post=15905"}],"version-history":[{"count":1,"href":"https:\/\/www.aguarda.es\/en\/wp-json\/wp\/v2\/posts\/15905\/revisions"}],"predecessor-version":[{"id":15910,"href":"https:\/\/www.aguarda.es\/en\/wp-json\/wp\/v2\/posts\/15905\/revisions\/15910"}],"wp:featuredmedia":[{"embeddable":true,"href":"https:\/\/www.aguarda.es\/en\/wp-json\/wp\/v2\/media\/15906"}],"wp:attachment":[{"href":"https:\/\/www.aguarda.es\/en\/wp-json\/wp\/v2\/media?parent=15905"}],"wp:term":[{"taxonomy":"category","embeddable":true,"href":"https:\/\/www.aguarda.es\/en\/wp-json\/wp\/v2\/categories?post=15905"},{"taxonomy":"post_tag","embeddable":true,"href":"https:\/\/www.aguarda.es\/en\/wp-json\/wp\/v2\/tags?post=15905"}],"curies":[{"name":"wp","href":"https:\/\/api.w.org\/{rel}","templated":true}]}}