{"id":16190,"date":"2018-12-19T12:09:56","date_gmt":"2018-12-19T12:09:56","guid":{"rendered":"https:\/\/www.aguarda.es\/?p=16190"},"modified":"2018-12-19T12:09:56","modified_gmt":"2018-12-19T12:09:56","slug":"a-maxia-do-nadal-continua-na-guarda-con-concertos-festivais-musicais-exposicions-e-a-pista-de-xeo","status":"publish","type":"post","link":"https:\/\/www.aguarda.es\/en\/a-maxia-do-nadal-continua-na-guarda-con-concertos-festivais-musicais-exposicions-e-a-pista-de-xeo\/","title":{"rendered":"A maxia do Nadal contin\u00faa na Guarda con concertos, festivais musicais, exposici\u00f3ns e a Pista de Xeo"},"content":{"rendered":"<p style=\"text-align: justify\">A Guarda at\u00f3pase xa inmersa na maxia do Nadal cunha extensa e variada programaci\u00f3n de actividades que contin\u00faan esta semana con moita m\u00fasica, exposici\u00f3ns e a recente apertura, por primeira vez na vila, da Pista de Xeo.<\/p>\n<p style=\"text-align: justify\">A Pista de Xeo instalada na Alameda da Guarda at\u00f3pase aberta ao p\u00fablico de Luns a venres de 16:00h a 22:00h e os fins de semana de 11:00h a 14:00h e de 16:00h a 22:00h. As entradas custan 6\u20ac de xeito anticipado nos m\u00e1is de 50 establecementos colaboradores da vila e 7\u20ac na propia pista.<\/p>\n<p style=\"text-align: justify\">Cada entrada da acceso \u00e1 pista de xeo da Alameda, que ten unhas dimensi\u00f3ns de 20m x 10m e cunha duraci\u00f3n de 45 minutos para gozar por primeira vez na Guarda da patinaxe sobre xeo, o aluguer dos pat\u00edns \u00e9 gratu\u00edto e rec\u00f3rdase que se deben de traer guantes para as mans.<\/p>\n<p style=\"text-align: justify\">O Centro Cultural acolle a exposici\u00f3n \u201cAuga, o Sangue da Terra\u201d, que recolle unha serie de fotograf\u00edas de Manuel Valc\u00e1rcel nas s\u00faas viaxes ao redor do mundo, recollendo instant\u00e1neas coa auga coma protagonista en pa\u00edses coma China, N\u00edxer, Nova Zelanda ou o deserto de Atacama en Chile. A exposici\u00f3n est\u00e1 no Centro Cultural da Guarda ata o 12 de xaneiro de 2019 en horario de Luns a venres de 10:00h a 13:00h e de 17:00h a 20:00h e os s\u00e1bados en horario de 10:00h a 13:00h<\/p>\n<p style=\"text-align: justify\">A programaci\u00f3n de actividades da Axenda de Nadal contin\u00faa este Xoves d\u00eda 20 de decembro \u00e1s 20:00h no Centro Cultural co segundo Concerto de Nadal do Conservatorio de M\u00fasica Elemental da Guarda, no que se contar\u00e1 coas actuaci\u00f3ns do Coro do Conservatorio, actuaci\u00f3ns musicais dos alumnos de grao elemental, da Banda de Iniciaci\u00f3n e da Agrupaci\u00f3n Musical da Guarda.<\/p>\n<p style=\"text-align: justify\">O Venres 21 de decembro a partires das 20:30h o Centro Cultural da Guarda acoller\u00e1 o Concerto de Nadal de Pandereteiras, unha cita coa m\u00fasica m\u00e1is tradicional onde cada grupo tocar\u00e1 unha peza tradicional e unha panxoli\u00f1a ou cantar de Reis. Contarase coas actuaci\u00f3ns de grupos da Guarda como Carainas, Coiro Vello, Paliqueiras, Tambaluca, Pandereteiras do Lusco \u00f3 Fusco, Pandereteiras da Agrupaci\u00f3n Cultural Guardesa, Caramuxi\u00f1as e Arghaceiras do Mu\u00f1o.<\/p>\n<p style=\"text-align: justify\">O S\u00e1bado 22 de Decembro a Charanga \u201cVaia Panda\u201d ser\u00e1 a encargada de animar e dinamizar as r\u00faas da Guarda de 11:00h a 13:00h, momento en que moitos veci\u00f1os aproveitan para facer as compras de Nadal.<\/p>\n<p style=\"text-align: justify\">Tam\u00e9n na xornada do 22 de decembro, \u00e1s 11:30h a Biblioteca P\u00fablica Municipal da Guarda acolle unha sesi\u00f3n de \u201cContos Contados\u201d adicada ao Nadal, onde nenos, nenas e familias contar\u00e1n os tradicionais contos dos av\u00f3s, ademais de participar nun obradoiro para decorar a \u00e1rbore de Nadal da Biblioteca.<\/p>\n<p style=\"text-align: justify\">Xa pola tarde, \u00e1s 17:30h deste s\u00e1bado d\u00eda 22, o Centro Cultural ser\u00e1 o escenario da proxecci\u00f3n de Cinema infantil \u201cCoco\u201d, a historia dun neno que quere ser m\u00fasico, unha actividade enfocada a conciliaci\u00f3n laboral que permitir\u00e1 que os pais e nais te\u00f1an un tempo libre para facer compras na vila.<\/p>\n<p style=\"text-align: justify\">O domingo 23 de decembro a Igrexa Parroquial acolle dende as 17:00h o tradicional Concerto de Panxoli\u00f1as no d\u00eda previo \u00e1 noite de Nadal, un evento musical que contar\u00e1 nesta edici\u00f3n coa actuaci\u00f3n da Coral Polif\u00f3nica da Guarda, o Coro Infantil dos PP. Somascos, o Coro Arpegios Cant\u00e1bile e a Coral da Terceira Idade.<\/p>\n<p style=\"text-align: justify\">Dende o Concello da Guarda se convida a participar e gozar dunha programaci\u00f3n de Nadal que, sen d\u00fabida, dinamizar\u00e1 e chamar\u00e1 a atenci\u00f3n dos nosos veci\u00f1os e visitantes.<\/p>\n","protected":false},"excerpt":{"rendered":"<p>A Guarda at\u00f3pase xa inmersa na maxia do Nadal cunha extensa e variada programaci\u00f3n de actividades que contin\u00faan esta semana con moita m\u00fasica, exposici\u00f3ns e a recente apertura, por primeira vez na vila, da Pista de Xeo. A Pista de &hellip; <\/p>\n","protected":false},"author":2,"featured_media":16191,"comment_status":"open","ping_status":"open","sticky":false,"template":"","format":"standard","meta":[],"categories":[34,56,33],"tags":[226,797,243,387,1158,719,694,1273],"yoast_head":"<!-- This site is optimized with the Yoast SEO plugin v21.1 - https:\/\/yoast.com\/wordpress\/plugins\/seo\/ -->\n<title>A maxia do Nadal contin\u00faa na Guarda con concertos, festivais musicais, exposici\u00f3ns e a Pista de Xeo - Concello da Guarda<\/title>\n<meta name=\"robots\" content=\"index, follow, max-snippet:-1, max-image-preview:large, max-video-preview:-1\" \/>\n<link rel=\"canonical\" href=\"https:\/\/www.aguarda.es\/en\/a-maxia-do-nadal-continua-na-guarda-con-concertos-festivais-musicais-exposicions-e-a-pista-de-xeo\/\" \/>\n<meta property=\"og:locale\" content=\"en_US\" \/>\n<meta property=\"og:type\" content=\"article\" \/>\n<meta property=\"og:title\" content=\"A maxia do Nadal contin\u00faa na Guarda con concertos, festivais musicais, exposici\u00f3ns e a Pista de Xeo - Concello da Guarda\" \/>\n<meta property=\"og:description\" content=\"A Guarda at\u00f3pase xa inmersa na maxia do Nadal cunha extensa e variada programaci\u00f3n de actividades que contin\u00faan esta semana con moita m\u00fasica, exposici\u00f3ns e a recente apertura, por primeira vez na vila, da Pista de Xeo. A Pista de &hellip;\" \/>\n<meta property=\"og:url\" content=\"https:\/\/www.aguarda.es\/en\/a-maxia-do-nadal-continua-na-guarda-con-concertos-festivais-musicais-exposicions-e-a-pista-de-xeo\/\" \/>\n<meta property=\"og:site_name\" content=\"Concello da Guarda\" \/>\n<meta property=\"article:publisher\" content=\"https:\/\/www.facebook.com\/ConcellodaGuarda\" \/>\n<meta property=\"article:published_time\" content=\"2018-12-19T12:09:56+00:00\" \/>\n<meta property=\"og:image\" content=\"https:\/\/www.aguarda.es\/wp-content\/uploads\/2018\/12\/WEB26.jpg\" \/>\n\t<meta property=\"og:image:width\" content=\"800\" \/>\n\t<meta property=\"og:image:height\" content=\"500\" \/>\n\t<meta property=\"og:image:type\" content=\"image\/jpeg\" \/>\n<meta name=\"author\" content=\"prensa\" \/>\n<meta name=\"twitter:card\" content=\"summary_large_image\" \/>\n<meta name=\"twitter:creator\" content=\"@AGuarda_es\" \/>\n<meta name=\"twitter:site\" content=\"@AGuarda_es\" \/>\n<meta name=\"twitter:label1\" content=\"Written by\" \/>\n\t<meta name=\"twitter:data1\" content=\"prensa\" \/>\n\t<meta name=\"twitter:label2\" content=\"Est. reading time\" \/>\n\t<meta name=\"twitter:data2\" content=\"3 minutes\" \/>\n<script type=\"application\/ld+json\" class=\"yoast-schema-graph\">{\"@context\":\"https:\/\/schema.org\",\"@graph\":[{\"@type\":\"WebPage\",\"@id\":\"https:\/\/www.aguarda.es\/en\/a-maxia-do-nadal-continua-na-guarda-con-concertos-festivais-musicais-exposicions-e-a-pista-de-xeo\/\",\"url\":\"https:\/\/www.aguarda.es\/en\/a-maxia-do-nadal-continua-na-guarda-con-concertos-festivais-musicais-exposicions-e-a-pista-de-xeo\/\",\"name\":\"A maxia do Nadal contin\u00faa na Guarda con concertos, festivais musicais, exposici\u00f3ns e a Pista de Xeo - Concello da Guarda\",\"isPartOf\":{\"@id\":\"https:\/\/www.aguarda.es\/en\/#website\"},\"datePublished\":\"2018-12-19T12:09:56+00:00\",\"dateModified\":\"2018-12-19T12:09:56+00:00\",\"author\":{\"@id\":\"https:\/\/www.aguarda.es\/en\/#\/schema\/person\/c463ca3006858ffb349d11179d044f21\"},\"breadcrumb\":{\"@id\":\"https:\/\/www.aguarda.es\/en\/a-maxia-do-nadal-continua-na-guarda-con-concertos-festivais-musicais-exposicions-e-a-pista-de-xeo\/#breadcrumb\"},\"inLanguage\":\"en-US\",\"potentialAction\":[{\"@type\":\"ReadAction\",\"target\":[\"https:\/\/www.aguarda.es\/en\/a-maxia-do-nadal-continua-na-guarda-con-concertos-festivais-musicais-exposicions-e-a-pista-de-xeo\/\"]}]},{\"@type\":\"BreadcrumbList\",\"@id\":\"https:\/\/www.aguarda.es\/en\/a-maxia-do-nadal-continua-na-guarda-con-concertos-festivais-musicais-exposicions-e-a-pista-de-xeo\/#breadcrumb\",\"itemListElement\":[{\"@type\":\"ListItem\",\"position\":1,\"name\":\"Portada\",\"item\":\"https:\/\/www.aguarda.es\/en\/\"},{\"@type\":\"ListItem\",\"position\":2,\"name\":\"A maxia do Nadal contin\u00faa na Guarda con concertos, festivais musicais, exposici\u00f3ns e a Pista de Xeo\"}]},{\"@type\":\"WebSite\",\"@id\":\"https:\/\/www.aguarda.es\/en\/#website\",\"url\":\"https:\/\/www.aguarda.es\/en\/\",\"name\":\"Concello da Guarda\",\"description\":\"P\u00e1xina web do concello da Guarda\",\"potentialAction\":[{\"@type\":\"SearchAction\",\"target\":{\"@type\":\"EntryPoint\",\"urlTemplate\":\"https:\/\/www.aguarda.es\/en\/?s={search_term_string}\"},\"query-input\":\"required name=search_term_string\"}],\"inLanguage\":\"en-US\"},{\"@type\":\"Person\",\"@id\":\"https:\/\/www.aguarda.es\/en\/#\/schema\/person\/c463ca3006858ffb349d11179d044f21\",\"name\":\"prensa\",\"image\":{\"@type\":\"ImageObject\",\"inLanguage\":\"en-US\",\"@id\":\"https:\/\/www.aguarda.es\/en\/#\/schema\/person\/image\/\",\"url\":\"https:\/\/secure.gravatar.com\/avatar\/5f90ef536b0f98306edf5c7a1135ffa1?s=96&d=mm&r=g\",\"contentUrl\":\"https:\/\/secure.gravatar.com\/avatar\/5f90ef536b0f98306edf5c7a1135ffa1?s=96&d=mm&r=g\",\"caption\":\"prensa\"},\"url\":\"https:\/\/www.aguarda.es\/en\/author\/prensa\/\"}]}<\/script>\n<!-- \/ Yoast SEO plugin. -->","yoast_head_json":{"title":"A maxia do Nadal contin\u00faa na Guarda con concertos, festivais musicais, exposici\u00f3ns e a Pista de Xeo - Concello da Guarda","robots":{"index":"index","follow":"follow","max-snippet":"max-snippet:-1","max-image-preview":"max-image-preview:large","max-video-preview":"max-video-preview:-1"},"canonical":"https:\/\/www.aguarda.es\/en\/a-maxia-do-nadal-continua-na-guarda-con-concertos-festivais-musicais-exposicions-e-a-pista-de-xeo\/","og_locale":"en_US","og_type":"article","og_title":"A maxia do Nadal contin\u00faa na Guarda con concertos, festivais musicais, exposici\u00f3ns e a Pista de Xeo - Concello da Guarda","og_description":"A Guarda at\u00f3pase xa inmersa na maxia do Nadal cunha extensa e variada programaci\u00f3n de actividades que contin\u00faan esta semana con moita m\u00fasica, exposici\u00f3ns e a recente apertura, por primeira vez na vila, da Pista de Xeo. A Pista de &hellip;","og_url":"https:\/\/www.aguarda.es\/en\/a-maxia-do-nadal-continua-na-guarda-con-concertos-festivais-musicais-exposicions-e-a-pista-de-xeo\/","og_site_name":"Concello da Guarda","article_publisher":"https:\/\/www.facebook.com\/ConcellodaGuarda","article_published_time":"2018-12-19T12:09:56+00:00","og_image":[{"width":800,"height":500,"url":"https:\/\/www.aguarda.es\/wp-content\/uploads\/2018\/12\/WEB26.jpg","type":"image\/jpeg"}],"author":"prensa","twitter_card":"summary_large_image","twitter_creator":"@AGuarda_es","twitter_site":"@AGuarda_es","twitter_misc":{"Written by":"prensa","Est. reading time":"3 minutes"},"schema":{"@context":"https:\/\/schema.org","@graph":[{"@type":"WebPage","@id":"https:\/\/www.aguarda.es\/en\/a-maxia-do-nadal-continua-na-guarda-con-concertos-festivais-musicais-exposicions-e-a-pista-de-xeo\/","url":"https:\/\/www.aguarda.es\/en\/a-maxia-do-nadal-continua-na-guarda-con-concertos-festivais-musicais-exposicions-e-a-pista-de-xeo\/","name":"A maxia do Nadal contin\u00faa na Guarda con concertos, festivais musicais, exposici\u00f3ns e a Pista de Xeo - Concello da Guarda","isPartOf":{"@id":"https:\/\/www.aguarda.es\/en\/#website"},"datePublished":"2018-12-19T12:09:56+00:00","dateModified":"2018-12-19T12:09:56+00:00","author":{"@id":"https:\/\/www.aguarda.es\/en\/#\/schema\/person\/c463ca3006858ffb349d11179d044f21"},"breadcrumb":{"@id":"https:\/\/www.aguarda.es\/en\/a-maxia-do-nadal-continua-na-guarda-con-concertos-festivais-musicais-exposicions-e-a-pista-de-xeo\/#breadcrumb"},"inLanguage":"en-US","potentialAction":[{"@type":"ReadAction","target":["https:\/\/www.aguarda.es\/en\/a-maxia-do-nadal-continua-na-guarda-con-concertos-festivais-musicais-exposicions-e-a-pista-de-xeo\/"]}]},{"@type":"BreadcrumbList","@id":"https:\/\/www.aguarda.es\/en\/a-maxia-do-nadal-continua-na-guarda-con-concertos-festivais-musicais-exposicions-e-a-pista-de-xeo\/#breadcrumb","itemListElement":[{"@type":"ListItem","position":1,"name":"Portada","item":"https:\/\/www.aguarda.es\/en\/"},{"@type":"ListItem","position":2,"name":"A maxia do Nadal contin\u00faa na Guarda con concertos, festivais musicais, exposici\u00f3ns e a Pista de Xeo"}]},{"@type":"WebSite","@id":"https:\/\/www.aguarda.es\/en\/#website","url":"https:\/\/www.aguarda.es\/en\/","name":"Concello da Guarda","description":"P\u00e1xina web do concello da Guarda","potentialAction":[{"@type":"SearchAction","target":{"@type":"EntryPoint","urlTemplate":"https:\/\/www.aguarda.es\/en\/?s={search_term_string}"},"query-input":"required name=search_term_string"}],"inLanguage":"en-US"},{"@type":"Person","@id":"https:\/\/www.aguarda.es\/en\/#\/schema\/person\/c463ca3006858ffb349d11179d044f21","name":"prensa","image":{"@type":"ImageObject","inLanguage":"en-US","@id":"https:\/\/www.aguarda.es\/en\/#\/schema\/person\/image\/","url":"https:\/\/secure.gravatar.com\/avatar\/5f90ef536b0f98306edf5c7a1135ffa1?s=96&d=mm&r=g","contentUrl":"https:\/\/secure.gravatar.com\/avatar\/5f90ef536b0f98306edf5c7a1135ffa1?s=96&d=mm&r=g","caption":"prensa"},"url":"https:\/\/www.aguarda.es\/en\/author\/prensa\/"}]}},"_links":{"self":[{"href":"https:\/\/www.aguarda.es\/en\/wp-json\/wp\/v2\/posts\/16190"}],"collection":[{"href":"https:\/\/www.aguarda.es\/en\/wp-json\/wp\/v2\/posts"}],"about":[{"href":"https:\/\/www.aguarda.es\/en\/wp-json\/wp\/v2\/types\/post"}],"author":[{"embeddable":true,"href":"https:\/\/www.aguarda.es\/en\/wp-json\/wp\/v2\/users\/2"}],"replies":[{"embeddable":true,"href":"https:\/\/www.aguarda.es\/en\/wp-json\/wp\/v2\/comments?post=16190"}],"version-history":[{"count":1,"href":"https:\/\/www.aguarda.es\/en\/wp-json\/wp\/v2\/posts\/16190\/revisions"}],"predecessor-version":[{"id":16192,"href":"https:\/\/www.aguarda.es\/en\/wp-json\/wp\/v2\/posts\/16190\/revisions\/16192"}],"wp:featuredmedia":[{"embeddable":true,"href":"https:\/\/www.aguarda.es\/en\/wp-json\/wp\/v2\/media\/16191"}],"wp:attachment":[{"href":"https:\/\/www.aguarda.es\/en\/wp-json\/wp\/v2\/media?parent=16190"}],"wp:term":[{"taxonomy":"category","embeddable":true,"href":"https:\/\/www.aguarda.es\/en\/wp-json\/wp\/v2\/categories?post=16190"},{"taxonomy":"post_tag","embeddable":true,"href":"https:\/\/www.aguarda.es\/en\/wp-json\/wp\/v2\/tags?post=16190"}],"curies":[{"name":"wp","href":"https:\/\/api.w.org\/{rel}","templated":true}]}}