{"id":16258,"date":"2018-12-28T18:13:27","date_gmt":"2018-12-28T18:13:27","guid":{"rendered":"https:\/\/www.aguarda.es\/?p=16258"},"modified":"2018-12-28T18:13:27","modified_gmt":"2018-12-28T18:13:27","slug":"a-finca-de-finola-xa-forma-parte-do-patrimonio-da-guarda","status":"publish","type":"post","link":"https:\/\/www.aguarda.es\/en\/a-finca-de-finola-xa-forma-parte-do-patrimonio-da-guarda\/","title":{"rendered":"A Finca de F\u00ednola xa forma parte do patrimonio da Guarda"},"content":{"rendered":"<p style=\"text-align: justify\">O Concello da Guarda ven de ultimar a adquisici\u00f3n da Finca de F\u00ednola despois de realizar os tr\u00e1mites notariais na ma\u00f1\u00e1 do venres d\u00eda 28 de decembro de 2018. O alcalde, Antonio Lomba, manifestaba, despois de asinar a escritura de compraventa, a s\u00faa satisfacci\u00f3n polo \u00e9xito desta operaci\u00f3n que comezou a fraguarse a primeiros de 2018 e que considera moi importante para o presente e futuro da Guarda.<\/p>\n<p style=\"text-align: justify\">Coa compra desta finca A Guarda ga\u00f1a un novo espazo p\u00fablico de 3.247,71 metros cadrados, entre os xa existentes da Alameda e do Centro Cultural. Esta parcela, en pleno casco urbano, poder\u00e1 adicarse a espazos verdes e dotacionais, unha necesidade na Guarda dada a escaseza de chan p\u00fablico en relaci\u00f3n a densidade de poboaci\u00f3n, que mellorar\u00e1, sen d\u00fabida, a calidade de vida dos veci\u00f1os e veci\u00f1as do municipio.<\/p>\n<p style=\"text-align: justify\">Deste xeito o Concello da Guarda ven de asegurar un espazo p\u00fablico libre, en pleno casco urbano, destinado ao lecer da veci\u00f1anza que nun futuro poder\u00eda formar parte dunha ampla zona com\u00fan formada pola Alameda, F\u00ednola e o Centro Cultural.<\/p>\n<p style=\"text-align: justify\">Desta maneira as sucesivas corporaci\u00f3ns municipais ter\u00e1n a oportunidade de decidir o uso m\u00e1is conveniente deste espazo, tendo en conta os intereses xerais e sen necesidade de agardar polo desenvolvemento urban\u00edstico desa zona, evitando a construci\u00f3n privada na finca obxecto da compra.<\/p>\n<p style=\"text-align: justify\">Neste momento a finca de F\u00ednola est\u00e1 habilitada como aparcadoiro de veh\u00edculos no centro urbano, pero nun futuro pr\u00f3ximo este espazo oferta distintas posibilidades, coma zona de esparcemento e dotacional, por exemplo, para a construci\u00f3n dun Auditorio, entre outras.<\/p>\n<p style=\"text-align: justify\">A finca de F\u00ednola levaba 25 anos dentro dun PERI sen que se avistase, polas informaci\u00f3ns que te\u00f1en os responsables municipais, o desenvolvemento urbano deste espazo a curto ou medio prazo. A par\u00e1lise na urbanizaci\u00f3n deste chan por parte dos propietarios e a imposibilidade de executala dende o concello, ademais do prezo negociado, motivaron a decisi\u00f3n de mercado polo concello da Guarda por un importe de 280.000 \u20ac, menos dunha terceira parte do que se pagou a \u00faltima vez que se vendeu.<\/p>\n<p style=\"text-align: justify\">Unha vez incorporado como chan p\u00fablico, dende o concello pode modificarse o uso deste terreo, mediante unha modificaci\u00f3n puntual do plan xeral, para aquel que sexa m\u00e1is conveniente para cubrir as necesidades da Guarda.<\/p>\n","protected":false},"excerpt":{"rendered":"<p>O Concello da Guarda ven de ultimar a adquisici\u00f3n da Finca de F\u00ednola despois de realizar os tr\u00e1mites notariais na ma\u00f1\u00e1 do venres d\u00eda 28 de decembro de 2018. O alcalde, Antonio Lomba, manifestaba, despois de asinar a escritura de &hellip; <\/p>\n","protected":false},"author":2,"featured_media":16259,"comment_status":"open","ping_status":"open","sticky":false,"template":"","format":"standard","meta":[],"categories":[54,33],"tags":[226,1338],"yoast_head":"<!-- This site is optimized with the Yoast SEO plugin v21.1 - https:\/\/yoast.com\/wordpress\/plugins\/seo\/ -->\n<title>A Finca de F\u00ednola xa forma parte do patrimonio da Guarda - Concello da Guarda<\/title>\n<meta name=\"robots\" content=\"index, follow, max-snippet:-1, max-image-preview:large, max-video-preview:-1\" \/>\n<link rel=\"canonical\" href=\"https:\/\/www.aguarda.es\/en\/a-finca-de-finola-xa-forma-parte-do-patrimonio-da-guarda\/\" \/>\n<meta property=\"og:locale\" content=\"en_US\" \/>\n<meta property=\"og:type\" content=\"article\" \/>\n<meta property=\"og:title\" content=\"A Finca de F\u00ednola xa forma parte do patrimonio da Guarda - Concello da Guarda\" \/>\n<meta property=\"og:description\" content=\"O Concello da Guarda ven de ultimar a adquisici\u00f3n da Finca de F\u00ednola despois de realizar os tr\u00e1mites notariais na ma\u00f1\u00e1 do venres d\u00eda 28 de decembro de 2018. O alcalde, Antonio Lomba, manifestaba, despois de asinar a escritura de &hellip;\" \/>\n<meta property=\"og:url\" content=\"https:\/\/www.aguarda.es\/en\/a-finca-de-finola-xa-forma-parte-do-patrimonio-da-guarda\/\" \/>\n<meta property=\"og:site_name\" content=\"Concello da Guarda\" \/>\n<meta property=\"article:publisher\" content=\"https:\/\/www.facebook.com\/ConcellodaGuarda\" \/>\n<meta property=\"article:published_time\" content=\"2018-12-28T18:13:27+00:00\" \/>\n<meta property=\"og:image\" content=\"https:\/\/www.aguarda.es\/wp-content\/uploads\/2018\/12\/NP-28122018-A-Finca-de-F\u00ednola-xa-forma-parte-do-patrimonio-da-Guarda.jpg\" \/>\n\t<meta property=\"og:image:width\" content=\"800\" \/>\n\t<meta property=\"og:image:height\" content=\"533\" \/>\n\t<meta property=\"og:image:type\" content=\"image\/jpeg\" \/>\n<meta name=\"author\" content=\"prensa\" \/>\n<meta name=\"twitter:card\" content=\"summary_large_image\" \/>\n<meta name=\"twitter:creator\" content=\"@AGuarda_es\" \/>\n<meta name=\"twitter:site\" content=\"@AGuarda_es\" \/>\n<meta name=\"twitter:label1\" content=\"Written by\" \/>\n\t<meta name=\"twitter:data1\" content=\"prensa\" \/>\n\t<meta name=\"twitter:label2\" content=\"Est. reading time\" \/>\n\t<meta name=\"twitter:data2\" content=\"2 minutes\" \/>\n<script type=\"application\/ld+json\" class=\"yoast-schema-graph\">{\"@context\":\"https:\/\/schema.org\",\"@graph\":[{\"@type\":\"WebPage\",\"@id\":\"https:\/\/www.aguarda.es\/en\/a-finca-de-finola-xa-forma-parte-do-patrimonio-da-guarda\/\",\"url\":\"https:\/\/www.aguarda.es\/en\/a-finca-de-finola-xa-forma-parte-do-patrimonio-da-guarda\/\",\"name\":\"A Finca de F\u00ednola xa forma parte do patrimonio da Guarda - Concello da Guarda\",\"isPartOf\":{\"@id\":\"https:\/\/www.aguarda.es\/en\/#website\"},\"datePublished\":\"2018-12-28T18:13:27+00:00\",\"dateModified\":\"2018-12-28T18:13:27+00:00\",\"author\":{\"@id\":\"https:\/\/www.aguarda.es\/en\/#\/schema\/person\/c463ca3006858ffb349d11179d044f21\"},\"breadcrumb\":{\"@id\":\"https:\/\/www.aguarda.es\/en\/a-finca-de-finola-xa-forma-parte-do-patrimonio-da-guarda\/#breadcrumb\"},\"inLanguage\":\"en-US\",\"potentialAction\":[{\"@type\":\"ReadAction\",\"target\":[\"https:\/\/www.aguarda.es\/en\/a-finca-de-finola-xa-forma-parte-do-patrimonio-da-guarda\/\"]}]},{\"@type\":\"BreadcrumbList\",\"@id\":\"https:\/\/www.aguarda.es\/en\/a-finca-de-finola-xa-forma-parte-do-patrimonio-da-guarda\/#breadcrumb\",\"itemListElement\":[{\"@type\":\"ListItem\",\"position\":1,\"name\":\"Portada\",\"item\":\"https:\/\/www.aguarda.es\/en\/\"},{\"@type\":\"ListItem\",\"position\":2,\"name\":\"A Finca de F\u00ednola xa forma parte do patrimonio da Guarda\"}]},{\"@type\":\"WebSite\",\"@id\":\"https:\/\/www.aguarda.es\/en\/#website\",\"url\":\"https:\/\/www.aguarda.es\/en\/\",\"name\":\"Concello da Guarda\",\"description\":\"P\u00e1xina web do concello da Guarda\",\"potentialAction\":[{\"@type\":\"SearchAction\",\"target\":{\"@type\":\"EntryPoint\",\"urlTemplate\":\"https:\/\/www.aguarda.es\/en\/?s={search_term_string}\"},\"query-input\":\"required name=search_term_string\"}],\"inLanguage\":\"en-US\"},{\"@type\":\"Person\",\"@id\":\"https:\/\/www.aguarda.es\/en\/#\/schema\/person\/c463ca3006858ffb349d11179d044f21\",\"name\":\"prensa\",\"image\":{\"@type\":\"ImageObject\",\"inLanguage\":\"en-US\",\"@id\":\"https:\/\/www.aguarda.es\/en\/#\/schema\/person\/image\/\",\"url\":\"https:\/\/secure.gravatar.com\/avatar\/5f90ef536b0f98306edf5c7a1135ffa1?s=96&d=mm&r=g\",\"contentUrl\":\"https:\/\/secure.gravatar.com\/avatar\/5f90ef536b0f98306edf5c7a1135ffa1?s=96&d=mm&r=g\",\"caption\":\"prensa\"},\"url\":\"https:\/\/www.aguarda.es\/en\/author\/prensa\/\"}]}<\/script>\n<!-- \/ Yoast SEO plugin. -->","yoast_head_json":{"title":"A Finca de F\u00ednola xa forma parte do patrimonio da Guarda - Concello da Guarda","robots":{"index":"index","follow":"follow","max-snippet":"max-snippet:-1","max-image-preview":"max-image-preview:large","max-video-preview":"max-video-preview:-1"},"canonical":"https:\/\/www.aguarda.es\/en\/a-finca-de-finola-xa-forma-parte-do-patrimonio-da-guarda\/","og_locale":"en_US","og_type":"article","og_title":"A Finca de F\u00ednola xa forma parte do patrimonio da Guarda - Concello da Guarda","og_description":"O Concello da Guarda ven de ultimar a adquisici\u00f3n da Finca de F\u00ednola despois de realizar os tr\u00e1mites notariais na ma\u00f1\u00e1 do venres d\u00eda 28 de decembro de 2018. O alcalde, Antonio Lomba, manifestaba, despois de asinar a escritura de &hellip;","og_url":"https:\/\/www.aguarda.es\/en\/a-finca-de-finola-xa-forma-parte-do-patrimonio-da-guarda\/","og_site_name":"Concello da Guarda","article_publisher":"https:\/\/www.facebook.com\/ConcellodaGuarda","article_published_time":"2018-12-28T18:13:27+00:00","og_image":[{"width":800,"height":533,"url":"https:\/\/www.aguarda.es\/wp-content\/uploads\/2018\/12\/NP-28122018-A-Finca-de-F\u00ednola-xa-forma-parte-do-patrimonio-da-Guarda.jpg","type":"image\/jpeg"}],"author":"prensa","twitter_card":"summary_large_image","twitter_creator":"@AGuarda_es","twitter_site":"@AGuarda_es","twitter_misc":{"Written by":"prensa","Est. reading time":"2 minutes"},"schema":{"@context":"https:\/\/schema.org","@graph":[{"@type":"WebPage","@id":"https:\/\/www.aguarda.es\/en\/a-finca-de-finola-xa-forma-parte-do-patrimonio-da-guarda\/","url":"https:\/\/www.aguarda.es\/en\/a-finca-de-finola-xa-forma-parte-do-patrimonio-da-guarda\/","name":"A Finca de F\u00ednola xa forma parte do patrimonio da Guarda - Concello da Guarda","isPartOf":{"@id":"https:\/\/www.aguarda.es\/en\/#website"},"datePublished":"2018-12-28T18:13:27+00:00","dateModified":"2018-12-28T18:13:27+00:00","author":{"@id":"https:\/\/www.aguarda.es\/en\/#\/schema\/person\/c463ca3006858ffb349d11179d044f21"},"breadcrumb":{"@id":"https:\/\/www.aguarda.es\/en\/a-finca-de-finola-xa-forma-parte-do-patrimonio-da-guarda\/#breadcrumb"},"inLanguage":"en-US","potentialAction":[{"@type":"ReadAction","target":["https:\/\/www.aguarda.es\/en\/a-finca-de-finola-xa-forma-parte-do-patrimonio-da-guarda\/"]}]},{"@type":"BreadcrumbList","@id":"https:\/\/www.aguarda.es\/en\/a-finca-de-finola-xa-forma-parte-do-patrimonio-da-guarda\/#breadcrumb","itemListElement":[{"@type":"ListItem","position":1,"name":"Portada","item":"https:\/\/www.aguarda.es\/en\/"},{"@type":"ListItem","position":2,"name":"A Finca de F\u00ednola xa forma parte do patrimonio da Guarda"}]},{"@type":"WebSite","@id":"https:\/\/www.aguarda.es\/en\/#website","url":"https:\/\/www.aguarda.es\/en\/","name":"Concello da Guarda","description":"P\u00e1xina web do concello da Guarda","potentialAction":[{"@type":"SearchAction","target":{"@type":"EntryPoint","urlTemplate":"https:\/\/www.aguarda.es\/en\/?s={search_term_string}"},"query-input":"required name=search_term_string"}],"inLanguage":"en-US"},{"@type":"Person","@id":"https:\/\/www.aguarda.es\/en\/#\/schema\/person\/c463ca3006858ffb349d11179d044f21","name":"prensa","image":{"@type":"ImageObject","inLanguage":"en-US","@id":"https:\/\/www.aguarda.es\/en\/#\/schema\/person\/image\/","url":"https:\/\/secure.gravatar.com\/avatar\/5f90ef536b0f98306edf5c7a1135ffa1?s=96&d=mm&r=g","contentUrl":"https:\/\/secure.gravatar.com\/avatar\/5f90ef536b0f98306edf5c7a1135ffa1?s=96&d=mm&r=g","caption":"prensa"},"url":"https:\/\/www.aguarda.es\/en\/author\/prensa\/"}]}},"_links":{"self":[{"href":"https:\/\/www.aguarda.es\/en\/wp-json\/wp\/v2\/posts\/16258"}],"collection":[{"href":"https:\/\/www.aguarda.es\/en\/wp-json\/wp\/v2\/posts"}],"about":[{"href":"https:\/\/www.aguarda.es\/en\/wp-json\/wp\/v2\/types\/post"}],"author":[{"embeddable":true,"href":"https:\/\/www.aguarda.es\/en\/wp-json\/wp\/v2\/users\/2"}],"replies":[{"embeddable":true,"href":"https:\/\/www.aguarda.es\/en\/wp-json\/wp\/v2\/comments?post=16258"}],"version-history":[{"count":1,"href":"https:\/\/www.aguarda.es\/en\/wp-json\/wp\/v2\/posts\/16258\/revisions"}],"predecessor-version":[{"id":16260,"href":"https:\/\/www.aguarda.es\/en\/wp-json\/wp\/v2\/posts\/16258\/revisions\/16260"}],"wp:featuredmedia":[{"embeddable":true,"href":"https:\/\/www.aguarda.es\/en\/wp-json\/wp\/v2\/media\/16259"}],"wp:attachment":[{"href":"https:\/\/www.aguarda.es\/en\/wp-json\/wp\/v2\/media?parent=16258"}],"wp:term":[{"taxonomy":"category","embeddable":true,"href":"https:\/\/www.aguarda.es\/en\/wp-json\/wp\/v2\/categories?post=16258"},{"taxonomy":"post_tag","embeddable":true,"href":"https:\/\/www.aguarda.es\/en\/wp-json\/wp\/v2\/tags?post=16258"}],"curies":[{"name":"wp","href":"https:\/\/api.w.org\/{rel}","templated":true}]}}