{"id":16264,"date":"2018-12-31T09:31:51","date_gmt":"2018-12-31T09:31:51","guid":{"rendered":"https:\/\/www.aguarda.es\/?p=16264"},"modified":"2018-12-31T09:31:51","modified_gmt":"2018-12-31T09:31:51","slug":"continua-a-programacion-de-nadal-na-guarda-con-cinema-pista-de-xeo-e-a-cabalgata-de-reis","status":"publish","type":"post","link":"https:\/\/www.aguarda.es\/en\/continua-a-programacion-de-nadal-na-guarda-con-cinema-pista-de-xeo-e-a-cabalgata-de-reis\/","title":{"rendered":"Contin\u00faa a programaci\u00f3n de nadal na Guarda con cinema, pista de xeo e a Cabalgata de Reis"},"content":{"rendered":"<p style=\"text-align: justify\">O Nadal contin\u00faa na Guarda cunha extensa e variada programaci\u00f3n de actividades nas que se incl\u00faen o cinema, a animaci\u00f3n musical polas r\u00faas, os obradoiros de decoraci\u00f3n, as chocolatadas, a pista de xeo, ou a Cabalgata de Reis.<\/p>\n<p style=\"text-align: justify\">A Pista de Xeo que est\u00e1 instalada na Alameda da Guarda xa recib\u00edu a visita de m\u00e1is de 1500 persoas, as entradas te\u00f1en un custo de 6\u20ac de xeito anticipadas nos establecementos da vila e 7\u20ac na propia pista, cunha duraci\u00f3n de 45 minutos para gozar por primeira vez na Guarda da patinaxe sobre xeo, o aluguer dos pat\u00edns \u00e9 gratu\u00edto e rec\u00f3rdase que se deben de traer guantes para as mans. O 1 de xaneiro a Pista de Xeo funcionar\u00e1 s\u00f3 en horario de tarde de 16:00h a 22:00h e o 5 e 6 de xaneiro funcionar\u00e1 en horario de 11:00h a 14:00h e de 16:00h a 22:00h.<\/p>\n<p style=\"text-align: justify\">A programaci\u00f3n de actividades do Nadal contin\u00faa o M\u00e9rcores d\u00eda 2 a Casa dos Alonso cun Obradoiro infantil \u201cDecora a t\u00faa casa\u201d no que nenos e nenas da vila aprender\u00e1n a realizar adornos de Nadal, nunha actividade de 2 horas de duraci\u00f3n para un m\u00e1ximo 15 nenos e nenas, as prazas est\u00e1n xa esgotadas para esta actividade.<\/p>\n<p style=\"text-align: justify\">Na xornada do xoves d\u00eda 3 de xaneiro contin\u00faa a animaci\u00f3n musical de r\u00faa a cargo do grupo \u201cDo Lusco \u00f3 Fusco\u201d de 11:00h a 13:00h, visitando o Mercado da Praza de Abastos, que acolle este d\u00eda unha chocolatada de balde.<\/p>\n<p style=\"text-align: justify\">Tam\u00e9n na xornada do xoves 3 de xaneiro pola tarde, o Centro Cultural acolle unha nova sesi\u00f3n de cinema infantil coa proxecci\u00f3n de \u201cCapit\u00e1n Calzoncillos\u201d \u00e1s 17:30h, un filme para p\u00fablico infantil onde dous rapaces gozan facendo bromas e debuxando c\u00f3mics na s\u00faa escola, unha actividade enfocada a conciliaci\u00f3n laboral que permitir\u00e1 que os pais e nais te\u00f1an un tempo libre para facer compras na vila.<\/p>\n<p style=\"text-align: justify\">As s\u00faas Maxestades de Oriente visitar\u00e1n o venres 4 de decembro pola tarde aos nosos maiores na Residencia da Terceira Idade Monte Tecla, estar\u00e1n acompa\u00f1ados pola Charanga Vaia Panda e o Grupo Do Lusco \u00f3 Fusco, ademais de contar coa presenza do Alcalde, da Concelleira de Turismo e da Concelleira de Servizos Sociais.<\/p>\n<p style=\"text-align: justify\">O S\u00e1bado d\u00eda 5 de xaneiro ter\u00e1 lugar un dos actos m\u00e1is importantes do Nadal na Guarda, a Cabalgata dos Reis Magos que ter\u00e1 lugar \u00e1s 18:00h con sa\u00edda dende a Alameda da Guarda acompa\u00f1ados pola comitiva de paxes, 5 asociaci\u00f3ns da vila e unha charanga que amenizar\u00e1 musicalmente este evento. Os Reis Magos percorrer\u00e1n a R\u00faa Rosal\u00eda de Castro e R\u00faa Galicia para terminar na Casa dos Alonsos, onde recibir\u00e1n aos nenos e nenas entregando agasallos e lambonadas para todos.Durante o percorrido repartir\u00e1n caramelos e lambonadas dende as s\u00faas carrozas.<\/p>\n<p style=\"text-align: justify\">Dende o Concello da Guarda se convida seguir participando e gozar dunha programaci\u00f3n de Nadal que, sen d\u00fabida, est\u00e1 dinamizando e chama a atenci\u00f3n dos nosos veci\u00f1os e visitantes.<\/p>\n","protected":false},"excerpt":{"rendered":"<p>O Nadal contin\u00faa na Guarda cunha extensa e variada programaci\u00f3n de actividades nas que se incl\u00faen o cinema, a animaci\u00f3n musical polas r\u00faas, os obradoiros de decoraci\u00f3n, as chocolatadas, a pista de xeo, ou a Cabalgata de Reis. A Pista &hellip; <\/p>\n","protected":false},"author":2,"featured_media":16265,"comment_status":"open","ping_status":"open","sticky":false,"template":"","format":"standard","meta":[],"categories":[34,56,33],"tags":[226,785,602,243,694,786],"yoast_head":"<!-- This site is optimized with the Yoast SEO plugin v21.1 - https:\/\/yoast.com\/wordpress\/plugins\/seo\/ -->\n<title>Contin\u00faa a programaci\u00f3n de nadal na Guarda con cinema, pista de xeo e a Cabalgata de Reis - Concello da Guarda<\/title>\n<meta name=\"robots\" content=\"index, follow, max-snippet:-1, max-image-preview:large, max-video-preview:-1\" \/>\n<link rel=\"canonical\" href=\"https:\/\/www.aguarda.es\/en\/continua-a-programacion-de-nadal-na-guarda-con-cinema-pista-de-xeo-e-a-cabalgata-de-reis\/\" \/>\n<meta property=\"og:locale\" content=\"en_US\" \/>\n<meta property=\"og:type\" content=\"article\" \/>\n<meta property=\"og:title\" content=\"Contin\u00faa a programaci\u00f3n de nadal na Guarda con cinema, pista de xeo e a Cabalgata de Reis - Concello da Guarda\" \/>\n<meta property=\"og:description\" content=\"O Nadal contin\u00faa na Guarda cunha extensa e variada programaci\u00f3n de actividades nas que se incl\u00faen o cinema, a animaci\u00f3n musical polas r\u00faas, os obradoiros de decoraci\u00f3n, as chocolatadas, a pista de xeo, ou a Cabalgata de Reis. A Pista &hellip;\" \/>\n<meta property=\"og:url\" content=\"https:\/\/www.aguarda.es\/en\/continua-a-programacion-de-nadal-na-guarda-con-cinema-pista-de-xeo-e-a-cabalgata-de-reis\/\" \/>\n<meta property=\"og:site_name\" content=\"Concello da Guarda\" \/>\n<meta property=\"article:publisher\" content=\"https:\/\/www.facebook.com\/ConcellodaGuarda\" \/>\n<meta property=\"article:published_time\" content=\"2018-12-31T09:31:51+00:00\" \/>\n<meta property=\"og:image\" content=\"https:\/\/www.aguarda.es\/wp-content\/uploads\/2018\/12\/NP-31122018-Contin\u00faa-a-programaci\u00f3n-de-nadal-na-Guarda-con-cinema-pista-de-xeo-e-a-Cabalgata-de-Reis.jpg\" \/>\n\t<meta property=\"og:image:width\" content=\"800\" \/>\n\t<meta property=\"og:image:height\" content=\"800\" \/>\n\t<meta property=\"og:image:type\" content=\"image\/jpeg\" \/>\n<meta name=\"author\" content=\"prensa\" \/>\n<meta name=\"twitter:card\" content=\"summary_large_image\" \/>\n<meta name=\"twitter:creator\" content=\"@AGuarda_es\" \/>\n<meta name=\"twitter:site\" content=\"@AGuarda_es\" \/>\n<meta name=\"twitter:label1\" content=\"Written by\" \/>\n\t<meta name=\"twitter:data1\" content=\"prensa\" \/>\n\t<meta name=\"twitter:label2\" content=\"Est. reading time\" \/>\n\t<meta name=\"twitter:data2\" content=\"3 minutes\" \/>\n<script type=\"application\/ld+json\" class=\"yoast-schema-graph\">{\"@context\":\"https:\/\/schema.org\",\"@graph\":[{\"@type\":\"WebPage\",\"@id\":\"https:\/\/www.aguarda.es\/en\/continua-a-programacion-de-nadal-na-guarda-con-cinema-pista-de-xeo-e-a-cabalgata-de-reis\/\",\"url\":\"https:\/\/www.aguarda.es\/en\/continua-a-programacion-de-nadal-na-guarda-con-cinema-pista-de-xeo-e-a-cabalgata-de-reis\/\",\"name\":\"Contin\u00faa a programaci\u00f3n de nadal na Guarda con cinema, pista de xeo e a Cabalgata de Reis - Concello da Guarda\",\"isPartOf\":{\"@id\":\"https:\/\/www.aguarda.es\/en\/#website\"},\"datePublished\":\"2018-12-31T09:31:51+00:00\",\"dateModified\":\"2018-12-31T09:31:51+00:00\",\"author\":{\"@id\":\"https:\/\/www.aguarda.es\/en\/#\/schema\/person\/c463ca3006858ffb349d11179d044f21\"},\"breadcrumb\":{\"@id\":\"https:\/\/www.aguarda.es\/en\/continua-a-programacion-de-nadal-na-guarda-con-cinema-pista-de-xeo-e-a-cabalgata-de-reis\/#breadcrumb\"},\"inLanguage\":\"en-US\",\"potentialAction\":[{\"@type\":\"ReadAction\",\"target\":[\"https:\/\/www.aguarda.es\/en\/continua-a-programacion-de-nadal-na-guarda-con-cinema-pista-de-xeo-e-a-cabalgata-de-reis\/\"]}]},{\"@type\":\"BreadcrumbList\",\"@id\":\"https:\/\/www.aguarda.es\/en\/continua-a-programacion-de-nadal-na-guarda-con-cinema-pista-de-xeo-e-a-cabalgata-de-reis\/#breadcrumb\",\"itemListElement\":[{\"@type\":\"ListItem\",\"position\":1,\"name\":\"Portada\",\"item\":\"https:\/\/www.aguarda.es\/en\/\"},{\"@type\":\"ListItem\",\"position\":2,\"name\":\"Contin\u00faa a programaci\u00f3n de nadal na Guarda con cinema, pista de xeo e a Cabalgata de Reis\"}]},{\"@type\":\"WebSite\",\"@id\":\"https:\/\/www.aguarda.es\/en\/#website\",\"url\":\"https:\/\/www.aguarda.es\/en\/\",\"name\":\"Concello da Guarda\",\"description\":\"P\u00e1xina web do concello da Guarda\",\"potentialAction\":[{\"@type\":\"SearchAction\",\"target\":{\"@type\":\"EntryPoint\",\"urlTemplate\":\"https:\/\/www.aguarda.es\/en\/?s={search_term_string}\"},\"query-input\":\"required name=search_term_string\"}],\"inLanguage\":\"en-US\"},{\"@type\":\"Person\",\"@id\":\"https:\/\/www.aguarda.es\/en\/#\/schema\/person\/c463ca3006858ffb349d11179d044f21\",\"name\":\"prensa\",\"image\":{\"@type\":\"ImageObject\",\"inLanguage\":\"en-US\",\"@id\":\"https:\/\/www.aguarda.es\/en\/#\/schema\/person\/image\/\",\"url\":\"https:\/\/secure.gravatar.com\/avatar\/5f90ef536b0f98306edf5c7a1135ffa1?s=96&d=mm&r=g\",\"contentUrl\":\"https:\/\/secure.gravatar.com\/avatar\/5f90ef536b0f98306edf5c7a1135ffa1?s=96&d=mm&r=g\",\"caption\":\"prensa\"},\"url\":\"https:\/\/www.aguarda.es\/en\/author\/prensa\/\"}]}<\/script>\n<!-- \/ Yoast SEO plugin. -->","yoast_head_json":{"title":"Contin\u00faa a programaci\u00f3n de nadal na Guarda con cinema, pista de xeo e a Cabalgata de Reis - Concello da Guarda","robots":{"index":"index","follow":"follow","max-snippet":"max-snippet:-1","max-image-preview":"max-image-preview:large","max-video-preview":"max-video-preview:-1"},"canonical":"https:\/\/www.aguarda.es\/en\/continua-a-programacion-de-nadal-na-guarda-con-cinema-pista-de-xeo-e-a-cabalgata-de-reis\/","og_locale":"en_US","og_type":"article","og_title":"Contin\u00faa a programaci\u00f3n de nadal na Guarda con cinema, pista de xeo e a Cabalgata de Reis - Concello da Guarda","og_description":"O Nadal contin\u00faa na Guarda cunha extensa e variada programaci\u00f3n de actividades nas que se incl\u00faen o cinema, a animaci\u00f3n musical polas r\u00faas, os obradoiros de decoraci\u00f3n, as chocolatadas, a pista de xeo, ou a Cabalgata de Reis. A Pista &hellip;","og_url":"https:\/\/www.aguarda.es\/en\/continua-a-programacion-de-nadal-na-guarda-con-cinema-pista-de-xeo-e-a-cabalgata-de-reis\/","og_site_name":"Concello da Guarda","article_publisher":"https:\/\/www.facebook.com\/ConcellodaGuarda","article_published_time":"2018-12-31T09:31:51+00:00","og_image":[{"width":800,"height":800,"url":"https:\/\/www.aguarda.es\/wp-content\/uploads\/2018\/12\/NP-31122018-Contin\u00faa-a-programaci\u00f3n-de-nadal-na-Guarda-con-cinema-pista-de-xeo-e-a-Cabalgata-de-Reis.jpg","type":"image\/jpeg"}],"author":"prensa","twitter_card":"summary_large_image","twitter_creator":"@AGuarda_es","twitter_site":"@AGuarda_es","twitter_misc":{"Written by":"prensa","Est. reading time":"3 minutes"},"schema":{"@context":"https:\/\/schema.org","@graph":[{"@type":"WebPage","@id":"https:\/\/www.aguarda.es\/en\/continua-a-programacion-de-nadal-na-guarda-con-cinema-pista-de-xeo-e-a-cabalgata-de-reis\/","url":"https:\/\/www.aguarda.es\/en\/continua-a-programacion-de-nadal-na-guarda-con-cinema-pista-de-xeo-e-a-cabalgata-de-reis\/","name":"Contin\u00faa a programaci\u00f3n de nadal na Guarda con cinema, pista de xeo e a Cabalgata de Reis - Concello da Guarda","isPartOf":{"@id":"https:\/\/www.aguarda.es\/en\/#website"},"datePublished":"2018-12-31T09:31:51+00:00","dateModified":"2018-12-31T09:31:51+00:00","author":{"@id":"https:\/\/www.aguarda.es\/en\/#\/schema\/person\/c463ca3006858ffb349d11179d044f21"},"breadcrumb":{"@id":"https:\/\/www.aguarda.es\/en\/continua-a-programacion-de-nadal-na-guarda-con-cinema-pista-de-xeo-e-a-cabalgata-de-reis\/#breadcrumb"},"inLanguage":"en-US","potentialAction":[{"@type":"ReadAction","target":["https:\/\/www.aguarda.es\/en\/continua-a-programacion-de-nadal-na-guarda-con-cinema-pista-de-xeo-e-a-cabalgata-de-reis\/"]}]},{"@type":"BreadcrumbList","@id":"https:\/\/www.aguarda.es\/en\/continua-a-programacion-de-nadal-na-guarda-con-cinema-pista-de-xeo-e-a-cabalgata-de-reis\/#breadcrumb","itemListElement":[{"@type":"ListItem","position":1,"name":"Portada","item":"https:\/\/www.aguarda.es\/en\/"},{"@type":"ListItem","position":2,"name":"Contin\u00faa a programaci\u00f3n de nadal na Guarda con cinema, pista de xeo e a Cabalgata de Reis"}]},{"@type":"WebSite","@id":"https:\/\/www.aguarda.es\/en\/#website","url":"https:\/\/www.aguarda.es\/en\/","name":"Concello da Guarda","description":"P\u00e1xina web do concello da Guarda","potentialAction":[{"@type":"SearchAction","target":{"@type":"EntryPoint","urlTemplate":"https:\/\/www.aguarda.es\/en\/?s={search_term_string}"},"query-input":"required name=search_term_string"}],"inLanguage":"en-US"},{"@type":"Person","@id":"https:\/\/www.aguarda.es\/en\/#\/schema\/person\/c463ca3006858ffb349d11179d044f21","name":"prensa","image":{"@type":"ImageObject","inLanguage":"en-US","@id":"https:\/\/www.aguarda.es\/en\/#\/schema\/person\/image\/","url":"https:\/\/secure.gravatar.com\/avatar\/5f90ef536b0f98306edf5c7a1135ffa1?s=96&d=mm&r=g","contentUrl":"https:\/\/secure.gravatar.com\/avatar\/5f90ef536b0f98306edf5c7a1135ffa1?s=96&d=mm&r=g","caption":"prensa"},"url":"https:\/\/www.aguarda.es\/en\/author\/prensa\/"}]}},"_links":{"self":[{"href":"https:\/\/www.aguarda.es\/en\/wp-json\/wp\/v2\/posts\/16264"}],"collection":[{"href":"https:\/\/www.aguarda.es\/en\/wp-json\/wp\/v2\/posts"}],"about":[{"href":"https:\/\/www.aguarda.es\/en\/wp-json\/wp\/v2\/types\/post"}],"author":[{"embeddable":true,"href":"https:\/\/www.aguarda.es\/en\/wp-json\/wp\/v2\/users\/2"}],"replies":[{"embeddable":true,"href":"https:\/\/www.aguarda.es\/en\/wp-json\/wp\/v2\/comments?post=16264"}],"version-history":[{"count":1,"href":"https:\/\/www.aguarda.es\/en\/wp-json\/wp\/v2\/posts\/16264\/revisions"}],"predecessor-version":[{"id":16266,"href":"https:\/\/www.aguarda.es\/en\/wp-json\/wp\/v2\/posts\/16264\/revisions\/16266"}],"wp:featuredmedia":[{"embeddable":true,"href":"https:\/\/www.aguarda.es\/en\/wp-json\/wp\/v2\/media\/16265"}],"wp:attachment":[{"href":"https:\/\/www.aguarda.es\/en\/wp-json\/wp\/v2\/media?parent=16264"}],"wp:term":[{"taxonomy":"category","embeddable":true,"href":"https:\/\/www.aguarda.es\/en\/wp-json\/wp\/v2\/categories?post=16264"},{"taxonomy":"post_tag","embeddable":true,"href":"https:\/\/www.aguarda.es\/en\/wp-json\/wp\/v2\/tags?post=16264"}],"curies":[{"name":"wp","href":"https:\/\/api.w.org\/{rel}","templated":true}]}}