{"id":1638,"date":"2016-03-02T10:00:18","date_gmt":"2016-03-02T10:00:18","guid":{"rendered":"https:\/\/www.aguarda.es\/?p=1638"},"modified":"2016-03-02T10:00:18","modified_gmt":"2016-03-02T10:00:18","slug":"abre-a-inscricion-para-participar-no-curso-de-manipulador-de-produtos-fitosanitarios","status":"publish","type":"post","link":"https:\/\/www.aguarda.es\/en\/abre-a-inscricion-para-participar-no-curso-de-manipulador-de-produtos-fitosanitarios\/","title":{"rendered":"Abre a inscrici\u00f3n para participar no \u201cCurso de manipulador de produtos fitosanitarios\u201d"},"content":{"rendered":"<p>O Concello da Guarda, en colaboraci\u00f3n coa Asociaci\u00f3n de veci\u00f1os \u201cO Percamino\u201d ofrece 30 prazas.<\/p>\n<p>  <!--more-->  <\/p>\n<p>O Concello da Guarda, en colaboraci\u00f3n coa Asociaci\u00f3n de veci\u00f1os \u201cO Percamino\u201d, abre o prazo de inscrici\u00f3n para participar no \u201cCurso de manipulador de produtos fitosanitarios. Nivel b\u00e1sico\u201d.<\/p>\n<p>Este curso ten unha duraci\u00f3n de 25 horas presenciais m\u00e1is d\u00faas de exame. A materia comezar\u00e1 cando se cubran as 30 prazas ofrecidas. Do prezo se informar\u00e1 no momento da inscrici\u00f3n.<\/p>\n<p>Esta formaci\u00f3n est\u00e1 destinada a agricultores que non dispo\u00f1an de persoal auxiliar na mesma explotaci\u00f3n, o persoal auxiliar das empresas e outras entidades dedicadas \u00e1 aplicaci\u00f3n de produtos fitosanitarios, o persoal auxiliar das empresas e explotaci\u00f3ns agrarias que apliquen estes produtos e o persoal auxiliar dos establecementos de venda ao p\u00fablico de este tipo de materiais.<\/p>\n<p>As persoas interesadas en obter o can\u00e9 b\u00e1sico de aplicaci\u00f3n de fitosanitarios pode dirixirse ao Concello da Guarda ou ao local social da Asociaci\u00f3n \u201cO Percamino\u201d para inscribirse. Ademais, quen precise m\u00e1is informaci\u00f3n pode chamar ao n\u00famero 609 11 78 35, pedir informaci\u00f3n en opercamino@hotmail.com ou no mesmo Concello.<\/p>\n<p><strong>Cursos en activo<\/strong><\/p>\n<p>Na actualidade a Asociaci\u00f3n de veci\u00f1os \u201cO Percamino\u201d xa te\u00f1en en activo dous cursos coas mesmas caracter\u00edsticas do anterior.<\/p>\n<p>As datas nas que se realizar\u00e1n ser\u00e1n na semana do luns 14 de marzo ao venres 18 e o outro dende o luns 28 de marzo ata o venres 1 de abril.<\/p>\n","protected":false},"excerpt":{"rendered":"<p>O Concello da Guarda, en colaboraci\u00f3n coa Asociaci\u00f3n de veci\u00f1os \u201cO Percamino\u201d ofrece 30 prazas.<\/p>\n","protected":false},"author":1,"featured_media":0,"comment_status":"open","ping_status":"open","sticky":false,"template":"","format":"standard","meta":[],"categories":[33],"tags":[],"yoast_head":"<!-- This site is optimized with the Yoast SEO plugin v21.1 - https:\/\/yoast.com\/wordpress\/plugins\/seo\/ -->\n<title>Abre a inscrici\u00f3n para participar no \u201cCurso de manipulador de produtos fitosanitarios\u201d - Concello da Guarda<\/title>\n<meta name=\"robots\" content=\"index, follow, max-snippet:-1, max-image-preview:large, max-video-preview:-1\" \/>\n<link rel=\"canonical\" href=\"https:\/\/www.aguarda.es\/en\/abre-a-inscricion-para-participar-no-curso-de-manipulador-de-produtos-fitosanitarios\/\" \/>\n<meta property=\"og:locale\" content=\"en_US\" \/>\n<meta property=\"og:type\" content=\"article\" \/>\n<meta property=\"og:title\" content=\"Abre a inscrici\u00f3n para participar no \u201cCurso de manipulador de produtos fitosanitarios\u201d - Concello da Guarda\" \/>\n<meta property=\"og:description\" content=\"O Concello da Guarda, en colaboraci\u00f3n coa Asociaci\u00f3n de veci\u00f1os \u201cO Percamino\u201d ofrece 30 prazas.\" \/>\n<meta property=\"og:url\" content=\"https:\/\/www.aguarda.es\/en\/abre-a-inscricion-para-participar-no-curso-de-manipulador-de-produtos-fitosanitarios\/\" \/>\n<meta property=\"og:site_name\" content=\"Concello da Guarda\" \/>\n<meta property=\"article:publisher\" content=\"https:\/\/www.facebook.com\/ConcellodaGuarda\" \/>\n<meta property=\"article:published_time\" content=\"2016-03-02T10:00:18+00:00\" \/>\n<meta property=\"og:image\" content=\"https:\/\/www.aguarda.es\/wp-content\/uploads\/2017\/06\/escudo-full-2.jpg\" \/>\n\t<meta property=\"og:image:width\" content=\"1135\" \/>\n\t<meta property=\"og:image:height\" content=\"712\" \/>\n\t<meta property=\"og:image:type\" content=\"image\/jpeg\" \/>\n<meta name=\"author\" content=\"Concello\" \/>\n<meta name=\"twitter:card\" content=\"summary_large_image\" \/>\n<meta name=\"twitter:creator\" content=\"@AGuarda_es\" \/>\n<meta name=\"twitter:site\" content=\"@AGuarda_es\" \/>\n<meta name=\"twitter:label1\" content=\"Written by\" \/>\n\t<meta name=\"twitter:data1\" content=\"Concello\" \/>\n\t<meta name=\"twitter:label2\" content=\"Est. reading time\" \/>\n\t<meta name=\"twitter:data2\" content=\"1 minute\" \/>\n<script type=\"application\/ld+json\" class=\"yoast-schema-graph\">{\"@context\":\"https:\/\/schema.org\",\"@graph\":[{\"@type\":\"WebPage\",\"@id\":\"https:\/\/www.aguarda.es\/en\/abre-a-inscricion-para-participar-no-curso-de-manipulador-de-produtos-fitosanitarios\/\",\"url\":\"https:\/\/www.aguarda.es\/en\/abre-a-inscricion-para-participar-no-curso-de-manipulador-de-produtos-fitosanitarios\/\",\"name\":\"Abre a inscrici\u00f3n para participar no \u201cCurso de manipulador de produtos fitosanitarios\u201d - Concello da Guarda\",\"isPartOf\":{\"@id\":\"https:\/\/www.aguarda.es\/en\/#website\"},\"datePublished\":\"2016-03-02T10:00:18+00:00\",\"dateModified\":\"2016-03-02T10:00:18+00:00\",\"author\":{\"@id\":\"https:\/\/www.aguarda.es\/en\/#\/schema\/person\/ac30f4d74843174f0af56c730f74dd57\"},\"breadcrumb\":{\"@id\":\"https:\/\/www.aguarda.es\/en\/abre-a-inscricion-para-participar-no-curso-de-manipulador-de-produtos-fitosanitarios\/#breadcrumb\"},\"inLanguage\":\"en-US\",\"potentialAction\":[{\"@type\":\"ReadAction\",\"target\":[\"https:\/\/www.aguarda.es\/en\/abre-a-inscricion-para-participar-no-curso-de-manipulador-de-produtos-fitosanitarios\/\"]}]},{\"@type\":\"BreadcrumbList\",\"@id\":\"https:\/\/www.aguarda.es\/en\/abre-a-inscricion-para-participar-no-curso-de-manipulador-de-produtos-fitosanitarios\/#breadcrumb\",\"itemListElement\":[{\"@type\":\"ListItem\",\"position\":1,\"name\":\"Portada\",\"item\":\"https:\/\/www.aguarda.es\/en\/\"},{\"@type\":\"ListItem\",\"position\":2,\"name\":\"Abre a inscrici\u00f3n para participar no \u201cCurso de manipulador de produtos fitosanitarios\u201d\"}]},{\"@type\":\"WebSite\",\"@id\":\"https:\/\/www.aguarda.es\/en\/#website\",\"url\":\"https:\/\/www.aguarda.es\/en\/\",\"name\":\"Concello da Guarda\",\"description\":\"P\u00e1xina web do concello da Guarda\",\"potentialAction\":[{\"@type\":\"SearchAction\",\"target\":{\"@type\":\"EntryPoint\",\"urlTemplate\":\"https:\/\/www.aguarda.es\/en\/?s={search_term_string}\"},\"query-input\":\"required name=search_term_string\"}],\"inLanguage\":\"en-US\"},{\"@type\":\"Person\",\"@id\":\"https:\/\/www.aguarda.es\/en\/#\/schema\/person\/ac30f4d74843174f0af56c730f74dd57\",\"name\":\"Concello\",\"image\":{\"@type\":\"ImageObject\",\"inLanguage\":\"en-US\",\"@id\":\"https:\/\/www.aguarda.es\/en\/#\/schema\/person\/image\/\",\"url\":\"https:\/\/secure.gravatar.com\/avatar\/7eda12a04da40b2ef77eb62e68f07027?s=96&d=mm&r=g\",\"contentUrl\":\"https:\/\/secure.gravatar.com\/avatar\/7eda12a04da40b2ef77eb62e68f07027?s=96&d=mm&r=g\",\"caption\":\"Concello\"},\"url\":\"https:\/\/www.aguarda.es\/en\/author\/admin\/\"}]}<\/script>\n<!-- \/ Yoast SEO plugin. -->","yoast_head_json":{"title":"Abre a inscrici\u00f3n para participar no \u201cCurso de manipulador de produtos fitosanitarios\u201d - Concello da Guarda","robots":{"index":"index","follow":"follow","max-snippet":"max-snippet:-1","max-image-preview":"max-image-preview:large","max-video-preview":"max-video-preview:-1"},"canonical":"https:\/\/www.aguarda.es\/en\/abre-a-inscricion-para-participar-no-curso-de-manipulador-de-produtos-fitosanitarios\/","og_locale":"en_US","og_type":"article","og_title":"Abre a inscrici\u00f3n para participar no \u201cCurso de manipulador de produtos fitosanitarios\u201d - Concello da Guarda","og_description":"O Concello da Guarda, en colaboraci\u00f3n coa Asociaci\u00f3n de veci\u00f1os \u201cO Percamino\u201d ofrece 30 prazas.","og_url":"https:\/\/www.aguarda.es\/en\/abre-a-inscricion-para-participar-no-curso-de-manipulador-de-produtos-fitosanitarios\/","og_site_name":"Concello da Guarda","article_publisher":"https:\/\/www.facebook.com\/ConcellodaGuarda","article_published_time":"2016-03-02T10:00:18+00:00","og_image":[{"width":1135,"height":712,"url":"https:\/\/www.aguarda.es\/wp-content\/uploads\/2017\/06\/escudo-full-2.jpg","type":"image\/jpeg"}],"author":"Concello","twitter_card":"summary_large_image","twitter_creator":"@AGuarda_es","twitter_site":"@AGuarda_es","twitter_misc":{"Written by":"Concello","Est. reading time":"1 minute"},"schema":{"@context":"https:\/\/schema.org","@graph":[{"@type":"WebPage","@id":"https:\/\/www.aguarda.es\/en\/abre-a-inscricion-para-participar-no-curso-de-manipulador-de-produtos-fitosanitarios\/","url":"https:\/\/www.aguarda.es\/en\/abre-a-inscricion-para-participar-no-curso-de-manipulador-de-produtos-fitosanitarios\/","name":"Abre a inscrici\u00f3n para participar no \u201cCurso de manipulador de produtos fitosanitarios\u201d - Concello da Guarda","isPartOf":{"@id":"https:\/\/www.aguarda.es\/en\/#website"},"datePublished":"2016-03-02T10:00:18+00:00","dateModified":"2016-03-02T10:00:18+00:00","author":{"@id":"https:\/\/www.aguarda.es\/en\/#\/schema\/person\/ac30f4d74843174f0af56c730f74dd57"},"breadcrumb":{"@id":"https:\/\/www.aguarda.es\/en\/abre-a-inscricion-para-participar-no-curso-de-manipulador-de-produtos-fitosanitarios\/#breadcrumb"},"inLanguage":"en-US","potentialAction":[{"@type":"ReadAction","target":["https:\/\/www.aguarda.es\/en\/abre-a-inscricion-para-participar-no-curso-de-manipulador-de-produtos-fitosanitarios\/"]}]},{"@type":"BreadcrumbList","@id":"https:\/\/www.aguarda.es\/en\/abre-a-inscricion-para-participar-no-curso-de-manipulador-de-produtos-fitosanitarios\/#breadcrumb","itemListElement":[{"@type":"ListItem","position":1,"name":"Portada","item":"https:\/\/www.aguarda.es\/en\/"},{"@type":"ListItem","position":2,"name":"Abre a inscrici\u00f3n para participar no \u201cCurso de manipulador de produtos fitosanitarios\u201d"}]},{"@type":"WebSite","@id":"https:\/\/www.aguarda.es\/en\/#website","url":"https:\/\/www.aguarda.es\/en\/","name":"Concello da Guarda","description":"P\u00e1xina web do concello da Guarda","potentialAction":[{"@type":"SearchAction","target":{"@type":"EntryPoint","urlTemplate":"https:\/\/www.aguarda.es\/en\/?s={search_term_string}"},"query-input":"required name=search_term_string"}],"inLanguage":"en-US"},{"@type":"Person","@id":"https:\/\/www.aguarda.es\/en\/#\/schema\/person\/ac30f4d74843174f0af56c730f74dd57","name":"Concello","image":{"@type":"ImageObject","inLanguage":"en-US","@id":"https:\/\/www.aguarda.es\/en\/#\/schema\/person\/image\/","url":"https:\/\/secure.gravatar.com\/avatar\/7eda12a04da40b2ef77eb62e68f07027?s=96&d=mm&r=g","contentUrl":"https:\/\/secure.gravatar.com\/avatar\/7eda12a04da40b2ef77eb62e68f07027?s=96&d=mm&r=g","caption":"Concello"},"url":"https:\/\/www.aguarda.es\/en\/author\/admin\/"}]}},"_links":{"self":[{"href":"https:\/\/www.aguarda.es\/en\/wp-json\/wp\/v2\/posts\/1638"}],"collection":[{"href":"https:\/\/www.aguarda.es\/en\/wp-json\/wp\/v2\/posts"}],"about":[{"href":"https:\/\/www.aguarda.es\/en\/wp-json\/wp\/v2\/types\/post"}],"author":[{"embeddable":true,"href":"https:\/\/www.aguarda.es\/en\/wp-json\/wp\/v2\/users\/1"}],"replies":[{"embeddable":true,"href":"https:\/\/www.aguarda.es\/en\/wp-json\/wp\/v2\/comments?post=1638"}],"version-history":[{"count":0,"href":"https:\/\/www.aguarda.es\/en\/wp-json\/wp\/v2\/posts\/1638\/revisions"}],"wp:attachment":[{"href":"https:\/\/www.aguarda.es\/en\/wp-json\/wp\/v2\/media?parent=1638"}],"wp:term":[{"taxonomy":"category","embeddable":true,"href":"https:\/\/www.aguarda.es\/en\/wp-json\/wp\/v2\/categories?post=1638"},{"taxonomy":"post_tag","embeddable":true,"href":"https:\/\/www.aguarda.es\/en\/wp-json\/wp\/v2\/tags?post=1638"}],"curies":[{"name":"wp","href":"https:\/\/api.w.org\/{rel}","templated":true}]}}