{"id":16545,"date":"2019-02-06T14:28:17","date_gmt":"2019-02-06T14:28:17","guid":{"rendered":"https:\/\/www.aguarda.es\/?p=16545"},"modified":"2019-02-06T14:28:17","modified_gmt":"2019-02-06T14:28:17","slug":"a-guarda-adxudica-por-case-50-000e-as-obras-de-mellora-na-praza-de-abastos","status":"publish","type":"post","link":"https:\/\/www.aguarda.es\/en\/a-guarda-adxudica-por-case-50-000e-as-obras-de-mellora-na-praza-de-abastos\/","title":{"rendered":"A Guarda adxudica por case 50.000\u20ac as obras de mellora na Praza de Abastos"},"content":{"rendered":"<p style=\"text-align: justify\">O Concello da Guarda ven de adxudicar \u00e1 empresa DENUEVO PUNTO CREATIVO, S.L. por un valor total de 48,865,89\u20ac IVE inclu\u00eddo, o contrato para o proxecto de reforma da Praza de Abastos, que se suma \u00e1s melloras xa realizadas nos pasados anos e que recolle traballos de eliminaci\u00f3n de barreiras, mellora e conservaci\u00f3n e equipamentos.<\/p>\n<p style=\"text-align: justify\">O Concello da Guarda vai a executar unha serie de actuaci\u00f3ns na Praza de Abastos do municipio que consistir\u00e1n na adaptaci\u00f3n total en termos de mobilidade e accesibilidade, entendendo que esta \u00e9 unha moi boa oportunidade para facer tales actuaci\u00f3ns neste espazo, que quedar\u00e1 perfectamente axeitado para a mobilidade de persoas.<\/p>\n<p style=\"text-align: justify\"><img decoding=\"async\" loading=\"lazy\" class=\"alignleft size-full wp-image-16548\" src=\"https:\/\/www.aguarda.es\/wp-content\/uploads\/2019\/02\/NP-06022019-A-Guarda-adxudica-por-case-50.000\u20ac-as-obras-de-mellora-na-Praza-de-Abastos-3.jpg\" alt=\"O Concello da Guarda ven de adxudicar \u00e1 empresa DENUEVO PUNTO CREATIVO, S.L. por un valor total de 48,865,89\u20ac IVE inclu\u00eddo, o contrato para o proxecto de reforma da Praza de Abastos, que se suma \u00e1s melloras xa realizadas nos pasados anos e que recolle traballos de eliminaci\u00f3n de barreiras, mellora e conservaci\u00f3n e equipamentos.\" width=\"800\" height=\"600\" srcset=\"https:\/\/www.aguarda.es\/wp-content\/uploads\/2019\/02\/NP-06022019-A-Guarda-adxudica-por-case-50.000\u20ac-as-obras-de-mellora-na-Praza-de-Abastos-3.jpg 800w, https:\/\/www.aguarda.es\/wp-content\/uploads\/2019\/02\/NP-06022019-A-Guarda-adxudica-por-case-50.000\u20ac-as-obras-de-mellora-na-Praza-de-Abastos-3-300x225.jpg 300w, https:\/\/www.aguarda.es\/wp-content\/uploads\/2019\/02\/NP-06022019-A-Guarda-adxudica-por-case-50.000\u20ac-as-obras-de-mellora-na-Praza-de-Abastos-3-768x576.jpg 768w, https:\/\/www.aguarda.es\/wp-content\/uploads\/2019\/02\/NP-06022019-A-Guarda-adxudica-por-case-50.000\u20ac-as-obras-de-mellora-na-Praza-de-Abastos-3-570x428.jpg 570w\" sizes=\"(max-width: 800px) 100vw, 800px\" \/><img decoding=\"async\" loading=\"lazy\" class=\"alignleft size-full wp-image-16547\" src=\"https:\/\/www.aguarda.es\/wp-content\/uploads\/2019\/02\/NP-06022019-A-Guarda-adxudica-por-case-50.000\u20ac-as-obras-de-mellora-na-Praza-de-Abastos-2.jpg\" alt=\"O Concello da Guarda ven de adxudicar \u00e1 empresa DENUEVO PUNTO CREATIVO, S.L. por un valor total de 48,865,89\u20ac IVE inclu\u00eddo, o contrato para o proxecto de reforma da Praza de Abastos, que se suma \u00e1s melloras xa realizadas nos pasados anos e que recolle traballos de eliminaci\u00f3n de barreiras, mellora e conservaci\u00f3n e equipamentos.\" width=\"800\" height=\"600\" srcset=\"https:\/\/www.aguarda.es\/wp-content\/uploads\/2019\/02\/NP-06022019-A-Guarda-adxudica-por-case-50.000\u20ac-as-obras-de-mellora-na-Praza-de-Abastos-2.jpg 800w, https:\/\/www.aguarda.es\/wp-content\/uploads\/2019\/02\/NP-06022019-A-Guarda-adxudica-por-case-50.000\u20ac-as-obras-de-mellora-na-Praza-de-Abastos-2-300x225.jpg 300w, https:\/\/www.aguarda.es\/wp-content\/uploads\/2019\/02\/NP-06022019-A-Guarda-adxudica-por-case-50.000\u20ac-as-obras-de-mellora-na-Praza-de-Abastos-2-768x576.jpg 768w, https:\/\/www.aguarda.es\/wp-content\/uploads\/2019\/02\/NP-06022019-A-Guarda-adxudica-por-case-50.000\u20ac-as-obras-de-mellora-na-Praza-de-Abastos-2-570x428.jpg 570w\" sizes=\"(max-width: 800px) 100vw, 800px\" \/>As actuaci\u00f3ns previstas en instalaci\u00f3ns consisten na colocaci\u00f3n de portas autom\u00e1ticas nos accesos dende a r\u00faa Xuli\u00e1n L\u00f3pez e Concepci\u00f3n Arenal, as\u00ed coma a construci\u00f3n duns aseos accesibles na planta superior e a reforma dos ba\u00f1os existentes.<\/p>\n<p style=\"text-align: justify\">Recuperarase ademais a antiga b\u00f3veda de can\u00f3n da porta de acceso norte na r\u00faa Xuli\u00e1n L\u00f3pez para realzar o valor arquitect\u00f3nico do edificio<\/p>\n<p style=\"text-align: justify\">O prazo de execuci\u00f3n das obras ser\u00e1 aproximadamente dun mes, execut\u00e1ndose os traballos simultaneamente co uso deste espazo coa finalidade de causar o menor prexu\u00edzo a praceiros e cidad\u00e1ns.<\/p>\n<p style=\"text-align: justify\">O edificio da Praza de Abastos data do ano 1921, a\u00ednda que xa se realizou unha ampliaci\u00f3n e reforma no ano 1955, sendo un dos focos comerciais de maior interese do municipio con varios postos de carnes, peixes e mariscos, froitas e hortalizas, etc.<\/p>\n<p style=\"text-align: center\"><img decoding=\"async\" loading=\"lazy\" class=\"alignleft size-full wp-image-16549\" src=\"https:\/\/www.aguarda.es\/wp-content\/uploads\/2019\/02\/NP-06022019-A-Guarda-adxudica-por-case-50.000\u20ac-as-obras-de-mellora-na-Praza-de-Abastos-4.jpg\" alt=\"O Concello da Guarda ven de adxudicar \u00e1 empresa DENUEVO PUNTO CREATIVO, S.L. por un valor total de 48,865,89\u20ac IVE inclu\u00eddo, o contrato para o proxecto de reforma da Praza de Abastos, que se suma \u00e1s melloras xa realizadas nos pasados anos e que recolle traballos de eliminaci\u00f3n de barreiras, mellora e conservaci\u00f3n e equipamentos.\" width=\"800\" height=\"600\" srcset=\"https:\/\/www.aguarda.es\/wp-content\/uploads\/2019\/02\/NP-06022019-A-Guarda-adxudica-por-case-50.000\u20ac-as-obras-de-mellora-na-Praza-de-Abastos-4.jpg 800w, https:\/\/www.aguarda.es\/wp-content\/uploads\/2019\/02\/NP-06022019-A-Guarda-adxudica-por-case-50.000\u20ac-as-obras-de-mellora-na-Praza-de-Abastos-4-300x225.jpg 300w, https:\/\/www.aguarda.es\/wp-content\/uploads\/2019\/02\/NP-06022019-A-Guarda-adxudica-por-case-50.000\u20ac-as-obras-de-mellora-na-Praza-de-Abastos-4-768x576.jpg 768w, https:\/\/www.aguarda.es\/wp-content\/uploads\/2019\/02\/NP-06022019-A-Guarda-adxudica-por-case-50.000\u20ac-as-obras-de-mellora-na-Praza-de-Abastos-4-570x428.jpg 570w\" sizes=\"(max-width: 800px) 100vw, 800px\" \/><\/p>\n","protected":false},"excerpt":{"rendered":"<p>O Concello da Guarda ven de adxudicar \u00e1 empresa DENUEVO PUNTO CREATIVO, S.L. por un valor total de 48,865,89\u20ac IVE inclu\u00eddo, o contrato para o proxecto de reforma da Praza de Abastos, que se suma \u00e1s melloras xa realizadas nos &hellip; <\/p>\n","protected":false},"author":2,"featured_media":16546,"comment_status":"open","ping_status":"open","sticky":false,"template":"","format":"standard","meta":[],"categories":[47,33],"tags":[226,580,870,698],"yoast_head":"<!-- This site is optimized with the Yoast SEO plugin v21.1 - https:\/\/yoast.com\/wordpress\/plugins\/seo\/ -->\n<title>A Guarda adxudica por case 50.000\u20ac as obras de mellora na Praza de Abastos - Concello da Guarda<\/title>\n<meta name=\"robots\" content=\"index, follow, max-snippet:-1, max-image-preview:large, max-video-preview:-1\" \/>\n<link rel=\"canonical\" href=\"https:\/\/www.aguarda.es\/en\/a-guarda-adxudica-por-case-50-000e-as-obras-de-mellora-na-praza-de-abastos\/\" \/>\n<meta property=\"og:locale\" content=\"en_US\" \/>\n<meta property=\"og:type\" content=\"article\" \/>\n<meta property=\"og:title\" content=\"A Guarda adxudica por case 50.000\u20ac as obras de mellora na Praza de Abastos - Concello da Guarda\" \/>\n<meta property=\"og:description\" content=\"O Concello da Guarda ven de adxudicar \u00e1 empresa DENUEVO PUNTO CREATIVO, S.L. por un valor total de 48,865,89\u20ac IVE inclu\u00eddo, o contrato para o proxecto de reforma da Praza de Abastos, que se suma \u00e1s melloras xa realizadas nos &hellip;\" \/>\n<meta property=\"og:url\" content=\"https:\/\/www.aguarda.es\/en\/a-guarda-adxudica-por-case-50-000e-as-obras-de-mellora-na-praza-de-abastos\/\" \/>\n<meta property=\"og:site_name\" content=\"Concello da Guarda\" \/>\n<meta property=\"article:publisher\" content=\"https:\/\/www.facebook.com\/ConcellodaGuarda\" \/>\n<meta property=\"article:published_time\" content=\"2019-02-06T14:28:17+00:00\" \/>\n<meta property=\"og:image\" content=\"https:\/\/www.aguarda.es\/wp-content\/uploads\/2019\/02\/NP-06022019-A-Guarda-adxudica-por-case-50.000\u20ac-as-obras-de-mellora-na-Praza-de-Abastos-1.jpg\" \/>\n\t<meta property=\"og:image:width\" content=\"800\" \/>\n\t<meta property=\"og:image:height\" content=\"600\" \/>\n\t<meta property=\"og:image:type\" content=\"image\/jpeg\" \/>\n<meta name=\"author\" content=\"prensa\" \/>\n<meta name=\"twitter:card\" content=\"summary_large_image\" \/>\n<meta name=\"twitter:creator\" content=\"@AGuarda_es\" \/>\n<meta name=\"twitter:site\" content=\"@AGuarda_es\" \/>\n<meta name=\"twitter:label1\" content=\"Written by\" \/>\n\t<meta name=\"twitter:data1\" content=\"prensa\" \/>\n\t<meta name=\"twitter:label2\" content=\"Est. reading time\" \/>\n\t<meta name=\"twitter:data2\" content=\"1 minute\" \/>\n<script type=\"application\/ld+json\" class=\"yoast-schema-graph\">{\"@context\":\"https:\/\/schema.org\",\"@graph\":[{\"@type\":\"WebPage\",\"@id\":\"https:\/\/www.aguarda.es\/en\/a-guarda-adxudica-por-case-50-000e-as-obras-de-mellora-na-praza-de-abastos\/\",\"url\":\"https:\/\/www.aguarda.es\/en\/a-guarda-adxudica-por-case-50-000e-as-obras-de-mellora-na-praza-de-abastos\/\",\"name\":\"A Guarda adxudica por case 50.000\u20ac as obras de mellora na Praza de Abastos - Concello da Guarda\",\"isPartOf\":{\"@id\":\"https:\/\/www.aguarda.es\/en\/#website\"},\"datePublished\":\"2019-02-06T14:28:17+00:00\",\"dateModified\":\"2019-02-06T14:28:17+00:00\",\"author\":{\"@id\":\"https:\/\/www.aguarda.es\/en\/#\/schema\/person\/c463ca3006858ffb349d11179d044f21\"},\"breadcrumb\":{\"@id\":\"https:\/\/www.aguarda.es\/en\/a-guarda-adxudica-por-case-50-000e-as-obras-de-mellora-na-praza-de-abastos\/#breadcrumb\"},\"inLanguage\":\"en-US\",\"potentialAction\":[{\"@type\":\"ReadAction\",\"target\":[\"https:\/\/www.aguarda.es\/en\/a-guarda-adxudica-por-case-50-000e-as-obras-de-mellora-na-praza-de-abastos\/\"]}]},{\"@type\":\"BreadcrumbList\",\"@id\":\"https:\/\/www.aguarda.es\/en\/a-guarda-adxudica-por-case-50-000e-as-obras-de-mellora-na-praza-de-abastos\/#breadcrumb\",\"itemListElement\":[{\"@type\":\"ListItem\",\"position\":1,\"name\":\"Portada\",\"item\":\"https:\/\/www.aguarda.es\/en\/\"},{\"@type\":\"ListItem\",\"position\":2,\"name\":\"A Guarda adxudica por case 50.000\u20ac as obras de mellora na Praza de Abastos\"}]},{\"@type\":\"WebSite\",\"@id\":\"https:\/\/www.aguarda.es\/en\/#website\",\"url\":\"https:\/\/www.aguarda.es\/en\/\",\"name\":\"Concello da Guarda\",\"description\":\"P\u00e1xina web do concello da Guarda\",\"potentialAction\":[{\"@type\":\"SearchAction\",\"target\":{\"@type\":\"EntryPoint\",\"urlTemplate\":\"https:\/\/www.aguarda.es\/en\/?s={search_term_string}\"},\"query-input\":\"required name=search_term_string\"}],\"inLanguage\":\"en-US\"},{\"@type\":\"Person\",\"@id\":\"https:\/\/www.aguarda.es\/en\/#\/schema\/person\/c463ca3006858ffb349d11179d044f21\",\"name\":\"prensa\",\"image\":{\"@type\":\"ImageObject\",\"inLanguage\":\"en-US\",\"@id\":\"https:\/\/www.aguarda.es\/en\/#\/schema\/person\/image\/\",\"url\":\"https:\/\/secure.gravatar.com\/avatar\/5f90ef536b0f98306edf5c7a1135ffa1?s=96&d=mm&r=g\",\"contentUrl\":\"https:\/\/secure.gravatar.com\/avatar\/5f90ef536b0f98306edf5c7a1135ffa1?s=96&d=mm&r=g\",\"caption\":\"prensa\"},\"url\":\"https:\/\/www.aguarda.es\/en\/author\/prensa\/\"}]}<\/script>\n<!-- \/ Yoast SEO plugin. -->","yoast_head_json":{"title":"A Guarda adxudica por case 50.000\u20ac as obras de mellora na Praza de Abastos - Concello da Guarda","robots":{"index":"index","follow":"follow","max-snippet":"max-snippet:-1","max-image-preview":"max-image-preview:large","max-video-preview":"max-video-preview:-1"},"canonical":"https:\/\/www.aguarda.es\/en\/a-guarda-adxudica-por-case-50-000e-as-obras-de-mellora-na-praza-de-abastos\/","og_locale":"en_US","og_type":"article","og_title":"A Guarda adxudica por case 50.000\u20ac as obras de mellora na Praza de Abastos - Concello da Guarda","og_description":"O Concello da Guarda ven de adxudicar \u00e1 empresa DENUEVO PUNTO CREATIVO, S.L. por un valor total de 48,865,89\u20ac IVE inclu\u00eddo, o contrato para o proxecto de reforma da Praza de Abastos, que se suma \u00e1s melloras xa realizadas nos &hellip;","og_url":"https:\/\/www.aguarda.es\/en\/a-guarda-adxudica-por-case-50-000e-as-obras-de-mellora-na-praza-de-abastos\/","og_site_name":"Concello da Guarda","article_publisher":"https:\/\/www.facebook.com\/ConcellodaGuarda","article_published_time":"2019-02-06T14:28:17+00:00","og_image":[{"width":800,"height":600,"url":"https:\/\/www.aguarda.es\/wp-content\/uploads\/2019\/02\/NP-06022019-A-Guarda-adxudica-por-case-50.000\u20ac-as-obras-de-mellora-na-Praza-de-Abastos-1.jpg","type":"image\/jpeg"}],"author":"prensa","twitter_card":"summary_large_image","twitter_creator":"@AGuarda_es","twitter_site":"@AGuarda_es","twitter_misc":{"Written by":"prensa","Est. reading time":"1 minute"},"schema":{"@context":"https:\/\/schema.org","@graph":[{"@type":"WebPage","@id":"https:\/\/www.aguarda.es\/en\/a-guarda-adxudica-por-case-50-000e-as-obras-de-mellora-na-praza-de-abastos\/","url":"https:\/\/www.aguarda.es\/en\/a-guarda-adxudica-por-case-50-000e-as-obras-de-mellora-na-praza-de-abastos\/","name":"A Guarda adxudica por case 50.000\u20ac as obras de mellora na Praza de Abastos - Concello da Guarda","isPartOf":{"@id":"https:\/\/www.aguarda.es\/en\/#website"},"datePublished":"2019-02-06T14:28:17+00:00","dateModified":"2019-02-06T14:28:17+00:00","author":{"@id":"https:\/\/www.aguarda.es\/en\/#\/schema\/person\/c463ca3006858ffb349d11179d044f21"},"breadcrumb":{"@id":"https:\/\/www.aguarda.es\/en\/a-guarda-adxudica-por-case-50-000e-as-obras-de-mellora-na-praza-de-abastos\/#breadcrumb"},"inLanguage":"en-US","potentialAction":[{"@type":"ReadAction","target":["https:\/\/www.aguarda.es\/en\/a-guarda-adxudica-por-case-50-000e-as-obras-de-mellora-na-praza-de-abastos\/"]}]},{"@type":"BreadcrumbList","@id":"https:\/\/www.aguarda.es\/en\/a-guarda-adxudica-por-case-50-000e-as-obras-de-mellora-na-praza-de-abastos\/#breadcrumb","itemListElement":[{"@type":"ListItem","position":1,"name":"Portada","item":"https:\/\/www.aguarda.es\/en\/"},{"@type":"ListItem","position":2,"name":"A Guarda adxudica por case 50.000\u20ac as obras de mellora na Praza de Abastos"}]},{"@type":"WebSite","@id":"https:\/\/www.aguarda.es\/en\/#website","url":"https:\/\/www.aguarda.es\/en\/","name":"Concello da Guarda","description":"P\u00e1xina web do concello da Guarda","potentialAction":[{"@type":"SearchAction","target":{"@type":"EntryPoint","urlTemplate":"https:\/\/www.aguarda.es\/en\/?s={search_term_string}"},"query-input":"required name=search_term_string"}],"inLanguage":"en-US"},{"@type":"Person","@id":"https:\/\/www.aguarda.es\/en\/#\/schema\/person\/c463ca3006858ffb349d11179d044f21","name":"prensa","image":{"@type":"ImageObject","inLanguage":"en-US","@id":"https:\/\/www.aguarda.es\/en\/#\/schema\/person\/image\/","url":"https:\/\/secure.gravatar.com\/avatar\/5f90ef536b0f98306edf5c7a1135ffa1?s=96&d=mm&r=g","contentUrl":"https:\/\/secure.gravatar.com\/avatar\/5f90ef536b0f98306edf5c7a1135ffa1?s=96&d=mm&r=g","caption":"prensa"},"url":"https:\/\/www.aguarda.es\/en\/author\/prensa\/"}]}},"_links":{"self":[{"href":"https:\/\/www.aguarda.es\/en\/wp-json\/wp\/v2\/posts\/16545"}],"collection":[{"href":"https:\/\/www.aguarda.es\/en\/wp-json\/wp\/v2\/posts"}],"about":[{"href":"https:\/\/www.aguarda.es\/en\/wp-json\/wp\/v2\/types\/post"}],"author":[{"embeddable":true,"href":"https:\/\/www.aguarda.es\/en\/wp-json\/wp\/v2\/users\/2"}],"replies":[{"embeddable":true,"href":"https:\/\/www.aguarda.es\/en\/wp-json\/wp\/v2\/comments?post=16545"}],"version-history":[{"count":1,"href":"https:\/\/www.aguarda.es\/en\/wp-json\/wp\/v2\/posts\/16545\/revisions"}],"predecessor-version":[{"id":16550,"href":"https:\/\/www.aguarda.es\/en\/wp-json\/wp\/v2\/posts\/16545\/revisions\/16550"}],"wp:featuredmedia":[{"embeddable":true,"href":"https:\/\/www.aguarda.es\/en\/wp-json\/wp\/v2\/media\/16546"}],"wp:attachment":[{"href":"https:\/\/www.aguarda.es\/en\/wp-json\/wp\/v2\/media?parent=16545"}],"wp:term":[{"taxonomy":"category","embeddable":true,"href":"https:\/\/www.aguarda.es\/en\/wp-json\/wp\/v2\/categories?post=16545"},{"taxonomy":"post_tag","embeddable":true,"href":"https:\/\/www.aguarda.es\/en\/wp-json\/wp\/v2\/tags?post=16545"}],"curies":[{"name":"wp","href":"https:\/\/api.w.org\/{rel}","templated":true}]}}