{"id":1660,"date":"2016-03-07T10:02:09","date_gmt":"2016-03-07T10:02:09","guid":{"rendered":"https:\/\/www.aguarda.es\/?p=1660"},"modified":"2016-03-07T10:02:09","modified_gmt":"2016-03-07T10:02:09","slug":"a-alpinista-chus-lago-exerceu-de-madrina-na-ix-gala-do-deporte-guardes","status":"publish","type":"post","link":"https:\/\/www.aguarda.es\/en\/a-alpinista-chus-lago-exerceu-de-madrina-na-ix-gala-do-deporte-guardes\/","title":{"rendered":"A alpinista Chus Lago exerceu de madri\u00f1a na IX Gala do Deporte Guard\u00e9s"},"content":{"rendered":"<p>O acto inclu\u00edu o reco\u00f1ecemento a cinco veci\u00f1as da vila por \u201ctoda unha vida facendo exercicio\u201d. O presentador foi o xornalista Terio Carrera.<\/p>\n<p>  <!--more-->  <\/p>\n<p>Este venres celebrouse no Centro Cultural a IX Gala do Deporte Guard\u00e9s que contou coa presenza da alpinista Chus Lago. Esta reco\u00f1ecida deportista viguesa exerceu de madri\u00f1a do acto presentado polo xornalista deportivo Terio Carrera.<\/p>\n<p>Os aplausos soaron en toda a bancada despois de que o presentador fora nomeando a todos e cada un dos deportistas galardoados nesta noite que, quen verdadeiramente ga\u00f1ou, foi o deporte da Guarda.<\/p>\n<p>O momento m\u00e1is emotivo da gala foi cando se fixo o reco\u00f1ecemento a toda unha vida practicando deporte a cinco veci\u00f1as \u201cmagn\u00edficas\u201d . M\u00aa Asunci\u00f3n Alonso Portela, de 92 a\u00f1os; Carmen Fern\u00e1ndez Cadilla, de 90 a\u00f1os; Josefina Alonso Portela, de 89; Visitaci\u00f3n Mart\u00ednez Baz, de 80; e Dolores Mart\u00ednez Baz, de 76 a\u00f1os subiron ao escenario para recoller tan merecido galard\u00f3n.<\/p>\n<p>Chus Lago quixo aproveitar a ocasi\u00f3n para, ademais de falar das s\u00faas andanzas en Laponia ou os seus futuros proxectos, mandar unha mensaxe de concienciaci\u00f3n co medio ambiente.<\/p>\n<p>A gala terminou cunha gran foto de familia con todos os galardoados acompa\u00f1ados pola reco\u00f1ecida alpinista e polo alcalde guard\u00e9s, Antonio Lomba, quen non dubidou en felicitar a todos os deportistas e tam\u00e9n as s\u00faas familias e en anunciar que no pr\u00f3ximo pleno se aprobar\u00e1n, finalmente, unhas novas bolsas para deportistas que te\u00f1an que viaxar para participar en diferentes competici\u00f3ns.<\/p>\n<p><em><strong>Relaci\u00f3n de galardoados nesta IX Gala do Deporte Guard\u00e9s<\/strong><\/em><\/p>\n<p><em>Reco\u00f1ecemento como mellores deportistas 2015:<\/em><br \/>1. Henar Baz Lomba (judoka do majo)<br \/>2. Aser Est\u00e9vez\u00a0 Cividanes\u00a0 ( ciclista ) <br \/>3. Yahir Pena Peniza (judoka do majo)<br \/>4. Alejandro Pena Peniza (judoka do majo)<br \/>5. Rosal\u00eda Soler (nataci\u00f3n)<br \/>6. Carlos Lomba M\u00edguez (loita ol\u00edmpica)<br \/>7. Luc\u00eda Ameal Pereira (portera f\u00fatbol)<br \/>8. Carlos Reboredo Diego (judoka do majo)<br \/>9. Brais Pereira Amor\u00edn (judoka do majo)<br \/>10. Tecla Cadilla Acevedo ( judoka do majo)<br \/>11. Sergio Rodr\u00edguez Teixeira (atleta)<br \/>12. Rodrigo Conde Romero (remo robaleira)<br \/>13. Jes\u00fas Gonz\u00e1lez \u00c1lvarez ( remo robaleira) <br \/>14. Sergio P\u00e9rez Moreno ( remo robaleira) \u00a0<br \/>15. Nuria Dom\u00ednguez Asensio ( remo robaleira)<br \/>16. Dami\u00e1n Alonso Alonso ( remo)\u00a0\u00a0\u00a0 \u00a0<\/p>\n<p><em>Reco\u00f1emento a mellor iniciativa deportiva<\/em> :trail monte trega<\/p>\n<p><em>Reco\u00f1ecemento pola s\u00faa difusi\u00f3n da pr\u00e1ctica deportiva entre toda a poboaci\u00f3n: piscina municipa<\/em>l : empresa transgalaica<\/p>\n<p><em>Reco\u00f1ecemento aos mellores equipos 2015:<\/em><\/p>\n<p><strong>Do club san xerome :<\/strong><\/p>\n<p>Equipo de baloncesto feminino: campe\u00f3n da liga de baloncesto fgda 2015 ( adestrador: David Parada Fern\u00e1ndez) composto por: Jennifer \u00c1lvarez Gonz\u00e1lez , Celia L\u00f3pez Camacho, Andrea Pi\u00f1a Garc\u00eda, Nuria Pereira M\u00e9ndez, Mar\u00eda Fernanda Garc\u00eda Ordu\u00f1a, Rosal\u00eda Gonz\u00e1lez Fonseca, Maria Teresa Rodr\u00edguez Barros, Maite Santos Fern\u00e1ndez, Vanesa Mart\u00ednez Dacu\u00f1a. <\/p>\n<p>Equipo de atletismo: medalla de bronce no campeonato de Espa\u00f1a de campo a trav\u00e9s 2015 ( adestrador: Roberto Mart\u00ednez Trigo) composto por: Luis Antonio S\u00e1ndez Garc\u00eda, Armando Verde Moreira , Borja Cadilla Lomba. <\/p>\n<p><strong>Do club de remo robaleira<\/strong> ( club que actualmente ocupa no ranking nacional o 8\u00ba posto e o 1\u00ba galego)<\/p>\n<p>Equipo xuvenil masculino oro no campionato galego de erg\u00f3metros por equipos, plata no galego e nacional de bateis e oro no galego e plata no nacional de trainerillas, formado por: Rodrigo Conde Romero, Gabriel Lozoya Gonz\u00e1lez, V\u00edctor N\u00fa\u00f1ez Quintela, Adri\u00e1n Gonz\u00e1lez Fern\u00e1ndez, No\u00e9 Dom\u00ednguez Pombal, Francisco Dom\u00ednguez Barreiro, Fernando Rivero \u00c1lvarez, Samuel Sobrino Duarte e Fernando Verde Lomba.<\/p>\n<p>Equipo xuvenil feminino oro no campionato galego de erg\u00f3metros por equipos, en batel oro no campionato galego e plata no nacional, formado por Eva Mari\u00f1o Mart\u00ednez, Paula Pi\u00f1eiro Varela, Raquel Comesa\u00f1a Blanco e Denisse Pena Lest\u00f3n.<\/p>\n<p>Equipo cadete masculino oro no campionato galego de erg\u00f3metro por equipos, en batel plata no campionato galego e bronce no nacional, en banco m\u00f3vil oro no campionato galego de 4x, plata no 2- e bronce no 2x, formado por Miguel Mart\u00ednez Baz, Javier Dom\u00ednguez Juliani, Hugo Aldea Barbosa, Martin Barreiro Baz, Nicol\u00e1s Lomba Alonso e Fernando Verde Lomba.<\/p>\n<p><img decoding=\"async\" loading=\"lazy\" class=\" size-full wp-image-1656\" src=\"https:\/\/www.aguarda.es\/wp-content\/uploads\/2016\/03\/2016_galadeporte6.JPG\" alt=\"\" width=\"600\" height=\"400\" srcset=\"https:\/\/www.aguarda.es\/wp-content\/uploads\/2016\/03\/2016_galadeporte6.JPG 600w, https:\/\/www.aguarda.es\/wp-content\/uploads\/2016\/03\/2016_galadeporte6-570x380.jpg 570w, https:\/\/www.aguarda.es\/wp-content\/uploads\/2016\/03\/2016_galadeporte6-300x200.jpg 300w\" sizes=\"(max-width: 600px) 100vw, 600px\" \/><\/p>\n<p><img decoding=\"async\" loading=\"lazy\" class=\" size-full wp-image-1657\" src=\"https:\/\/www.aguarda.es\/wp-content\/uploads\/2016\/03\/2016_galadeporte4.JPG\" alt=\"\" width=\"400\" height=\"600\" srcset=\"https:\/\/www.aguarda.es\/wp-content\/uploads\/2016\/03\/2016_galadeporte4.JPG 400w, https:\/\/www.aguarda.es\/wp-content\/uploads\/2016\/03\/2016_galadeporte4-200x300.jpg 200w\" sizes=\"(max-width: 400px) 100vw, 400px\" \/><\/p>\n<p><img decoding=\"async\" loading=\"lazy\" class=\" size-full wp-image-1658\" src=\"https:\/\/www.aguarda.es\/wp-content\/uploads\/2016\/03\/2016_galadeporte2.JPG\" alt=\"\" width=\"600\" height=\"400\" srcset=\"https:\/\/www.aguarda.es\/wp-content\/uploads\/2016\/03\/2016_galadeporte2.JPG 600w, https:\/\/www.aguarda.es\/wp-content\/uploads\/2016\/03\/2016_galadeporte2-570x380.jpg 570w, https:\/\/www.aguarda.es\/wp-content\/uploads\/2016\/03\/2016_galadeporte2-300x200.jpg 300w\" sizes=\"(max-width: 600px) 100vw, 600px\" \/><\/p>\n<p><img decoding=\"async\" loading=\"lazy\" class=\" size-full wp-image-1659\" src=\"https:\/\/www.aguarda.es\/wp-content\/uploads\/2016\/03\/2016_galadeporte3.JPG\" alt=\"\" width=\"600\" height=\"400\" srcset=\"https:\/\/www.aguarda.es\/wp-content\/uploads\/2016\/03\/2016_galadeporte3.JPG 600w, https:\/\/www.aguarda.es\/wp-content\/uploads\/2016\/03\/2016_galadeporte3-570x380.jpg 570w, https:\/\/www.aguarda.es\/wp-content\/uploads\/2016\/03\/2016_galadeporte3-300x200.jpg 300w\" sizes=\"(max-width: 600px) 100vw, 600px\" \/><\/p>\n","protected":false},"excerpt":{"rendered":"<p>O acto inclu\u00edu o reco\u00f1ecemento a cinco veci\u00f1as da vila por \u201ctoda unha vida facendo exercicio\u201d. O presentador foi o xornalista Terio Carrera.<\/p>\n","protected":false},"author":1,"featured_media":1659,"comment_status":"open","ping_status":"open","sticky":false,"template":"","format":"standard","meta":[],"categories":[35],"tags":[],"yoast_head":"<!-- This site is optimized with the Yoast SEO plugin v21.1 - https:\/\/yoast.com\/wordpress\/plugins\/seo\/ -->\n<title>A alpinista Chus Lago exerceu de madri\u00f1a na IX Gala do Deporte Guard\u00e9s - Concello da Guarda<\/title>\n<meta name=\"robots\" content=\"index, follow, max-snippet:-1, max-image-preview:large, max-video-preview:-1\" \/>\n<link rel=\"canonical\" href=\"https:\/\/www.aguarda.es\/en\/a-alpinista-chus-lago-exerceu-de-madrina-na-ix-gala-do-deporte-guardes\/\" \/>\n<meta property=\"og:locale\" content=\"en_US\" \/>\n<meta property=\"og:type\" content=\"article\" \/>\n<meta property=\"og:title\" content=\"A alpinista Chus Lago exerceu de madri\u00f1a na IX Gala do Deporte Guard\u00e9s - Concello da Guarda\" \/>\n<meta property=\"og:description\" content=\"O acto inclu\u00edu o reco\u00f1ecemento a cinco veci\u00f1as da vila por \u201ctoda unha vida facendo exercicio\u201d. O presentador foi o xornalista Terio Carrera.\" \/>\n<meta property=\"og:url\" content=\"https:\/\/www.aguarda.es\/en\/a-alpinista-chus-lago-exerceu-de-madrina-na-ix-gala-do-deporte-guardes\/\" \/>\n<meta property=\"og:site_name\" content=\"Concello da Guarda\" \/>\n<meta property=\"article:publisher\" content=\"https:\/\/www.facebook.com\/ConcellodaGuarda\" \/>\n<meta property=\"article:published_time\" content=\"2016-03-07T10:02:09+00:00\" \/>\n<meta property=\"og:image\" content=\"https:\/\/www.aguarda.es\/wp-content\/uploads\/2016\/03\/2016_galadeporte3.JPG\" \/>\n\t<meta property=\"og:image:width\" content=\"600\" \/>\n\t<meta property=\"og:image:height\" content=\"400\" \/>\n\t<meta property=\"og:image:type\" content=\"image\/jpeg\" \/>\n<meta name=\"author\" content=\"Concello\" \/>\n<meta name=\"twitter:card\" content=\"summary_large_image\" \/>\n<meta name=\"twitter:creator\" content=\"@AGuarda_es\" \/>\n<meta name=\"twitter:site\" content=\"@AGuarda_es\" \/>\n<meta name=\"twitter:label1\" content=\"Written by\" \/>\n\t<meta name=\"twitter:data1\" content=\"Concello\" \/>\n\t<meta name=\"twitter:label2\" content=\"Est. reading time\" \/>\n\t<meta name=\"twitter:data2\" content=\"3 minutes\" \/>\n<script type=\"application\/ld+json\" class=\"yoast-schema-graph\">{\"@context\":\"https:\/\/schema.org\",\"@graph\":[{\"@type\":\"WebPage\",\"@id\":\"https:\/\/www.aguarda.es\/en\/a-alpinista-chus-lago-exerceu-de-madrina-na-ix-gala-do-deporte-guardes\/\",\"url\":\"https:\/\/www.aguarda.es\/en\/a-alpinista-chus-lago-exerceu-de-madrina-na-ix-gala-do-deporte-guardes\/\",\"name\":\"A alpinista Chus Lago exerceu de madri\u00f1a na IX Gala do Deporte Guard\u00e9s - Concello da Guarda\",\"isPartOf\":{\"@id\":\"https:\/\/www.aguarda.es\/en\/#website\"},\"datePublished\":\"2016-03-07T10:02:09+00:00\",\"dateModified\":\"2016-03-07T10:02:09+00:00\",\"author\":{\"@id\":\"https:\/\/www.aguarda.es\/en\/#\/schema\/person\/ac30f4d74843174f0af56c730f74dd57\"},\"breadcrumb\":{\"@id\":\"https:\/\/www.aguarda.es\/en\/a-alpinista-chus-lago-exerceu-de-madrina-na-ix-gala-do-deporte-guardes\/#breadcrumb\"},\"inLanguage\":\"en-US\",\"potentialAction\":[{\"@type\":\"ReadAction\",\"target\":[\"https:\/\/www.aguarda.es\/en\/a-alpinista-chus-lago-exerceu-de-madrina-na-ix-gala-do-deporte-guardes\/\"]}]},{\"@type\":\"BreadcrumbList\",\"@id\":\"https:\/\/www.aguarda.es\/en\/a-alpinista-chus-lago-exerceu-de-madrina-na-ix-gala-do-deporte-guardes\/#breadcrumb\",\"itemListElement\":[{\"@type\":\"ListItem\",\"position\":1,\"name\":\"Portada\",\"item\":\"https:\/\/www.aguarda.es\/en\/\"},{\"@type\":\"ListItem\",\"position\":2,\"name\":\"A alpinista Chus Lago exerceu de madri\u00f1a na IX Gala do Deporte Guard\u00e9s\"}]},{\"@type\":\"WebSite\",\"@id\":\"https:\/\/www.aguarda.es\/en\/#website\",\"url\":\"https:\/\/www.aguarda.es\/en\/\",\"name\":\"Concello da Guarda\",\"description\":\"P\u00e1xina web do concello da Guarda\",\"potentialAction\":[{\"@type\":\"SearchAction\",\"target\":{\"@type\":\"EntryPoint\",\"urlTemplate\":\"https:\/\/www.aguarda.es\/en\/?s={search_term_string}\"},\"query-input\":\"required name=search_term_string\"}],\"inLanguage\":\"en-US\"},{\"@type\":\"Person\",\"@id\":\"https:\/\/www.aguarda.es\/en\/#\/schema\/person\/ac30f4d74843174f0af56c730f74dd57\",\"name\":\"Concello\",\"image\":{\"@type\":\"ImageObject\",\"inLanguage\":\"en-US\",\"@id\":\"https:\/\/www.aguarda.es\/en\/#\/schema\/person\/image\/\",\"url\":\"https:\/\/secure.gravatar.com\/avatar\/7eda12a04da40b2ef77eb62e68f07027?s=96&d=mm&r=g\",\"contentUrl\":\"https:\/\/secure.gravatar.com\/avatar\/7eda12a04da40b2ef77eb62e68f07027?s=96&d=mm&r=g\",\"caption\":\"Concello\"},\"url\":\"https:\/\/www.aguarda.es\/en\/author\/admin\/\"}]}<\/script>\n<!-- \/ Yoast SEO plugin. -->","yoast_head_json":{"title":"A alpinista Chus Lago exerceu de madri\u00f1a na IX Gala do Deporte Guard\u00e9s - Concello da Guarda","robots":{"index":"index","follow":"follow","max-snippet":"max-snippet:-1","max-image-preview":"max-image-preview:large","max-video-preview":"max-video-preview:-1"},"canonical":"https:\/\/www.aguarda.es\/en\/a-alpinista-chus-lago-exerceu-de-madrina-na-ix-gala-do-deporte-guardes\/","og_locale":"en_US","og_type":"article","og_title":"A alpinista Chus Lago exerceu de madri\u00f1a na IX Gala do Deporte Guard\u00e9s - Concello da Guarda","og_description":"O acto inclu\u00edu o reco\u00f1ecemento a cinco veci\u00f1as da vila por \u201ctoda unha vida facendo exercicio\u201d. O presentador foi o xornalista Terio Carrera.","og_url":"https:\/\/www.aguarda.es\/en\/a-alpinista-chus-lago-exerceu-de-madrina-na-ix-gala-do-deporte-guardes\/","og_site_name":"Concello da Guarda","article_publisher":"https:\/\/www.facebook.com\/ConcellodaGuarda","article_published_time":"2016-03-07T10:02:09+00:00","og_image":[{"width":600,"height":400,"url":"https:\/\/www.aguarda.es\/wp-content\/uploads\/2016\/03\/2016_galadeporte3.JPG","type":"image\/jpeg"}],"author":"Concello","twitter_card":"summary_large_image","twitter_creator":"@AGuarda_es","twitter_site":"@AGuarda_es","twitter_misc":{"Written by":"Concello","Est. reading time":"3 minutes"},"schema":{"@context":"https:\/\/schema.org","@graph":[{"@type":"WebPage","@id":"https:\/\/www.aguarda.es\/en\/a-alpinista-chus-lago-exerceu-de-madrina-na-ix-gala-do-deporte-guardes\/","url":"https:\/\/www.aguarda.es\/en\/a-alpinista-chus-lago-exerceu-de-madrina-na-ix-gala-do-deporte-guardes\/","name":"A alpinista Chus Lago exerceu de madri\u00f1a na IX Gala do Deporte Guard\u00e9s - Concello da Guarda","isPartOf":{"@id":"https:\/\/www.aguarda.es\/en\/#website"},"datePublished":"2016-03-07T10:02:09+00:00","dateModified":"2016-03-07T10:02:09+00:00","author":{"@id":"https:\/\/www.aguarda.es\/en\/#\/schema\/person\/ac30f4d74843174f0af56c730f74dd57"},"breadcrumb":{"@id":"https:\/\/www.aguarda.es\/en\/a-alpinista-chus-lago-exerceu-de-madrina-na-ix-gala-do-deporte-guardes\/#breadcrumb"},"inLanguage":"en-US","potentialAction":[{"@type":"ReadAction","target":["https:\/\/www.aguarda.es\/en\/a-alpinista-chus-lago-exerceu-de-madrina-na-ix-gala-do-deporte-guardes\/"]}]},{"@type":"BreadcrumbList","@id":"https:\/\/www.aguarda.es\/en\/a-alpinista-chus-lago-exerceu-de-madrina-na-ix-gala-do-deporte-guardes\/#breadcrumb","itemListElement":[{"@type":"ListItem","position":1,"name":"Portada","item":"https:\/\/www.aguarda.es\/en\/"},{"@type":"ListItem","position":2,"name":"A alpinista Chus Lago exerceu de madri\u00f1a na IX Gala do Deporte Guard\u00e9s"}]},{"@type":"WebSite","@id":"https:\/\/www.aguarda.es\/en\/#website","url":"https:\/\/www.aguarda.es\/en\/","name":"Concello da Guarda","description":"P\u00e1xina web do concello da Guarda","potentialAction":[{"@type":"SearchAction","target":{"@type":"EntryPoint","urlTemplate":"https:\/\/www.aguarda.es\/en\/?s={search_term_string}"},"query-input":"required name=search_term_string"}],"inLanguage":"en-US"},{"@type":"Person","@id":"https:\/\/www.aguarda.es\/en\/#\/schema\/person\/ac30f4d74843174f0af56c730f74dd57","name":"Concello","image":{"@type":"ImageObject","inLanguage":"en-US","@id":"https:\/\/www.aguarda.es\/en\/#\/schema\/person\/image\/","url":"https:\/\/secure.gravatar.com\/avatar\/7eda12a04da40b2ef77eb62e68f07027?s=96&d=mm&r=g","contentUrl":"https:\/\/secure.gravatar.com\/avatar\/7eda12a04da40b2ef77eb62e68f07027?s=96&d=mm&r=g","caption":"Concello"},"url":"https:\/\/www.aguarda.es\/en\/author\/admin\/"}]}},"_links":{"self":[{"href":"https:\/\/www.aguarda.es\/en\/wp-json\/wp\/v2\/posts\/1660"}],"collection":[{"href":"https:\/\/www.aguarda.es\/en\/wp-json\/wp\/v2\/posts"}],"about":[{"href":"https:\/\/www.aguarda.es\/en\/wp-json\/wp\/v2\/types\/post"}],"author":[{"embeddable":true,"href":"https:\/\/www.aguarda.es\/en\/wp-json\/wp\/v2\/users\/1"}],"replies":[{"embeddable":true,"href":"https:\/\/www.aguarda.es\/en\/wp-json\/wp\/v2\/comments?post=1660"}],"version-history":[{"count":0,"href":"https:\/\/www.aguarda.es\/en\/wp-json\/wp\/v2\/posts\/1660\/revisions"}],"wp:featuredmedia":[{"embeddable":true,"href":"https:\/\/www.aguarda.es\/en\/wp-json\/wp\/v2\/media\/1659"}],"wp:attachment":[{"href":"https:\/\/www.aguarda.es\/en\/wp-json\/wp\/v2\/media?parent=1660"}],"wp:term":[{"taxonomy":"category","embeddable":true,"href":"https:\/\/www.aguarda.es\/en\/wp-json\/wp\/v2\/categories?post=1660"},{"taxonomy":"post_tag","embeddable":true,"href":"https:\/\/www.aguarda.es\/en\/wp-json\/wp\/v2\/tags?post=1660"}],"curies":[{"name":"wp","href":"https:\/\/api.w.org\/{rel}","templated":true}]}}