{"id":16618,"date":"2019-02-11T12:16:25","date_gmt":"2019-02-11T12:16:25","guid":{"rendered":"https:\/\/www.aguarda.es\/?p=16618"},"modified":"2019-02-11T12:16:25","modified_gmt":"2019-02-11T12:16:25","slug":"a-guarda-presente-no-20a-salon-internacional-de-turismo-gastronomico-en-ourense","status":"publish","type":"post","link":"https:\/\/www.aguarda.es\/en\/a-guarda-presente-no-20a-salon-internacional-de-turismo-gastronomico-en-ourense\/","title":{"rendered":"A Guarda presente no 20\u00aa Sal\u00f3n Internacional de Turismo Gastron\u00f3mico en Ourense"},"content":{"rendered":"<p style=\"text-align: justify\">O Concello da Guarda estivo representado a pasada semana na 20\u00ba edici\u00f3n do Sal\u00f3n Internacional de Turismo Gastron\u00f3mico celebrado en Expourense, evento que contou coa participaci\u00f3n de 283 expositores e a presenza de 12 pa\u00edses.<\/p>\n<p style=\"text-align: justify\">Ao longo de 5 d\u00edas esta feira recibiu m\u00e1is de 24.000 visitas, contando con numerosos showcookings, demostraci\u00f3n de produtos, conferencias catas de vi\u00f1os e moitas actividades de promoci\u00f3n tur\u00edstica e gastron\u00f3mica.<\/p>\n<p style=\"text-align: justify\"><img decoding=\"async\" loading=\"lazy\" class=\"alignleft size-full wp-image-16623\" src=\"https:\/\/www.aguarda.es\/wp-content\/uploads\/2019\/02\/NP-11022019-A-Guarda-presente-no-20\u00aa-Sal\u00f3n-Internacional-de-Turismo-Gastron\u00f3mico-en-Ourense-2.jpg\" alt=\"Un escaparate ideal para a promoci\u00f3n do Concello da Guarda a trav\u00e9s do Restaurante Xeito que rexenta Carmen Baz, quen ofertou o men\u00fa \u00abPorto da Guarda\u00bb contando cos pratos t\u00edpicos da coci\u00f1a mari\u00f1eira como o polbo, o peixe espada e, como non, a lagosta da Guarda.\" width=\"800\" height=\"600\" srcset=\"https:\/\/www.aguarda.es\/wp-content\/uploads\/2019\/02\/NP-11022019-A-Guarda-presente-no-20\u00aa-Sal\u00f3n-Internacional-de-Turismo-Gastron\u00f3mico-en-Ourense-2.jpg 800w, https:\/\/www.aguarda.es\/wp-content\/uploads\/2019\/02\/NP-11022019-A-Guarda-presente-no-20\u00aa-Sal\u00f3n-Internacional-de-Turismo-Gastron\u00f3mico-en-Ourense-2-300x225.jpg 300w, https:\/\/www.aguarda.es\/wp-content\/uploads\/2019\/02\/NP-11022019-A-Guarda-presente-no-20\u00aa-Sal\u00f3n-Internacional-de-Turismo-Gastron\u00f3mico-en-Ourense-2-768x576.jpg 768w, https:\/\/www.aguarda.es\/wp-content\/uploads\/2019\/02\/NP-11022019-A-Guarda-presente-no-20\u00aa-Sal\u00f3n-Internacional-de-Turismo-Gastron\u00f3mico-en-Ourense-2-570x428.jpg 570w\" sizes=\"(max-width: 800px) 100vw, 800px\" \/><img decoding=\"async\" loading=\"lazy\" class=\"alignleft size-full wp-image-16621\" src=\"https:\/\/www.aguarda.es\/wp-content\/uploads\/2019\/02\/NP-11022019-A-Guarda-presente-no-20\u00aa-Sal\u00f3n-Internacional-de-Turismo-Gastron\u00f3mico-en-Ourense-1.jpg\" alt=\"Un escaparate ideal para a promoci\u00f3n do Concello da Guarda a trav\u00e9s do Restaurante Xeito que rexenta Carmen Baz, quen ofertou o men\u00fa \u00abPorto da Guarda\u00bb contando cos pratos t\u00edpicos da coci\u00f1a mari\u00f1eira como o polbo, o peixe espada e, como non, a lagosta da Guarda.\" width=\"800\" height=\"600\" srcset=\"https:\/\/www.aguarda.es\/wp-content\/uploads\/2019\/02\/NP-11022019-A-Guarda-presente-no-20\u00aa-Sal\u00f3n-Internacional-de-Turismo-Gastron\u00f3mico-en-Ourense-1.jpg 800w, https:\/\/www.aguarda.es\/wp-content\/uploads\/2019\/02\/NP-11022019-A-Guarda-presente-no-20\u00aa-Sal\u00f3n-Internacional-de-Turismo-Gastron\u00f3mico-en-Ourense-1-300x225.jpg 300w, https:\/\/www.aguarda.es\/wp-content\/uploads\/2019\/02\/NP-11022019-A-Guarda-presente-no-20\u00aa-Sal\u00f3n-Internacional-de-Turismo-Gastron\u00f3mico-en-Ourense-1-768x576.jpg 768w, https:\/\/www.aguarda.es\/wp-content\/uploads\/2019\/02\/NP-11022019-A-Guarda-presente-no-20\u00aa-Sal\u00f3n-Internacional-de-Turismo-Gastron\u00f3mico-en-Ourense-1-570x428.jpg 570w\" sizes=\"(max-width: 800px) 100vw, 800px\" \/>Un escaparate ideal para a promoci\u00f3n do Concello da Guarda a trav\u00e9s do Restaurante Xeito que rexenta Carmen Baz, quen ofertou o men\u00fa \u00abPorto da Guarda\u00bb contando cos pratos t\u00edpicos da coci\u00f1a mari\u00f1eira como o polbo, o peixe espada e, como non, a lagosta da Guarda.<\/p>\n<p style=\"text-align: justify\">En palabras de Carmen Baz \u00abeste \u00e9 o 14\u00ba ano que participamos e a lagosta da Guarda tivo moito \u00e9xito, recibindo numerosos agradecementos e parab\u00e9ns dos comensais\u00bb.<\/p>\n<p style=\"text-align: center\"><img decoding=\"async\" loading=\"lazy\" class=\"alignleft size-full wp-image-16627\" src=\"https:\/\/www.aguarda.es\/wp-content\/uploads\/2019\/02\/NP-11022019-A-Guarda-presente-no-20\u00aa-Sal\u00f3n-Internacional-de-Turismo-Gastron\u00f3mico-en-Ourense-4.jpg\" alt=\"Un escaparate ideal para a promoci\u00f3n do Concello da Guarda a trav\u00e9s do Restaurante Xeito que rexenta Carmen Baz, quen ofertou o men\u00fa \u00abPorto da Guarda\u00bb contando cos pratos t\u00edpicos da coci\u00f1a mari\u00f1eira como o polbo, o peixe espada e, como non, a lagosta da Guarda.\" width=\"800\" height=\"600\" srcset=\"https:\/\/www.aguarda.es\/wp-content\/uploads\/2019\/02\/NP-11022019-A-Guarda-presente-no-20\u00aa-Sal\u00f3n-Internacional-de-Turismo-Gastron\u00f3mico-en-Ourense-4.jpg 800w, https:\/\/www.aguarda.es\/wp-content\/uploads\/2019\/02\/NP-11022019-A-Guarda-presente-no-20\u00aa-Sal\u00f3n-Internacional-de-Turismo-Gastron\u00f3mico-en-Ourense-4-300x225.jpg 300w, https:\/\/www.aguarda.es\/wp-content\/uploads\/2019\/02\/NP-11022019-A-Guarda-presente-no-20\u00aa-Sal\u00f3n-Internacional-de-Turismo-Gastron\u00f3mico-en-Ourense-4-768x576.jpg 768w, https:\/\/www.aguarda.es\/wp-content\/uploads\/2019\/02\/NP-11022019-A-Guarda-presente-no-20\u00aa-Sal\u00f3n-Internacional-de-Turismo-Gastron\u00f3mico-en-Ourense-4-570x428.jpg 570w\" sizes=\"(max-width: 800px) 100vw, 800px\" \/><\/p>\n","protected":false},"excerpt":{"rendered":"<p>O Concello da Guarda estivo representado a pasada semana na 20\u00ba edici\u00f3n do Sal\u00f3n Internacional de Turismo Gastron\u00f3mico celebrado en Expourense, evento que contou coa participaci\u00f3n de 283 expositores e a presenza de 12 pa\u00edses. Ao longo de 5 d\u00edas &hellip; <\/p>\n","protected":false},"author":2,"featured_media":16625,"comment_status":"open","ping_status":"open","sticky":false,"template":"","format":"standard","meta":[],"categories":[56,33],"tags":[226,233,232,1649],"yoast_head":"<!-- This site is optimized with the Yoast SEO plugin v21.1 - https:\/\/yoast.com\/wordpress\/plugins\/seo\/ -->\n<title>A Guarda presente no 20\u00aa Sal\u00f3n Internacional de Turismo Gastron\u00f3mico en Ourense - Concello da Guarda<\/title>\n<meta name=\"robots\" content=\"index, follow, max-snippet:-1, max-image-preview:large, max-video-preview:-1\" \/>\n<link rel=\"canonical\" href=\"https:\/\/www.aguarda.es\/en\/a-guarda-presente-no-20a-salon-internacional-de-turismo-gastronomico-en-ourense\/\" \/>\n<meta property=\"og:locale\" content=\"en_US\" \/>\n<meta property=\"og:type\" content=\"article\" \/>\n<meta property=\"og:title\" content=\"A Guarda presente no 20\u00aa Sal\u00f3n Internacional de Turismo Gastron\u00f3mico en Ourense - Concello da Guarda\" \/>\n<meta property=\"og:description\" content=\"O Concello da Guarda estivo representado a pasada semana na 20\u00ba edici\u00f3n do Sal\u00f3n Internacional de Turismo Gastron\u00f3mico celebrado en Expourense, evento que contou coa participaci\u00f3n de 283 expositores e a presenza de 12 pa\u00edses. Ao longo de 5 d\u00edas &hellip;\" \/>\n<meta property=\"og:url\" content=\"https:\/\/www.aguarda.es\/en\/a-guarda-presente-no-20a-salon-internacional-de-turismo-gastronomico-en-ourense\/\" \/>\n<meta property=\"og:site_name\" content=\"Concello da Guarda\" \/>\n<meta property=\"article:publisher\" content=\"https:\/\/www.facebook.com\/ConcellodaGuarda\" \/>\n<meta property=\"article:published_time\" content=\"2019-02-11T12:16:25+00:00\" \/>\n<meta property=\"og:image\" content=\"https:\/\/www.aguarda.es\/wp-content\/uploads\/2019\/02\/NP-11022019-A-Guarda-presente-no-20\u00aa-Sal\u00f3n-Internacional-de-Turismo-Gastron\u00f3mico-en-Ourense-3.jpg\" \/>\n\t<meta property=\"og:image:width\" content=\"800\" \/>\n\t<meta property=\"og:image:height\" content=\"600\" \/>\n\t<meta property=\"og:image:type\" content=\"image\/jpeg\" \/>\n<meta name=\"author\" content=\"prensa\" \/>\n<meta name=\"twitter:card\" content=\"summary_large_image\" \/>\n<meta name=\"twitter:creator\" content=\"@AGuarda_es\" \/>\n<meta name=\"twitter:site\" content=\"@AGuarda_es\" \/>\n<meta name=\"twitter:label1\" content=\"Written by\" \/>\n\t<meta name=\"twitter:data1\" content=\"prensa\" \/>\n\t<meta name=\"twitter:label2\" content=\"Est. reading time\" \/>\n\t<meta name=\"twitter:data2\" content=\"1 minute\" \/>\n<script type=\"application\/ld+json\" class=\"yoast-schema-graph\">{\"@context\":\"https:\/\/schema.org\",\"@graph\":[{\"@type\":\"WebPage\",\"@id\":\"https:\/\/www.aguarda.es\/en\/a-guarda-presente-no-20a-salon-internacional-de-turismo-gastronomico-en-ourense\/\",\"url\":\"https:\/\/www.aguarda.es\/en\/a-guarda-presente-no-20a-salon-internacional-de-turismo-gastronomico-en-ourense\/\",\"name\":\"A Guarda presente no 20\u00aa Sal\u00f3n Internacional de Turismo Gastron\u00f3mico en Ourense - Concello da Guarda\",\"isPartOf\":{\"@id\":\"https:\/\/www.aguarda.es\/en\/#website\"},\"datePublished\":\"2019-02-11T12:16:25+00:00\",\"dateModified\":\"2019-02-11T12:16:25+00:00\",\"author\":{\"@id\":\"https:\/\/www.aguarda.es\/en\/#\/schema\/person\/c463ca3006858ffb349d11179d044f21\"},\"breadcrumb\":{\"@id\":\"https:\/\/www.aguarda.es\/en\/a-guarda-presente-no-20a-salon-internacional-de-turismo-gastronomico-en-ourense\/#breadcrumb\"},\"inLanguage\":\"en-US\",\"potentialAction\":[{\"@type\":\"ReadAction\",\"target\":[\"https:\/\/www.aguarda.es\/en\/a-guarda-presente-no-20a-salon-internacional-de-turismo-gastronomico-en-ourense\/\"]}]},{\"@type\":\"BreadcrumbList\",\"@id\":\"https:\/\/www.aguarda.es\/en\/a-guarda-presente-no-20a-salon-internacional-de-turismo-gastronomico-en-ourense\/#breadcrumb\",\"itemListElement\":[{\"@type\":\"ListItem\",\"position\":1,\"name\":\"Portada\",\"item\":\"https:\/\/www.aguarda.es\/en\/\"},{\"@type\":\"ListItem\",\"position\":2,\"name\":\"A Guarda presente no 20\u00aa Sal\u00f3n Internacional de Turismo Gastron\u00f3mico en Ourense\"}]},{\"@type\":\"WebSite\",\"@id\":\"https:\/\/www.aguarda.es\/en\/#website\",\"url\":\"https:\/\/www.aguarda.es\/en\/\",\"name\":\"Concello da Guarda\",\"description\":\"P\u00e1xina web do concello da Guarda\",\"potentialAction\":[{\"@type\":\"SearchAction\",\"target\":{\"@type\":\"EntryPoint\",\"urlTemplate\":\"https:\/\/www.aguarda.es\/en\/?s={search_term_string}\"},\"query-input\":\"required name=search_term_string\"}],\"inLanguage\":\"en-US\"},{\"@type\":\"Person\",\"@id\":\"https:\/\/www.aguarda.es\/en\/#\/schema\/person\/c463ca3006858ffb349d11179d044f21\",\"name\":\"prensa\",\"image\":{\"@type\":\"ImageObject\",\"inLanguage\":\"en-US\",\"@id\":\"https:\/\/www.aguarda.es\/en\/#\/schema\/person\/image\/\",\"url\":\"https:\/\/secure.gravatar.com\/avatar\/5f90ef536b0f98306edf5c7a1135ffa1?s=96&d=mm&r=g\",\"contentUrl\":\"https:\/\/secure.gravatar.com\/avatar\/5f90ef536b0f98306edf5c7a1135ffa1?s=96&d=mm&r=g\",\"caption\":\"prensa\"},\"url\":\"https:\/\/www.aguarda.es\/en\/author\/prensa\/\"}]}<\/script>\n<!-- \/ Yoast SEO plugin. -->","yoast_head_json":{"title":"A Guarda presente no 20\u00aa Sal\u00f3n Internacional de Turismo Gastron\u00f3mico en Ourense - Concello da Guarda","robots":{"index":"index","follow":"follow","max-snippet":"max-snippet:-1","max-image-preview":"max-image-preview:large","max-video-preview":"max-video-preview:-1"},"canonical":"https:\/\/www.aguarda.es\/en\/a-guarda-presente-no-20a-salon-internacional-de-turismo-gastronomico-en-ourense\/","og_locale":"en_US","og_type":"article","og_title":"A Guarda presente no 20\u00aa Sal\u00f3n Internacional de Turismo Gastron\u00f3mico en Ourense - Concello da Guarda","og_description":"O Concello da Guarda estivo representado a pasada semana na 20\u00ba edici\u00f3n do Sal\u00f3n Internacional de Turismo Gastron\u00f3mico celebrado en Expourense, evento que contou coa participaci\u00f3n de 283 expositores e a presenza de 12 pa\u00edses. Ao longo de 5 d\u00edas &hellip;","og_url":"https:\/\/www.aguarda.es\/en\/a-guarda-presente-no-20a-salon-internacional-de-turismo-gastronomico-en-ourense\/","og_site_name":"Concello da Guarda","article_publisher":"https:\/\/www.facebook.com\/ConcellodaGuarda","article_published_time":"2019-02-11T12:16:25+00:00","og_image":[{"width":800,"height":600,"url":"https:\/\/www.aguarda.es\/wp-content\/uploads\/2019\/02\/NP-11022019-A-Guarda-presente-no-20\u00aa-Sal\u00f3n-Internacional-de-Turismo-Gastron\u00f3mico-en-Ourense-3.jpg","type":"image\/jpeg"}],"author":"prensa","twitter_card":"summary_large_image","twitter_creator":"@AGuarda_es","twitter_site":"@AGuarda_es","twitter_misc":{"Written by":"prensa","Est. reading time":"1 minute"},"schema":{"@context":"https:\/\/schema.org","@graph":[{"@type":"WebPage","@id":"https:\/\/www.aguarda.es\/en\/a-guarda-presente-no-20a-salon-internacional-de-turismo-gastronomico-en-ourense\/","url":"https:\/\/www.aguarda.es\/en\/a-guarda-presente-no-20a-salon-internacional-de-turismo-gastronomico-en-ourense\/","name":"A Guarda presente no 20\u00aa Sal\u00f3n Internacional de Turismo Gastron\u00f3mico en Ourense - Concello da Guarda","isPartOf":{"@id":"https:\/\/www.aguarda.es\/en\/#website"},"datePublished":"2019-02-11T12:16:25+00:00","dateModified":"2019-02-11T12:16:25+00:00","author":{"@id":"https:\/\/www.aguarda.es\/en\/#\/schema\/person\/c463ca3006858ffb349d11179d044f21"},"breadcrumb":{"@id":"https:\/\/www.aguarda.es\/en\/a-guarda-presente-no-20a-salon-internacional-de-turismo-gastronomico-en-ourense\/#breadcrumb"},"inLanguage":"en-US","potentialAction":[{"@type":"ReadAction","target":["https:\/\/www.aguarda.es\/en\/a-guarda-presente-no-20a-salon-internacional-de-turismo-gastronomico-en-ourense\/"]}]},{"@type":"BreadcrumbList","@id":"https:\/\/www.aguarda.es\/en\/a-guarda-presente-no-20a-salon-internacional-de-turismo-gastronomico-en-ourense\/#breadcrumb","itemListElement":[{"@type":"ListItem","position":1,"name":"Portada","item":"https:\/\/www.aguarda.es\/en\/"},{"@type":"ListItem","position":2,"name":"A Guarda presente no 20\u00aa Sal\u00f3n Internacional de Turismo Gastron\u00f3mico en Ourense"}]},{"@type":"WebSite","@id":"https:\/\/www.aguarda.es\/en\/#website","url":"https:\/\/www.aguarda.es\/en\/","name":"Concello da Guarda","description":"P\u00e1xina web do concello da Guarda","potentialAction":[{"@type":"SearchAction","target":{"@type":"EntryPoint","urlTemplate":"https:\/\/www.aguarda.es\/en\/?s={search_term_string}"},"query-input":"required name=search_term_string"}],"inLanguage":"en-US"},{"@type":"Person","@id":"https:\/\/www.aguarda.es\/en\/#\/schema\/person\/c463ca3006858ffb349d11179d044f21","name":"prensa","image":{"@type":"ImageObject","inLanguage":"en-US","@id":"https:\/\/www.aguarda.es\/en\/#\/schema\/person\/image\/","url":"https:\/\/secure.gravatar.com\/avatar\/5f90ef536b0f98306edf5c7a1135ffa1?s=96&d=mm&r=g","contentUrl":"https:\/\/secure.gravatar.com\/avatar\/5f90ef536b0f98306edf5c7a1135ffa1?s=96&d=mm&r=g","caption":"prensa"},"url":"https:\/\/www.aguarda.es\/en\/author\/prensa\/"}]}},"_links":{"self":[{"href":"https:\/\/www.aguarda.es\/en\/wp-json\/wp\/v2\/posts\/16618"}],"collection":[{"href":"https:\/\/www.aguarda.es\/en\/wp-json\/wp\/v2\/posts"}],"about":[{"href":"https:\/\/www.aguarda.es\/en\/wp-json\/wp\/v2\/types\/post"}],"author":[{"embeddable":true,"href":"https:\/\/www.aguarda.es\/en\/wp-json\/wp\/v2\/users\/2"}],"replies":[{"embeddable":true,"href":"https:\/\/www.aguarda.es\/en\/wp-json\/wp\/v2\/comments?post=16618"}],"version-history":[{"count":2,"href":"https:\/\/www.aguarda.es\/en\/wp-json\/wp\/v2\/posts\/16618\/revisions"}],"predecessor-version":[{"id":16630,"href":"https:\/\/www.aguarda.es\/en\/wp-json\/wp\/v2\/posts\/16618\/revisions\/16630"}],"wp:featuredmedia":[{"embeddable":true,"href":"https:\/\/www.aguarda.es\/en\/wp-json\/wp\/v2\/media\/16625"}],"wp:attachment":[{"href":"https:\/\/www.aguarda.es\/en\/wp-json\/wp\/v2\/media?parent=16618"}],"wp:term":[{"taxonomy":"category","embeddable":true,"href":"https:\/\/www.aguarda.es\/en\/wp-json\/wp\/v2\/categories?post=16618"},{"taxonomy":"post_tag","embeddable":true,"href":"https:\/\/www.aguarda.es\/en\/wp-json\/wp\/v2\/tags?post=16618"}],"curies":[{"name":"wp","href":"https:\/\/api.w.org\/{rel}","templated":true}]}}