{"id":1676,"date":"2016-03-16T07:16:45","date_gmt":"2016-03-16T07:16:45","guid":{"rendered":"https:\/\/www.aguarda.es\/?p=1676"},"modified":"2016-03-16T07:16:45","modified_gmt":"2016-03-16T07:16:45","slug":"contos-contados-a-arbore-das-letras-este-sabado-na-biblioteca-municipal","status":"publish","type":"post","link":"https:\/\/www.aguarda.es\/en\/contos-contados-a-arbore-das-letras-este-sabado-na-biblioteca-municipal\/","title":{"rendered":"\u201cContos Contados: A \u00e1rbore das letras\u201d, este s\u00e1bado na Biblioteca Municipal"},"content":{"rendered":"<p>A programaci\u00f3n desta actividade se alonga ata o mes de xu\u00f1o. Haber\u00e1 un homenaxe a Manuel Mar\u00eda, conmemoraci\u00f3n o d\u00eda do libro infantil e a actuaci\u00f3n do \u201cLobo Bobo\u201d<\/p>\n<p>  <!--more-->  <\/p>\n<p>Este s\u00e1bado, 19 de marzo, cel\u00e9brase na Biblioteca Municipal da Guarda unha nova edici\u00f3n de Contos Contados. Nesta ocasi\u00f3n, o tema a tratar ser\u00e1 a poes\u00eda xa que no mes de marzo conmem\u00f3rase o d\u00eda deste x\u00e9nero literario.<\/p>\n<p>Os nenos e nenas que participen nesta actividade, que dar\u00e1 comezo \u00e1s 11 horas, poder\u00e1n, ademais de escoitar verbas de diferentes poemas, participar na montaxe de \u201cA \u00e1rbore das letras\u201d. Os rapaces pintar\u00e1n en diferentes formatos letras para conformar un poema que colgar\u00e1n das ramas dunha \u00e1rbore. <\/p>\n<p>O resultado deste obradoiro quedar\u00e1 exposto na Biblioteca Municipal para que poida ser visto por todos os usuarios.<\/p>\n<p><em><strong>Seguintes citas<\/strong><\/em><\/p>\n<p>O Concello da Guarda ten xa programadas as seguintes citas de \u201cContos Contados\u201d. As\u00ed,\u00a0 o 23 de abril, ter\u00e1 lugar a sesi\u00f3n na que se conmemorar\u00e1 o d\u00eda do libro infantil. Ao igual que en outras ocasi\u00f3ns tras a lectura do conto haber\u00e1 un obradoiro.<\/p>\n<p>A seguinte cita ser\u00e1 o sete de maio, nesta ocasi\u00f3n se celebrar\u00e1 unha homenaxe a Manuel Mar\u00eda, autor ao que este ano se adica o D\u00eda das Letras Galegas, a trav\u00e9s do espect\u00e1culo \u201cO poeta do Mi\u00f1o\u201d.<\/p>\n<p>A sesi\u00f3n que por\u00e1 fin a este primeiro ciclo de Contos Contados ser\u00e1 a do 11 de xu\u00f1o. Os nenos e nenas poder\u00e1n gozar da actuaci\u00f3n do \u201cLobo Bobo\u201d e despedirse desta iniciativa ata o mes de outubro.<\/p>\n<p>O Concello da Guarda anima a todos os nenos e nenas a participar nas diferentes citas e agradece a participaci\u00f3n dos veci\u00f1os e veci\u00f1as que os s\u00e1bados acoden aos \u201cContos Contados\u201d.<\/p>\n<p><img decoding=\"async\" loading=\"lazy\" class=\" size-full wp-image-1586\" src=\"https:\/\/www.aguarda.es\/wp-content\/uploads\/2016\/02\/2016_entroido4.JPG\" alt=\"\" width=\"600\" height=\"450\" srcset=\"https:\/\/www.aguarda.es\/wp-content\/uploads\/2016\/02\/2016_entroido4.JPG 600w, https:\/\/www.aguarda.es\/wp-content\/uploads\/2016\/02\/2016_entroido4-570x428.jpg 570w, https:\/\/www.aguarda.es\/wp-content\/uploads\/2016\/02\/2016_entroido4-300x225.jpg 300w\" sizes=\"(max-width: 600px) 100vw, 600px\" \/><\/p>\n","protected":false},"excerpt":{"rendered":"<p>A programaci\u00f3n desta actividade se alonga ata o mes de xu\u00f1o. Haber\u00e1 un homenaxe a Manuel Mar\u00eda, conmemoraci\u00f3n o d\u00eda do libro infantil e a actuaci\u00f3n do \u201cLobo Bobo\u201d<\/p>\n","protected":false},"author":1,"featured_media":1586,"comment_status":"open","ping_status":"open","sticky":false,"template":"","format":"standard","meta":[],"categories":[34],"tags":[],"yoast_head":"<!-- This site is optimized with the Yoast SEO plugin v21.1 - https:\/\/yoast.com\/wordpress\/plugins\/seo\/ -->\n<title>\u201cContos Contados: A \u00e1rbore das letras\u201d, este s\u00e1bado na Biblioteca Municipal - Concello da Guarda<\/title>\n<meta name=\"robots\" content=\"index, follow, max-snippet:-1, max-image-preview:large, max-video-preview:-1\" \/>\n<link rel=\"canonical\" href=\"https:\/\/www.aguarda.es\/en\/contos-contados-a-arbore-das-letras-este-sabado-na-biblioteca-municipal\/\" \/>\n<meta property=\"og:locale\" content=\"en_US\" \/>\n<meta property=\"og:type\" content=\"article\" \/>\n<meta property=\"og:title\" content=\"\u201cContos Contados: A \u00e1rbore das letras\u201d, este s\u00e1bado na Biblioteca Municipal - Concello da Guarda\" \/>\n<meta property=\"og:description\" content=\"A programaci\u00f3n desta actividade se alonga ata o mes de xu\u00f1o. Haber\u00e1 un homenaxe a Manuel Mar\u00eda, conmemoraci\u00f3n o d\u00eda do libro infantil e a actuaci\u00f3n do \u201cLobo Bobo\u201d\" \/>\n<meta property=\"og:url\" content=\"https:\/\/www.aguarda.es\/en\/contos-contados-a-arbore-das-letras-este-sabado-na-biblioteca-municipal\/\" \/>\n<meta property=\"og:site_name\" content=\"Concello da Guarda\" \/>\n<meta property=\"article:publisher\" content=\"https:\/\/www.facebook.com\/ConcellodaGuarda\" \/>\n<meta property=\"article:published_time\" content=\"2016-03-16T07:16:45+00:00\" \/>\n<meta property=\"og:image\" content=\"https:\/\/www.aguarda.es\/wp-content\/uploads\/2016\/02\/2016_entroido4.JPG\" \/>\n\t<meta property=\"og:image:width\" content=\"600\" \/>\n\t<meta property=\"og:image:height\" content=\"450\" \/>\n\t<meta property=\"og:image:type\" content=\"image\/jpeg\" \/>\n<meta name=\"author\" content=\"Concello\" \/>\n<meta name=\"twitter:card\" content=\"summary_large_image\" \/>\n<meta name=\"twitter:creator\" content=\"@AGuarda_es\" \/>\n<meta name=\"twitter:site\" content=\"@AGuarda_es\" \/>\n<meta name=\"twitter:label1\" content=\"Written by\" \/>\n\t<meta name=\"twitter:data1\" content=\"Concello\" \/>\n\t<meta name=\"twitter:label2\" content=\"Est. reading time\" \/>\n\t<meta name=\"twitter:data2\" content=\"2 minutes\" \/>\n<script type=\"application\/ld+json\" class=\"yoast-schema-graph\">{\"@context\":\"https:\/\/schema.org\",\"@graph\":[{\"@type\":\"WebPage\",\"@id\":\"https:\/\/www.aguarda.es\/en\/contos-contados-a-arbore-das-letras-este-sabado-na-biblioteca-municipal\/\",\"url\":\"https:\/\/www.aguarda.es\/en\/contos-contados-a-arbore-das-letras-este-sabado-na-biblioteca-municipal\/\",\"name\":\"\u201cContos Contados: A \u00e1rbore das letras\u201d, este s\u00e1bado na Biblioteca Municipal - Concello da Guarda\",\"isPartOf\":{\"@id\":\"https:\/\/www.aguarda.es\/en\/#website\"},\"datePublished\":\"2016-03-16T07:16:45+00:00\",\"dateModified\":\"2016-03-16T07:16:45+00:00\",\"author\":{\"@id\":\"https:\/\/www.aguarda.es\/en\/#\/schema\/person\/ac30f4d74843174f0af56c730f74dd57\"},\"breadcrumb\":{\"@id\":\"https:\/\/www.aguarda.es\/en\/contos-contados-a-arbore-das-letras-este-sabado-na-biblioteca-municipal\/#breadcrumb\"},\"inLanguage\":\"en-US\",\"potentialAction\":[{\"@type\":\"ReadAction\",\"target\":[\"https:\/\/www.aguarda.es\/en\/contos-contados-a-arbore-das-letras-este-sabado-na-biblioteca-municipal\/\"]}]},{\"@type\":\"BreadcrumbList\",\"@id\":\"https:\/\/www.aguarda.es\/en\/contos-contados-a-arbore-das-letras-este-sabado-na-biblioteca-municipal\/#breadcrumb\",\"itemListElement\":[{\"@type\":\"ListItem\",\"position\":1,\"name\":\"Portada\",\"item\":\"https:\/\/www.aguarda.es\/en\/\"},{\"@type\":\"ListItem\",\"position\":2,\"name\":\"\u201cContos Contados: A \u00e1rbore das letras\u201d, este s\u00e1bado na Biblioteca Municipal\"}]},{\"@type\":\"WebSite\",\"@id\":\"https:\/\/www.aguarda.es\/en\/#website\",\"url\":\"https:\/\/www.aguarda.es\/en\/\",\"name\":\"Concello da Guarda\",\"description\":\"P\u00e1xina web do concello da Guarda\",\"potentialAction\":[{\"@type\":\"SearchAction\",\"target\":{\"@type\":\"EntryPoint\",\"urlTemplate\":\"https:\/\/www.aguarda.es\/en\/?s={search_term_string}\"},\"query-input\":\"required name=search_term_string\"}],\"inLanguage\":\"en-US\"},{\"@type\":\"Person\",\"@id\":\"https:\/\/www.aguarda.es\/en\/#\/schema\/person\/ac30f4d74843174f0af56c730f74dd57\",\"name\":\"Concello\",\"image\":{\"@type\":\"ImageObject\",\"inLanguage\":\"en-US\",\"@id\":\"https:\/\/www.aguarda.es\/en\/#\/schema\/person\/image\/\",\"url\":\"https:\/\/secure.gravatar.com\/avatar\/7eda12a04da40b2ef77eb62e68f07027?s=96&d=mm&r=g\",\"contentUrl\":\"https:\/\/secure.gravatar.com\/avatar\/7eda12a04da40b2ef77eb62e68f07027?s=96&d=mm&r=g\",\"caption\":\"Concello\"},\"url\":\"https:\/\/www.aguarda.es\/en\/author\/admin\/\"}]}<\/script>\n<!-- \/ Yoast SEO plugin. -->","yoast_head_json":{"title":"\u201cContos Contados: A \u00e1rbore das letras\u201d, este s\u00e1bado na Biblioteca Municipal - Concello da Guarda","robots":{"index":"index","follow":"follow","max-snippet":"max-snippet:-1","max-image-preview":"max-image-preview:large","max-video-preview":"max-video-preview:-1"},"canonical":"https:\/\/www.aguarda.es\/en\/contos-contados-a-arbore-das-letras-este-sabado-na-biblioteca-municipal\/","og_locale":"en_US","og_type":"article","og_title":"\u201cContos Contados: A \u00e1rbore das letras\u201d, este s\u00e1bado na Biblioteca Municipal - Concello da Guarda","og_description":"A programaci\u00f3n desta actividade se alonga ata o mes de xu\u00f1o. Haber\u00e1 un homenaxe a Manuel Mar\u00eda, conmemoraci\u00f3n o d\u00eda do libro infantil e a actuaci\u00f3n do \u201cLobo Bobo\u201d","og_url":"https:\/\/www.aguarda.es\/en\/contos-contados-a-arbore-das-letras-este-sabado-na-biblioteca-municipal\/","og_site_name":"Concello da Guarda","article_publisher":"https:\/\/www.facebook.com\/ConcellodaGuarda","article_published_time":"2016-03-16T07:16:45+00:00","og_image":[{"width":600,"height":450,"url":"https:\/\/www.aguarda.es\/wp-content\/uploads\/2016\/02\/2016_entroido4.JPG","type":"image\/jpeg"}],"author":"Concello","twitter_card":"summary_large_image","twitter_creator":"@AGuarda_es","twitter_site":"@AGuarda_es","twitter_misc":{"Written by":"Concello","Est. reading time":"2 minutes"},"schema":{"@context":"https:\/\/schema.org","@graph":[{"@type":"WebPage","@id":"https:\/\/www.aguarda.es\/en\/contos-contados-a-arbore-das-letras-este-sabado-na-biblioteca-municipal\/","url":"https:\/\/www.aguarda.es\/en\/contos-contados-a-arbore-das-letras-este-sabado-na-biblioteca-municipal\/","name":"\u201cContos Contados: A \u00e1rbore das letras\u201d, este s\u00e1bado na Biblioteca Municipal - Concello da Guarda","isPartOf":{"@id":"https:\/\/www.aguarda.es\/en\/#website"},"datePublished":"2016-03-16T07:16:45+00:00","dateModified":"2016-03-16T07:16:45+00:00","author":{"@id":"https:\/\/www.aguarda.es\/en\/#\/schema\/person\/ac30f4d74843174f0af56c730f74dd57"},"breadcrumb":{"@id":"https:\/\/www.aguarda.es\/en\/contos-contados-a-arbore-das-letras-este-sabado-na-biblioteca-municipal\/#breadcrumb"},"inLanguage":"en-US","potentialAction":[{"@type":"ReadAction","target":["https:\/\/www.aguarda.es\/en\/contos-contados-a-arbore-das-letras-este-sabado-na-biblioteca-municipal\/"]}]},{"@type":"BreadcrumbList","@id":"https:\/\/www.aguarda.es\/en\/contos-contados-a-arbore-das-letras-este-sabado-na-biblioteca-municipal\/#breadcrumb","itemListElement":[{"@type":"ListItem","position":1,"name":"Portada","item":"https:\/\/www.aguarda.es\/en\/"},{"@type":"ListItem","position":2,"name":"\u201cContos Contados: A \u00e1rbore das letras\u201d, este s\u00e1bado na Biblioteca Municipal"}]},{"@type":"WebSite","@id":"https:\/\/www.aguarda.es\/en\/#website","url":"https:\/\/www.aguarda.es\/en\/","name":"Concello da Guarda","description":"P\u00e1xina web do concello da Guarda","potentialAction":[{"@type":"SearchAction","target":{"@type":"EntryPoint","urlTemplate":"https:\/\/www.aguarda.es\/en\/?s={search_term_string}"},"query-input":"required name=search_term_string"}],"inLanguage":"en-US"},{"@type":"Person","@id":"https:\/\/www.aguarda.es\/en\/#\/schema\/person\/ac30f4d74843174f0af56c730f74dd57","name":"Concello","image":{"@type":"ImageObject","inLanguage":"en-US","@id":"https:\/\/www.aguarda.es\/en\/#\/schema\/person\/image\/","url":"https:\/\/secure.gravatar.com\/avatar\/7eda12a04da40b2ef77eb62e68f07027?s=96&d=mm&r=g","contentUrl":"https:\/\/secure.gravatar.com\/avatar\/7eda12a04da40b2ef77eb62e68f07027?s=96&d=mm&r=g","caption":"Concello"},"url":"https:\/\/www.aguarda.es\/en\/author\/admin\/"}]}},"_links":{"self":[{"href":"https:\/\/www.aguarda.es\/en\/wp-json\/wp\/v2\/posts\/1676"}],"collection":[{"href":"https:\/\/www.aguarda.es\/en\/wp-json\/wp\/v2\/posts"}],"about":[{"href":"https:\/\/www.aguarda.es\/en\/wp-json\/wp\/v2\/types\/post"}],"author":[{"embeddable":true,"href":"https:\/\/www.aguarda.es\/en\/wp-json\/wp\/v2\/users\/1"}],"replies":[{"embeddable":true,"href":"https:\/\/www.aguarda.es\/en\/wp-json\/wp\/v2\/comments?post=1676"}],"version-history":[{"count":0,"href":"https:\/\/www.aguarda.es\/en\/wp-json\/wp\/v2\/posts\/1676\/revisions"}],"wp:featuredmedia":[{"embeddable":true,"href":"https:\/\/www.aguarda.es\/en\/wp-json\/wp\/v2\/media\/1586"}],"wp:attachment":[{"href":"https:\/\/www.aguarda.es\/en\/wp-json\/wp\/v2\/media?parent=1676"}],"wp:term":[{"taxonomy":"category","embeddable":true,"href":"https:\/\/www.aguarda.es\/en\/wp-json\/wp\/v2\/categories?post=1676"},{"taxonomy":"post_tag","embeddable":true,"href":"https:\/\/www.aguarda.es\/en\/wp-json\/wp\/v2\/tags?post=1676"}],"curies":[{"name":"wp","href":"https:\/\/api.w.org\/{rel}","templated":true}]}}