{"id":17027,"date":"2019-02-22T18:47:50","date_gmt":"2019-02-22T18:47:50","guid":{"rendered":"https:\/\/www.aguarda.es\/?p=17027"},"modified":"2019-02-24T16:57:03","modified_gmt":"2019-02-24T16:57:03","slug":"inauguracion-da-nova-casa-do-concello-da-guarda","status":"publish","type":"post","link":"https:\/\/www.aguarda.es\/en\/inauguracion-da-nova-casa-do-concello-da-guarda\/","title":{"rendered":"Inauguraci\u00f3n da nova Casa do Concello da Guarda"},"content":{"rendered":"<p style=\"text-align: justify\">A Guarda inaugurou este venres d\u00eda 22 de febreiro de 2019 a nova Casa do Concello na \u201cCasa dos Alonsos\u201d, lugar no que se atopan as dependencias municipais dende finais de 2018.<\/p>\n<p style=\"text-align: justify\">O acto de inauguraci\u00f3n, celebrouse na Praza do Rel\u00f3, contando coa asistencia da Subdelegada do Goberno, Maica Larriba Garc\u00eda; da Directora Xeral de Administraci\u00f3n Local, Marta Fern\u00e1ndez-Tapias N\u00fa\u00f1ez; da Presidenta da Deputaci\u00f3n de Pontevedra, Carmela Silva Rego; do Alcalde da Guarda, Antonio Lomba Baz e da corporaci\u00f3n local. No evento tam\u00e9n estiveron presentes, entre outras personalidades, alcaldes e alcaldesas da Comarca do Baixo Mi\u00f1o, as\u00ed coma unha representaci\u00f3n de ex-alcaldes, ex-concelleiros, empregados municipais, representantes de partidos pol\u00edticos, asociaci\u00f3ns e instituci\u00f3ns p\u00fablicas e privadas ligadas \u00e1 vida municipal da Guarda.<\/p>\n<p style=\"text-align: justify\"><img decoding=\"async\" loading=\"lazy\" class=\"aligncenter size-full wp-image-17040\" src=\"https:\/\/www.aguarda.es\/wp-content\/uploads\/2019\/02\/NP-22022019-Inauguraci\u00f3n-da-nova-Casa-do-Concello-da-Guarda-10.jpg\" alt=\"A Guarda inaugurou este venres d\u00eda 22 de febreiro de 2019 a nova Casa do Concello na \u201cCasa dos Alonsos\u201d, lugar no que se atopan as dependencias municipais dende finais de 2018.\" width=\"800\" height=\"1200\" srcset=\"https:\/\/www.aguarda.es\/wp-content\/uploads\/2019\/02\/NP-22022019-Inauguraci\u00f3n-da-nova-Casa-do-Concello-da-Guarda-10.jpg 800w, https:\/\/www.aguarda.es\/wp-content\/uploads\/2019\/02\/NP-22022019-Inauguraci\u00f3n-da-nova-Casa-do-Concello-da-Guarda-10-200x300.jpg 200w, https:\/\/www.aguarda.es\/wp-content\/uploads\/2019\/02\/NP-22022019-Inauguraci\u00f3n-da-nova-Casa-do-Concello-da-Guarda-10-768x1152.jpg 768w, https:\/\/www.aguarda.es\/wp-content\/uploads\/2019\/02\/NP-22022019-Inauguraci\u00f3n-da-nova-Casa-do-Concello-da-Guarda-10-683x1024.jpg 683w, https:\/\/www.aguarda.es\/wp-content\/uploads\/2019\/02\/NP-22022019-Inauguraci\u00f3n-da-nova-Casa-do-Concello-da-Guarda-10-570x855.jpg 570w\" sizes=\"(max-width: 800px) 100vw, 800px\" \/><img decoding=\"async\" loading=\"lazy\" class=\"aligncenter size-full wp-image-17036\" src=\"https:\/\/www.aguarda.es\/wp-content\/uploads\/2019\/02\/NP-22022019-Inauguraci\u00f3n-da-nova-Casa-do-Concello-da-Guarda-7.jpg\" alt=\"A Guarda inaugurou este venres d\u00eda 22 de febreiro de 2019 a nova Casa do Concello na \u201cCasa dos Alonsos\u201d, lugar no que se atopan as dependencias municipais dende finais de 2018.\" width=\"800\" height=\"533\" srcset=\"https:\/\/www.aguarda.es\/wp-content\/uploads\/2019\/02\/NP-22022019-Inauguraci\u00f3n-da-nova-Casa-do-Concello-da-Guarda-7.jpg 800w, https:\/\/www.aguarda.es\/wp-content\/uploads\/2019\/02\/NP-22022019-Inauguraci\u00f3n-da-nova-Casa-do-Concello-da-Guarda-7-300x200.jpg 300w, https:\/\/www.aguarda.es\/wp-content\/uploads\/2019\/02\/NP-22022019-Inauguraci\u00f3n-da-nova-Casa-do-Concello-da-Guarda-7-768x512.jpg 768w, https:\/\/www.aguarda.es\/wp-content\/uploads\/2019\/02\/NP-22022019-Inauguraci\u00f3n-da-nova-Casa-do-Concello-da-Guarda-7-570x380.jpg 570w\" sizes=\"(max-width: 800px) 100vw, 800px\" \/><img decoding=\"async\" loading=\"lazy\" class=\"aligncenter size-full wp-image-17034\" src=\"https:\/\/www.aguarda.es\/wp-content\/uploads\/2019\/02\/NP-22022019-Inauguraci\u00f3n-da-nova-Casa-do-Concello-da-Guarda-6.jpg\" alt=\"A Guarda inaugurou este venres d\u00eda 22 de febreiro de 2019 a nova Casa do Concello na \u201cCasa dos Alonsos\u201d, lugar no que se atopan as dependencias municipais dende finais de 2018.\" width=\"800\" height=\"533\" srcset=\"https:\/\/www.aguarda.es\/wp-content\/uploads\/2019\/02\/NP-22022019-Inauguraci\u00f3n-da-nova-Casa-do-Concello-da-Guarda-6.jpg 800w, https:\/\/www.aguarda.es\/wp-content\/uploads\/2019\/02\/NP-22022019-Inauguraci\u00f3n-da-nova-Casa-do-Concello-da-Guarda-6-300x200.jpg 300w, https:\/\/www.aguarda.es\/wp-content\/uploads\/2019\/02\/NP-22022019-Inauguraci\u00f3n-da-nova-Casa-do-Concello-da-Guarda-6-768x512.jpg 768w, https:\/\/www.aguarda.es\/wp-content\/uploads\/2019\/02\/NP-22022019-Inauguraci\u00f3n-da-nova-Casa-do-Concello-da-Guarda-6-570x380.jpg 570w\" sizes=\"(max-width: 800px) 100vw, 800px\" \/><img decoding=\"async\" loading=\"lazy\" class=\"aligncenter size-full wp-image-17032\" src=\"https:\/\/www.aguarda.es\/wp-content\/uploads\/2019\/02\/NP-22022019-Inauguraci\u00f3n-da-nova-Casa-do-Concello-da-Guarda-5.jpg\" alt=\"A Guarda inaugurou este venres d\u00eda 22 de febreiro de 2019 a nova Casa do Concello na \u201cCasa dos Alonsos\u201d, lugar no que se atopan as dependencias municipais dende finais de 2018.\" width=\"800\" height=\"533\" srcset=\"https:\/\/www.aguarda.es\/wp-content\/uploads\/2019\/02\/NP-22022019-Inauguraci\u00f3n-da-nova-Casa-do-Concello-da-Guarda-5.jpg 800w, https:\/\/www.aguarda.es\/wp-content\/uploads\/2019\/02\/NP-22022019-Inauguraci\u00f3n-da-nova-Casa-do-Concello-da-Guarda-5-300x200.jpg 300w, https:\/\/www.aguarda.es\/wp-content\/uploads\/2019\/02\/NP-22022019-Inauguraci\u00f3n-da-nova-Casa-do-Concello-da-Guarda-5-768x512.jpg 768w, https:\/\/www.aguarda.es\/wp-content\/uploads\/2019\/02\/NP-22022019-Inauguraci\u00f3n-da-nova-Casa-do-Concello-da-Guarda-5-570x380.jpg 570w\" sizes=\"(max-width: 800px) 100vw, 800px\" \/>Antonio Lomba, Alcalde da Guarda, quixo expresar que \u201choxe \u00e9 un d\u00eda dos grandes para o noso querido pobo da Guarda\u201d, destacando na s\u00faa intervenci\u00f3n que \u201chai 182 anos edific\u00e1base o edificio do antigo concello, tendo hoxe estas novas dependencias, unha sede municipal moderna, concibida para facilitar o labor dos traballadores e para dar uns servizos de calidade \u00e1 cidadan\u00eda acordes cos tempos que vivimos\u201d.<\/p>\n<p style=\"text-align: justify\">Durante o transcurso do acto descubriuse unha placa conmemorativa, realizouse o corte simb\u00f3lico da cinta na porta de acceso ao edificio e proxect\u00e1ronse varios v\u00eddeos sobre turismo, historia e vida institucional da Guarda. Tam\u00e9n houbo unha pequena exposici\u00f3n sobre fondos art\u00edsticos e publicaci\u00f3ns municipais. Do mesmo xeito editouse tam\u00e9n un folleto que resume a longa historia da \u201cCasa dos Alonsos\u201d<\/p>\n<p style=\"text-align: justify\">A Casa do Concello tivo ao longo da s\u00faa historia varios propietarios, pasando a ser propiedade municipal dende o ano 2001. Comezando as obras de rehabilitaci\u00f3n no ano 2009 e rematando as mesmas o pasado ver\u00e1n de 2018. O edifico orixinal era unha \u00abCasa Indiana\u00bb de arquitectura se\u00f1orial urbana cunha elegante fachada de pedra nobre que foi conservada e restaurada.<\/p>\n<p style=\"text-align: justify\">Este novo edificio permite que, a partir de agora, a veci\u00f1anza da Guarda te\u00f1a unha moderna sede municipal e dea uns servizos de calidade acorde cos tempos que vivimos.<\/p>\n<p style=\"text-align: center\"><img decoding=\"async\" loading=\"lazy\" class=\"aligncenter size-full wp-image-17047\" src=\"https:\/\/www.aguarda.es\/wp-content\/uploads\/2019\/02\/NP-22022019-Inauguraci\u00f3n-da-nova-Casa-do-Concello-da-Guarda-14.jpg\" alt=\"A Guarda inaugurou este venres d\u00eda 22 de febreiro de 2019 a nova Casa do Concello na \u201cCasa dos Alonsos\u201d, lugar no que se atopan as dependencias municipais dende finais de 2018.\" width=\"800\" height=\"533\" srcset=\"https:\/\/www.aguarda.es\/wp-content\/uploads\/2019\/02\/NP-22022019-Inauguraci\u00f3n-da-nova-Casa-do-Concello-da-Guarda-14.jpg 800w, https:\/\/www.aguarda.es\/wp-content\/uploads\/2019\/02\/NP-22022019-Inauguraci\u00f3n-da-nova-Casa-do-Concello-da-Guarda-14-300x200.jpg 300w, https:\/\/www.aguarda.es\/wp-content\/uploads\/2019\/02\/NP-22022019-Inauguraci\u00f3n-da-nova-Casa-do-Concello-da-Guarda-14-768x512.jpg 768w, https:\/\/www.aguarda.es\/wp-content\/uploads\/2019\/02\/NP-22022019-Inauguraci\u00f3n-da-nova-Casa-do-Concello-da-Guarda-14-570x380.jpg 570w\" sizes=\"(max-width: 800px) 100vw, 800px\" \/><img decoding=\"async\" loading=\"lazy\" class=\"aligncenter size-full wp-image-17045\" src=\"https:\/\/www.aguarda.es\/wp-content\/uploads\/2019\/02\/NP-22022019-Inauguraci\u00f3n-da-nova-Casa-do-Concello-da-Guarda-12.jpg\" alt=\"A Guarda inaugurou este venres d\u00eda 22 de febreiro de 2019 a nova Casa do Concello na \u201cCasa dos Alonsos\u201d, lugar no que se atopan as dependencias municipais dende finais de 2018.\" width=\"800\" height=\"533\" srcset=\"https:\/\/www.aguarda.es\/wp-content\/uploads\/2019\/02\/NP-22022019-Inauguraci\u00f3n-da-nova-Casa-do-Concello-da-Guarda-12.jpg 800w, https:\/\/www.aguarda.es\/wp-content\/uploads\/2019\/02\/NP-22022019-Inauguraci\u00f3n-da-nova-Casa-do-Concello-da-Guarda-12-300x200.jpg 300w, https:\/\/www.aguarda.es\/wp-content\/uploads\/2019\/02\/NP-22022019-Inauguraci\u00f3n-da-nova-Casa-do-Concello-da-Guarda-12-768x512.jpg 768w, https:\/\/www.aguarda.es\/wp-content\/uploads\/2019\/02\/NP-22022019-Inauguraci\u00f3n-da-nova-Casa-do-Concello-da-Guarda-12-570x380.jpg 570w\" sizes=\"(max-width: 800px) 100vw, 800px\" \/><\/p>\n","protected":false},"excerpt":{"rendered":"<p>A Guarda inaugurou este venres d\u00eda 22 de febreiro de 2019 a nova Casa do Concello na \u201cCasa dos Alonsos\u201d, lugar no que se atopan as dependencias municipais dende finais de 2018. O acto de inauguraci\u00f3n, celebrouse na Praza do &hellip; <\/p>\n","protected":false},"author":2,"featured_media":17030,"comment_status":"open","ping_status":"open","sticky":false,"template":"","format":"standard","meta":[],"categories":[33],"tags":[226,1686,1684,697,1685],"yoast_head":"<!-- This site is optimized with the Yoast SEO plugin v21.1 - https:\/\/yoast.com\/wordpress\/plugins\/seo\/ -->\n<title>Inauguraci\u00f3n da nova Casa do Concello da Guarda - Concello da Guarda<\/title>\n<meta name=\"robots\" content=\"index, follow, max-snippet:-1, max-image-preview:large, max-video-preview:-1\" \/>\n<link rel=\"canonical\" href=\"https:\/\/www.aguarda.es\/en\/inauguracion-da-nova-casa-do-concello-da-guarda\/\" \/>\n<meta property=\"og:locale\" content=\"en_US\" \/>\n<meta property=\"og:type\" content=\"article\" \/>\n<meta property=\"og:title\" content=\"Inauguraci\u00f3n da nova Casa do Concello da Guarda - Concello da Guarda\" \/>\n<meta property=\"og:description\" content=\"A Guarda inaugurou este venres d\u00eda 22 de febreiro de 2019 a nova Casa do Concello na \u201cCasa dos Alonsos\u201d, lugar no que se atopan as dependencias municipais dende finais de 2018. O acto de inauguraci\u00f3n, celebrouse na Praza do &hellip;\" \/>\n<meta property=\"og:url\" content=\"https:\/\/www.aguarda.es\/en\/inauguracion-da-nova-casa-do-concello-da-guarda\/\" \/>\n<meta property=\"og:site_name\" content=\"Concello da Guarda\" \/>\n<meta property=\"article:publisher\" content=\"https:\/\/www.facebook.com\/ConcellodaGuarda\" \/>\n<meta property=\"article:published_time\" content=\"2019-02-22T18:47:50+00:00\" \/>\n<meta property=\"article:modified_time\" content=\"2019-02-24T16:57:03+00:00\" \/>\n<meta property=\"og:image\" content=\"https:\/\/www.aguarda.es\/wp-content\/uploads\/2019\/02\/NP-22022019-Inauguraci\u00f3n-da-nova-Casa-do-Concello-da-Guarda-4.jpg\" \/>\n\t<meta property=\"og:image:width\" content=\"800\" \/>\n\t<meta property=\"og:image:height\" content=\"533\" \/>\n\t<meta property=\"og:image:type\" content=\"image\/jpeg\" \/>\n<meta name=\"author\" content=\"prensa\" \/>\n<meta name=\"twitter:card\" content=\"summary_large_image\" \/>\n<meta name=\"twitter:creator\" content=\"@AGuarda_es\" \/>\n<meta name=\"twitter:site\" content=\"@AGuarda_es\" \/>\n<meta name=\"twitter:label1\" content=\"Written by\" \/>\n\t<meta name=\"twitter:data1\" content=\"prensa\" \/>\n\t<meta name=\"twitter:label2\" content=\"Est. reading time\" \/>\n\t<meta name=\"twitter:data2\" content=\"2 minutes\" \/>\n<script type=\"application\/ld+json\" class=\"yoast-schema-graph\">{\"@context\":\"https:\/\/schema.org\",\"@graph\":[{\"@type\":\"WebPage\",\"@id\":\"https:\/\/www.aguarda.es\/en\/inauguracion-da-nova-casa-do-concello-da-guarda\/\",\"url\":\"https:\/\/www.aguarda.es\/en\/inauguracion-da-nova-casa-do-concello-da-guarda\/\",\"name\":\"Inauguraci\u00f3n da nova Casa do Concello da Guarda - Concello da Guarda\",\"isPartOf\":{\"@id\":\"https:\/\/www.aguarda.es\/en\/#website\"},\"datePublished\":\"2019-02-22T18:47:50+00:00\",\"dateModified\":\"2019-02-24T16:57:03+00:00\",\"author\":{\"@id\":\"https:\/\/www.aguarda.es\/en\/#\/schema\/person\/c463ca3006858ffb349d11179d044f21\"},\"breadcrumb\":{\"@id\":\"https:\/\/www.aguarda.es\/en\/inauguracion-da-nova-casa-do-concello-da-guarda\/#breadcrumb\"},\"inLanguage\":\"en-US\",\"potentialAction\":[{\"@type\":\"ReadAction\",\"target\":[\"https:\/\/www.aguarda.es\/en\/inauguracion-da-nova-casa-do-concello-da-guarda\/\"]}]},{\"@type\":\"BreadcrumbList\",\"@id\":\"https:\/\/www.aguarda.es\/en\/inauguracion-da-nova-casa-do-concello-da-guarda\/#breadcrumb\",\"itemListElement\":[{\"@type\":\"ListItem\",\"position\":1,\"name\":\"Portada\",\"item\":\"https:\/\/www.aguarda.es\/en\/\"},{\"@type\":\"ListItem\",\"position\":2,\"name\":\"Inauguraci\u00f3n da nova Casa do Concello da Guarda\"}]},{\"@type\":\"WebSite\",\"@id\":\"https:\/\/www.aguarda.es\/en\/#website\",\"url\":\"https:\/\/www.aguarda.es\/en\/\",\"name\":\"Concello da Guarda\",\"description\":\"P\u00e1xina web do concello da Guarda\",\"potentialAction\":[{\"@type\":\"SearchAction\",\"target\":{\"@type\":\"EntryPoint\",\"urlTemplate\":\"https:\/\/www.aguarda.es\/en\/?s={search_term_string}\"},\"query-input\":\"required name=search_term_string\"}],\"inLanguage\":\"en-US\"},{\"@type\":\"Person\",\"@id\":\"https:\/\/www.aguarda.es\/en\/#\/schema\/person\/c463ca3006858ffb349d11179d044f21\",\"name\":\"prensa\",\"image\":{\"@type\":\"ImageObject\",\"inLanguage\":\"en-US\",\"@id\":\"https:\/\/www.aguarda.es\/en\/#\/schema\/person\/image\/\",\"url\":\"https:\/\/secure.gravatar.com\/avatar\/5f90ef536b0f98306edf5c7a1135ffa1?s=96&d=mm&r=g\",\"contentUrl\":\"https:\/\/secure.gravatar.com\/avatar\/5f90ef536b0f98306edf5c7a1135ffa1?s=96&d=mm&r=g\",\"caption\":\"prensa\"},\"url\":\"https:\/\/www.aguarda.es\/en\/author\/prensa\/\"}]}<\/script>\n<!-- \/ Yoast SEO plugin. -->","yoast_head_json":{"title":"Inauguraci\u00f3n da nova Casa do Concello da Guarda - Concello da Guarda","robots":{"index":"index","follow":"follow","max-snippet":"max-snippet:-1","max-image-preview":"max-image-preview:large","max-video-preview":"max-video-preview:-1"},"canonical":"https:\/\/www.aguarda.es\/en\/inauguracion-da-nova-casa-do-concello-da-guarda\/","og_locale":"en_US","og_type":"article","og_title":"Inauguraci\u00f3n da nova Casa do Concello da Guarda - Concello da Guarda","og_description":"A Guarda inaugurou este venres d\u00eda 22 de febreiro de 2019 a nova Casa do Concello na \u201cCasa dos Alonsos\u201d, lugar no que se atopan as dependencias municipais dende finais de 2018. O acto de inauguraci\u00f3n, celebrouse na Praza do &hellip;","og_url":"https:\/\/www.aguarda.es\/en\/inauguracion-da-nova-casa-do-concello-da-guarda\/","og_site_name":"Concello da Guarda","article_publisher":"https:\/\/www.facebook.com\/ConcellodaGuarda","article_published_time":"2019-02-22T18:47:50+00:00","article_modified_time":"2019-02-24T16:57:03+00:00","og_image":[{"width":800,"height":533,"url":"https:\/\/www.aguarda.es\/wp-content\/uploads\/2019\/02\/NP-22022019-Inauguraci\u00f3n-da-nova-Casa-do-Concello-da-Guarda-4.jpg","type":"image\/jpeg"}],"author":"prensa","twitter_card":"summary_large_image","twitter_creator":"@AGuarda_es","twitter_site":"@AGuarda_es","twitter_misc":{"Written by":"prensa","Est. reading time":"2 minutes"},"schema":{"@context":"https:\/\/schema.org","@graph":[{"@type":"WebPage","@id":"https:\/\/www.aguarda.es\/en\/inauguracion-da-nova-casa-do-concello-da-guarda\/","url":"https:\/\/www.aguarda.es\/en\/inauguracion-da-nova-casa-do-concello-da-guarda\/","name":"Inauguraci\u00f3n da nova Casa do Concello da Guarda - Concello da Guarda","isPartOf":{"@id":"https:\/\/www.aguarda.es\/en\/#website"},"datePublished":"2019-02-22T18:47:50+00:00","dateModified":"2019-02-24T16:57:03+00:00","author":{"@id":"https:\/\/www.aguarda.es\/en\/#\/schema\/person\/c463ca3006858ffb349d11179d044f21"},"breadcrumb":{"@id":"https:\/\/www.aguarda.es\/en\/inauguracion-da-nova-casa-do-concello-da-guarda\/#breadcrumb"},"inLanguage":"en-US","potentialAction":[{"@type":"ReadAction","target":["https:\/\/www.aguarda.es\/en\/inauguracion-da-nova-casa-do-concello-da-guarda\/"]}]},{"@type":"BreadcrumbList","@id":"https:\/\/www.aguarda.es\/en\/inauguracion-da-nova-casa-do-concello-da-guarda\/#breadcrumb","itemListElement":[{"@type":"ListItem","position":1,"name":"Portada","item":"https:\/\/www.aguarda.es\/en\/"},{"@type":"ListItem","position":2,"name":"Inauguraci\u00f3n da nova Casa do Concello da Guarda"}]},{"@type":"WebSite","@id":"https:\/\/www.aguarda.es\/en\/#website","url":"https:\/\/www.aguarda.es\/en\/","name":"Concello da Guarda","description":"P\u00e1xina web do concello da Guarda","potentialAction":[{"@type":"SearchAction","target":{"@type":"EntryPoint","urlTemplate":"https:\/\/www.aguarda.es\/en\/?s={search_term_string}"},"query-input":"required name=search_term_string"}],"inLanguage":"en-US"},{"@type":"Person","@id":"https:\/\/www.aguarda.es\/en\/#\/schema\/person\/c463ca3006858ffb349d11179d044f21","name":"prensa","image":{"@type":"ImageObject","inLanguage":"en-US","@id":"https:\/\/www.aguarda.es\/en\/#\/schema\/person\/image\/","url":"https:\/\/secure.gravatar.com\/avatar\/5f90ef536b0f98306edf5c7a1135ffa1?s=96&d=mm&r=g","contentUrl":"https:\/\/secure.gravatar.com\/avatar\/5f90ef536b0f98306edf5c7a1135ffa1?s=96&d=mm&r=g","caption":"prensa"},"url":"https:\/\/www.aguarda.es\/en\/author\/prensa\/"}]}},"_links":{"self":[{"href":"https:\/\/www.aguarda.es\/en\/wp-json\/wp\/v2\/posts\/17027"}],"collection":[{"href":"https:\/\/www.aguarda.es\/en\/wp-json\/wp\/v2\/posts"}],"about":[{"href":"https:\/\/www.aguarda.es\/en\/wp-json\/wp\/v2\/types\/post"}],"author":[{"embeddable":true,"href":"https:\/\/www.aguarda.es\/en\/wp-json\/wp\/v2\/users\/2"}],"replies":[{"embeddable":true,"href":"https:\/\/www.aguarda.es\/en\/wp-json\/wp\/v2\/comments?post=17027"}],"version-history":[{"count":3,"href":"https:\/\/www.aguarda.es\/en\/wp-json\/wp\/v2\/posts\/17027\/revisions"}],"predecessor-version":[{"id":17124,"href":"https:\/\/www.aguarda.es\/en\/wp-json\/wp\/v2\/posts\/17027\/revisions\/17124"}],"wp:featuredmedia":[{"embeddable":true,"href":"https:\/\/www.aguarda.es\/en\/wp-json\/wp\/v2\/media\/17030"}],"wp:attachment":[{"href":"https:\/\/www.aguarda.es\/en\/wp-json\/wp\/v2\/media?parent=17027"}],"wp:term":[{"taxonomy":"category","embeddable":true,"href":"https:\/\/www.aguarda.es\/en\/wp-json\/wp\/v2\/categories?post=17027"},{"taxonomy":"post_tag","embeddable":true,"href":"https:\/\/www.aguarda.es\/en\/wp-json\/wp\/v2\/tags?post=17027"}],"curies":[{"name":"wp","href":"https:\/\/api.w.org\/{rel}","templated":true}]}}