{"id":1710,"date":"2016-04-13T08:29:56","date_gmt":"2016-04-13T08:29:56","guid":{"rendered":"https:\/\/www.aguarda.es\/?p=1710"},"modified":"2016-04-13T08:29:56","modified_gmt":"2016-04-13T08:29:56","slug":"maraton-solidario-ciclo-indoor","status":"publish","type":"post","link":"https:\/\/www.aguarda.es\/en\/maraton-solidario-ciclo-indoor\/","title":{"rendered":"Marat\u00f3n solidario ciclo indoor"},"content":{"rendered":"<p>O s\u00e1bado 9 de Abril celebrouse na Piscina Municipal da Guarda un marat\u00f3n solidario de Spinning con inscrici\u00f3n aberta. Cada participante pedaleou o que quixo: dende 10 minutos ata as 3 horas e media dalg\u00fans valentes que puxeron a proba a s\u00faa condici\u00f3n f\u00edsica, nunha xornada ante todo l\u00fadica e divertida que se prolongou dende as 9 ata as 14 horas.<\/p>\n<p>  <!--more-->  <\/p>\n<p>O s\u00e1bado 9 de Abril celebrouse na Piscina Municipal da Guarda un marat\u00f3n solidario de Spinning con inscrici\u00f3n aberta. Cada participante pedaleou o que quixo: dende 10 minutos ata as 3 horas e media dalg\u00fans valentes que puxeron a proba a s\u00faa condici\u00f3n f\u00edsica, nunha xornada ante todo l\u00fadica e divertida que se prolongou dende as 9 ata as 14 horas.<\/p>\n<p>Diferentes profesoras da instalaci\u00f3n foron as encargadas de dinamizar as diferentes clases que se impartiron; a m\u00fasica e a alegr\u00eda inundou a sala toda a ma\u00f1\u00e1.\u00a0 Houbo tam\u00e9n participantes na Fila 0 que colaboraron sen pedalear, aportando alimentos para axudar \u00e1s familias m\u00e1is necesitadas do Concello que se distribuir\u00e1n a trav\u00e9s do departamento de Servizos Sociais do Concello da Guarda. A direcci\u00f3n da instalaci\u00f3n agradece enormemente a participaci\u00f3n e a colaboraci\u00f3n.<\/p>\n<p><img decoding=\"async\" loading=\"lazy\" class=\" size-full wp-image-1708\" src=\"https:\/\/www.aguarda.es\/wp-content\/uploads\/2016\/04\/2016_Indoor.JPG\" alt=\"\" width=\"700\" height=\"525\" srcset=\"https:\/\/www.aguarda.es\/wp-content\/uploads\/2016\/04\/2016_Indoor.JPG 700w, https:\/\/www.aguarda.es\/wp-content\/uploads\/2016\/04\/2016_Indoor-570x428.jpg 570w, https:\/\/www.aguarda.es\/wp-content\/uploads\/2016\/04\/2016_Indoor-300x225.jpg 300w\" sizes=\"(max-width: 700px) 100vw, 700px\" \/><\/p>\n<p><img decoding=\"async\" loading=\"lazy\" class=\" size-full wp-image-1709\" src=\"https:\/\/www.aguarda.es\/wp-content\/uploads\/2016\/04\/2016_Indoor2.JPG\" alt=\"\" width=\"700\" height=\"525\" srcset=\"https:\/\/www.aguarda.es\/wp-content\/uploads\/2016\/04\/2016_Indoor2.JPG 700w, https:\/\/www.aguarda.es\/wp-content\/uploads\/2016\/04\/2016_Indoor2-570x428.jpg 570w, https:\/\/www.aguarda.es\/wp-content\/uploads\/2016\/04\/2016_Indoor2-300x225.jpg 300w\" sizes=\"(max-width: 700px) 100vw, 700px\" \/><\/p>\n","protected":false},"excerpt":{"rendered":"<p>O s\u00e1bado 9 de Abril celebrouse na Piscina Municipal da Guarda un marat\u00f3n solidario de Spinning con inscrici\u00f3n aberta. Cada participante pedaleou o que quixo: dende 10 minutos ata as 3 horas e media dalg\u00fans valentes que puxeron a proba &hellip; <\/p>\n","protected":false},"author":1,"featured_media":1709,"comment_status":"open","ping_status":"open","sticky":false,"template":"","format":"standard","meta":[],"categories":[48],"tags":[],"yoast_head":"<!-- This site is optimized with the Yoast SEO plugin v21.1 - https:\/\/yoast.com\/wordpress\/plugins\/seo\/ -->\n<title>Marat\u00f3n solidario ciclo indoor - Concello da Guarda<\/title>\n<meta name=\"robots\" content=\"index, follow, max-snippet:-1, max-image-preview:large, max-video-preview:-1\" \/>\n<link rel=\"canonical\" href=\"https:\/\/www.aguarda.es\/en\/maraton-solidario-ciclo-indoor\/\" \/>\n<meta property=\"og:locale\" content=\"en_US\" \/>\n<meta property=\"og:type\" content=\"article\" \/>\n<meta property=\"og:title\" content=\"Marat\u00f3n solidario ciclo indoor - Concello da Guarda\" \/>\n<meta property=\"og:description\" content=\"O s\u00e1bado 9 de Abril celebrouse na Piscina Municipal da Guarda un marat\u00f3n solidario de Spinning con inscrici\u00f3n aberta. Cada participante pedaleou o que quixo: dende 10 minutos ata as 3 horas e media dalg\u00fans valentes que puxeron a proba &hellip;\" \/>\n<meta property=\"og:url\" content=\"https:\/\/www.aguarda.es\/en\/maraton-solidario-ciclo-indoor\/\" \/>\n<meta property=\"og:site_name\" content=\"Concello da Guarda\" \/>\n<meta property=\"article:publisher\" content=\"https:\/\/www.facebook.com\/ConcellodaGuarda\" \/>\n<meta property=\"article:published_time\" content=\"2016-04-13T08:29:56+00:00\" \/>\n<meta property=\"og:image\" content=\"https:\/\/www.aguarda.es\/wp-content\/uploads\/2016\/04\/2016_Indoor2.JPG\" \/>\n\t<meta property=\"og:image:width\" content=\"700\" \/>\n\t<meta property=\"og:image:height\" content=\"525\" \/>\n\t<meta property=\"og:image:type\" content=\"image\/jpeg\" \/>\n<meta name=\"author\" content=\"Concello\" \/>\n<meta name=\"twitter:card\" content=\"summary_large_image\" \/>\n<meta name=\"twitter:creator\" content=\"@AGuarda_es\" \/>\n<meta name=\"twitter:site\" content=\"@AGuarda_es\" \/>\n<meta name=\"twitter:label1\" content=\"Written by\" \/>\n\t<meta name=\"twitter:data1\" content=\"Concello\" \/>\n\t<meta name=\"twitter:label2\" content=\"Est. reading time\" \/>\n\t<meta name=\"twitter:data2\" content=\"1 minute\" \/>\n<script type=\"application\/ld+json\" class=\"yoast-schema-graph\">{\"@context\":\"https:\/\/schema.org\",\"@graph\":[{\"@type\":\"WebPage\",\"@id\":\"https:\/\/www.aguarda.es\/en\/maraton-solidario-ciclo-indoor\/\",\"url\":\"https:\/\/www.aguarda.es\/en\/maraton-solidario-ciclo-indoor\/\",\"name\":\"Marat\u00f3n solidario ciclo indoor - Concello da Guarda\",\"isPartOf\":{\"@id\":\"https:\/\/www.aguarda.es\/en\/#website\"},\"datePublished\":\"2016-04-13T08:29:56+00:00\",\"dateModified\":\"2016-04-13T08:29:56+00:00\",\"author\":{\"@id\":\"https:\/\/www.aguarda.es\/en\/#\/schema\/person\/ac30f4d74843174f0af56c730f74dd57\"},\"breadcrumb\":{\"@id\":\"https:\/\/www.aguarda.es\/en\/maraton-solidario-ciclo-indoor\/#breadcrumb\"},\"inLanguage\":\"en-US\",\"potentialAction\":[{\"@type\":\"ReadAction\",\"target\":[\"https:\/\/www.aguarda.es\/en\/maraton-solidario-ciclo-indoor\/\"]}]},{\"@type\":\"BreadcrumbList\",\"@id\":\"https:\/\/www.aguarda.es\/en\/maraton-solidario-ciclo-indoor\/#breadcrumb\",\"itemListElement\":[{\"@type\":\"ListItem\",\"position\":1,\"name\":\"Portada\",\"item\":\"https:\/\/www.aguarda.es\/en\/\"},{\"@type\":\"ListItem\",\"position\":2,\"name\":\"Marat\u00f3n solidario ciclo indoor\"}]},{\"@type\":\"WebSite\",\"@id\":\"https:\/\/www.aguarda.es\/en\/#website\",\"url\":\"https:\/\/www.aguarda.es\/en\/\",\"name\":\"Concello da Guarda\",\"description\":\"P\u00e1xina web do concello da Guarda\",\"potentialAction\":[{\"@type\":\"SearchAction\",\"target\":{\"@type\":\"EntryPoint\",\"urlTemplate\":\"https:\/\/www.aguarda.es\/en\/?s={search_term_string}\"},\"query-input\":\"required name=search_term_string\"}],\"inLanguage\":\"en-US\"},{\"@type\":\"Person\",\"@id\":\"https:\/\/www.aguarda.es\/en\/#\/schema\/person\/ac30f4d74843174f0af56c730f74dd57\",\"name\":\"Concello\",\"image\":{\"@type\":\"ImageObject\",\"inLanguage\":\"en-US\",\"@id\":\"https:\/\/www.aguarda.es\/en\/#\/schema\/person\/image\/\",\"url\":\"https:\/\/secure.gravatar.com\/avatar\/7eda12a04da40b2ef77eb62e68f07027?s=96&d=mm&r=g\",\"contentUrl\":\"https:\/\/secure.gravatar.com\/avatar\/7eda12a04da40b2ef77eb62e68f07027?s=96&d=mm&r=g\",\"caption\":\"Concello\"},\"url\":\"https:\/\/www.aguarda.es\/en\/author\/admin\/\"}]}<\/script>\n<!-- \/ Yoast SEO plugin. -->","yoast_head_json":{"title":"Marat\u00f3n solidario ciclo indoor - Concello da Guarda","robots":{"index":"index","follow":"follow","max-snippet":"max-snippet:-1","max-image-preview":"max-image-preview:large","max-video-preview":"max-video-preview:-1"},"canonical":"https:\/\/www.aguarda.es\/en\/maraton-solidario-ciclo-indoor\/","og_locale":"en_US","og_type":"article","og_title":"Marat\u00f3n solidario ciclo indoor - Concello da Guarda","og_description":"O s\u00e1bado 9 de Abril celebrouse na Piscina Municipal da Guarda un marat\u00f3n solidario de Spinning con inscrici\u00f3n aberta. Cada participante pedaleou o que quixo: dende 10 minutos ata as 3 horas e media dalg\u00fans valentes que puxeron a proba &hellip;","og_url":"https:\/\/www.aguarda.es\/en\/maraton-solidario-ciclo-indoor\/","og_site_name":"Concello da Guarda","article_publisher":"https:\/\/www.facebook.com\/ConcellodaGuarda","article_published_time":"2016-04-13T08:29:56+00:00","og_image":[{"width":700,"height":525,"url":"https:\/\/www.aguarda.es\/wp-content\/uploads\/2016\/04\/2016_Indoor2.JPG","type":"image\/jpeg"}],"author":"Concello","twitter_card":"summary_large_image","twitter_creator":"@AGuarda_es","twitter_site":"@AGuarda_es","twitter_misc":{"Written by":"Concello","Est. reading time":"1 minute"},"schema":{"@context":"https:\/\/schema.org","@graph":[{"@type":"WebPage","@id":"https:\/\/www.aguarda.es\/en\/maraton-solidario-ciclo-indoor\/","url":"https:\/\/www.aguarda.es\/en\/maraton-solidario-ciclo-indoor\/","name":"Marat\u00f3n solidario ciclo indoor - Concello da Guarda","isPartOf":{"@id":"https:\/\/www.aguarda.es\/en\/#website"},"datePublished":"2016-04-13T08:29:56+00:00","dateModified":"2016-04-13T08:29:56+00:00","author":{"@id":"https:\/\/www.aguarda.es\/en\/#\/schema\/person\/ac30f4d74843174f0af56c730f74dd57"},"breadcrumb":{"@id":"https:\/\/www.aguarda.es\/en\/maraton-solidario-ciclo-indoor\/#breadcrumb"},"inLanguage":"en-US","potentialAction":[{"@type":"ReadAction","target":["https:\/\/www.aguarda.es\/en\/maraton-solidario-ciclo-indoor\/"]}]},{"@type":"BreadcrumbList","@id":"https:\/\/www.aguarda.es\/en\/maraton-solidario-ciclo-indoor\/#breadcrumb","itemListElement":[{"@type":"ListItem","position":1,"name":"Portada","item":"https:\/\/www.aguarda.es\/en\/"},{"@type":"ListItem","position":2,"name":"Marat\u00f3n solidario ciclo indoor"}]},{"@type":"WebSite","@id":"https:\/\/www.aguarda.es\/en\/#website","url":"https:\/\/www.aguarda.es\/en\/","name":"Concello da Guarda","description":"P\u00e1xina web do concello da Guarda","potentialAction":[{"@type":"SearchAction","target":{"@type":"EntryPoint","urlTemplate":"https:\/\/www.aguarda.es\/en\/?s={search_term_string}"},"query-input":"required name=search_term_string"}],"inLanguage":"en-US"},{"@type":"Person","@id":"https:\/\/www.aguarda.es\/en\/#\/schema\/person\/ac30f4d74843174f0af56c730f74dd57","name":"Concello","image":{"@type":"ImageObject","inLanguage":"en-US","@id":"https:\/\/www.aguarda.es\/en\/#\/schema\/person\/image\/","url":"https:\/\/secure.gravatar.com\/avatar\/7eda12a04da40b2ef77eb62e68f07027?s=96&d=mm&r=g","contentUrl":"https:\/\/secure.gravatar.com\/avatar\/7eda12a04da40b2ef77eb62e68f07027?s=96&d=mm&r=g","caption":"Concello"},"url":"https:\/\/www.aguarda.es\/en\/author\/admin\/"}]}},"_links":{"self":[{"href":"https:\/\/www.aguarda.es\/en\/wp-json\/wp\/v2\/posts\/1710"}],"collection":[{"href":"https:\/\/www.aguarda.es\/en\/wp-json\/wp\/v2\/posts"}],"about":[{"href":"https:\/\/www.aguarda.es\/en\/wp-json\/wp\/v2\/types\/post"}],"author":[{"embeddable":true,"href":"https:\/\/www.aguarda.es\/en\/wp-json\/wp\/v2\/users\/1"}],"replies":[{"embeddable":true,"href":"https:\/\/www.aguarda.es\/en\/wp-json\/wp\/v2\/comments?post=1710"}],"version-history":[{"count":0,"href":"https:\/\/www.aguarda.es\/en\/wp-json\/wp\/v2\/posts\/1710\/revisions"}],"wp:featuredmedia":[{"embeddable":true,"href":"https:\/\/www.aguarda.es\/en\/wp-json\/wp\/v2\/media\/1709"}],"wp:attachment":[{"href":"https:\/\/www.aguarda.es\/en\/wp-json\/wp\/v2\/media?parent=1710"}],"wp:term":[{"taxonomy":"category","embeddable":true,"href":"https:\/\/www.aguarda.es\/en\/wp-json\/wp\/v2\/categories?post=1710"},{"taxonomy":"post_tag","embeddable":true,"href":"https:\/\/www.aguarda.es\/en\/wp-json\/wp\/v2\/tags?post=1710"}],"curies":[{"name":"wp","href":"https:\/\/api.w.org\/{rel}","templated":true}]}}