{"id":17139,"date":"2019-02-25T12:04:52","date_gmt":"2019-02-25T12:04:52","guid":{"rendered":"https:\/\/www.aguarda.es\/?p=17139"},"modified":"2019-02-25T12:04:52","modified_gmt":"2019-02-25T12:04:52","slug":"a-guarda-conmemorou-o-dia-de-rosalia-2019-cun-concerto-de-evoeh","status":"publish","type":"post","link":"https:\/\/www.aguarda.es\/en\/a-guarda-conmemorou-o-dia-de-rosalia-2019-cun-concerto-de-evoeh\/","title":{"rendered":"A Guarda conmemorou o D\u00eda de Rosal\u00eda 2019 cun Concerto de Evo\u00e9h"},"content":{"rendered":"<p style=\"text-align: justify\">O 24 de febreiro de 1837 nac\u00eda Rosal\u00eda de Castro, a escritora m\u00e1is representativa da literatura galega, e \u00e9 por iso que o 24 de febreiro foi o d\u00eda escollido para rememorar a s\u00faa obra e figura en toda Galicia. Dende a Conceller\u00eda de Cultura do Concello da Guarda, cada ano se preparan variadas actividades nas que se busca a implicaci\u00f3n de diferentes colectivos, moi especialmente o alumnado dos diferentes centros. Este ano 2019 contouse coa participaci\u00f3n das asociaci\u00f3ns, hostaleiros e p\u00fablico en xeral con diversas actividades.<\/p>\n<p style=\"text-align: justify\">As actividades, que se iniciaron o pasado venres cunha obra de teatro de monicreques sobre \u00abA Viaxe de Rosal\u00eda\u00bb, na que participaron os Colexios da vila e que se celebrou no Centro Cultural, contin\u00faan ata o d\u00eda 28 coa iniciativa \u00abRosal\u00eda nas Redes\u00bb.<\/p>\n<p style=\"text-align: justify\"><strong>Concerto-recital de Evo\u00e9h<\/strong><\/p>\n<p style=\"text-align: justify\">Na xornada do pasado s\u00e1bado d\u00eda 23 de febreiro o Centro Cultural da Guarda foi o escenario do concerto-recital do grupo Evo\u00e9h, sexteto musical que amosou unha coidada versi\u00f3n musical dos poemas de Cantares Galegos de Rosal\u00eda de Castro, baixo o concepto de \u00ab\u00c1rbore da vida\u00bb, un proxecto de investigaci\u00f3n, recopilaci\u00f3n, reelaboraci\u00f3n e creaci\u00f3n baseado na obra \u201cCantares gallegos\u201d de Rosal\u00eda e nos traballos musicol\u00f3xicos galegos que datan dese momento. Evo\u00e9h leva a obra de Rosal\u00eda a unha nova dimensi\u00f3n musical, sumerxindo ao p\u00fablico na atmosfera emocional de Rosal\u00eda, unha ocasi\u00f3n inmellorable na que o numeroso p\u00fablico asistente co\u00f1eceu un pouco m\u00e1is a s\u00faa figura e comprendela mellor, ademais o acto estivo acompa\u00f1ado emotivos recitais a cargo de veci\u00f1os e veci\u00f1as da Guarda.<\/p>\n<p style=\"text-align: justify\"><strong><img decoding=\"async\" loading=\"lazy\" class=\"aligncenter size-full wp-image-17142\" src=\"https:\/\/www.aguarda.es\/wp-content\/uploads\/2019\/02\/NP-25022019-A-Guarda-conmemorou-o-D\u00eda-de-Rosal\u00eda-2019-cun-Concerto-de-Evo\u00e9h-2.jpg\" alt=\"O 24 de febreiro de 1837 nac\u00eda Rosal\u00eda de Castro, a escritora m\u00e1is representativa da literatura galega, e \u00e9 por iso que o 24 de febreiro foi o d\u00eda escollido para rememorar a s\u00faa obra e figura en toda Galicia. Dende a Conceller\u00eda de Cultura do Concello da Guarda, cada ano se preparan variadas actividades nas que se busca a implicaci\u00f3n de diferentes colectivos, moi especialmente o alumnado dos diferentes centros. Este ano 2019 contouse coa participaci\u00f3n das asociaci\u00f3ns, hostaleiros e p\u00fablico en xeral con diversas actividades.\" width=\"800\" height=\"533\" srcset=\"https:\/\/www.aguarda.es\/wp-content\/uploads\/2019\/02\/NP-25022019-A-Guarda-conmemorou-o-D\u00eda-de-Rosal\u00eda-2019-cun-Concerto-de-Evo\u00e9h-2.jpg 800w, https:\/\/www.aguarda.es\/wp-content\/uploads\/2019\/02\/NP-25022019-A-Guarda-conmemorou-o-D\u00eda-de-Rosal\u00eda-2019-cun-Concerto-de-Evo\u00e9h-2-300x200.jpg 300w, https:\/\/www.aguarda.es\/wp-content\/uploads\/2019\/02\/NP-25022019-A-Guarda-conmemorou-o-D\u00eda-de-Rosal\u00eda-2019-cun-Concerto-de-Evo\u00e9h-2-768x512.jpg 768w, https:\/\/www.aguarda.es\/wp-content\/uploads\/2019\/02\/NP-25022019-A-Guarda-conmemorou-o-D\u00eda-de-Rosal\u00eda-2019-cun-Concerto-de-Evo\u00e9h-2-570x380.jpg 570w\" sizes=\"(max-width: 800px) 100vw, 800px\" \/><img decoding=\"async\" loading=\"lazy\" class=\"aligncenter size-full wp-image-17146\" src=\"https:\/\/www.aguarda.es\/wp-content\/uploads\/2019\/02\/NP-25022019-A-Guarda-conmemorou-o-D\u00eda-de-Rosal\u00eda-2019-cun-Concerto-de-Evo\u00e9h-4.jpg\" alt=\"O 24 de febreiro de 1837 nac\u00eda Rosal\u00eda de Castro, a escritora m\u00e1is representativa da literatura galega, e \u00e9 por iso que o 24 de febreiro foi o d\u00eda escollido para rememorar a s\u00faa obra e figura en toda Galicia. Dende a Conceller\u00eda de Cultura do Concello da Guarda, cada ano se preparan variadas actividades nas que se busca a implicaci\u00f3n de diferentes colectivos, moi especialmente o alumnado dos diferentes centros. Este ano 2019 contouse coa participaci\u00f3n das asociaci\u00f3ns, hostaleiros e p\u00fablico en xeral con diversas actividades.\" width=\"800\" height=\"533\" srcset=\"https:\/\/www.aguarda.es\/wp-content\/uploads\/2019\/02\/NP-25022019-A-Guarda-conmemorou-o-D\u00eda-de-Rosal\u00eda-2019-cun-Concerto-de-Evo\u00e9h-4.jpg 800w, https:\/\/www.aguarda.es\/wp-content\/uploads\/2019\/02\/NP-25022019-A-Guarda-conmemorou-o-D\u00eda-de-Rosal\u00eda-2019-cun-Concerto-de-Evo\u00e9h-4-300x200.jpg 300w, https:\/\/www.aguarda.es\/wp-content\/uploads\/2019\/02\/NP-25022019-A-Guarda-conmemorou-o-D\u00eda-de-Rosal\u00eda-2019-cun-Concerto-de-Evo\u00e9h-4-768x512.jpg 768w, https:\/\/www.aguarda.es\/wp-content\/uploads\/2019\/02\/NP-25022019-A-Guarda-conmemorou-o-D\u00eda-de-Rosal\u00eda-2019-cun-Concerto-de-Evo\u00e9h-4-570x380.jpg 570w\" sizes=\"(max-width: 800px) 100vw, 800px\" \/><img decoding=\"async\" loading=\"lazy\" class=\"aligncenter size-full wp-image-17144\" src=\"https:\/\/www.aguarda.es\/wp-content\/uploads\/2019\/02\/NP-25022019-A-Guarda-conmemorou-o-D\u00eda-de-Rosal\u00eda-2019-cun-Concerto-de-Evo\u00e9h-3.jpg\" alt=\"O 24 de febreiro de 1837 nac\u00eda Rosal\u00eda de Castro, a escritora m\u00e1is representativa da literatura galega, e \u00e9 por iso que o 24 de febreiro foi o d\u00eda escollido para rememorar a s\u00faa obra e figura en toda Galicia. Dende a Conceller\u00eda de Cultura do Concello da Guarda, cada ano se preparan variadas actividades nas que se busca a implicaci\u00f3n de diferentes colectivos, moi especialmente o alumnado dos diferentes centros. Este ano 2019 contouse coa participaci\u00f3n das asociaci\u00f3ns, hostaleiros e p\u00fablico en xeral con diversas actividades.\" width=\"800\" height=\"533\" srcset=\"https:\/\/www.aguarda.es\/wp-content\/uploads\/2019\/02\/NP-25022019-A-Guarda-conmemorou-o-D\u00eda-de-Rosal\u00eda-2019-cun-Concerto-de-Evo\u00e9h-3.jpg 800w, https:\/\/www.aguarda.es\/wp-content\/uploads\/2019\/02\/NP-25022019-A-Guarda-conmemorou-o-D\u00eda-de-Rosal\u00eda-2019-cun-Concerto-de-Evo\u00e9h-3-300x200.jpg 300w, https:\/\/www.aguarda.es\/wp-content\/uploads\/2019\/02\/NP-25022019-A-Guarda-conmemorou-o-D\u00eda-de-Rosal\u00eda-2019-cun-Concerto-de-Evo\u00e9h-3-768x512.jpg 768w, https:\/\/www.aguarda.es\/wp-content\/uploads\/2019\/02\/NP-25022019-A-Guarda-conmemorou-o-D\u00eda-de-Rosal\u00eda-2019-cun-Concerto-de-Evo\u00e9h-3-570x380.jpg 570w\" sizes=\"(max-width: 800px) 100vw, 800px\" \/><\/strong><\/p>\n<p style=\"text-align: justify\"><strong>Caldo de Gloria para degustar<\/strong><\/p>\n<p style=\"text-align: justify\">Ao longo da pasada fin de semana un total de 11 restaurantes, taper\u00edas, cafeter\u00edas e bares participaron na iniciativa \u201cCALDO DE GLORIA\u201d que promoveu a Fundaci\u00f3n Rosal\u00eda de Castro entre todos os hostaleiros do pa\u00eds. A proposta consist\u00edu en ofertar dentro dos men\u00fas habituais, a carta ou como tapa, o \u00abCaldo de Gloria\u00bb, receta que aparece dentro do poema \u201cMi\u00f1a casi\u00f1a, meu lar\u201d no que a poeta explica como facer un caldo humilde e no que se relata a \u00e9pica diaria da supervivencia. A iniciativa gastron\u00f3mica tivo gran repercusi\u00f3n e foron moitos os que aproveitaron para degustalo.<\/p>\n<p style=\"text-align: justify\">Os establecementos participantes nesta iniciativa foron La Casilla, Casa Aquilino, La Pizzicata, Taper\u00eda Arruaz, As Pozas, \u00bfY la Luna?, Marbella, Enxebre, Alborada, Camping Santa Tecla y Br\u00e9tema.<\/p>\n<p style=\"text-align: justify\"><strong><img decoding=\"async\" loading=\"lazy\" class=\"aligncenter size-full wp-image-17148\" src=\"https:\/\/www.aguarda.es\/wp-content\/uploads\/2019\/02\/NP-25022019-A-Guarda-conmemorou-o-D\u00eda-de-Rosal\u00eda-2019-cun-Concerto-de-Evo\u00e9h-5.jpg\" alt=\"O 24 de febreiro de 1837 nac\u00eda Rosal\u00eda de Castro, a escritora m\u00e1is representativa da literatura galega, e \u00e9 por iso que o 24 de febreiro foi o d\u00eda escollido para rememorar a s\u00faa obra e figura en toda Galicia. Dende a Conceller\u00eda de Cultura do Concello da Guarda, cada ano se preparan variadas actividades nas que se busca a implicaci\u00f3n de diferentes colectivos, moi especialmente o alumnado dos diferentes centros. Este ano 2019 contouse coa participaci\u00f3n das asociaci\u00f3ns, hostaleiros e p\u00fablico en xeral con diversas actividades.\" width=\"584\" height=\"584\" srcset=\"https:\/\/www.aguarda.es\/wp-content\/uploads\/2019\/02\/NP-25022019-A-Guarda-conmemorou-o-D\u00eda-de-Rosal\u00eda-2019-cun-Concerto-de-Evo\u00e9h-5.jpg 584w, https:\/\/www.aguarda.es\/wp-content\/uploads\/2019\/02\/NP-25022019-A-Guarda-conmemorou-o-D\u00eda-de-Rosal\u00eda-2019-cun-Concerto-de-Evo\u00e9h-5-150x150.jpg 150w, https:\/\/www.aguarda.es\/wp-content\/uploads\/2019\/02\/NP-25022019-A-Guarda-conmemorou-o-D\u00eda-de-Rosal\u00eda-2019-cun-Concerto-de-Evo\u00e9h-5-300x300.jpg 300w, https:\/\/www.aguarda.es\/wp-content\/uploads\/2019\/02\/NP-25022019-A-Guarda-conmemorou-o-D\u00eda-de-Rosal\u00eda-2019-cun-Concerto-de-Evo\u00e9h-5-100x100.jpg 100w, https:\/\/www.aguarda.es\/wp-content\/uploads\/2019\/02\/NP-25022019-A-Guarda-conmemorou-o-D\u00eda-de-Rosal\u00eda-2019-cun-Concerto-de-Evo\u00e9h-5-570x570.jpg 570w\" sizes=\"(max-width: 584px) 100vw, 584px\" \/><\/strong><\/p>\n<p style=\"text-align: justify\"><strong>Contin\u00faa aberta a participaci\u00f3n cidad\u00e1 en \u00abRosal\u00eda nas Redes\u00bb<\/strong><\/p>\n<p style=\"text-align: justify\">A Conceller\u00eda de Cultura ampl\u00eda o convite a participar na iniciativa \u00abRosal\u00eda nas Redes\u00bb entre ata o vindeiro 28 de febreiro. S\u00f3 tes que facer unha gravaci\u00f3n musicando ou recitando un poema, ou versi\u00f3n musicada de Rosal\u00eda de Castro da t\u00faa elecci\u00f3n e compartilo no facebook e no twiter baixo o hashtag #Rosal\u00edate #Aguarda etiquetando a @culturaguarda.<\/p>\n","protected":false},"excerpt":{"rendered":"<p>O 24 de febreiro de 1837 nac\u00eda Rosal\u00eda de Castro, a escritora m\u00e1is representativa da literatura galega, e \u00e9 por iso que o 24 de febreiro foi o d\u00eda escollido para rememorar a s\u00faa obra e figura en toda Galicia. &hellip; <\/p>\n","protected":false},"author":2,"featured_media":17140,"comment_status":"open","ping_status":"open","sticky":false,"template":"","format":"standard","meta":[],"categories":[34,33],"tags":[226,797,1733,233,719,1646],"yoast_head":"<!-- This site is optimized with the Yoast SEO plugin v21.1 - https:\/\/yoast.com\/wordpress\/plugins\/seo\/ -->\n<title>A Guarda conmemorou o D\u00eda de Rosal\u00eda 2019 cun Concerto de Evo\u00e9h - Concello da Guarda<\/title>\n<meta name=\"robots\" content=\"index, follow, max-snippet:-1, max-image-preview:large, max-video-preview:-1\" \/>\n<link rel=\"canonical\" href=\"https:\/\/www.aguarda.es\/en\/a-guarda-conmemorou-o-dia-de-rosalia-2019-cun-concerto-de-evoeh\/\" \/>\n<meta property=\"og:locale\" content=\"en_US\" \/>\n<meta property=\"og:type\" content=\"article\" \/>\n<meta property=\"og:title\" content=\"A Guarda conmemorou o D\u00eda de Rosal\u00eda 2019 cun Concerto de Evo\u00e9h - Concello da Guarda\" \/>\n<meta property=\"og:description\" content=\"O 24 de febreiro de 1837 nac\u00eda Rosal\u00eda de Castro, a escritora m\u00e1is representativa da literatura galega, e \u00e9 por iso que o 24 de febreiro foi o d\u00eda escollido para rememorar a s\u00faa obra e figura en toda Galicia. &hellip;\" \/>\n<meta property=\"og:url\" content=\"https:\/\/www.aguarda.es\/en\/a-guarda-conmemorou-o-dia-de-rosalia-2019-cun-concerto-de-evoeh\/\" \/>\n<meta property=\"og:site_name\" content=\"Concello da Guarda\" \/>\n<meta property=\"article:publisher\" content=\"https:\/\/www.facebook.com\/ConcellodaGuarda\" \/>\n<meta property=\"article:published_time\" content=\"2019-02-25T12:04:52+00:00\" \/>\n<meta property=\"og:image\" content=\"https:\/\/www.aguarda.es\/wp-content\/uploads\/2019\/02\/NP-25022019-A-Guarda-conmemorou-o-D\u00eda-de-Rosal\u00eda-2019-cun-Concerto-de-Evo\u00e9h-1.jpg\" \/>\n\t<meta property=\"og:image:width\" content=\"800\" \/>\n\t<meta property=\"og:image:height\" content=\"533\" \/>\n\t<meta property=\"og:image:type\" content=\"image\/jpeg\" \/>\n<meta name=\"author\" content=\"prensa\" \/>\n<meta name=\"twitter:card\" content=\"summary_large_image\" \/>\n<meta name=\"twitter:creator\" content=\"@AGuarda_es\" \/>\n<meta name=\"twitter:site\" content=\"@AGuarda_es\" \/>\n<meta name=\"twitter:label1\" content=\"Written by\" \/>\n\t<meta name=\"twitter:data1\" content=\"prensa\" \/>\n\t<meta name=\"twitter:label2\" content=\"Est. reading time\" \/>\n\t<meta name=\"twitter:data2\" content=\"3 minutes\" \/>\n<script type=\"application\/ld+json\" class=\"yoast-schema-graph\">{\"@context\":\"https:\/\/schema.org\",\"@graph\":[{\"@type\":\"WebPage\",\"@id\":\"https:\/\/www.aguarda.es\/en\/a-guarda-conmemorou-o-dia-de-rosalia-2019-cun-concerto-de-evoeh\/\",\"url\":\"https:\/\/www.aguarda.es\/en\/a-guarda-conmemorou-o-dia-de-rosalia-2019-cun-concerto-de-evoeh\/\",\"name\":\"A Guarda conmemorou o D\u00eda de Rosal\u00eda 2019 cun Concerto de Evo\u00e9h - Concello da Guarda\",\"isPartOf\":{\"@id\":\"https:\/\/www.aguarda.es\/en\/#website\"},\"datePublished\":\"2019-02-25T12:04:52+00:00\",\"dateModified\":\"2019-02-25T12:04:52+00:00\",\"author\":{\"@id\":\"https:\/\/www.aguarda.es\/en\/#\/schema\/person\/c463ca3006858ffb349d11179d044f21\"},\"breadcrumb\":{\"@id\":\"https:\/\/www.aguarda.es\/en\/a-guarda-conmemorou-o-dia-de-rosalia-2019-cun-concerto-de-evoeh\/#breadcrumb\"},\"inLanguage\":\"en-US\",\"potentialAction\":[{\"@type\":\"ReadAction\",\"target\":[\"https:\/\/www.aguarda.es\/en\/a-guarda-conmemorou-o-dia-de-rosalia-2019-cun-concerto-de-evoeh\/\"]}]},{\"@type\":\"BreadcrumbList\",\"@id\":\"https:\/\/www.aguarda.es\/en\/a-guarda-conmemorou-o-dia-de-rosalia-2019-cun-concerto-de-evoeh\/#breadcrumb\",\"itemListElement\":[{\"@type\":\"ListItem\",\"position\":1,\"name\":\"Portada\",\"item\":\"https:\/\/www.aguarda.es\/en\/\"},{\"@type\":\"ListItem\",\"position\":2,\"name\":\"A Guarda conmemorou o D\u00eda de Rosal\u00eda 2019 cun Concerto de Evo\u00e9h\"}]},{\"@type\":\"WebSite\",\"@id\":\"https:\/\/www.aguarda.es\/en\/#website\",\"url\":\"https:\/\/www.aguarda.es\/en\/\",\"name\":\"Concello da Guarda\",\"description\":\"P\u00e1xina web do concello da Guarda\",\"potentialAction\":[{\"@type\":\"SearchAction\",\"target\":{\"@type\":\"EntryPoint\",\"urlTemplate\":\"https:\/\/www.aguarda.es\/en\/?s={search_term_string}\"},\"query-input\":\"required name=search_term_string\"}],\"inLanguage\":\"en-US\"},{\"@type\":\"Person\",\"@id\":\"https:\/\/www.aguarda.es\/en\/#\/schema\/person\/c463ca3006858ffb349d11179d044f21\",\"name\":\"prensa\",\"image\":{\"@type\":\"ImageObject\",\"inLanguage\":\"en-US\",\"@id\":\"https:\/\/www.aguarda.es\/en\/#\/schema\/person\/image\/\",\"url\":\"https:\/\/secure.gravatar.com\/avatar\/5f90ef536b0f98306edf5c7a1135ffa1?s=96&d=mm&r=g\",\"contentUrl\":\"https:\/\/secure.gravatar.com\/avatar\/5f90ef536b0f98306edf5c7a1135ffa1?s=96&d=mm&r=g\",\"caption\":\"prensa\"},\"url\":\"https:\/\/www.aguarda.es\/en\/author\/prensa\/\"}]}<\/script>\n<!-- \/ Yoast SEO plugin. -->","yoast_head_json":{"title":"A Guarda conmemorou o D\u00eda de Rosal\u00eda 2019 cun Concerto de Evo\u00e9h - Concello da Guarda","robots":{"index":"index","follow":"follow","max-snippet":"max-snippet:-1","max-image-preview":"max-image-preview:large","max-video-preview":"max-video-preview:-1"},"canonical":"https:\/\/www.aguarda.es\/en\/a-guarda-conmemorou-o-dia-de-rosalia-2019-cun-concerto-de-evoeh\/","og_locale":"en_US","og_type":"article","og_title":"A Guarda conmemorou o D\u00eda de Rosal\u00eda 2019 cun Concerto de Evo\u00e9h - Concello da Guarda","og_description":"O 24 de febreiro de 1837 nac\u00eda Rosal\u00eda de Castro, a escritora m\u00e1is representativa da literatura galega, e \u00e9 por iso que o 24 de febreiro foi o d\u00eda escollido para rememorar a s\u00faa obra e figura en toda Galicia. &hellip;","og_url":"https:\/\/www.aguarda.es\/en\/a-guarda-conmemorou-o-dia-de-rosalia-2019-cun-concerto-de-evoeh\/","og_site_name":"Concello da Guarda","article_publisher":"https:\/\/www.facebook.com\/ConcellodaGuarda","article_published_time":"2019-02-25T12:04:52+00:00","og_image":[{"width":800,"height":533,"url":"https:\/\/www.aguarda.es\/wp-content\/uploads\/2019\/02\/NP-25022019-A-Guarda-conmemorou-o-D\u00eda-de-Rosal\u00eda-2019-cun-Concerto-de-Evo\u00e9h-1.jpg","type":"image\/jpeg"}],"author":"prensa","twitter_card":"summary_large_image","twitter_creator":"@AGuarda_es","twitter_site":"@AGuarda_es","twitter_misc":{"Written by":"prensa","Est. reading time":"3 minutes"},"schema":{"@context":"https:\/\/schema.org","@graph":[{"@type":"WebPage","@id":"https:\/\/www.aguarda.es\/en\/a-guarda-conmemorou-o-dia-de-rosalia-2019-cun-concerto-de-evoeh\/","url":"https:\/\/www.aguarda.es\/en\/a-guarda-conmemorou-o-dia-de-rosalia-2019-cun-concerto-de-evoeh\/","name":"A Guarda conmemorou o D\u00eda de Rosal\u00eda 2019 cun Concerto de Evo\u00e9h - Concello da Guarda","isPartOf":{"@id":"https:\/\/www.aguarda.es\/en\/#website"},"datePublished":"2019-02-25T12:04:52+00:00","dateModified":"2019-02-25T12:04:52+00:00","author":{"@id":"https:\/\/www.aguarda.es\/en\/#\/schema\/person\/c463ca3006858ffb349d11179d044f21"},"breadcrumb":{"@id":"https:\/\/www.aguarda.es\/en\/a-guarda-conmemorou-o-dia-de-rosalia-2019-cun-concerto-de-evoeh\/#breadcrumb"},"inLanguage":"en-US","potentialAction":[{"@type":"ReadAction","target":["https:\/\/www.aguarda.es\/en\/a-guarda-conmemorou-o-dia-de-rosalia-2019-cun-concerto-de-evoeh\/"]}]},{"@type":"BreadcrumbList","@id":"https:\/\/www.aguarda.es\/en\/a-guarda-conmemorou-o-dia-de-rosalia-2019-cun-concerto-de-evoeh\/#breadcrumb","itemListElement":[{"@type":"ListItem","position":1,"name":"Portada","item":"https:\/\/www.aguarda.es\/en\/"},{"@type":"ListItem","position":2,"name":"A Guarda conmemorou o D\u00eda de Rosal\u00eda 2019 cun Concerto de Evo\u00e9h"}]},{"@type":"WebSite","@id":"https:\/\/www.aguarda.es\/en\/#website","url":"https:\/\/www.aguarda.es\/en\/","name":"Concello da Guarda","description":"P\u00e1xina web do concello da Guarda","potentialAction":[{"@type":"SearchAction","target":{"@type":"EntryPoint","urlTemplate":"https:\/\/www.aguarda.es\/en\/?s={search_term_string}"},"query-input":"required name=search_term_string"}],"inLanguage":"en-US"},{"@type":"Person","@id":"https:\/\/www.aguarda.es\/en\/#\/schema\/person\/c463ca3006858ffb349d11179d044f21","name":"prensa","image":{"@type":"ImageObject","inLanguage":"en-US","@id":"https:\/\/www.aguarda.es\/en\/#\/schema\/person\/image\/","url":"https:\/\/secure.gravatar.com\/avatar\/5f90ef536b0f98306edf5c7a1135ffa1?s=96&d=mm&r=g","contentUrl":"https:\/\/secure.gravatar.com\/avatar\/5f90ef536b0f98306edf5c7a1135ffa1?s=96&d=mm&r=g","caption":"prensa"},"url":"https:\/\/www.aguarda.es\/en\/author\/prensa\/"}]}},"_links":{"self":[{"href":"https:\/\/www.aguarda.es\/en\/wp-json\/wp\/v2\/posts\/17139"}],"collection":[{"href":"https:\/\/www.aguarda.es\/en\/wp-json\/wp\/v2\/posts"}],"about":[{"href":"https:\/\/www.aguarda.es\/en\/wp-json\/wp\/v2\/types\/post"}],"author":[{"embeddable":true,"href":"https:\/\/www.aguarda.es\/en\/wp-json\/wp\/v2\/users\/2"}],"replies":[{"embeddable":true,"href":"https:\/\/www.aguarda.es\/en\/wp-json\/wp\/v2\/comments?post=17139"}],"version-history":[{"count":1,"href":"https:\/\/www.aguarda.es\/en\/wp-json\/wp\/v2\/posts\/17139\/revisions"}],"predecessor-version":[{"id":17150,"href":"https:\/\/www.aguarda.es\/en\/wp-json\/wp\/v2\/posts\/17139\/revisions\/17150"}],"wp:featuredmedia":[{"embeddable":true,"href":"https:\/\/www.aguarda.es\/en\/wp-json\/wp\/v2\/media\/17140"}],"wp:attachment":[{"href":"https:\/\/www.aguarda.es\/en\/wp-json\/wp\/v2\/media?parent=17139"}],"wp:term":[{"taxonomy":"category","embeddable":true,"href":"https:\/\/www.aguarda.es\/en\/wp-json\/wp\/v2\/categories?post=17139"},{"taxonomy":"post_tag","embeddable":true,"href":"https:\/\/www.aguarda.es\/en\/wp-json\/wp\/v2\/tags?post=17139"}],"curies":[{"name":"wp","href":"https:\/\/api.w.org\/{rel}","templated":true}]}}