{"id":17168,"date":"2019-02-27T12:47:45","date_gmt":"2019-02-27T12:47:45","guid":{"rendered":"https:\/\/www.aguarda.es\/?p=17168"},"modified":"2019-02-27T12:47:45","modified_gmt":"2019-02-27T12:47:45","slug":"a-anpa-do-colexio-solanas-da-guarda-solicita-a-educacion-unha-reforma-dos-banos-do-centro","status":"publish","type":"post","link":"https:\/\/www.aguarda.es\/en\/a-anpa-do-colexio-solanas-da-guarda-solicita-a-educacion-unha-reforma-dos-banos-do-centro\/","title":{"rendered":"A ANPA do Colexio Solanas da Guarda solicita a Educaci\u00f3n unha reforma dos ba\u00f1os do centro"},"content":{"rendered":"<p style=\"text-align: justify\">A pasada semana a ANPA \u201cOs Mu\u00ed\u00f1os\u201d do Colexio Solanas da Guarda remitiu a trav\u00e9s do rexistro de entrada do Concello da Guarda m\u00e1is de 800 sinaturas de pais e nais de alumnos e alumnas deste centro educativo da Guarda solicitando unha reforma dos ba\u00f1os.<\/p>\n<p style=\"text-align: justify\">Dende a ANPA e dende o Concello da Guarda entenden que \u00e9 unha obra moi necesaria e as\u00ed o trasladaron, remitindo esta informaci\u00f3n dende o Concello \u00e1 Xefatura Territorial de Educaci\u00f3n de Pontevedra e mesmo \u00e1 Conselleira, reclamando a urxencia de emprender estas acci\u00f3ns para o benestar dos usuarios e usuarias deste centro educativo.<\/p>\n<p style=\"text-align: justify\">A Concelleira de Educaci\u00f3n, Elena Baz, manifestou a necesidade de manter unha xuntanza de car\u00e1cter urxente co Xefe Territorial de Educaci\u00f3n en Pontevedra, solicitude realizada sen \u00e9xito en reiteradas ocasi\u00f3ns, para poder coordinar as demandas existentes no municipio en canto ao estado dos Centros educativos.<\/p>\n<p style=\"text-align: center\"><img decoding=\"async\" loading=\"lazy\" class=\"aligncenter size-full wp-image-17169\" src=\"https:\/\/www.aguarda.es\/wp-content\/uploads\/2019\/02\/NP-27022019-A-ANPA-do-Colexio-Solanas-da-Guarda-solicita-a-Educaci\u00f3n-unha-reforma-dos-ba\u00f1os-do-centro-1.jpg\" alt=\"A pasada semana a ANPA \u201cOs Mu\u00ed\u00f1os\u201d do Colexio Solanas da Guarda remitiu a trav\u00e9s do rexistro de entrada do Concello da Guarda m\u00e1is de 800 sinaturas de pais e nais de alumnos e alumnas deste centro educativo da Guarda solicitando unha reforma dos ba\u00f1os.\" width=\"800\" height=\"600\" srcset=\"https:\/\/www.aguarda.es\/wp-content\/uploads\/2019\/02\/NP-27022019-A-ANPA-do-Colexio-Solanas-da-Guarda-solicita-a-Educaci\u00f3n-unha-reforma-dos-ba\u00f1os-do-centro-1.jpg 800w, https:\/\/www.aguarda.es\/wp-content\/uploads\/2019\/02\/NP-27022019-A-ANPA-do-Colexio-Solanas-da-Guarda-solicita-a-Educaci\u00f3n-unha-reforma-dos-ba\u00f1os-do-centro-1-300x225.jpg 300w, https:\/\/www.aguarda.es\/wp-content\/uploads\/2019\/02\/NP-27022019-A-ANPA-do-Colexio-Solanas-da-Guarda-solicita-a-Educaci\u00f3n-unha-reforma-dos-ba\u00f1os-do-centro-1-768x576.jpg 768w, https:\/\/www.aguarda.es\/wp-content\/uploads\/2019\/02\/NP-27022019-A-ANPA-do-Colexio-Solanas-da-Guarda-solicita-a-Educaci\u00f3n-unha-reforma-dos-ba\u00f1os-do-centro-1-570x428.jpg 570w\" sizes=\"(max-width: 800px) 100vw, 800px\" \/><img decoding=\"async\" loading=\"lazy\" class=\"aligncenter size-full wp-image-17173\" src=\"https:\/\/www.aguarda.es\/wp-content\/uploads\/2019\/02\/NP-27022019-A-ANPA-do-Colexio-Solanas-da-Guarda-solicita-a-Educaci\u00f3n-unha-reforma-dos-ba\u00f1os-do-centro-3.jpg\" alt=\"A pasada semana a ANPA \u201cOs Mu\u00ed\u00f1os\u201d do Colexio Solanas da Guarda remitiu a trav\u00e9s do rexistro de entrada do Concello da Guarda m\u00e1is de 800 sinaturas de pais e nais de alumnos e alumnas deste centro educativo da Guarda solicitando unha reforma dos ba\u00f1os.\" width=\"800\" height=\"600\" srcset=\"https:\/\/www.aguarda.es\/wp-content\/uploads\/2019\/02\/NP-27022019-A-ANPA-do-Colexio-Solanas-da-Guarda-solicita-a-Educaci\u00f3n-unha-reforma-dos-ba\u00f1os-do-centro-3.jpg 800w, https:\/\/www.aguarda.es\/wp-content\/uploads\/2019\/02\/NP-27022019-A-ANPA-do-Colexio-Solanas-da-Guarda-solicita-a-Educaci\u00f3n-unha-reforma-dos-ba\u00f1os-do-centro-3-300x225.jpg 300w, https:\/\/www.aguarda.es\/wp-content\/uploads\/2019\/02\/NP-27022019-A-ANPA-do-Colexio-Solanas-da-Guarda-solicita-a-Educaci\u00f3n-unha-reforma-dos-ba\u00f1os-do-centro-3-768x576.jpg 768w, https:\/\/www.aguarda.es\/wp-content\/uploads\/2019\/02\/NP-27022019-A-ANPA-do-Colexio-Solanas-da-Guarda-solicita-a-Educaci\u00f3n-unha-reforma-dos-ba\u00f1os-do-centro-3-570x428.jpg 570w\" sizes=\"(max-width: 800px) 100vw, 800px\" \/><\/p>\n","protected":false},"excerpt":{"rendered":"<p>A pasada semana a ANPA \u201cOs Mu\u00ed\u00f1os\u201d do Colexio Solanas da Guarda remitiu a trav\u00e9s do rexistro de entrada do Concello da Guarda m\u00e1is de 800 sinaturas de pais e nais de alumnos e alumnas deste centro educativo da Guarda &hellip; <\/p>\n","protected":false},"author":2,"featured_media":17171,"comment_status":"open","ping_status":"open","sticky":false,"template":"","format":"standard","meta":[],"categories":[37,33],"tags":[226,237,1738,1737],"yoast_head":"<!-- This site is optimized with the Yoast SEO plugin v21.1 - https:\/\/yoast.com\/wordpress\/plugins\/seo\/ -->\n<title>A ANPA do Colexio Solanas da Guarda solicita a Educaci\u00f3n unha reforma dos ba\u00f1os do centro - Concello da Guarda<\/title>\n<meta name=\"robots\" content=\"index, follow, max-snippet:-1, max-image-preview:large, max-video-preview:-1\" \/>\n<link rel=\"canonical\" href=\"https:\/\/www.aguarda.es\/en\/a-anpa-do-colexio-solanas-da-guarda-solicita-a-educacion-unha-reforma-dos-banos-do-centro\/\" \/>\n<meta property=\"og:locale\" content=\"en_US\" \/>\n<meta property=\"og:type\" content=\"article\" \/>\n<meta property=\"og:title\" content=\"A ANPA do Colexio Solanas da Guarda solicita a Educaci\u00f3n unha reforma dos ba\u00f1os do centro - Concello da Guarda\" \/>\n<meta property=\"og:description\" content=\"A pasada semana a ANPA \u201cOs Mu\u00ed\u00f1os\u201d do Colexio Solanas da Guarda remitiu a trav\u00e9s do rexistro de entrada do Concello da Guarda m\u00e1is de 800 sinaturas de pais e nais de alumnos e alumnas deste centro educativo da Guarda &hellip;\" \/>\n<meta property=\"og:url\" content=\"https:\/\/www.aguarda.es\/en\/a-anpa-do-colexio-solanas-da-guarda-solicita-a-educacion-unha-reforma-dos-banos-do-centro\/\" \/>\n<meta property=\"og:site_name\" content=\"Concello da Guarda\" \/>\n<meta property=\"article:publisher\" content=\"https:\/\/www.facebook.com\/ConcellodaGuarda\" \/>\n<meta property=\"article:published_time\" content=\"2019-02-27T12:47:45+00:00\" \/>\n<meta property=\"og:image\" content=\"https:\/\/www.aguarda.es\/wp-content\/uploads\/2019\/02\/NP-27022019-A-ANPA-do-Colexio-Solanas-da-Guarda-solicita-a-Educaci\u00f3n-unha-reforma-dos-ba\u00f1os-do-centro-2.jpg\" \/>\n\t<meta property=\"og:image:width\" content=\"800\" \/>\n\t<meta property=\"og:image:height\" content=\"600\" \/>\n\t<meta property=\"og:image:type\" content=\"image\/jpeg\" \/>\n<meta name=\"author\" content=\"prensa\" \/>\n<meta name=\"twitter:card\" content=\"summary_large_image\" \/>\n<meta name=\"twitter:creator\" content=\"@AGuarda_es\" \/>\n<meta name=\"twitter:site\" content=\"@AGuarda_es\" \/>\n<meta name=\"twitter:label1\" content=\"Written by\" \/>\n\t<meta name=\"twitter:data1\" content=\"prensa\" \/>\n\t<meta name=\"twitter:label2\" content=\"Est. reading time\" \/>\n\t<meta name=\"twitter:data2\" content=\"1 minute\" \/>\n<script type=\"application\/ld+json\" class=\"yoast-schema-graph\">{\"@context\":\"https:\/\/schema.org\",\"@graph\":[{\"@type\":\"WebPage\",\"@id\":\"https:\/\/www.aguarda.es\/en\/a-anpa-do-colexio-solanas-da-guarda-solicita-a-educacion-unha-reforma-dos-banos-do-centro\/\",\"url\":\"https:\/\/www.aguarda.es\/en\/a-anpa-do-colexio-solanas-da-guarda-solicita-a-educacion-unha-reforma-dos-banos-do-centro\/\",\"name\":\"A ANPA do Colexio Solanas da Guarda solicita a Educaci\u00f3n unha reforma dos ba\u00f1os do centro - Concello da Guarda\",\"isPartOf\":{\"@id\":\"https:\/\/www.aguarda.es\/en\/#website\"},\"datePublished\":\"2019-02-27T12:47:45+00:00\",\"dateModified\":\"2019-02-27T12:47:45+00:00\",\"author\":{\"@id\":\"https:\/\/www.aguarda.es\/en\/#\/schema\/person\/c463ca3006858ffb349d11179d044f21\"},\"breadcrumb\":{\"@id\":\"https:\/\/www.aguarda.es\/en\/a-anpa-do-colexio-solanas-da-guarda-solicita-a-educacion-unha-reforma-dos-banos-do-centro\/#breadcrumb\"},\"inLanguage\":\"en-US\",\"potentialAction\":[{\"@type\":\"ReadAction\",\"target\":[\"https:\/\/www.aguarda.es\/en\/a-anpa-do-colexio-solanas-da-guarda-solicita-a-educacion-unha-reforma-dos-banos-do-centro\/\"]}]},{\"@type\":\"BreadcrumbList\",\"@id\":\"https:\/\/www.aguarda.es\/en\/a-anpa-do-colexio-solanas-da-guarda-solicita-a-educacion-unha-reforma-dos-banos-do-centro\/#breadcrumb\",\"itemListElement\":[{\"@type\":\"ListItem\",\"position\":1,\"name\":\"Portada\",\"item\":\"https:\/\/www.aguarda.es\/en\/\"},{\"@type\":\"ListItem\",\"position\":2,\"name\":\"A ANPA do Colexio Solanas da Guarda solicita a Educaci\u00f3n unha reforma dos ba\u00f1os do centro\"}]},{\"@type\":\"WebSite\",\"@id\":\"https:\/\/www.aguarda.es\/en\/#website\",\"url\":\"https:\/\/www.aguarda.es\/en\/\",\"name\":\"Concello da Guarda\",\"description\":\"P\u00e1xina web do concello da Guarda\",\"potentialAction\":[{\"@type\":\"SearchAction\",\"target\":{\"@type\":\"EntryPoint\",\"urlTemplate\":\"https:\/\/www.aguarda.es\/en\/?s={search_term_string}\"},\"query-input\":\"required name=search_term_string\"}],\"inLanguage\":\"en-US\"},{\"@type\":\"Person\",\"@id\":\"https:\/\/www.aguarda.es\/en\/#\/schema\/person\/c463ca3006858ffb349d11179d044f21\",\"name\":\"prensa\",\"image\":{\"@type\":\"ImageObject\",\"inLanguage\":\"en-US\",\"@id\":\"https:\/\/www.aguarda.es\/en\/#\/schema\/person\/image\/\",\"url\":\"https:\/\/secure.gravatar.com\/avatar\/5f90ef536b0f98306edf5c7a1135ffa1?s=96&d=mm&r=g\",\"contentUrl\":\"https:\/\/secure.gravatar.com\/avatar\/5f90ef536b0f98306edf5c7a1135ffa1?s=96&d=mm&r=g\",\"caption\":\"prensa\"},\"url\":\"https:\/\/www.aguarda.es\/en\/author\/prensa\/\"}]}<\/script>\n<!-- \/ Yoast SEO plugin. -->","yoast_head_json":{"title":"A ANPA do Colexio Solanas da Guarda solicita a Educaci\u00f3n unha reforma dos ba\u00f1os do centro - Concello da Guarda","robots":{"index":"index","follow":"follow","max-snippet":"max-snippet:-1","max-image-preview":"max-image-preview:large","max-video-preview":"max-video-preview:-1"},"canonical":"https:\/\/www.aguarda.es\/en\/a-anpa-do-colexio-solanas-da-guarda-solicita-a-educacion-unha-reforma-dos-banos-do-centro\/","og_locale":"en_US","og_type":"article","og_title":"A ANPA do Colexio Solanas da Guarda solicita a Educaci\u00f3n unha reforma dos ba\u00f1os do centro - Concello da Guarda","og_description":"A pasada semana a ANPA \u201cOs Mu\u00ed\u00f1os\u201d do Colexio Solanas da Guarda remitiu a trav\u00e9s do rexistro de entrada do Concello da Guarda m\u00e1is de 800 sinaturas de pais e nais de alumnos e alumnas deste centro educativo da Guarda &hellip;","og_url":"https:\/\/www.aguarda.es\/en\/a-anpa-do-colexio-solanas-da-guarda-solicita-a-educacion-unha-reforma-dos-banos-do-centro\/","og_site_name":"Concello da Guarda","article_publisher":"https:\/\/www.facebook.com\/ConcellodaGuarda","article_published_time":"2019-02-27T12:47:45+00:00","og_image":[{"width":800,"height":600,"url":"https:\/\/www.aguarda.es\/wp-content\/uploads\/2019\/02\/NP-27022019-A-ANPA-do-Colexio-Solanas-da-Guarda-solicita-a-Educaci\u00f3n-unha-reforma-dos-ba\u00f1os-do-centro-2.jpg","type":"image\/jpeg"}],"author":"prensa","twitter_card":"summary_large_image","twitter_creator":"@AGuarda_es","twitter_site":"@AGuarda_es","twitter_misc":{"Written by":"prensa","Est. reading time":"1 minute"},"schema":{"@context":"https:\/\/schema.org","@graph":[{"@type":"WebPage","@id":"https:\/\/www.aguarda.es\/en\/a-anpa-do-colexio-solanas-da-guarda-solicita-a-educacion-unha-reforma-dos-banos-do-centro\/","url":"https:\/\/www.aguarda.es\/en\/a-anpa-do-colexio-solanas-da-guarda-solicita-a-educacion-unha-reforma-dos-banos-do-centro\/","name":"A ANPA do Colexio Solanas da Guarda solicita a Educaci\u00f3n unha reforma dos ba\u00f1os do centro - Concello da Guarda","isPartOf":{"@id":"https:\/\/www.aguarda.es\/en\/#website"},"datePublished":"2019-02-27T12:47:45+00:00","dateModified":"2019-02-27T12:47:45+00:00","author":{"@id":"https:\/\/www.aguarda.es\/en\/#\/schema\/person\/c463ca3006858ffb349d11179d044f21"},"breadcrumb":{"@id":"https:\/\/www.aguarda.es\/en\/a-anpa-do-colexio-solanas-da-guarda-solicita-a-educacion-unha-reforma-dos-banos-do-centro\/#breadcrumb"},"inLanguage":"en-US","potentialAction":[{"@type":"ReadAction","target":["https:\/\/www.aguarda.es\/en\/a-anpa-do-colexio-solanas-da-guarda-solicita-a-educacion-unha-reforma-dos-banos-do-centro\/"]}]},{"@type":"BreadcrumbList","@id":"https:\/\/www.aguarda.es\/en\/a-anpa-do-colexio-solanas-da-guarda-solicita-a-educacion-unha-reforma-dos-banos-do-centro\/#breadcrumb","itemListElement":[{"@type":"ListItem","position":1,"name":"Portada","item":"https:\/\/www.aguarda.es\/en\/"},{"@type":"ListItem","position":2,"name":"A ANPA do Colexio Solanas da Guarda solicita a Educaci\u00f3n unha reforma dos ba\u00f1os do centro"}]},{"@type":"WebSite","@id":"https:\/\/www.aguarda.es\/en\/#website","url":"https:\/\/www.aguarda.es\/en\/","name":"Concello da Guarda","description":"P\u00e1xina web do concello da Guarda","potentialAction":[{"@type":"SearchAction","target":{"@type":"EntryPoint","urlTemplate":"https:\/\/www.aguarda.es\/en\/?s={search_term_string}"},"query-input":"required name=search_term_string"}],"inLanguage":"en-US"},{"@type":"Person","@id":"https:\/\/www.aguarda.es\/en\/#\/schema\/person\/c463ca3006858ffb349d11179d044f21","name":"prensa","image":{"@type":"ImageObject","inLanguage":"en-US","@id":"https:\/\/www.aguarda.es\/en\/#\/schema\/person\/image\/","url":"https:\/\/secure.gravatar.com\/avatar\/5f90ef536b0f98306edf5c7a1135ffa1?s=96&d=mm&r=g","contentUrl":"https:\/\/secure.gravatar.com\/avatar\/5f90ef536b0f98306edf5c7a1135ffa1?s=96&d=mm&r=g","caption":"prensa"},"url":"https:\/\/www.aguarda.es\/en\/author\/prensa\/"}]}},"_links":{"self":[{"href":"https:\/\/www.aguarda.es\/en\/wp-json\/wp\/v2\/posts\/17168"}],"collection":[{"href":"https:\/\/www.aguarda.es\/en\/wp-json\/wp\/v2\/posts"}],"about":[{"href":"https:\/\/www.aguarda.es\/en\/wp-json\/wp\/v2\/types\/post"}],"author":[{"embeddable":true,"href":"https:\/\/www.aguarda.es\/en\/wp-json\/wp\/v2\/users\/2"}],"replies":[{"embeddable":true,"href":"https:\/\/www.aguarda.es\/en\/wp-json\/wp\/v2\/comments?post=17168"}],"version-history":[{"count":1,"href":"https:\/\/www.aguarda.es\/en\/wp-json\/wp\/v2\/posts\/17168\/revisions"}],"predecessor-version":[{"id":17175,"href":"https:\/\/www.aguarda.es\/en\/wp-json\/wp\/v2\/posts\/17168\/revisions\/17175"}],"wp:featuredmedia":[{"embeddable":true,"href":"https:\/\/www.aguarda.es\/en\/wp-json\/wp\/v2\/media\/17171"}],"wp:attachment":[{"href":"https:\/\/www.aguarda.es\/en\/wp-json\/wp\/v2\/media?parent=17168"}],"wp:term":[{"taxonomy":"category","embeddable":true,"href":"https:\/\/www.aguarda.es\/en\/wp-json\/wp\/v2\/categories?post=17168"},{"taxonomy":"post_tag","embeddable":true,"href":"https:\/\/www.aguarda.es\/en\/wp-json\/wp\/v2\/tags?post=17168"}],"curies":[{"name":"wp","href":"https:\/\/api.w.org\/{rel}","templated":true}]}}