{"id":17317,"date":"2019-03-11T12:29:36","date_gmt":"2019-03-11T12:29:36","guid":{"rendered":"https:\/\/www.aguarda.es\/?p=17317"},"modified":"2019-03-11T12:29:36","modified_gmt":"2019-03-11T12:29:36","slug":"abertas-as-inscricions-para-a-segunda-edicion-de-coas-mans-na-masa-para-a-elaboracion-artesanal-de-conservas-e-unguentos-naturais","status":"publish","type":"post","link":"https:\/\/www.aguarda.es\/en\/abertas-as-inscricions-para-a-segunda-edicion-de-coas-mans-na-masa-para-a-elaboracion-artesanal-de-conservas-e-unguentos-naturais\/","title":{"rendered":"Abertas as inscrici\u00f3ns para a segunda edici\u00f3n de \u00abCoas mans na masa\u00bb para a elaboraci\u00f3n artesanal de conservas e ung\u00fcentos naturais"},"content":{"rendered":"<p style=\"text-align: justify\">A Asociaci\u00f3n de Desenvolvemento Galicia Suroeste Eurural segue apostando pola formaci\u00f3n e posta en valor do territorio. Tras o \u00e9xito acadado en 2018, a Escola Eu Rural pon en marcha a segunda edici\u00f3n do programa \u2018Coas mans na masa\u2019, un itinerario formativo centrado na transformaci\u00f3n de produtos do sector agrario que busca engadir valor no mercado a trav\u00e9s da transformaci\u00f3n de materia prima abundante na contorna en produtos de gran calidade e da s\u00faa conservaci\u00f3n para a posterior comercializaci\u00f3n.<\/p>\n<p style=\"text-align: justify\">Nesta ocasi\u00f3n o programa \u2018Coas mans na masa\u2019 acolle d\u00faas acci\u00f3ns formativas diferencias. Por un lado, volver\u00e1n a impartirse os cursos dedicados \u00e1 elaboraci\u00f3n de conservas artesanais e naturais con alimentos de tempada que abunden na contorna. Nesta nova edici\u00f3n o itinerario formativo recae novamente na Guarda, en resposta \u00e1 gran demanda de inscrici\u00f3ns existentes na primeira edici\u00f3n, nos d\u00edas 13, 14 e 15 de maio.<\/p>\n<p style=\"text-align: justify\">Poder\u00e1 inscribirse e participar nestes cursos calquera persoa que resida no territorio do GDR 14 e estea interesada, independentemente de que o concello no que viva non dispo\u00f1a de curso. As xornadas son de balde e a inscrici\u00f3n farase a trav\u00e9s da web <a href=\"http:\/\/www.eurural.org\">www.eurural.org<\/a>, dirix\u00edndose ao apartado denominado Escola. Todos os cursos se impartir\u00e1n en horario de 16.30 a 20.30 horas e haber\u00e1 un m\u00e1ximo de 15 alumnos e alumnas por curso.<\/p>\n<p style=\"text-align: justify\">\u2018Coas mans na masa\u2019 nace ao acubillo da Escola Eurural, creada en 2017 como unha ferramenta posta en marcha pola AD Galicia Suroeste Eurural para canalizar todas as acci\u00f3ns formativas que se desenvolven no territorio do GDR 14 e que abrangue aos concellos de Baiona, Fornelos de Montes, Gondomar, A Guarda, Mos, Nigr\u00e1n, Oia, Pazos de Borb\u00e9n, O Porri\u00f1o, Redondela, O Rosal, Tomi\u00f1o e Tui.<\/p>\n<p style=\"text-align: justify\">Dentro da s\u00faa Estratexia de Desenvolvemento Local Participativa elaborada pola AD Galicia Suroeste Eurural, na que se estableceron as li\u00f1as de actuaci\u00f3n da Medida Leader para o territorio do GDR 14, rec\u00f3llese unha aposta pola formaci\u00f3n como veh\u00edculo para mellorar a capacitaci\u00f3n do capital humano da contorna. Por este motivo, cada ano dest\u00ednase o 2,5% do orzamento anual da asociaci\u00f3n \u00e1 creaci\u00f3n de itinerarios formativos para toda a poboaci\u00f3n e ata o de agora xa se formaron a m\u00e1is de 200 persoas.<\/p>\n","protected":false},"excerpt":{"rendered":"<p>A Asociaci\u00f3n de Desenvolvemento Galicia Suroeste Eurural segue apostando pola formaci\u00f3n e posta en valor do territorio. Tras o \u00e9xito acadado en 2018, a Escola Eu Rural pon en marcha a segunda edici\u00f3n do programa \u2018Coas mans na masa\u2019, un &hellip; <\/p>\n","protected":false},"author":2,"featured_media":17318,"comment_status":"open","ping_status":"open","sticky":false,"template":"","format":"standard","meta":[],"categories":[33,48],"tags":[226,1750,734,1099,747],"yoast_head":"<!-- This site is optimized with the Yoast SEO plugin v21.1 - https:\/\/yoast.com\/wordpress\/plugins\/seo\/ -->\n<title>Abertas as inscrici\u00f3ns para a segunda edici\u00f3n de \u00abCoas mans na masa\u00bb para a elaboraci\u00f3n artesanal de conservas e ung\u00fcentos naturais - Concello da Guarda<\/title>\n<meta name=\"robots\" content=\"index, follow, max-snippet:-1, max-image-preview:large, max-video-preview:-1\" \/>\n<link rel=\"canonical\" href=\"https:\/\/www.aguarda.es\/en\/abertas-as-inscricions-para-a-segunda-edicion-de-coas-mans-na-masa-para-a-elaboracion-artesanal-de-conservas-e-unguentos-naturais\/\" \/>\n<meta property=\"og:locale\" content=\"en_US\" \/>\n<meta property=\"og:type\" content=\"article\" \/>\n<meta property=\"og:title\" content=\"Abertas as inscrici\u00f3ns para a segunda edici\u00f3n de \u00abCoas mans na masa\u00bb para a elaboraci\u00f3n artesanal de conservas e ung\u00fcentos naturais - Concello da Guarda\" \/>\n<meta property=\"og:description\" content=\"A Asociaci\u00f3n de Desenvolvemento Galicia Suroeste Eurural segue apostando pola formaci\u00f3n e posta en valor do territorio. Tras o \u00e9xito acadado en 2018, a Escola Eu Rural pon en marcha a segunda edici\u00f3n do programa \u2018Coas mans na masa\u2019, un &hellip;\" \/>\n<meta property=\"og:url\" content=\"https:\/\/www.aguarda.es\/en\/abertas-as-inscricions-para-a-segunda-edicion-de-coas-mans-na-masa-para-a-elaboracion-artesanal-de-conservas-e-unguentos-naturais\/\" \/>\n<meta property=\"og:site_name\" content=\"Concello da Guarda\" \/>\n<meta property=\"article:publisher\" content=\"https:\/\/www.facebook.com\/ConcellodaGuarda\" \/>\n<meta property=\"article:published_time\" content=\"2019-03-11T12:29:36+00:00\" \/>\n<meta property=\"og:image\" content=\"https:\/\/www.aguarda.es\/wp-content\/uploads\/2019\/03\/NP11031.jpg\" \/>\n\t<meta property=\"og:image:width\" content=\"678\" \/>\n\t<meta property=\"og:image:height\" content=\"960\" \/>\n\t<meta property=\"og:image:type\" content=\"image\/jpeg\" \/>\n<meta name=\"author\" content=\"prensa\" \/>\n<meta name=\"twitter:card\" content=\"summary_large_image\" \/>\n<meta name=\"twitter:creator\" content=\"@AGuarda_es\" \/>\n<meta name=\"twitter:site\" content=\"@AGuarda_es\" \/>\n<meta name=\"twitter:label1\" content=\"Written by\" \/>\n\t<meta name=\"twitter:data1\" content=\"prensa\" \/>\n\t<meta name=\"twitter:label2\" content=\"Est. reading time\" \/>\n\t<meta name=\"twitter:data2\" content=\"2 minutes\" \/>\n<script type=\"application\/ld+json\" class=\"yoast-schema-graph\">{\"@context\":\"https:\/\/schema.org\",\"@graph\":[{\"@type\":\"WebPage\",\"@id\":\"https:\/\/www.aguarda.es\/en\/abertas-as-inscricions-para-a-segunda-edicion-de-coas-mans-na-masa-para-a-elaboracion-artesanal-de-conservas-e-unguentos-naturais\/\",\"url\":\"https:\/\/www.aguarda.es\/en\/abertas-as-inscricions-para-a-segunda-edicion-de-coas-mans-na-masa-para-a-elaboracion-artesanal-de-conservas-e-unguentos-naturais\/\",\"name\":\"Abertas as inscrici\u00f3ns para a segunda edici\u00f3n de \u00abCoas mans na masa\u00bb para a elaboraci\u00f3n artesanal de conservas e ung\u00fcentos naturais - Concello da Guarda\",\"isPartOf\":{\"@id\":\"https:\/\/www.aguarda.es\/en\/#website\"},\"datePublished\":\"2019-03-11T12:29:36+00:00\",\"dateModified\":\"2019-03-11T12:29:36+00:00\",\"author\":{\"@id\":\"https:\/\/www.aguarda.es\/en\/#\/schema\/person\/c463ca3006858ffb349d11179d044f21\"},\"breadcrumb\":{\"@id\":\"https:\/\/www.aguarda.es\/en\/abertas-as-inscricions-para-a-segunda-edicion-de-coas-mans-na-masa-para-a-elaboracion-artesanal-de-conservas-e-unguentos-naturais\/#breadcrumb\"},\"inLanguage\":\"en-US\",\"potentialAction\":[{\"@type\":\"ReadAction\",\"target\":[\"https:\/\/www.aguarda.es\/en\/abertas-as-inscricions-para-a-segunda-edicion-de-coas-mans-na-masa-para-a-elaboracion-artesanal-de-conservas-e-unguentos-naturais\/\"]}]},{\"@type\":\"BreadcrumbList\",\"@id\":\"https:\/\/www.aguarda.es\/en\/abertas-as-inscricions-para-a-segunda-edicion-de-coas-mans-na-masa-para-a-elaboracion-artesanal-de-conservas-e-unguentos-naturais\/#breadcrumb\",\"itemListElement\":[{\"@type\":\"ListItem\",\"position\":1,\"name\":\"Portada\",\"item\":\"https:\/\/www.aguarda.es\/en\/\"},{\"@type\":\"ListItem\",\"position\":2,\"name\":\"Abertas as inscrici\u00f3ns para a segunda edici\u00f3n de \u00abCoas mans na masa\u00bb para a elaboraci\u00f3n artesanal de conservas e ung\u00fcentos naturais\"}]},{\"@type\":\"WebSite\",\"@id\":\"https:\/\/www.aguarda.es\/en\/#website\",\"url\":\"https:\/\/www.aguarda.es\/en\/\",\"name\":\"Concello da Guarda\",\"description\":\"P\u00e1xina web do concello da Guarda\",\"potentialAction\":[{\"@type\":\"SearchAction\",\"target\":{\"@type\":\"EntryPoint\",\"urlTemplate\":\"https:\/\/www.aguarda.es\/en\/?s={search_term_string}\"},\"query-input\":\"required name=search_term_string\"}],\"inLanguage\":\"en-US\"},{\"@type\":\"Person\",\"@id\":\"https:\/\/www.aguarda.es\/en\/#\/schema\/person\/c463ca3006858ffb349d11179d044f21\",\"name\":\"prensa\",\"image\":{\"@type\":\"ImageObject\",\"inLanguage\":\"en-US\",\"@id\":\"https:\/\/www.aguarda.es\/en\/#\/schema\/person\/image\/\",\"url\":\"https:\/\/secure.gravatar.com\/avatar\/5f90ef536b0f98306edf5c7a1135ffa1?s=96&d=mm&r=g\",\"contentUrl\":\"https:\/\/secure.gravatar.com\/avatar\/5f90ef536b0f98306edf5c7a1135ffa1?s=96&d=mm&r=g\",\"caption\":\"prensa\"},\"url\":\"https:\/\/www.aguarda.es\/en\/author\/prensa\/\"}]}<\/script>\n<!-- \/ Yoast SEO plugin. -->","yoast_head_json":{"title":"Abertas as inscrici\u00f3ns para a segunda edici\u00f3n de \u00abCoas mans na masa\u00bb para a elaboraci\u00f3n artesanal de conservas e ung\u00fcentos naturais - Concello da Guarda","robots":{"index":"index","follow":"follow","max-snippet":"max-snippet:-1","max-image-preview":"max-image-preview:large","max-video-preview":"max-video-preview:-1"},"canonical":"https:\/\/www.aguarda.es\/en\/abertas-as-inscricions-para-a-segunda-edicion-de-coas-mans-na-masa-para-a-elaboracion-artesanal-de-conservas-e-unguentos-naturais\/","og_locale":"en_US","og_type":"article","og_title":"Abertas as inscrici\u00f3ns para a segunda edici\u00f3n de \u00abCoas mans na masa\u00bb para a elaboraci\u00f3n artesanal de conservas e ung\u00fcentos naturais - Concello da Guarda","og_description":"A Asociaci\u00f3n de Desenvolvemento Galicia Suroeste Eurural segue apostando pola formaci\u00f3n e posta en valor do territorio. Tras o \u00e9xito acadado en 2018, a Escola Eu Rural pon en marcha a segunda edici\u00f3n do programa \u2018Coas mans na masa\u2019, un &hellip;","og_url":"https:\/\/www.aguarda.es\/en\/abertas-as-inscricions-para-a-segunda-edicion-de-coas-mans-na-masa-para-a-elaboracion-artesanal-de-conservas-e-unguentos-naturais\/","og_site_name":"Concello da Guarda","article_publisher":"https:\/\/www.facebook.com\/ConcellodaGuarda","article_published_time":"2019-03-11T12:29:36+00:00","og_image":[{"width":678,"height":960,"url":"https:\/\/www.aguarda.es\/wp-content\/uploads\/2019\/03\/NP11031.jpg","type":"image\/jpeg"}],"author":"prensa","twitter_card":"summary_large_image","twitter_creator":"@AGuarda_es","twitter_site":"@AGuarda_es","twitter_misc":{"Written by":"prensa","Est. reading time":"2 minutes"},"schema":{"@context":"https:\/\/schema.org","@graph":[{"@type":"WebPage","@id":"https:\/\/www.aguarda.es\/en\/abertas-as-inscricions-para-a-segunda-edicion-de-coas-mans-na-masa-para-a-elaboracion-artesanal-de-conservas-e-unguentos-naturais\/","url":"https:\/\/www.aguarda.es\/en\/abertas-as-inscricions-para-a-segunda-edicion-de-coas-mans-na-masa-para-a-elaboracion-artesanal-de-conservas-e-unguentos-naturais\/","name":"Abertas as inscrici\u00f3ns para a segunda edici\u00f3n de \u00abCoas mans na masa\u00bb para a elaboraci\u00f3n artesanal de conservas e ung\u00fcentos naturais - Concello da Guarda","isPartOf":{"@id":"https:\/\/www.aguarda.es\/en\/#website"},"datePublished":"2019-03-11T12:29:36+00:00","dateModified":"2019-03-11T12:29:36+00:00","author":{"@id":"https:\/\/www.aguarda.es\/en\/#\/schema\/person\/c463ca3006858ffb349d11179d044f21"},"breadcrumb":{"@id":"https:\/\/www.aguarda.es\/en\/abertas-as-inscricions-para-a-segunda-edicion-de-coas-mans-na-masa-para-a-elaboracion-artesanal-de-conservas-e-unguentos-naturais\/#breadcrumb"},"inLanguage":"en-US","potentialAction":[{"@type":"ReadAction","target":["https:\/\/www.aguarda.es\/en\/abertas-as-inscricions-para-a-segunda-edicion-de-coas-mans-na-masa-para-a-elaboracion-artesanal-de-conservas-e-unguentos-naturais\/"]}]},{"@type":"BreadcrumbList","@id":"https:\/\/www.aguarda.es\/en\/abertas-as-inscricions-para-a-segunda-edicion-de-coas-mans-na-masa-para-a-elaboracion-artesanal-de-conservas-e-unguentos-naturais\/#breadcrumb","itemListElement":[{"@type":"ListItem","position":1,"name":"Portada","item":"https:\/\/www.aguarda.es\/en\/"},{"@type":"ListItem","position":2,"name":"Abertas as inscrici\u00f3ns para a segunda edici\u00f3n de \u00abCoas mans na masa\u00bb para a elaboraci\u00f3n artesanal de conservas e ung\u00fcentos naturais"}]},{"@type":"WebSite","@id":"https:\/\/www.aguarda.es\/en\/#website","url":"https:\/\/www.aguarda.es\/en\/","name":"Concello da Guarda","description":"P\u00e1xina web do concello da Guarda","potentialAction":[{"@type":"SearchAction","target":{"@type":"EntryPoint","urlTemplate":"https:\/\/www.aguarda.es\/en\/?s={search_term_string}"},"query-input":"required name=search_term_string"}],"inLanguage":"en-US"},{"@type":"Person","@id":"https:\/\/www.aguarda.es\/en\/#\/schema\/person\/c463ca3006858ffb349d11179d044f21","name":"prensa","image":{"@type":"ImageObject","inLanguage":"en-US","@id":"https:\/\/www.aguarda.es\/en\/#\/schema\/person\/image\/","url":"https:\/\/secure.gravatar.com\/avatar\/5f90ef536b0f98306edf5c7a1135ffa1?s=96&d=mm&r=g","contentUrl":"https:\/\/secure.gravatar.com\/avatar\/5f90ef536b0f98306edf5c7a1135ffa1?s=96&d=mm&r=g","caption":"prensa"},"url":"https:\/\/www.aguarda.es\/en\/author\/prensa\/"}]}},"_links":{"self":[{"href":"https:\/\/www.aguarda.es\/en\/wp-json\/wp\/v2\/posts\/17317"}],"collection":[{"href":"https:\/\/www.aguarda.es\/en\/wp-json\/wp\/v2\/posts"}],"about":[{"href":"https:\/\/www.aguarda.es\/en\/wp-json\/wp\/v2\/types\/post"}],"author":[{"embeddable":true,"href":"https:\/\/www.aguarda.es\/en\/wp-json\/wp\/v2\/users\/2"}],"replies":[{"embeddable":true,"href":"https:\/\/www.aguarda.es\/en\/wp-json\/wp\/v2\/comments?post=17317"}],"version-history":[{"count":1,"href":"https:\/\/www.aguarda.es\/en\/wp-json\/wp\/v2\/posts\/17317\/revisions"}],"predecessor-version":[{"id":17320,"href":"https:\/\/www.aguarda.es\/en\/wp-json\/wp\/v2\/posts\/17317\/revisions\/17320"}],"wp:featuredmedia":[{"embeddable":true,"href":"https:\/\/www.aguarda.es\/en\/wp-json\/wp\/v2\/media\/17318"}],"wp:attachment":[{"href":"https:\/\/www.aguarda.es\/en\/wp-json\/wp\/v2\/media?parent=17317"}],"wp:term":[{"taxonomy":"category","embeddable":true,"href":"https:\/\/www.aguarda.es\/en\/wp-json\/wp\/v2\/categories?post=17317"},{"taxonomy":"post_tag","embeddable":true,"href":"https:\/\/www.aguarda.es\/en\/wp-json\/wp\/v2\/tags?post=17317"}],"curies":[{"name":"wp","href":"https:\/\/api.w.org\/{rel}","templated":true}]}}