{"id":17424,"date":"2019-03-21T12:06:02","date_gmt":"2019-03-21T12:06:02","guid":{"rendered":"https:\/\/www.aguarda.es\/?p=17424"},"modified":"2019-03-21T12:06:02","modified_gmt":"2019-03-21T12:06:02","slug":"a-guarda-incrementa-os-efectivos-da-policia-local","status":"publish","type":"post","link":"https:\/\/www.aguarda.es\/en\/a-guarda-incrementa-os-efectivos-da-policia-local\/","title":{"rendered":"A Guarda incrementa os efectivos da Polic\u00eda Local"},"content":{"rendered":"<p style=\"text-align: JUSTIFY\">A Guarda ven de publicar a Oferta de Emprego P\u00fablica 2019 na que se incl\u00faen 3 Polic\u00edas Locais e un oficial de Polic\u00eda local, 4 novos efectivos que formar\u00e1n parte dos efectivos fixos deste corpo de seguridade para suplir as baixas e reforzar o cadro de persoal existente.<\/p>\n<p style=\"text-align: JUSTIFY\">Do mesmo xeito se te\u00f1en solicitado e aprobado na AGASP (Academia Galega de Seguridade P\u00fablica) 6 auxiliares de Polic\u00eda Local que se incorporar\u00e1n ao longo do ano como reforzo, coincidindo en activo a totalidade dos mesmos durante os meses de xullo e agosto.<\/p>\n<p style=\"text-align: JUSTIFY\">Dende primeiros do mes de marzo xa se incorporaron os dous primeiros auxiliares e esta mesma semana se incorporan dous mais, que prestar\u00e1n servizo nos vindeiros 6 meses.<\/p>\n<p style=\"text-align: JUSTIFY\">Na actualidade a Polic\u00eda Local da Guarda conta cun cadro de persoal de 5 axentes fixos, que se ver\u00e1 incrementado ata 9, cun reforzo de 6 auxiliares.<\/p>\n<p style=\"text-align: center\"><img decoding=\"async\" loading=\"lazy\" class=\"aligncenter size-full wp-image-17427\" src=\"https:\/\/www.aguarda.es\/wp-content\/uploads\/2019\/03\/NP-21032019-A-Guarda-incrementa-os-efectivos-da-Polic\u00eda-Local-1.jpg\" alt=\"A Guarda ven de publicar a Oferta de Emprego P\u00fablica 2019 na que se incl\u00faen 3 Polic\u00edas Locais e un oficial de Polic\u00eda local, 4 novos efectivos que formar\u00e1n parte dos efectivos fixos deste corpo de seguridade para suplir as baixas e reforzar o cadro de persoal existente.\" width=\"800\" height=\"533\" srcset=\"https:\/\/www.aguarda.es\/wp-content\/uploads\/2019\/03\/NP-21032019-A-Guarda-incrementa-os-efectivos-da-Polic\u00eda-Local-1.jpg 800w, https:\/\/www.aguarda.es\/wp-content\/uploads\/2019\/03\/NP-21032019-A-Guarda-incrementa-os-efectivos-da-Polic\u00eda-Local-1-300x200.jpg 300w, https:\/\/www.aguarda.es\/wp-content\/uploads\/2019\/03\/NP-21032019-A-Guarda-incrementa-os-efectivos-da-Polic\u00eda-Local-1-768x512.jpg 768w, https:\/\/www.aguarda.es\/wp-content\/uploads\/2019\/03\/NP-21032019-A-Guarda-incrementa-os-efectivos-da-Polic\u00eda-Local-1-570x380.jpg 570w\" sizes=\"(max-width: 800px) 100vw, 800px\" \/><\/p>\n","protected":false},"excerpt":{"rendered":"<p>A Guarda ven de publicar a Oferta de Emprego P\u00fablica 2019 na que se incl\u00faen 3 Polic\u00edas Locais e un oficial de Polic\u00eda local, 4 novos efectivos que formar\u00e1n parte dos efectivos fixos deste corpo de seguridade para suplir as &hellip; <\/p>\n","protected":false},"author":2,"featured_media":17425,"comment_status":"open","ping_status":"open","sticky":false,"template":"","format":"standard","meta":[],"categories":[44,33],"tags":[289,1357],"yoast_head":"<!-- This site is optimized with the Yoast SEO plugin v21.1 - https:\/\/yoast.com\/wordpress\/plugins\/seo\/ -->\n<title>A Guarda incrementa os efectivos da Polic\u00eda Local - Concello da Guarda<\/title>\n<meta name=\"robots\" content=\"index, follow, max-snippet:-1, max-image-preview:large, max-video-preview:-1\" \/>\n<link rel=\"canonical\" href=\"https:\/\/www.aguarda.es\/en\/a-guarda-incrementa-os-efectivos-da-policia-local\/\" \/>\n<meta property=\"og:locale\" content=\"en_US\" \/>\n<meta property=\"og:type\" content=\"article\" \/>\n<meta property=\"og:title\" content=\"A Guarda incrementa os efectivos da Polic\u00eda Local - Concello da Guarda\" \/>\n<meta property=\"og:description\" content=\"A Guarda ven de publicar a Oferta de Emprego P\u00fablica 2019 na que se incl\u00faen 3 Polic\u00edas Locais e un oficial de Polic\u00eda local, 4 novos efectivos que formar\u00e1n parte dos efectivos fixos deste corpo de seguridade para suplir as &hellip;\" \/>\n<meta property=\"og:url\" content=\"https:\/\/www.aguarda.es\/en\/a-guarda-incrementa-os-efectivos-da-policia-local\/\" \/>\n<meta property=\"og:site_name\" content=\"Concello da Guarda\" \/>\n<meta property=\"article:publisher\" content=\"https:\/\/www.facebook.com\/ConcellodaGuarda\" \/>\n<meta property=\"article:published_time\" content=\"2019-03-21T12:06:02+00:00\" \/>\n<meta property=\"og:image\" content=\"https:\/\/www.aguarda.es\/wp-content\/uploads\/2019\/03\/NP-21032019-A-Guarda-incrementa-os-efectivos-da-Polic\u00eda-Local-2.jpg\" \/>\n\t<meta property=\"og:image:width\" content=\"800\" \/>\n\t<meta property=\"og:image:height\" content=\"533\" \/>\n\t<meta property=\"og:image:type\" content=\"image\/jpeg\" \/>\n<meta name=\"author\" content=\"prensa\" \/>\n<meta name=\"twitter:card\" content=\"summary_large_image\" \/>\n<meta name=\"twitter:creator\" content=\"@AGuarda_es\" \/>\n<meta name=\"twitter:site\" content=\"@AGuarda_es\" \/>\n<meta name=\"twitter:label1\" content=\"Written by\" \/>\n\t<meta name=\"twitter:data1\" content=\"prensa\" \/>\n\t<meta name=\"twitter:label2\" content=\"Est. reading time\" \/>\n\t<meta name=\"twitter:data2\" content=\"1 minute\" \/>\n<script type=\"application\/ld+json\" class=\"yoast-schema-graph\">{\"@context\":\"https:\/\/schema.org\",\"@graph\":[{\"@type\":\"WebPage\",\"@id\":\"https:\/\/www.aguarda.es\/en\/a-guarda-incrementa-os-efectivos-da-policia-local\/\",\"url\":\"https:\/\/www.aguarda.es\/en\/a-guarda-incrementa-os-efectivos-da-policia-local\/\",\"name\":\"A Guarda incrementa os efectivos da Polic\u00eda Local - Concello da Guarda\",\"isPartOf\":{\"@id\":\"https:\/\/www.aguarda.es\/en\/#website\"},\"datePublished\":\"2019-03-21T12:06:02+00:00\",\"dateModified\":\"2019-03-21T12:06:02+00:00\",\"author\":{\"@id\":\"https:\/\/www.aguarda.es\/en\/#\/schema\/person\/c463ca3006858ffb349d11179d044f21\"},\"breadcrumb\":{\"@id\":\"https:\/\/www.aguarda.es\/en\/a-guarda-incrementa-os-efectivos-da-policia-local\/#breadcrumb\"},\"inLanguage\":\"en-US\",\"potentialAction\":[{\"@type\":\"ReadAction\",\"target\":[\"https:\/\/www.aguarda.es\/en\/a-guarda-incrementa-os-efectivos-da-policia-local\/\"]}]},{\"@type\":\"BreadcrumbList\",\"@id\":\"https:\/\/www.aguarda.es\/en\/a-guarda-incrementa-os-efectivos-da-policia-local\/#breadcrumb\",\"itemListElement\":[{\"@type\":\"ListItem\",\"position\":1,\"name\":\"Portada\",\"item\":\"https:\/\/www.aguarda.es\/en\/\"},{\"@type\":\"ListItem\",\"position\":2,\"name\":\"A Guarda incrementa os efectivos da Polic\u00eda Local\"}]},{\"@type\":\"WebSite\",\"@id\":\"https:\/\/www.aguarda.es\/en\/#website\",\"url\":\"https:\/\/www.aguarda.es\/en\/\",\"name\":\"Concello da Guarda\",\"description\":\"P\u00e1xina web do concello da Guarda\",\"potentialAction\":[{\"@type\":\"SearchAction\",\"target\":{\"@type\":\"EntryPoint\",\"urlTemplate\":\"https:\/\/www.aguarda.es\/en\/?s={search_term_string}\"},\"query-input\":\"required name=search_term_string\"}],\"inLanguage\":\"en-US\"},{\"@type\":\"Person\",\"@id\":\"https:\/\/www.aguarda.es\/en\/#\/schema\/person\/c463ca3006858ffb349d11179d044f21\",\"name\":\"prensa\",\"image\":{\"@type\":\"ImageObject\",\"inLanguage\":\"en-US\",\"@id\":\"https:\/\/www.aguarda.es\/en\/#\/schema\/person\/image\/\",\"url\":\"https:\/\/secure.gravatar.com\/avatar\/5f90ef536b0f98306edf5c7a1135ffa1?s=96&d=mm&r=g\",\"contentUrl\":\"https:\/\/secure.gravatar.com\/avatar\/5f90ef536b0f98306edf5c7a1135ffa1?s=96&d=mm&r=g\",\"caption\":\"prensa\"},\"url\":\"https:\/\/www.aguarda.es\/en\/author\/prensa\/\"}]}<\/script>\n<!-- \/ Yoast SEO plugin. -->","yoast_head_json":{"title":"A Guarda incrementa os efectivos da Polic\u00eda Local - Concello da Guarda","robots":{"index":"index","follow":"follow","max-snippet":"max-snippet:-1","max-image-preview":"max-image-preview:large","max-video-preview":"max-video-preview:-1"},"canonical":"https:\/\/www.aguarda.es\/en\/a-guarda-incrementa-os-efectivos-da-policia-local\/","og_locale":"en_US","og_type":"article","og_title":"A Guarda incrementa os efectivos da Polic\u00eda Local - Concello da Guarda","og_description":"A Guarda ven de publicar a Oferta de Emprego P\u00fablica 2019 na que se incl\u00faen 3 Polic\u00edas Locais e un oficial de Polic\u00eda local, 4 novos efectivos que formar\u00e1n parte dos efectivos fixos deste corpo de seguridade para suplir as &hellip;","og_url":"https:\/\/www.aguarda.es\/en\/a-guarda-incrementa-os-efectivos-da-policia-local\/","og_site_name":"Concello da Guarda","article_publisher":"https:\/\/www.facebook.com\/ConcellodaGuarda","article_published_time":"2019-03-21T12:06:02+00:00","og_image":[{"width":800,"height":533,"url":"https:\/\/www.aguarda.es\/wp-content\/uploads\/2019\/03\/NP-21032019-A-Guarda-incrementa-os-efectivos-da-Polic\u00eda-Local-2.jpg","type":"image\/jpeg"}],"author":"prensa","twitter_card":"summary_large_image","twitter_creator":"@AGuarda_es","twitter_site":"@AGuarda_es","twitter_misc":{"Written by":"prensa","Est. reading time":"1 minute"},"schema":{"@context":"https:\/\/schema.org","@graph":[{"@type":"WebPage","@id":"https:\/\/www.aguarda.es\/en\/a-guarda-incrementa-os-efectivos-da-policia-local\/","url":"https:\/\/www.aguarda.es\/en\/a-guarda-incrementa-os-efectivos-da-policia-local\/","name":"A Guarda incrementa os efectivos da Polic\u00eda Local - Concello da Guarda","isPartOf":{"@id":"https:\/\/www.aguarda.es\/en\/#website"},"datePublished":"2019-03-21T12:06:02+00:00","dateModified":"2019-03-21T12:06:02+00:00","author":{"@id":"https:\/\/www.aguarda.es\/en\/#\/schema\/person\/c463ca3006858ffb349d11179d044f21"},"breadcrumb":{"@id":"https:\/\/www.aguarda.es\/en\/a-guarda-incrementa-os-efectivos-da-policia-local\/#breadcrumb"},"inLanguage":"en-US","potentialAction":[{"@type":"ReadAction","target":["https:\/\/www.aguarda.es\/en\/a-guarda-incrementa-os-efectivos-da-policia-local\/"]}]},{"@type":"BreadcrumbList","@id":"https:\/\/www.aguarda.es\/en\/a-guarda-incrementa-os-efectivos-da-policia-local\/#breadcrumb","itemListElement":[{"@type":"ListItem","position":1,"name":"Portada","item":"https:\/\/www.aguarda.es\/en\/"},{"@type":"ListItem","position":2,"name":"A Guarda incrementa os efectivos da Polic\u00eda Local"}]},{"@type":"WebSite","@id":"https:\/\/www.aguarda.es\/en\/#website","url":"https:\/\/www.aguarda.es\/en\/","name":"Concello da Guarda","description":"P\u00e1xina web do concello da Guarda","potentialAction":[{"@type":"SearchAction","target":{"@type":"EntryPoint","urlTemplate":"https:\/\/www.aguarda.es\/en\/?s={search_term_string}"},"query-input":"required name=search_term_string"}],"inLanguage":"en-US"},{"@type":"Person","@id":"https:\/\/www.aguarda.es\/en\/#\/schema\/person\/c463ca3006858ffb349d11179d044f21","name":"prensa","image":{"@type":"ImageObject","inLanguage":"en-US","@id":"https:\/\/www.aguarda.es\/en\/#\/schema\/person\/image\/","url":"https:\/\/secure.gravatar.com\/avatar\/5f90ef536b0f98306edf5c7a1135ffa1?s=96&d=mm&r=g","contentUrl":"https:\/\/secure.gravatar.com\/avatar\/5f90ef536b0f98306edf5c7a1135ffa1?s=96&d=mm&r=g","caption":"prensa"},"url":"https:\/\/www.aguarda.es\/en\/author\/prensa\/"}]}},"_links":{"self":[{"href":"https:\/\/www.aguarda.es\/en\/wp-json\/wp\/v2\/posts\/17424"}],"collection":[{"href":"https:\/\/www.aguarda.es\/en\/wp-json\/wp\/v2\/posts"}],"about":[{"href":"https:\/\/www.aguarda.es\/en\/wp-json\/wp\/v2\/types\/post"}],"author":[{"embeddable":true,"href":"https:\/\/www.aguarda.es\/en\/wp-json\/wp\/v2\/users\/2"}],"replies":[{"embeddable":true,"href":"https:\/\/www.aguarda.es\/en\/wp-json\/wp\/v2\/comments?post=17424"}],"version-history":[{"count":1,"href":"https:\/\/www.aguarda.es\/en\/wp-json\/wp\/v2\/posts\/17424\/revisions"}],"predecessor-version":[{"id":17429,"href":"https:\/\/www.aguarda.es\/en\/wp-json\/wp\/v2\/posts\/17424\/revisions\/17429"}],"wp:featuredmedia":[{"embeddable":true,"href":"https:\/\/www.aguarda.es\/en\/wp-json\/wp\/v2\/media\/17425"}],"wp:attachment":[{"href":"https:\/\/www.aguarda.es\/en\/wp-json\/wp\/v2\/media?parent=17424"}],"wp:term":[{"taxonomy":"category","embeddable":true,"href":"https:\/\/www.aguarda.es\/en\/wp-json\/wp\/v2\/categories?post=17424"},{"taxonomy":"post_tag","embeddable":true,"href":"https:\/\/www.aguarda.es\/en\/wp-json\/wp\/v2\/tags?post=17424"}],"curies":[{"name":"wp","href":"https:\/\/api.w.org\/{rel}","templated":true}]}}