{"id":17430,"date":"2019-03-22T10:21:04","date_gmt":"2019-03-22T10:21:04","guid":{"rendered":"https:\/\/www.aguarda.es\/?p=17430"},"modified":"2019-03-22T10:21:04","modified_gmt":"2019-03-22T10:21:04","slug":"a-guarda-oferta-dous-obradoiros-sobre-sexualidade","status":"publish","type":"post","link":"https:\/\/www.aguarda.es\/en\/a-guarda-oferta-dous-obradoiros-sobre-sexualidade\/","title":{"rendered":"A Guarda oferta dous obradoiros sobre sexualidade"},"content":{"rendered":"<p style=\"text-align: justify\">O Centro de Informaci\u00f3n \u00e1 Muller (CIM) da Guarda organiza no mes de abril dous obradoiros sobre sexualidade adicado especialmente a adultos e ao alumnado dos centros educativos da vila.<\/p>\n<p style=\"text-align: justify\"><strong>\u00abComo lle falo diso?\u00bb<\/strong><\/p>\n<p style=\"text-align: justify\">O Obradoiro \u00abComo lle falo diso?\u00bb \u00e9 un obradoiro pensado para p\u00fablico adulto que ter\u00e1 lugar o vindeiro m\u00e9rcores d\u00eda 3 de abril na Casa dos Alonsos en horario de 16:30h a 18:30h para profesionais(docentes, educadores\/as, traballadores\/as sociais, etc.) e en horario de 19:00h a 20:30h para familias.<\/p>\n<p style=\"text-align: justify\">Neste obradoiro se pretende facilitar a toma de conciencia de familias e profesionais de que \u00e9 imposible non educar e que o silencio tam\u00e9n educa, de que a educaci\u00f3n sexual comeza dende a infancia e ten que ver con aspectos tan importantes como a autoestima, os afectos, o autoco\u00f1ecemento, a comunicaci\u00f3n, as relaci\u00f3ns e os v\u00ednculos que establecemos cos demais, os roles, o x\u00e9nero, a diversidade sexual, o pracer ou o consentimento. Farase unha exposici\u00f3n dos contidos clara e amena, con material audiovisual, favorecendo a participaci\u00f3n, a reflexi\u00f3n e a formulaci\u00f3n de d\u00fabidas por parte do p\u00fablico participante.<\/p>\n<p style=\"text-align: justify\">Contarase coa presenza de Martina Gonz\u00e1lez Veiga, Sex\u00f3loga, Psic\u00f3loga Xral. Sanitaria especializada en Intervenci\u00f3n e Acompa\u00f1amento Psicol\u00f3xico en Diversidade Sexual e de X\u00e9nero<\/p>\n<p style=\"text-align: justify\"><strong>\u00abDe bo rollo\u00bb<\/strong><\/p>\n<p style=\"text-align: justify\">O Obradoiro \u00abDe bo rollo\u00bb \u00e9 un obradoiro que vai dirixido ao alumnado dos centro educativos da Guarda cunha programaci\u00f3n de horarios adaptada especialmente a cada centro.<\/p>\n<p style=\"text-align: justify\">Neste traballarase co alumnado nun aspecto xeral sobre sexualidade, diversidade e xesti\u00f3n saudable das relaci\u00f3ns, tendo como eixes transversais o autoco\u00f1ecemento, a xesti\u00f3n das emoci\u00f3ns, o bo trato e a autoestima, traballando a comunicaci\u00f3n asertiva a posta de l\u00edmites e a negociaci\u00f3n para garantir as relaci\u00f3n desexadas libres de coacci\u00f3n e violencias.<\/p>\n<p style=\"text-align: justify\">Realizarase unha exposici\u00f3n dos contidos clara e amena, acompa\u00f1ada material audiovisual.<\/p>\n<p style=\"text-align: justify\">Estes obradoiros est\u00e1n organizados dende o Centro de Informaci\u00f3n \u00e1 Muller da Guarda, co apoio da Uni\u00f3n Europea, o Goberno de Espa\u00f1a, a Secretar\u00eda Xeral de Igualdade da Xunta de Galicia e o Concello da Guarda.<\/p>\n<p style=\"text-align: center\"><img decoding=\"async\" loading=\"lazy\" class=\"aligncenter size-full wp-image-17431\" src=\"https:\/\/www.aguarda.es\/wp-content\/uploads\/2019\/03\/Sin-t\u00edtulo-1.jpg\" alt=\"\" width=\"800\" height=\"1131\" srcset=\"https:\/\/www.aguarda.es\/wp-content\/uploads\/2019\/03\/Sin-t\u00edtulo-1.jpg 800w, https:\/\/www.aguarda.es\/wp-content\/uploads\/2019\/03\/Sin-t\u00edtulo-1-212x300.jpg 212w, https:\/\/www.aguarda.es\/wp-content\/uploads\/2019\/03\/Sin-t\u00edtulo-1-768x1086.jpg 768w, https:\/\/www.aguarda.es\/wp-content\/uploads\/2019\/03\/Sin-t\u00edtulo-1-724x1024.jpg 724w, https:\/\/www.aguarda.es\/wp-content\/uploads\/2019\/03\/Sin-t\u00edtulo-1-570x806.jpg 570w\" sizes=\"(max-width: 800px) 100vw, 800px\" \/><\/p>\n","protected":false},"excerpt":{"rendered":"<p>O Centro de Informaci\u00f3n \u00e1 Muller (CIM) da Guarda organiza no mes de abril dous obradoiros sobre sexualidade adicado especialmente a adultos e ao alumnado dos centros educativos da vila. \u00abComo lle falo diso?\u00bb O Obradoiro \u00abComo lle falo diso?\u00bb &hellip; <\/p>\n","protected":false},"author":2,"featured_media":17433,"comment_status":"open","ping_status":"open","sticky":false,"template":"","format":"standard","meta":[],"categories":[41,33],"tags":[226,634,369,1761],"yoast_head":"<!-- This site is optimized with the Yoast SEO plugin v21.1 - https:\/\/yoast.com\/wordpress\/plugins\/seo\/ -->\n<title>A Guarda oferta dous obradoiros sobre sexualidade - Concello da Guarda<\/title>\n<meta name=\"robots\" content=\"index, follow, max-snippet:-1, max-image-preview:large, max-video-preview:-1\" \/>\n<link rel=\"canonical\" href=\"https:\/\/www.aguarda.es\/en\/a-guarda-oferta-dous-obradoiros-sobre-sexualidade\/\" \/>\n<meta property=\"og:locale\" content=\"en_US\" \/>\n<meta property=\"og:type\" content=\"article\" \/>\n<meta property=\"og:title\" content=\"A Guarda oferta dous obradoiros sobre sexualidade - Concello da Guarda\" \/>\n<meta property=\"og:description\" content=\"O Centro de Informaci\u00f3n \u00e1 Muller (CIM) da Guarda organiza no mes de abril dous obradoiros sobre sexualidade adicado especialmente a adultos e ao alumnado dos centros educativos da vila. \u00abComo lle falo diso?\u00bb O Obradoiro \u00abComo lle falo diso?\u00bb &hellip;\" \/>\n<meta property=\"og:url\" content=\"https:\/\/www.aguarda.es\/en\/a-guarda-oferta-dous-obradoiros-sobre-sexualidade\/\" \/>\n<meta property=\"og:site_name\" content=\"Concello da Guarda\" \/>\n<meta property=\"article:publisher\" content=\"https:\/\/www.facebook.com\/ConcellodaGuarda\" \/>\n<meta property=\"article:published_time\" content=\"2019-03-22T10:21:04+00:00\" \/>\n<meta property=\"og:image\" content=\"https:\/\/www.aguarda.es\/wp-content\/uploads\/2019\/03\/Sin-t\u00edtulo-5.jpg\" \/>\n\t<meta property=\"og:image:width\" content=\"842\" \/>\n\t<meta property=\"og:image:height\" content=\"595\" \/>\n\t<meta property=\"og:image:type\" content=\"image\/jpeg\" \/>\n<meta name=\"author\" content=\"prensa\" \/>\n<meta name=\"twitter:card\" content=\"summary_large_image\" \/>\n<meta name=\"twitter:creator\" content=\"@AGuarda_es\" \/>\n<meta name=\"twitter:site\" content=\"@AGuarda_es\" \/>\n<meta name=\"twitter:label1\" content=\"Written by\" \/>\n\t<meta name=\"twitter:data1\" content=\"prensa\" \/>\n\t<meta name=\"twitter:label2\" content=\"Est. reading time\" \/>\n\t<meta name=\"twitter:data2\" content=\"2 minutes\" \/>\n<script type=\"application\/ld+json\" class=\"yoast-schema-graph\">{\"@context\":\"https:\/\/schema.org\",\"@graph\":[{\"@type\":\"WebPage\",\"@id\":\"https:\/\/www.aguarda.es\/en\/a-guarda-oferta-dous-obradoiros-sobre-sexualidade\/\",\"url\":\"https:\/\/www.aguarda.es\/en\/a-guarda-oferta-dous-obradoiros-sobre-sexualidade\/\",\"name\":\"A Guarda oferta dous obradoiros sobre sexualidade - Concello da Guarda\",\"isPartOf\":{\"@id\":\"https:\/\/www.aguarda.es\/en\/#website\"},\"datePublished\":\"2019-03-22T10:21:04+00:00\",\"dateModified\":\"2019-03-22T10:21:04+00:00\",\"author\":{\"@id\":\"https:\/\/www.aguarda.es\/en\/#\/schema\/person\/c463ca3006858ffb349d11179d044f21\"},\"breadcrumb\":{\"@id\":\"https:\/\/www.aguarda.es\/en\/a-guarda-oferta-dous-obradoiros-sobre-sexualidade\/#breadcrumb\"},\"inLanguage\":\"en-US\",\"potentialAction\":[{\"@type\":\"ReadAction\",\"target\":[\"https:\/\/www.aguarda.es\/en\/a-guarda-oferta-dous-obradoiros-sobre-sexualidade\/\"]}]},{\"@type\":\"BreadcrumbList\",\"@id\":\"https:\/\/www.aguarda.es\/en\/a-guarda-oferta-dous-obradoiros-sobre-sexualidade\/#breadcrumb\",\"itemListElement\":[{\"@type\":\"ListItem\",\"position\":1,\"name\":\"Portada\",\"item\":\"https:\/\/www.aguarda.es\/en\/\"},{\"@type\":\"ListItem\",\"position\":2,\"name\":\"A Guarda oferta dous obradoiros sobre sexualidade\"}]},{\"@type\":\"WebSite\",\"@id\":\"https:\/\/www.aguarda.es\/en\/#website\",\"url\":\"https:\/\/www.aguarda.es\/en\/\",\"name\":\"Concello da Guarda\",\"description\":\"P\u00e1xina web do concello da Guarda\",\"potentialAction\":[{\"@type\":\"SearchAction\",\"target\":{\"@type\":\"EntryPoint\",\"urlTemplate\":\"https:\/\/www.aguarda.es\/en\/?s={search_term_string}\"},\"query-input\":\"required name=search_term_string\"}],\"inLanguage\":\"en-US\"},{\"@type\":\"Person\",\"@id\":\"https:\/\/www.aguarda.es\/en\/#\/schema\/person\/c463ca3006858ffb349d11179d044f21\",\"name\":\"prensa\",\"image\":{\"@type\":\"ImageObject\",\"inLanguage\":\"en-US\",\"@id\":\"https:\/\/www.aguarda.es\/en\/#\/schema\/person\/image\/\",\"url\":\"https:\/\/secure.gravatar.com\/avatar\/5f90ef536b0f98306edf5c7a1135ffa1?s=96&d=mm&r=g\",\"contentUrl\":\"https:\/\/secure.gravatar.com\/avatar\/5f90ef536b0f98306edf5c7a1135ffa1?s=96&d=mm&r=g\",\"caption\":\"prensa\"},\"url\":\"https:\/\/www.aguarda.es\/en\/author\/prensa\/\"}]}<\/script>\n<!-- \/ Yoast SEO plugin. -->","yoast_head_json":{"title":"A Guarda oferta dous obradoiros sobre sexualidade - Concello da Guarda","robots":{"index":"index","follow":"follow","max-snippet":"max-snippet:-1","max-image-preview":"max-image-preview:large","max-video-preview":"max-video-preview:-1"},"canonical":"https:\/\/www.aguarda.es\/en\/a-guarda-oferta-dous-obradoiros-sobre-sexualidade\/","og_locale":"en_US","og_type":"article","og_title":"A Guarda oferta dous obradoiros sobre sexualidade - Concello da Guarda","og_description":"O Centro de Informaci\u00f3n \u00e1 Muller (CIM) da Guarda organiza no mes de abril dous obradoiros sobre sexualidade adicado especialmente a adultos e ao alumnado dos centros educativos da vila. \u00abComo lle falo diso?\u00bb O Obradoiro \u00abComo lle falo diso?\u00bb &hellip;","og_url":"https:\/\/www.aguarda.es\/en\/a-guarda-oferta-dous-obradoiros-sobre-sexualidade\/","og_site_name":"Concello da Guarda","article_publisher":"https:\/\/www.facebook.com\/ConcellodaGuarda","article_published_time":"2019-03-22T10:21:04+00:00","og_image":[{"width":842,"height":595,"url":"https:\/\/www.aguarda.es\/wp-content\/uploads\/2019\/03\/Sin-t\u00edtulo-5.jpg","type":"image\/jpeg"}],"author":"prensa","twitter_card":"summary_large_image","twitter_creator":"@AGuarda_es","twitter_site":"@AGuarda_es","twitter_misc":{"Written by":"prensa","Est. reading time":"2 minutes"},"schema":{"@context":"https:\/\/schema.org","@graph":[{"@type":"WebPage","@id":"https:\/\/www.aguarda.es\/en\/a-guarda-oferta-dous-obradoiros-sobre-sexualidade\/","url":"https:\/\/www.aguarda.es\/en\/a-guarda-oferta-dous-obradoiros-sobre-sexualidade\/","name":"A Guarda oferta dous obradoiros sobre sexualidade - Concello da Guarda","isPartOf":{"@id":"https:\/\/www.aguarda.es\/en\/#website"},"datePublished":"2019-03-22T10:21:04+00:00","dateModified":"2019-03-22T10:21:04+00:00","author":{"@id":"https:\/\/www.aguarda.es\/en\/#\/schema\/person\/c463ca3006858ffb349d11179d044f21"},"breadcrumb":{"@id":"https:\/\/www.aguarda.es\/en\/a-guarda-oferta-dous-obradoiros-sobre-sexualidade\/#breadcrumb"},"inLanguage":"en-US","potentialAction":[{"@type":"ReadAction","target":["https:\/\/www.aguarda.es\/en\/a-guarda-oferta-dous-obradoiros-sobre-sexualidade\/"]}]},{"@type":"BreadcrumbList","@id":"https:\/\/www.aguarda.es\/en\/a-guarda-oferta-dous-obradoiros-sobre-sexualidade\/#breadcrumb","itemListElement":[{"@type":"ListItem","position":1,"name":"Portada","item":"https:\/\/www.aguarda.es\/en\/"},{"@type":"ListItem","position":2,"name":"A Guarda oferta dous obradoiros sobre sexualidade"}]},{"@type":"WebSite","@id":"https:\/\/www.aguarda.es\/en\/#website","url":"https:\/\/www.aguarda.es\/en\/","name":"Concello da Guarda","description":"P\u00e1xina web do concello da Guarda","potentialAction":[{"@type":"SearchAction","target":{"@type":"EntryPoint","urlTemplate":"https:\/\/www.aguarda.es\/en\/?s={search_term_string}"},"query-input":"required name=search_term_string"}],"inLanguage":"en-US"},{"@type":"Person","@id":"https:\/\/www.aguarda.es\/en\/#\/schema\/person\/c463ca3006858ffb349d11179d044f21","name":"prensa","image":{"@type":"ImageObject","inLanguage":"en-US","@id":"https:\/\/www.aguarda.es\/en\/#\/schema\/person\/image\/","url":"https:\/\/secure.gravatar.com\/avatar\/5f90ef536b0f98306edf5c7a1135ffa1?s=96&d=mm&r=g","contentUrl":"https:\/\/secure.gravatar.com\/avatar\/5f90ef536b0f98306edf5c7a1135ffa1?s=96&d=mm&r=g","caption":"prensa"},"url":"https:\/\/www.aguarda.es\/en\/author\/prensa\/"}]}},"_links":{"self":[{"href":"https:\/\/www.aguarda.es\/en\/wp-json\/wp\/v2\/posts\/17430"}],"collection":[{"href":"https:\/\/www.aguarda.es\/en\/wp-json\/wp\/v2\/posts"}],"about":[{"href":"https:\/\/www.aguarda.es\/en\/wp-json\/wp\/v2\/types\/post"}],"author":[{"embeddable":true,"href":"https:\/\/www.aguarda.es\/en\/wp-json\/wp\/v2\/users\/2"}],"replies":[{"embeddable":true,"href":"https:\/\/www.aguarda.es\/en\/wp-json\/wp\/v2\/comments?post=17430"}],"version-history":[{"count":1,"href":"https:\/\/www.aguarda.es\/en\/wp-json\/wp\/v2\/posts\/17430\/revisions"}],"predecessor-version":[{"id":17435,"href":"https:\/\/www.aguarda.es\/en\/wp-json\/wp\/v2\/posts\/17430\/revisions\/17435"}],"wp:featuredmedia":[{"embeddable":true,"href":"https:\/\/www.aguarda.es\/en\/wp-json\/wp\/v2\/media\/17433"}],"wp:attachment":[{"href":"https:\/\/www.aguarda.es\/en\/wp-json\/wp\/v2\/media?parent=17430"}],"wp:term":[{"taxonomy":"category","embeddable":true,"href":"https:\/\/www.aguarda.es\/en\/wp-json\/wp\/v2\/categories?post=17430"},{"taxonomy":"post_tag","embeddable":true,"href":"https:\/\/www.aguarda.es\/en\/wp-json\/wp\/v2\/tags?post=17430"}],"curies":[{"name":"wp","href":"https:\/\/api.w.org\/{rel}","templated":true}]}}