{"id":17436,"date":"2019-03-22T10:41:44","date_gmt":"2019-03-22T10:41:44","guid":{"rendered":"https:\/\/www.aguarda.es\/?p=17436"},"modified":"2019-03-22T10:41:44","modified_gmt":"2019-03-22T10:41:44","slug":"a-omix-da-guarda-oferta-un-obradoiro-de-proxectos-artisticos-e-outro-de-ingles","status":"publish","type":"post","link":"https:\/\/www.aguarda.es\/en\/a-omix-da-guarda-oferta-un-obradoiro-de-proxectos-artisticos-e-outro-de-ingles\/","title":{"rendered":"A OMIX da Guarda oferta un obradoiro de proxectos art\u00edsticos e outro de ingl\u00e9s"},"content":{"rendered":"<p style=\"text-align: justify\">A Oficina Municipal de Informaci\u00f3n Xuvenil da Guarda abre as inscrici\u00f3ns para d\u00faas novas actividades que ter\u00e1n lugar no mes de abril.<\/p>\n<p style=\"text-align: justify\"><strong>Obradoiro de proxectos art\u00edsticos<\/strong><\/p>\n<p style=\"text-align: justify\">Por unha banda iniciarase un obradoiro para a realizaci\u00f3n de proxectos art\u00edsticos, unha actividade que ter\u00e1 unha duraci\u00f3n total de 3 horas e que se realizar\u00e1 no mes de abril nunha data a\u00ednda por confirmar.<\/p>\n<p style=\"text-align: justify\"><strong>Obradoiro de ingl\u00e9s<\/strong><\/p>\n<p style=\"text-align: justify\">Se os idiomas son un problema para ti, neste obradoiro mellorar\u00e1s o teu dominio do ingl\u00e9s no d\u00eda a d\u00eda, cun curso especial para a vida coti\u00e1, que ter\u00e1 lugar os martes e xoves en horario de 20:00h a 22:00h cun prezo de 25\u20ac ao mes.<\/p>\n<p style=\"text-align: justify\">M\u00e1is informaci\u00f3n e inscrici\u00f3ns na OMIX da Guarda no tel\u00e9fono 986 61 0000 ou no enderezo electr\u00f3nico informacion@aguarda.es<\/p>\n","protected":false},"excerpt":{"rendered":"<p>A Oficina Municipal de Informaci\u00f3n Xuvenil da Guarda abre as inscrici\u00f3ns para d\u00faas novas actividades que ter\u00e1n lugar no mes de abril. Obradoiro de proxectos art\u00edsticos Por unha banda iniciarase un obradoiro para a realizaci\u00f3n de proxectos art\u00edsticos, unha actividade &hellip; <\/p>\n","protected":false},"author":2,"featured_media":17437,"comment_status":"open","ping_status":"open","sticky":false,"template":"","format":"standard","meta":[],"categories":[33,48],"tags":[226,305,1762,369,284,286],"yoast_head":"<!-- This site is optimized with the Yoast SEO plugin v21.1 - https:\/\/yoast.com\/wordpress\/plugins\/seo\/ -->\n<title>A OMIX da Guarda oferta un obradoiro de proxectos art\u00edsticos e outro de ingl\u00e9s - Concello da Guarda<\/title>\n<meta name=\"robots\" content=\"index, follow, max-snippet:-1, max-image-preview:large, max-video-preview:-1\" \/>\n<link rel=\"canonical\" href=\"https:\/\/www.aguarda.es\/en\/a-omix-da-guarda-oferta-un-obradoiro-de-proxectos-artisticos-e-outro-de-ingles\/\" \/>\n<meta property=\"og:locale\" content=\"en_US\" \/>\n<meta property=\"og:type\" content=\"article\" \/>\n<meta property=\"og:title\" content=\"A OMIX da Guarda oferta un obradoiro de proxectos art\u00edsticos e outro de ingl\u00e9s - Concello da Guarda\" \/>\n<meta property=\"og:description\" content=\"A Oficina Municipal de Informaci\u00f3n Xuvenil da Guarda abre as inscrici\u00f3ns para d\u00faas novas actividades que ter\u00e1n lugar no mes de abril. Obradoiro de proxectos art\u00edsticos Por unha banda iniciarase un obradoiro para a realizaci\u00f3n de proxectos art\u00edsticos, unha actividade &hellip;\" \/>\n<meta property=\"og:url\" content=\"https:\/\/www.aguarda.es\/en\/a-omix-da-guarda-oferta-un-obradoiro-de-proxectos-artisticos-e-outro-de-ingles\/\" \/>\n<meta property=\"og:site_name\" content=\"Concello da Guarda\" \/>\n<meta property=\"article:publisher\" content=\"https:\/\/www.facebook.com\/ConcellodaGuarda\" \/>\n<meta property=\"article:published_time\" content=\"2019-03-22T10:41:44+00:00\" \/>\n<meta property=\"og:image\" content=\"https:\/\/www.aguarda.es\/wp-content\/uploads\/2019\/03\/NP-22032019-A-OMIX-da-Guarda-oferta-un-obradoiro-de-proxectos-art\u00edsticos-e-outro-de-ingl\u00e9s-1.jpg\" \/>\n\t<meta property=\"og:image:width\" content=\"800\" \/>\n\t<meta property=\"og:image:height\" content=\"1131\" \/>\n\t<meta property=\"og:image:type\" content=\"image\/jpeg\" \/>\n<meta name=\"author\" content=\"prensa\" \/>\n<meta name=\"twitter:card\" content=\"summary_large_image\" \/>\n<meta name=\"twitter:creator\" content=\"@AGuarda_es\" \/>\n<meta name=\"twitter:site\" content=\"@AGuarda_es\" \/>\n<meta name=\"twitter:label1\" content=\"Written by\" \/>\n\t<meta name=\"twitter:data1\" content=\"prensa\" \/>\n\t<meta name=\"twitter:label2\" content=\"Est. reading time\" \/>\n\t<meta name=\"twitter:data2\" content=\"1 minute\" \/>\n<script type=\"application\/ld+json\" class=\"yoast-schema-graph\">{\"@context\":\"https:\/\/schema.org\",\"@graph\":[{\"@type\":\"WebPage\",\"@id\":\"https:\/\/www.aguarda.es\/en\/a-omix-da-guarda-oferta-un-obradoiro-de-proxectos-artisticos-e-outro-de-ingles\/\",\"url\":\"https:\/\/www.aguarda.es\/en\/a-omix-da-guarda-oferta-un-obradoiro-de-proxectos-artisticos-e-outro-de-ingles\/\",\"name\":\"A OMIX da Guarda oferta un obradoiro de proxectos art\u00edsticos e outro de ingl\u00e9s - Concello da Guarda\",\"isPartOf\":{\"@id\":\"https:\/\/www.aguarda.es\/en\/#website\"},\"datePublished\":\"2019-03-22T10:41:44+00:00\",\"dateModified\":\"2019-03-22T10:41:44+00:00\",\"author\":{\"@id\":\"https:\/\/www.aguarda.es\/en\/#\/schema\/person\/c463ca3006858ffb349d11179d044f21\"},\"breadcrumb\":{\"@id\":\"https:\/\/www.aguarda.es\/en\/a-omix-da-guarda-oferta-un-obradoiro-de-proxectos-artisticos-e-outro-de-ingles\/#breadcrumb\"},\"inLanguage\":\"en-US\",\"potentialAction\":[{\"@type\":\"ReadAction\",\"target\":[\"https:\/\/www.aguarda.es\/en\/a-omix-da-guarda-oferta-un-obradoiro-de-proxectos-artisticos-e-outro-de-ingles\/\"]}]},{\"@type\":\"BreadcrumbList\",\"@id\":\"https:\/\/www.aguarda.es\/en\/a-omix-da-guarda-oferta-un-obradoiro-de-proxectos-artisticos-e-outro-de-ingles\/#breadcrumb\",\"itemListElement\":[{\"@type\":\"ListItem\",\"position\":1,\"name\":\"Portada\",\"item\":\"https:\/\/www.aguarda.es\/en\/\"},{\"@type\":\"ListItem\",\"position\":2,\"name\":\"A OMIX da Guarda oferta un obradoiro de proxectos art\u00edsticos e outro de ingl\u00e9s\"}]},{\"@type\":\"WebSite\",\"@id\":\"https:\/\/www.aguarda.es\/en\/#website\",\"url\":\"https:\/\/www.aguarda.es\/en\/\",\"name\":\"Concello da Guarda\",\"description\":\"P\u00e1xina web do concello da Guarda\",\"potentialAction\":[{\"@type\":\"SearchAction\",\"target\":{\"@type\":\"EntryPoint\",\"urlTemplate\":\"https:\/\/www.aguarda.es\/en\/?s={search_term_string}\"},\"query-input\":\"required name=search_term_string\"}],\"inLanguage\":\"en-US\"},{\"@type\":\"Person\",\"@id\":\"https:\/\/www.aguarda.es\/en\/#\/schema\/person\/c463ca3006858ffb349d11179d044f21\",\"name\":\"prensa\",\"image\":{\"@type\":\"ImageObject\",\"inLanguage\":\"en-US\",\"@id\":\"https:\/\/www.aguarda.es\/en\/#\/schema\/person\/image\/\",\"url\":\"https:\/\/secure.gravatar.com\/avatar\/5f90ef536b0f98306edf5c7a1135ffa1?s=96&d=mm&r=g\",\"contentUrl\":\"https:\/\/secure.gravatar.com\/avatar\/5f90ef536b0f98306edf5c7a1135ffa1?s=96&d=mm&r=g\",\"caption\":\"prensa\"},\"url\":\"https:\/\/www.aguarda.es\/en\/author\/prensa\/\"}]}<\/script>\n<!-- \/ Yoast SEO plugin. -->","yoast_head_json":{"title":"A OMIX da Guarda oferta un obradoiro de proxectos art\u00edsticos e outro de ingl\u00e9s - Concello da Guarda","robots":{"index":"index","follow":"follow","max-snippet":"max-snippet:-1","max-image-preview":"max-image-preview:large","max-video-preview":"max-video-preview:-1"},"canonical":"https:\/\/www.aguarda.es\/en\/a-omix-da-guarda-oferta-un-obradoiro-de-proxectos-artisticos-e-outro-de-ingles\/","og_locale":"en_US","og_type":"article","og_title":"A OMIX da Guarda oferta un obradoiro de proxectos art\u00edsticos e outro de ingl\u00e9s - Concello da Guarda","og_description":"A Oficina Municipal de Informaci\u00f3n Xuvenil da Guarda abre as inscrici\u00f3ns para d\u00faas novas actividades que ter\u00e1n lugar no mes de abril. Obradoiro de proxectos art\u00edsticos Por unha banda iniciarase un obradoiro para a realizaci\u00f3n de proxectos art\u00edsticos, unha actividade &hellip;","og_url":"https:\/\/www.aguarda.es\/en\/a-omix-da-guarda-oferta-un-obradoiro-de-proxectos-artisticos-e-outro-de-ingles\/","og_site_name":"Concello da Guarda","article_publisher":"https:\/\/www.facebook.com\/ConcellodaGuarda","article_published_time":"2019-03-22T10:41:44+00:00","og_image":[{"width":800,"height":1131,"url":"https:\/\/www.aguarda.es\/wp-content\/uploads\/2019\/03\/NP-22032019-A-OMIX-da-Guarda-oferta-un-obradoiro-de-proxectos-art\u00edsticos-e-outro-de-ingl\u00e9s-1.jpg","type":"image\/jpeg"}],"author":"prensa","twitter_card":"summary_large_image","twitter_creator":"@AGuarda_es","twitter_site":"@AGuarda_es","twitter_misc":{"Written by":"prensa","Est. reading time":"1 minute"},"schema":{"@context":"https:\/\/schema.org","@graph":[{"@type":"WebPage","@id":"https:\/\/www.aguarda.es\/en\/a-omix-da-guarda-oferta-un-obradoiro-de-proxectos-artisticos-e-outro-de-ingles\/","url":"https:\/\/www.aguarda.es\/en\/a-omix-da-guarda-oferta-un-obradoiro-de-proxectos-artisticos-e-outro-de-ingles\/","name":"A OMIX da Guarda oferta un obradoiro de proxectos art\u00edsticos e outro de ingl\u00e9s - Concello da Guarda","isPartOf":{"@id":"https:\/\/www.aguarda.es\/en\/#website"},"datePublished":"2019-03-22T10:41:44+00:00","dateModified":"2019-03-22T10:41:44+00:00","author":{"@id":"https:\/\/www.aguarda.es\/en\/#\/schema\/person\/c463ca3006858ffb349d11179d044f21"},"breadcrumb":{"@id":"https:\/\/www.aguarda.es\/en\/a-omix-da-guarda-oferta-un-obradoiro-de-proxectos-artisticos-e-outro-de-ingles\/#breadcrumb"},"inLanguage":"en-US","potentialAction":[{"@type":"ReadAction","target":["https:\/\/www.aguarda.es\/en\/a-omix-da-guarda-oferta-un-obradoiro-de-proxectos-artisticos-e-outro-de-ingles\/"]}]},{"@type":"BreadcrumbList","@id":"https:\/\/www.aguarda.es\/en\/a-omix-da-guarda-oferta-un-obradoiro-de-proxectos-artisticos-e-outro-de-ingles\/#breadcrumb","itemListElement":[{"@type":"ListItem","position":1,"name":"Portada","item":"https:\/\/www.aguarda.es\/en\/"},{"@type":"ListItem","position":2,"name":"A OMIX da Guarda oferta un obradoiro de proxectos art\u00edsticos e outro de ingl\u00e9s"}]},{"@type":"WebSite","@id":"https:\/\/www.aguarda.es\/en\/#website","url":"https:\/\/www.aguarda.es\/en\/","name":"Concello da Guarda","description":"P\u00e1xina web do concello da Guarda","potentialAction":[{"@type":"SearchAction","target":{"@type":"EntryPoint","urlTemplate":"https:\/\/www.aguarda.es\/en\/?s={search_term_string}"},"query-input":"required name=search_term_string"}],"inLanguage":"en-US"},{"@type":"Person","@id":"https:\/\/www.aguarda.es\/en\/#\/schema\/person\/c463ca3006858ffb349d11179d044f21","name":"prensa","image":{"@type":"ImageObject","inLanguage":"en-US","@id":"https:\/\/www.aguarda.es\/en\/#\/schema\/person\/image\/","url":"https:\/\/secure.gravatar.com\/avatar\/5f90ef536b0f98306edf5c7a1135ffa1?s=96&d=mm&r=g","contentUrl":"https:\/\/secure.gravatar.com\/avatar\/5f90ef536b0f98306edf5c7a1135ffa1?s=96&d=mm&r=g","caption":"prensa"},"url":"https:\/\/www.aguarda.es\/en\/author\/prensa\/"}]}},"_links":{"self":[{"href":"https:\/\/www.aguarda.es\/en\/wp-json\/wp\/v2\/posts\/17436"}],"collection":[{"href":"https:\/\/www.aguarda.es\/en\/wp-json\/wp\/v2\/posts"}],"about":[{"href":"https:\/\/www.aguarda.es\/en\/wp-json\/wp\/v2\/types\/post"}],"author":[{"embeddable":true,"href":"https:\/\/www.aguarda.es\/en\/wp-json\/wp\/v2\/users\/2"}],"replies":[{"embeddable":true,"href":"https:\/\/www.aguarda.es\/en\/wp-json\/wp\/v2\/comments?post=17436"}],"version-history":[{"count":2,"href":"https:\/\/www.aguarda.es\/en\/wp-json\/wp\/v2\/posts\/17436\/revisions"}],"predecessor-version":[{"id":17440,"href":"https:\/\/www.aguarda.es\/en\/wp-json\/wp\/v2\/posts\/17436\/revisions\/17440"}],"wp:featuredmedia":[{"embeddable":true,"href":"https:\/\/www.aguarda.es\/en\/wp-json\/wp\/v2\/media\/17437"}],"wp:attachment":[{"href":"https:\/\/www.aguarda.es\/en\/wp-json\/wp\/v2\/media?parent=17436"}],"wp:term":[{"taxonomy":"category","embeddable":true,"href":"https:\/\/www.aguarda.es\/en\/wp-json\/wp\/v2\/categories?post=17436"},{"taxonomy":"post_tag","embeddable":true,"href":"https:\/\/www.aguarda.es\/en\/wp-json\/wp\/v2\/tags?post=17436"}],"curies":[{"name":"wp","href":"https:\/\/api.w.org\/{rel}","templated":true}]}}