{"id":1767,"date":"2016-05-03T10:07:29","date_gmt":"2016-05-03T10:07:29","guid":{"rendered":"https:\/\/www.aguarda.es\/?p=1767"},"modified":"2016-05-03T10:07:29","modified_gmt":"2016-05-03T10:07:29","slug":"lista-de-admitidos-e-data-e-lugar-da-celebracion-das-probas-do-proceso-selectivo-de-3-peons-da-construccion","status":"publish","type":"post","link":"https:\/\/www.aguarda.es\/en\/lista-de-admitidos-e-data-e-lugar-da-celebracion-das-probas-do-proceso-selectivo-de-3-peons-da-construccion\/","title":{"rendered":"Lista de admitidos e data e lugar da celebraci\u00f3n das probas do proceso selectivo de 3 pe\u00f3ns da construcci\u00f3n"},"content":{"rendered":"<p>Aprobadas polo Decreto 230\/2016, de 8 de abril, as bases para a contrataci\u00f3n laboral temporal de 3 pe\u00f3ns da construcci\u00f3n dentro do Plan de Conservaci\u00f3n e Funcionamento de Bens e Servizos Municipais 2016 (Plan Concellos 2016), e rematado o prazo de presentaci\u00f3n de documentaci\u00f3n, resolvo:<\/p>\n<p>  <!--more-->  <\/p>\n<div>\n<p><strong>DECRETO 0298\/ 2016<\/strong><\/p>\n<p><strong>RESOLUCI\u00d3N DA ALCAD\u00cdA DE 29 DE ABRIL DE 2016<\/strong><\/p>\n<\/p><\/div>\n<p>\u00a0<\/p>\n<p>Aprobadas polo Decreto 230\/2016, de 8 de abril, as bases para a contrataci\u00f3n laboral temporal de 3 pe\u00f3ns da construcci\u00f3n dentro do Plan de Conservaci\u00f3n e Funcionamento de Bens e Servizos Municipais 2016 (Plan Concellos 2016), e rematado o prazo de presentaci\u00f3n de documentaci\u00f3n,<\/p>\n<p>\u00a0<\/p>\n<p><strong><span>RESOLVO:<\/span><\/strong><\/p>\n<p>\u00a0<\/p>\n<p><span>1.- Aprobar a seguinte lista de admitidos que o non haber excluidos \u00e9 definitiva:<\/span><\/p>\n<p><span>\u00a0<\/span><\/p>\n<div>\n<table border=\"0\" cellspacing=\"0\" cellpadding=\"0\">\n<tbody>\n<tr>\n<td valign=\"top\" width=\"142\">\n<p><strong>DNI<\/strong><\/p>\n<\/td>\n<td valign=\"top\" width=\"337\">\n<p><strong>NOME<\/strong><\/p>\n<\/td>\n<td valign=\"top\" width=\"83\">\n<p><strong>R.E.<\/strong><\/p>\n<\/td>\n<\/tr>\n<tr>\n<td width=\"142\">\n<p>76.904.625-P<\/p>\n<\/td>\n<td width=\"337\">\n<p>RODRIGUEZ PEREZ, ANGEL ALFONSO<\/p>\n<\/td>\n<td width=\"83\">\n<p>2.422<\/p>\n<\/td>\n<\/tr>\n<tr>\n<td width=\"142\">\n<p>76.895.519-X<\/p>\n<\/td>\n<td width=\"337\">\n<p>ALONSO ALVAREZ, JOSE<\/p>\n<\/td>\n<td width=\"83\">\n<p>2.429<\/p>\n<\/td>\n<\/tr>\n<tr>\n<td width=\"142\">\n<p>15.490.545-E<\/p>\n<\/td>\n<td width=\"337\">\n<p>DA COSTA GOMEZ, JONATAN<\/p>\n<\/td>\n<td width=\"83\">\n<p>2.474<\/p>\n<\/td>\n<\/tr>\n<tr>\n<td width=\"142\">\n<p>35.556.154-V<\/p>\n<\/td>\n<td width=\"337\">\n<p>SOBRINO ALONSO, MANUEL<\/p>\n<\/td>\n<td width=\"83\">\n<p>2.477<\/p>\n<\/td>\n<\/tr>\n<tr>\n<td width=\"142\">\n<p>34.887.086-L<\/p>\n<\/td>\n<td width=\"337\">\n<p>RODRIGUEZ COSTA, MARINA<\/p>\n<\/td>\n<td width=\"83\">\n<p>2.479<\/p>\n<\/td>\n<\/tr>\n<tr>\n<td width=\"142\">\n<p>16.290.760-K<\/p>\n<\/td>\n<td width=\"337\">\n<p>GONZALEZ PACHECO, SALVADOR<\/p>\n<\/td>\n<td width=\"83\">\n<p>2.505<\/p>\n<\/td>\n<\/tr>\n<tr>\n<td width=\"142\">\n<p>76.904.315-C<\/p>\n<\/td>\n<td width=\"337\">\n<p>MARTINEZ PORTELA, MIGUEL<\/p>\n<\/td>\n<td width=\"83\">\n<p>2.506<\/p>\n<\/td>\n<\/tr>\n<tr>\n<td width=\"142\">\n<p>35.608.024-E<\/p>\n<\/td>\n<td width=\"337\">\n<p>FERREIRA GONZALEZ, CHRISTIAN<\/p>\n<\/td>\n<td width=\"83\">\n<p>2.512<\/p>\n<\/td>\n<\/tr>\n<tr>\n<td width=\"142\">\n<p>76.900.626-B<\/p>\n<\/td>\n<td width=\"337\">\n<p>AMEAL FERNANDEZ, JOSE<\/p>\n<\/td>\n<td width=\"83\">\n<p>2.537<\/p>\n<\/td>\n<\/tr>\n<tr>\n<td width=\"142\">\n<p>35.572.442-K<\/p>\n<\/td>\n<td width=\"337\">\n<p>GONZALEZ PORTELA, CRISTINA<\/p>\n<\/td>\n<td width=\"83\">\n<p>2.546<\/p>\n<\/td>\n<\/tr>\n<\/tbody>\n<\/table><\/div>\n<p><strong><span>\u00a0<\/span><\/strong><\/p>\n<p><strong><span>\u00a0<\/span><\/strong><\/p>\n<p>2.- A proba pr\u00e1ctica ter\u00e1 lugar o d\u00eda <strong>5 de maio de 2016, a partir das 12:00 horas<\/strong>, no Nave Municipal da Sangri\u00f1a sita baixo o pavill\u00f3n municipal.<\/p>\n<p>\u00a0<\/p>\n<p>3.- Publicar esta resoluci\u00f3n no Taboleiro de anuncios do Concello de A Guarda.<\/p>\n<p>\u00a0<\/p>\n<p>A Guarda, 29 de abril de 2016<\/p>\n<p>O Alcalde<\/p>\n<p>\u00a0<\/p>\n<p>Antonio Lomba Baz<\/p>\n<p>\u00a0<\/p>\n","protected":false},"excerpt":{"rendered":"<p>Aprobadas polo Decreto 230\/2016, de 8 de abril, as bases para a contrataci\u00f3n laboral temporal de 3 pe\u00f3ns da construcci\u00f3n dentro do Plan de Conservaci\u00f3n e Funcionamento de Bens e Servizos Municipais 2016 (Plan Concellos 2016), e rematado o prazo &hellip; <\/p>\n","protected":false},"author":1,"featured_media":0,"comment_status":"open","ping_status":"open","sticky":false,"template":"","format":"standard","meta":[],"categories":[36],"tags":[],"yoast_head":"<!-- This site is optimized with the Yoast SEO plugin v21.1 - https:\/\/yoast.com\/wordpress\/plugins\/seo\/ -->\n<title>Lista de admitidos e data e lugar da celebraci\u00f3n das probas do proceso selectivo de 3 pe\u00f3ns da construcci\u00f3n - Concello da Guarda<\/title>\n<meta name=\"robots\" content=\"index, follow, max-snippet:-1, max-image-preview:large, max-video-preview:-1\" \/>\n<link rel=\"canonical\" href=\"https:\/\/www.aguarda.es\/en\/lista-de-admitidos-e-data-e-lugar-da-celebracion-das-probas-do-proceso-selectivo-de-3-peons-da-construccion\/\" \/>\n<meta property=\"og:locale\" content=\"en_US\" \/>\n<meta property=\"og:type\" content=\"article\" \/>\n<meta property=\"og:title\" content=\"Lista de admitidos e data e lugar da celebraci\u00f3n das probas do proceso selectivo de 3 pe\u00f3ns da construcci\u00f3n - Concello da Guarda\" \/>\n<meta property=\"og:description\" content=\"Aprobadas polo Decreto 230\/2016, de 8 de abril, as bases para a contrataci\u00f3n laboral temporal de 3 pe\u00f3ns da construcci\u00f3n dentro do Plan de Conservaci\u00f3n e Funcionamento de Bens e Servizos Municipais 2016 (Plan Concellos 2016), e rematado o prazo &hellip;\" \/>\n<meta property=\"og:url\" content=\"https:\/\/www.aguarda.es\/en\/lista-de-admitidos-e-data-e-lugar-da-celebracion-das-probas-do-proceso-selectivo-de-3-peons-da-construccion\/\" \/>\n<meta property=\"og:site_name\" content=\"Concello da Guarda\" \/>\n<meta property=\"article:publisher\" content=\"https:\/\/www.facebook.com\/ConcellodaGuarda\" \/>\n<meta property=\"article:published_time\" content=\"2016-05-03T10:07:29+00:00\" \/>\n<meta property=\"og:image\" content=\"https:\/\/www.aguarda.es\/wp-content\/uploads\/2017\/06\/escudo-full-2.jpg\" \/>\n\t<meta property=\"og:image:width\" content=\"1135\" \/>\n\t<meta property=\"og:image:height\" content=\"712\" \/>\n\t<meta property=\"og:image:type\" content=\"image\/jpeg\" \/>\n<meta name=\"author\" content=\"Concello\" \/>\n<meta name=\"twitter:card\" content=\"summary_large_image\" \/>\n<meta name=\"twitter:creator\" content=\"@AGuarda_es\" \/>\n<meta name=\"twitter:site\" content=\"@AGuarda_es\" \/>\n<meta name=\"twitter:label1\" content=\"Written by\" \/>\n\t<meta name=\"twitter:data1\" content=\"Concello\" \/>\n\t<meta name=\"twitter:label2\" content=\"Est. reading time\" \/>\n\t<meta name=\"twitter:data2\" content=\"1 minute\" \/>\n<script type=\"application\/ld+json\" class=\"yoast-schema-graph\">{\"@context\":\"https:\/\/schema.org\",\"@graph\":[{\"@type\":\"WebPage\",\"@id\":\"https:\/\/www.aguarda.es\/en\/lista-de-admitidos-e-data-e-lugar-da-celebracion-das-probas-do-proceso-selectivo-de-3-peons-da-construccion\/\",\"url\":\"https:\/\/www.aguarda.es\/en\/lista-de-admitidos-e-data-e-lugar-da-celebracion-das-probas-do-proceso-selectivo-de-3-peons-da-construccion\/\",\"name\":\"Lista de admitidos e data e lugar da celebraci\u00f3n das probas do proceso selectivo de 3 pe\u00f3ns da construcci\u00f3n - Concello da Guarda\",\"isPartOf\":{\"@id\":\"https:\/\/www.aguarda.es\/en\/#website\"},\"datePublished\":\"2016-05-03T10:07:29+00:00\",\"dateModified\":\"2016-05-03T10:07:29+00:00\",\"author\":{\"@id\":\"https:\/\/www.aguarda.es\/en\/#\/schema\/person\/ac30f4d74843174f0af56c730f74dd57\"},\"breadcrumb\":{\"@id\":\"https:\/\/www.aguarda.es\/en\/lista-de-admitidos-e-data-e-lugar-da-celebracion-das-probas-do-proceso-selectivo-de-3-peons-da-construccion\/#breadcrumb\"},\"inLanguage\":\"en-US\",\"potentialAction\":[{\"@type\":\"ReadAction\",\"target\":[\"https:\/\/www.aguarda.es\/en\/lista-de-admitidos-e-data-e-lugar-da-celebracion-das-probas-do-proceso-selectivo-de-3-peons-da-construccion\/\"]}]},{\"@type\":\"BreadcrumbList\",\"@id\":\"https:\/\/www.aguarda.es\/en\/lista-de-admitidos-e-data-e-lugar-da-celebracion-das-probas-do-proceso-selectivo-de-3-peons-da-construccion\/#breadcrumb\",\"itemListElement\":[{\"@type\":\"ListItem\",\"position\":1,\"name\":\"Portada\",\"item\":\"https:\/\/www.aguarda.es\/en\/\"},{\"@type\":\"ListItem\",\"position\":2,\"name\":\"Lista de admitidos e data e lugar da celebraci\u00f3n das probas do proceso selectivo de 3 pe\u00f3ns da construcci\u00f3n\"}]},{\"@type\":\"WebSite\",\"@id\":\"https:\/\/www.aguarda.es\/en\/#website\",\"url\":\"https:\/\/www.aguarda.es\/en\/\",\"name\":\"Concello da Guarda\",\"description\":\"P\u00e1xina web do concello da Guarda\",\"potentialAction\":[{\"@type\":\"SearchAction\",\"target\":{\"@type\":\"EntryPoint\",\"urlTemplate\":\"https:\/\/www.aguarda.es\/en\/?s={search_term_string}\"},\"query-input\":\"required name=search_term_string\"}],\"inLanguage\":\"en-US\"},{\"@type\":\"Person\",\"@id\":\"https:\/\/www.aguarda.es\/en\/#\/schema\/person\/ac30f4d74843174f0af56c730f74dd57\",\"name\":\"Concello\",\"image\":{\"@type\":\"ImageObject\",\"inLanguage\":\"en-US\",\"@id\":\"https:\/\/www.aguarda.es\/en\/#\/schema\/person\/image\/\",\"url\":\"https:\/\/secure.gravatar.com\/avatar\/7eda12a04da40b2ef77eb62e68f07027?s=96&d=mm&r=g\",\"contentUrl\":\"https:\/\/secure.gravatar.com\/avatar\/7eda12a04da40b2ef77eb62e68f07027?s=96&d=mm&r=g\",\"caption\":\"Concello\"},\"url\":\"https:\/\/www.aguarda.es\/en\/author\/admin\/\"}]}<\/script>\n<!-- \/ Yoast SEO plugin. -->","yoast_head_json":{"title":"Lista de admitidos e data e lugar da celebraci\u00f3n das probas do proceso selectivo de 3 pe\u00f3ns da construcci\u00f3n - Concello da Guarda","robots":{"index":"index","follow":"follow","max-snippet":"max-snippet:-1","max-image-preview":"max-image-preview:large","max-video-preview":"max-video-preview:-1"},"canonical":"https:\/\/www.aguarda.es\/en\/lista-de-admitidos-e-data-e-lugar-da-celebracion-das-probas-do-proceso-selectivo-de-3-peons-da-construccion\/","og_locale":"en_US","og_type":"article","og_title":"Lista de admitidos e data e lugar da celebraci\u00f3n das probas do proceso selectivo de 3 pe\u00f3ns da construcci\u00f3n - Concello da Guarda","og_description":"Aprobadas polo Decreto 230\/2016, de 8 de abril, as bases para a contrataci\u00f3n laboral temporal de 3 pe\u00f3ns da construcci\u00f3n dentro do Plan de Conservaci\u00f3n e Funcionamento de Bens e Servizos Municipais 2016 (Plan Concellos 2016), e rematado o prazo &hellip;","og_url":"https:\/\/www.aguarda.es\/en\/lista-de-admitidos-e-data-e-lugar-da-celebracion-das-probas-do-proceso-selectivo-de-3-peons-da-construccion\/","og_site_name":"Concello da Guarda","article_publisher":"https:\/\/www.facebook.com\/ConcellodaGuarda","article_published_time":"2016-05-03T10:07:29+00:00","og_image":[{"width":1135,"height":712,"url":"https:\/\/www.aguarda.es\/wp-content\/uploads\/2017\/06\/escudo-full-2.jpg","type":"image\/jpeg"}],"author":"Concello","twitter_card":"summary_large_image","twitter_creator":"@AGuarda_es","twitter_site":"@AGuarda_es","twitter_misc":{"Written by":"Concello","Est. reading time":"1 minute"},"schema":{"@context":"https:\/\/schema.org","@graph":[{"@type":"WebPage","@id":"https:\/\/www.aguarda.es\/en\/lista-de-admitidos-e-data-e-lugar-da-celebracion-das-probas-do-proceso-selectivo-de-3-peons-da-construccion\/","url":"https:\/\/www.aguarda.es\/en\/lista-de-admitidos-e-data-e-lugar-da-celebracion-das-probas-do-proceso-selectivo-de-3-peons-da-construccion\/","name":"Lista de admitidos e data e lugar da celebraci\u00f3n das probas do proceso selectivo de 3 pe\u00f3ns da construcci\u00f3n - Concello da Guarda","isPartOf":{"@id":"https:\/\/www.aguarda.es\/en\/#website"},"datePublished":"2016-05-03T10:07:29+00:00","dateModified":"2016-05-03T10:07:29+00:00","author":{"@id":"https:\/\/www.aguarda.es\/en\/#\/schema\/person\/ac30f4d74843174f0af56c730f74dd57"},"breadcrumb":{"@id":"https:\/\/www.aguarda.es\/en\/lista-de-admitidos-e-data-e-lugar-da-celebracion-das-probas-do-proceso-selectivo-de-3-peons-da-construccion\/#breadcrumb"},"inLanguage":"en-US","potentialAction":[{"@type":"ReadAction","target":["https:\/\/www.aguarda.es\/en\/lista-de-admitidos-e-data-e-lugar-da-celebracion-das-probas-do-proceso-selectivo-de-3-peons-da-construccion\/"]}]},{"@type":"BreadcrumbList","@id":"https:\/\/www.aguarda.es\/en\/lista-de-admitidos-e-data-e-lugar-da-celebracion-das-probas-do-proceso-selectivo-de-3-peons-da-construccion\/#breadcrumb","itemListElement":[{"@type":"ListItem","position":1,"name":"Portada","item":"https:\/\/www.aguarda.es\/en\/"},{"@type":"ListItem","position":2,"name":"Lista de admitidos e data e lugar da celebraci\u00f3n das probas do proceso selectivo de 3 pe\u00f3ns da construcci\u00f3n"}]},{"@type":"WebSite","@id":"https:\/\/www.aguarda.es\/en\/#website","url":"https:\/\/www.aguarda.es\/en\/","name":"Concello da Guarda","description":"P\u00e1xina web do concello da Guarda","potentialAction":[{"@type":"SearchAction","target":{"@type":"EntryPoint","urlTemplate":"https:\/\/www.aguarda.es\/en\/?s={search_term_string}"},"query-input":"required name=search_term_string"}],"inLanguage":"en-US"},{"@type":"Person","@id":"https:\/\/www.aguarda.es\/en\/#\/schema\/person\/ac30f4d74843174f0af56c730f74dd57","name":"Concello","image":{"@type":"ImageObject","inLanguage":"en-US","@id":"https:\/\/www.aguarda.es\/en\/#\/schema\/person\/image\/","url":"https:\/\/secure.gravatar.com\/avatar\/7eda12a04da40b2ef77eb62e68f07027?s=96&d=mm&r=g","contentUrl":"https:\/\/secure.gravatar.com\/avatar\/7eda12a04da40b2ef77eb62e68f07027?s=96&d=mm&r=g","caption":"Concello"},"url":"https:\/\/www.aguarda.es\/en\/author\/admin\/"}]}},"_links":{"self":[{"href":"https:\/\/www.aguarda.es\/en\/wp-json\/wp\/v2\/posts\/1767"}],"collection":[{"href":"https:\/\/www.aguarda.es\/en\/wp-json\/wp\/v2\/posts"}],"about":[{"href":"https:\/\/www.aguarda.es\/en\/wp-json\/wp\/v2\/types\/post"}],"author":[{"embeddable":true,"href":"https:\/\/www.aguarda.es\/en\/wp-json\/wp\/v2\/users\/1"}],"replies":[{"embeddable":true,"href":"https:\/\/www.aguarda.es\/en\/wp-json\/wp\/v2\/comments?post=1767"}],"version-history":[{"count":0,"href":"https:\/\/www.aguarda.es\/en\/wp-json\/wp\/v2\/posts\/1767\/revisions"}],"wp:attachment":[{"href":"https:\/\/www.aguarda.es\/en\/wp-json\/wp\/v2\/media?parent=1767"}],"wp:term":[{"taxonomy":"category","embeddable":true,"href":"https:\/\/www.aguarda.es\/en\/wp-json\/wp\/v2\/categories?post=1767"},{"taxonomy":"post_tag","embeddable":true,"href":"https:\/\/www.aguarda.es\/en\/wp-json\/wp\/v2\/tags?post=1767"}],"curies":[{"name":"wp","href":"https:\/\/api.w.org\/{rel}","templated":true}]}}