{"id":17878,"date":"2019-04-25T09:45:31","date_gmt":"2019-04-25T09:45:31","guid":{"rendered":"https:\/\/www.aguarda.es\/?p=17878"},"modified":"2019-04-25T09:45:31","modified_gmt":"2019-04-25T09:45:31","slug":"a-guarda-despide-o-mes-de-abril-con-musica-actividades-culturais-e-unha-quedada-multimarca","status":"publish","type":"post","link":"https:\/\/www.aguarda.es\/en\/a-guarda-despide-o-mes-de-abril-con-musica-actividades-culturais-e-unha-quedada-multimarca\/","title":{"rendered":"A Guarda despide o mes de abril con m\u00fasica, actividades culturais e unha quedada multimarca"},"content":{"rendered":"<p style=\"text-align: justify\">A Guarda preparase para despedir o mes de abril cunha programaci\u00f3n de actividades para esta fin de semana na que se incl\u00faen un concerto da Banda de M\u00fasica da Agrupaci\u00f3n Musical da Guarda, unha nova sesi\u00f3n de Contos Contados na Biblioteca P\u00fablica Municipal da Guarda, unha quedada automobil\u00edstica multimarca e a Exposici\u00f3n de maquetas e figuras de Prax\u00edteles Gonz\u00e1lez no Centro de Interpretaci\u00f3n das Fortalezas no Castelo de Santa Cruz.<\/p>\n<h2 style=\"text-align: center\"><em>Programaci\u00f3n por d\u00edas<\/em><\/h2>\n<p style=\"text-align: justify\"><strong>S\u00e1bado 27 de abril:<\/strong><\/p>\n<p style=\"text-align: justify\">O Centro de Interpretaci\u00f3n das Fortalezas no Castelo de Santa Cruz acolle a Exposici\u00f3n de maquetas e figuras de Prax\u00edteles Gonz\u00e1lez na que se expo\u00f1en varias maquetas do artista rosaleiro, como Ponte do Tamuxe, Igrexa de Santa Mari\u00f1a do Rosal, Mu\u00ed\u00f1o Serradoiro e d\u00faas vivendas rosaleiras, todos este elementos do Rosal. Ademais das maquetas das Catedrais de Santiago e Notre Dame. Completa esta exposici\u00f3n unha selecci\u00f3n das m\u00e1is de 40 esculturas realizadas polo artista. Horario de 11:00h a 14:00h e de 16:00h a 19:00h. Entrada: 1\u20ac adultos e 0,5\u20ac ata 14 anos inclusive.<\/p>\n<p style=\"text-align: justify\">A Biblioteca P\u00fablica Municipal da Guarda celebra o &#8220;D\u00eda Internacional do Libro&#8221; que se celebrou o pasado 23 de abril, cunha sesi\u00f3n de Contos Contados este s\u00e1bado d\u00eda 27 de abril \u00e1s 11:30.<\/p>\n<p style=\"text-align: justify\">Mar\u00eda Salinas e Berto Pirata, autores do libro &#8220;Elefantes de papel&#8221; colaboran de forma desinteresada cunha creaci\u00f3n orixinal: &#8220;Contos de animais&#8221;. Nenos, nenas e familias, estades todos e todas convidados a participar!<\/p>\n<p style=\"text-align: justify\">Adem\u00e1is, ata o s\u00e1bado 27 de abril, todas as persoas que se acheguen \u00e1 Biblioteca poden levar un libro como agasallo.<\/p>\n<p style=\"text-align: justify\">Tam\u00e9n na xornada deste s\u00e1bado, a partires das 16:00h, o parking da Sangri\u00f1a acoller\u00e1 unha Quedada automobil\u00edstica multimarca con exposici\u00f3n de coches de rally, motos, inchables para os nenos e nenas, sorteos e m\u00fasica co DJ Diego Mari\u00f1o.<\/p>\n<p style=\"text-align: justify\">\u00c1s 20:00h a Casa dos Alonsos ser\u00e1 o escenario do Concerto de Primavera da Banda de M\u00fasica da Agrupaci\u00f3n Musical da Guarda e do Coro do Conservatorio de M\u00fasica da Guarda. Entrada de balde.<\/p>\n<p style=\"text-align: justify\"><strong>Domingo 28 de abril:<\/strong><\/p>\n<p style=\"text-align: justify\">O Centro de Interpretaci\u00f3n das Fortalezas no Castelo de Santa Cruz acolle a Exposici\u00f3n de maquetas e figuras de Prax\u00edteles Gonz\u00e1lez na que se expo\u00f1en varias maquetas do artista rosaleiro, como Ponte do Tamuxe, Igrexa de Santa Mari\u00f1a do Rosal, Mu\u00ed\u00f1o Serradoiro e d\u00faas vivendas rosaleiras, todos este elementos do Rosal. Ademais das maquetas das Catedrais de Santiago e Notre Dame. Completa esta exposici\u00f3n unha selecci\u00f3n das m\u00e1is de 40 esculturas realizadas polo artista. Horario de 11:00h a 14:00h e de 16:00h a 19:00h. Entrada: 1\u20ac adultos e 0,5\u20ac ata 14 anos inclusive.<\/p>\n","protected":false},"excerpt":{"rendered":"<p>A Guarda preparase para despedir o mes de abril cunha programaci\u00f3n de actividades para esta fin de semana na que se incl\u00faen un concerto da Banda de M\u00fasica da Agrupaci\u00f3n Musical da Guarda, unha nova sesi\u00f3n de Contos Contados na &hellip; <\/p>\n","protected":false},"author":2,"featured_media":17881,"comment_status":"open","ping_status":"open","sticky":false,"template":"","format":"standard","meta":[],"categories":[34,56,33],"tags":[226,1343,797,243,387,294,719],"yoast_head":"<!-- This site is optimized with the Yoast SEO plugin v21.1 - https:\/\/yoast.com\/wordpress\/plugins\/seo\/ -->\n<title>A Guarda despide o mes de abril con m\u00fasica, actividades culturais e unha quedada multimarca - Concello da Guarda<\/title>\n<meta name=\"robots\" content=\"index, follow, max-snippet:-1, max-image-preview:large, max-video-preview:-1\" \/>\n<link rel=\"canonical\" href=\"https:\/\/www.aguarda.es\/en\/a-guarda-despide-o-mes-de-abril-con-musica-actividades-culturais-e-unha-quedada-multimarca\/\" \/>\n<meta property=\"og:locale\" content=\"en_US\" \/>\n<meta property=\"og:type\" content=\"article\" \/>\n<meta property=\"og:title\" content=\"A Guarda despide o mes de abril con m\u00fasica, actividades culturais e unha quedada multimarca - Concello da Guarda\" \/>\n<meta property=\"og:description\" content=\"A Guarda preparase para despedir o mes de abril cunha programaci\u00f3n de actividades para esta fin de semana na que se incl\u00faen un concerto da Banda de M\u00fasica da Agrupaci\u00f3n Musical da Guarda, unha nova sesi\u00f3n de Contos Contados na &hellip;\" \/>\n<meta property=\"og:url\" content=\"https:\/\/www.aguarda.es\/en\/a-guarda-despide-o-mes-de-abril-con-musica-actividades-culturais-e-unha-quedada-multimarca\/\" \/>\n<meta property=\"og:site_name\" content=\"Concello da Guarda\" \/>\n<meta property=\"article:publisher\" content=\"https:\/\/www.facebook.com\/ConcellodaGuarda\" \/>\n<meta property=\"article:published_time\" content=\"2019-04-25T09:45:31+00:00\" \/>\n<meta property=\"og:image\" content=\"https:\/\/www.aguarda.es\/wp-content\/uploads\/2019\/04\/NP-25042019-A-Guarda-despide-o-mes-de-abril-con-m\u00fasica-actividades-culturais-e-unha-quedada-multimarca.jpg\" \/>\n\t<meta property=\"og:image:width\" content=\"800\" \/>\n\t<meta property=\"og:image:height\" content=\"450\" \/>\n\t<meta property=\"og:image:type\" content=\"image\/jpeg\" \/>\n<meta name=\"author\" content=\"prensa\" \/>\n<meta name=\"twitter:card\" content=\"summary_large_image\" \/>\n<meta name=\"twitter:creator\" content=\"@AGuarda_es\" \/>\n<meta name=\"twitter:site\" content=\"@AGuarda_es\" \/>\n<meta name=\"twitter:label1\" content=\"Written by\" \/>\n\t<meta name=\"twitter:data1\" content=\"prensa\" \/>\n\t<meta name=\"twitter:label2\" content=\"Est. reading time\" \/>\n\t<meta name=\"twitter:data2\" content=\"2 minutes\" \/>\n<script type=\"application\/ld+json\" class=\"yoast-schema-graph\">{\"@context\":\"https:\/\/schema.org\",\"@graph\":[{\"@type\":\"WebPage\",\"@id\":\"https:\/\/www.aguarda.es\/en\/a-guarda-despide-o-mes-de-abril-con-musica-actividades-culturais-e-unha-quedada-multimarca\/\",\"url\":\"https:\/\/www.aguarda.es\/en\/a-guarda-despide-o-mes-de-abril-con-musica-actividades-culturais-e-unha-quedada-multimarca\/\",\"name\":\"A Guarda despide o mes de abril con m\u00fasica, actividades culturais e unha quedada multimarca - Concello da Guarda\",\"isPartOf\":{\"@id\":\"https:\/\/www.aguarda.es\/en\/#website\"},\"datePublished\":\"2019-04-25T09:45:31+00:00\",\"dateModified\":\"2019-04-25T09:45:31+00:00\",\"author\":{\"@id\":\"https:\/\/www.aguarda.es\/en\/#\/schema\/person\/c463ca3006858ffb349d11179d044f21\"},\"breadcrumb\":{\"@id\":\"https:\/\/www.aguarda.es\/en\/a-guarda-despide-o-mes-de-abril-con-musica-actividades-culturais-e-unha-quedada-multimarca\/#breadcrumb\"},\"inLanguage\":\"en-US\",\"potentialAction\":[{\"@type\":\"ReadAction\",\"target\":[\"https:\/\/www.aguarda.es\/en\/a-guarda-despide-o-mes-de-abril-con-musica-actividades-culturais-e-unha-quedada-multimarca\/\"]}]},{\"@type\":\"BreadcrumbList\",\"@id\":\"https:\/\/www.aguarda.es\/en\/a-guarda-despide-o-mes-de-abril-con-musica-actividades-culturais-e-unha-quedada-multimarca\/#breadcrumb\",\"itemListElement\":[{\"@type\":\"ListItem\",\"position\":1,\"name\":\"Portada\",\"item\":\"https:\/\/www.aguarda.es\/en\/\"},{\"@type\":\"ListItem\",\"position\":2,\"name\":\"A Guarda despide o mes de abril con m\u00fasica, actividades culturais e unha quedada multimarca\"}]},{\"@type\":\"WebSite\",\"@id\":\"https:\/\/www.aguarda.es\/en\/#website\",\"url\":\"https:\/\/www.aguarda.es\/en\/\",\"name\":\"Concello da Guarda\",\"description\":\"P\u00e1xina web do concello da Guarda\",\"potentialAction\":[{\"@type\":\"SearchAction\",\"target\":{\"@type\":\"EntryPoint\",\"urlTemplate\":\"https:\/\/www.aguarda.es\/en\/?s={search_term_string}\"},\"query-input\":\"required name=search_term_string\"}],\"inLanguage\":\"en-US\"},{\"@type\":\"Person\",\"@id\":\"https:\/\/www.aguarda.es\/en\/#\/schema\/person\/c463ca3006858ffb349d11179d044f21\",\"name\":\"prensa\",\"image\":{\"@type\":\"ImageObject\",\"inLanguage\":\"en-US\",\"@id\":\"https:\/\/www.aguarda.es\/en\/#\/schema\/person\/image\/\",\"url\":\"https:\/\/secure.gravatar.com\/avatar\/5f90ef536b0f98306edf5c7a1135ffa1?s=96&d=mm&r=g\",\"contentUrl\":\"https:\/\/secure.gravatar.com\/avatar\/5f90ef536b0f98306edf5c7a1135ffa1?s=96&d=mm&r=g\",\"caption\":\"prensa\"},\"url\":\"https:\/\/www.aguarda.es\/en\/author\/prensa\/\"}]}<\/script>\n<!-- \/ Yoast SEO plugin. -->","yoast_head_json":{"title":"A Guarda despide o mes de abril con m\u00fasica, actividades culturais e unha quedada multimarca - Concello da Guarda","robots":{"index":"index","follow":"follow","max-snippet":"max-snippet:-1","max-image-preview":"max-image-preview:large","max-video-preview":"max-video-preview:-1"},"canonical":"https:\/\/www.aguarda.es\/en\/a-guarda-despide-o-mes-de-abril-con-musica-actividades-culturais-e-unha-quedada-multimarca\/","og_locale":"en_US","og_type":"article","og_title":"A Guarda despide o mes de abril con m\u00fasica, actividades culturais e unha quedada multimarca - Concello da Guarda","og_description":"A Guarda preparase para despedir o mes de abril cunha programaci\u00f3n de actividades para esta fin de semana na que se incl\u00faen un concerto da Banda de M\u00fasica da Agrupaci\u00f3n Musical da Guarda, unha nova sesi\u00f3n de Contos Contados na &hellip;","og_url":"https:\/\/www.aguarda.es\/en\/a-guarda-despide-o-mes-de-abril-con-musica-actividades-culturais-e-unha-quedada-multimarca\/","og_site_name":"Concello da Guarda","article_publisher":"https:\/\/www.facebook.com\/ConcellodaGuarda","article_published_time":"2019-04-25T09:45:31+00:00","og_image":[{"width":800,"height":450,"url":"https:\/\/www.aguarda.es\/wp-content\/uploads\/2019\/04\/NP-25042019-A-Guarda-despide-o-mes-de-abril-con-m\u00fasica-actividades-culturais-e-unha-quedada-multimarca.jpg","type":"image\/jpeg"}],"author":"prensa","twitter_card":"summary_large_image","twitter_creator":"@AGuarda_es","twitter_site":"@AGuarda_es","twitter_misc":{"Written by":"prensa","Est. reading time":"2 minutes"},"schema":{"@context":"https:\/\/schema.org","@graph":[{"@type":"WebPage","@id":"https:\/\/www.aguarda.es\/en\/a-guarda-despide-o-mes-de-abril-con-musica-actividades-culturais-e-unha-quedada-multimarca\/","url":"https:\/\/www.aguarda.es\/en\/a-guarda-despide-o-mes-de-abril-con-musica-actividades-culturais-e-unha-quedada-multimarca\/","name":"A Guarda despide o mes de abril con m\u00fasica, actividades culturais e unha quedada multimarca - Concello da Guarda","isPartOf":{"@id":"https:\/\/www.aguarda.es\/en\/#website"},"datePublished":"2019-04-25T09:45:31+00:00","dateModified":"2019-04-25T09:45:31+00:00","author":{"@id":"https:\/\/www.aguarda.es\/en\/#\/schema\/person\/c463ca3006858ffb349d11179d044f21"},"breadcrumb":{"@id":"https:\/\/www.aguarda.es\/en\/a-guarda-despide-o-mes-de-abril-con-musica-actividades-culturais-e-unha-quedada-multimarca\/#breadcrumb"},"inLanguage":"en-US","potentialAction":[{"@type":"ReadAction","target":["https:\/\/www.aguarda.es\/en\/a-guarda-despide-o-mes-de-abril-con-musica-actividades-culturais-e-unha-quedada-multimarca\/"]}]},{"@type":"BreadcrumbList","@id":"https:\/\/www.aguarda.es\/en\/a-guarda-despide-o-mes-de-abril-con-musica-actividades-culturais-e-unha-quedada-multimarca\/#breadcrumb","itemListElement":[{"@type":"ListItem","position":1,"name":"Portada","item":"https:\/\/www.aguarda.es\/en\/"},{"@type":"ListItem","position":2,"name":"A Guarda despide o mes de abril con m\u00fasica, actividades culturais e unha quedada multimarca"}]},{"@type":"WebSite","@id":"https:\/\/www.aguarda.es\/en\/#website","url":"https:\/\/www.aguarda.es\/en\/","name":"Concello da Guarda","description":"P\u00e1xina web do concello da Guarda","potentialAction":[{"@type":"SearchAction","target":{"@type":"EntryPoint","urlTemplate":"https:\/\/www.aguarda.es\/en\/?s={search_term_string}"},"query-input":"required name=search_term_string"}],"inLanguage":"en-US"},{"@type":"Person","@id":"https:\/\/www.aguarda.es\/en\/#\/schema\/person\/c463ca3006858ffb349d11179d044f21","name":"prensa","image":{"@type":"ImageObject","inLanguage":"en-US","@id":"https:\/\/www.aguarda.es\/en\/#\/schema\/person\/image\/","url":"https:\/\/secure.gravatar.com\/avatar\/5f90ef536b0f98306edf5c7a1135ffa1?s=96&d=mm&r=g","contentUrl":"https:\/\/secure.gravatar.com\/avatar\/5f90ef536b0f98306edf5c7a1135ffa1?s=96&d=mm&r=g","caption":"prensa"},"url":"https:\/\/www.aguarda.es\/en\/author\/prensa\/"}]}},"_links":{"self":[{"href":"https:\/\/www.aguarda.es\/en\/wp-json\/wp\/v2\/posts\/17878"}],"collection":[{"href":"https:\/\/www.aguarda.es\/en\/wp-json\/wp\/v2\/posts"}],"about":[{"href":"https:\/\/www.aguarda.es\/en\/wp-json\/wp\/v2\/types\/post"}],"author":[{"embeddable":true,"href":"https:\/\/www.aguarda.es\/en\/wp-json\/wp\/v2\/users\/2"}],"replies":[{"embeddable":true,"href":"https:\/\/www.aguarda.es\/en\/wp-json\/wp\/v2\/comments?post=17878"}],"version-history":[{"count":1,"href":"https:\/\/www.aguarda.es\/en\/wp-json\/wp\/v2\/posts\/17878\/revisions"}],"predecessor-version":[{"id":17883,"href":"https:\/\/www.aguarda.es\/en\/wp-json\/wp\/v2\/posts\/17878\/revisions\/17883"}],"wp:featuredmedia":[{"embeddable":true,"href":"https:\/\/www.aguarda.es\/en\/wp-json\/wp\/v2\/media\/17881"}],"wp:attachment":[{"href":"https:\/\/www.aguarda.es\/en\/wp-json\/wp\/v2\/media?parent=17878"}],"wp:term":[{"taxonomy":"category","embeddable":true,"href":"https:\/\/www.aguarda.es\/en\/wp-json\/wp\/v2\/categories?post=17878"},{"taxonomy":"post_tag","embeddable":true,"href":"https:\/\/www.aguarda.es\/en\/wp-json\/wp\/v2\/tags?post=17878"}],"curies":[{"name":"wp","href":"https:\/\/api.w.org\/{rel}","templated":true}]}}