{"id":17888,"date":"2019-04-26T09:41:42","date_gmt":"2019-04-26T09:41:42","guid":{"rendered":"https:\/\/www.aguarda.es\/?p=17888"},"modified":"2019-04-26T14:12:37","modified_gmt":"2019-04-26T14:12:37","slug":"a-alameda-da-guarda-acolle-o-11-de-maio-a-iii-mostra-asociativa","status":"publish","type":"post","link":"https:\/\/www.aguarda.es\/en\/a-alameda-da-guarda-acolle-o-11-de-maio-a-iii-mostra-asociativa\/","title":{"rendered":"A Alameda da Guarda acolle o 11 de maio a III Mostra Asociativa"},"content":{"rendered":"<p>[vc_row][vc_column][vc_column_text]<\/p>\n<p style=\"text-align: justify\">Colectivos e asociaci\u00f3ns da vila apuran os preparativos da terceira edici\u00f3n da Mostra Asociativa, un evento multicultural no que as asociaci\u00f3ns da vila son protagonistas, dando a co\u00f1ecer o seu traballo a todos os asistentes ao longo dunha gran xornada cargada de actividades e unha intensa programaci\u00f3n para todas as idades, que este ano ter\u00e1 lugar o vindeiro s\u00e1bado d\u00eda 11 de maio na Alameda da Guarda.<\/p>\n<p style=\"text-align: justify\">Despois de varias reuni\u00f3ns de traballo, ser\u00e1n m\u00e1is de 30 colectivos participantes, que amosaran o seu traballo na Alameda da Guarda entre as 16:00h e as 21:00h cunha programaci\u00f3n de actividades para todos os p\u00fablicos e idades.<\/p>\n<p style=\"text-align: justify\">Programa:<\/p>\n<p style=\"text-align: justify\">16:00h \u2013 Actuaci\u00f3n conxunta entre A Boalleira e Na Revolta<\/p>\n<p style=\"text-align: justify\">16:30h \u2013 Exhibici\u00f3n de Danza Centro Do-Maj\u00f3<\/p>\n<p style=\"text-align: justify\">18:00h \u2013 18:45h \u2013 Bloque de actuaci\u00f3ns conxuntas entre a Asociaci\u00f3n Vento Mareiro, Rock\u00b4n\u00b4Rolla, Xamarainja e o Coro Arpegios-Cant\u00e1bile.<\/p>\n<p style=\"text-align: justify\">18:45h \u2013 Actuaci\u00f3n da Agrupaci\u00f3n Musical da Guarda<\/p>\n<p style=\"text-align: justify\">19:15h \u2013 Ser\u00e1n coas actuaci\u00f3ns dos grupos Do Lusco \u00f3 Fusco e Vento Mareiro<\/p>\n<p style=\"text-align: justify\">20:00h Actuaci\u00f3n das Pandereteiras da Agrupaci\u00f3n Cultural Guardesa<\/p>\n<p style=\"text-align: justify\">20:30h Actuaci\u00f3n de Xerock<\/p>\n<p style=\"text-align: justify\">Ao longo da tarde haber\u00e1 diferentes stands de informaci\u00f3n de cada colectivo, as\u00ed coma actividades paralelas nas que se incl\u00faen a realizaci\u00f3n dunha alfombra floral, pr\u00e1ctica deportiva de remo erg\u00f3metro, un obradoiro de hockey e patinaxe, un obradoiro de decoraci\u00f3n de palma, un obradoiro de henna, un obradoiro de chapas, unha exhibici\u00f3n de skate, xogos, circuito e actividades de airsoft, obradoiro de n\u00f3s mari\u00f1eiros, sopas de letras, aparellos mari\u00f1eiros, photocall e moito m\u00e1is.<\/p>\n<p style=\"text-align: justify\">Dende o Concello da Guarda faise un chamamento \u00e1 participaci\u00f3n da cidadan\u00eda, para por manifesto unha vez m\u00e1is a importancia do asociacionismo, a colaboraci\u00f3n e a implicaci\u00f3n da sociedade en diferentes colectivos, para levar a cabo acci\u00f3ns asociativas de interese xeral con diferentes tem\u00e1ticas e fins.<\/p>\n<p>[\/vc_column_text][vc_video link=&#8221;https:\/\/www.youtube.com\/watch?v=NSqp6nvWjNI&#8221; align=&#8221;center&#8221;][\/vc_column][\/vc_row][vc_row][vc_column][\/vc_column][\/vc_row]<\/p>\n","protected":false},"excerpt":{"rendered":"<p>[vc_row][vc_column][vc_column_text] Colectivos e asociaci\u00f3ns da vila apuran os preparativos da terceira edici\u00f3n da Mostra Asociativa, un evento multicultural no que as asociaci\u00f3ns da vila son protagonistas, dando a co\u00f1ecer o seu traballo a todos os asistentes ao longo dunha gran &hellip; <\/p>\n","protected":false},"author":2,"featured_media":17889,"comment_status":"open","ping_status":"open","sticky":false,"template":"","format":"standard","meta":[],"categories":[34,35,33,48],"tags":[226,1392,563],"yoast_head":"<!-- This site is optimized with the Yoast SEO plugin v21.1 - https:\/\/yoast.com\/wordpress\/plugins\/seo\/ -->\n<title>A Alameda da Guarda acolle o 11 de maio a III Mostra Asociativa - Concello da Guarda<\/title>\n<meta name=\"robots\" content=\"index, follow, max-snippet:-1, max-image-preview:large, max-video-preview:-1\" \/>\n<link rel=\"canonical\" href=\"https:\/\/www.aguarda.es\/en\/a-alameda-da-guarda-acolle-o-11-de-maio-a-iii-mostra-asociativa\/\" \/>\n<meta property=\"og:locale\" content=\"en_US\" \/>\n<meta property=\"og:type\" content=\"article\" \/>\n<meta property=\"og:title\" content=\"A Alameda da Guarda acolle o 11 de maio a III Mostra Asociativa - Concello da Guarda\" \/>\n<meta property=\"og:description\" content=\"[vc_row][vc_column][vc_column_text] Colectivos e asociaci\u00f3ns da vila apuran os preparativos da terceira edici\u00f3n da Mostra Asociativa, un evento multicultural no que as asociaci\u00f3ns da vila son protagonistas, dando a co\u00f1ecer o seu traballo a todos os asistentes ao longo dunha gran &hellip;\" \/>\n<meta property=\"og:url\" content=\"https:\/\/www.aguarda.es\/en\/a-alameda-da-guarda-acolle-o-11-de-maio-a-iii-mostra-asociativa\/\" \/>\n<meta property=\"og:site_name\" content=\"Concello da Guarda\" \/>\n<meta property=\"article:publisher\" content=\"https:\/\/www.facebook.com\/ConcellodaGuarda\" \/>\n<meta property=\"article:published_time\" content=\"2019-04-26T09:41:42+00:00\" \/>\n<meta property=\"article:modified_time\" content=\"2019-04-26T14:12:37+00:00\" \/>\n<meta property=\"og:image\" content=\"https:\/\/www.aguarda.es\/wp-content\/uploads\/2019\/04\/Sin-t\u00edtulo-1-1.jpg\" \/>\n\t<meta property=\"og:image:width\" content=\"800\" \/>\n\t<meta property=\"og:image:height\" content=\"566\" \/>\n\t<meta property=\"og:image:type\" content=\"image\/jpeg\" \/>\n<meta name=\"author\" content=\"prensa\" \/>\n<meta name=\"twitter:card\" content=\"summary_large_image\" \/>\n<meta name=\"twitter:creator\" content=\"@AGuarda_es\" \/>\n<meta name=\"twitter:site\" content=\"@AGuarda_es\" \/>\n<meta name=\"twitter:label1\" content=\"Written by\" \/>\n\t<meta name=\"twitter:data1\" content=\"prensa\" \/>\n\t<meta name=\"twitter:label2\" content=\"Est. reading time\" \/>\n\t<meta name=\"twitter:data2\" content=\"2 minutes\" \/>\n<script type=\"application\/ld+json\" class=\"yoast-schema-graph\">{\"@context\":\"https:\/\/schema.org\",\"@graph\":[{\"@type\":\"WebPage\",\"@id\":\"https:\/\/www.aguarda.es\/en\/a-alameda-da-guarda-acolle-o-11-de-maio-a-iii-mostra-asociativa\/\",\"url\":\"https:\/\/www.aguarda.es\/en\/a-alameda-da-guarda-acolle-o-11-de-maio-a-iii-mostra-asociativa\/\",\"name\":\"A Alameda da Guarda acolle o 11 de maio a III Mostra Asociativa - Concello da Guarda\",\"isPartOf\":{\"@id\":\"https:\/\/www.aguarda.es\/en\/#website\"},\"datePublished\":\"2019-04-26T09:41:42+00:00\",\"dateModified\":\"2019-04-26T14:12:37+00:00\",\"author\":{\"@id\":\"https:\/\/www.aguarda.es\/en\/#\/schema\/person\/c463ca3006858ffb349d11179d044f21\"},\"breadcrumb\":{\"@id\":\"https:\/\/www.aguarda.es\/en\/a-alameda-da-guarda-acolle-o-11-de-maio-a-iii-mostra-asociativa\/#breadcrumb\"},\"inLanguage\":\"en-US\",\"potentialAction\":[{\"@type\":\"ReadAction\",\"target\":[\"https:\/\/www.aguarda.es\/en\/a-alameda-da-guarda-acolle-o-11-de-maio-a-iii-mostra-asociativa\/\"]}]},{\"@type\":\"BreadcrumbList\",\"@id\":\"https:\/\/www.aguarda.es\/en\/a-alameda-da-guarda-acolle-o-11-de-maio-a-iii-mostra-asociativa\/#breadcrumb\",\"itemListElement\":[{\"@type\":\"ListItem\",\"position\":1,\"name\":\"Portada\",\"item\":\"https:\/\/www.aguarda.es\/en\/\"},{\"@type\":\"ListItem\",\"position\":2,\"name\":\"A Alameda da Guarda acolle o 11 de maio a III Mostra Asociativa\"}]},{\"@type\":\"WebSite\",\"@id\":\"https:\/\/www.aguarda.es\/en\/#website\",\"url\":\"https:\/\/www.aguarda.es\/en\/\",\"name\":\"Concello da Guarda\",\"description\":\"P\u00e1xina web do concello da Guarda\",\"potentialAction\":[{\"@type\":\"SearchAction\",\"target\":{\"@type\":\"EntryPoint\",\"urlTemplate\":\"https:\/\/www.aguarda.es\/en\/?s={search_term_string}\"},\"query-input\":\"required name=search_term_string\"}],\"inLanguage\":\"en-US\"},{\"@type\":\"Person\",\"@id\":\"https:\/\/www.aguarda.es\/en\/#\/schema\/person\/c463ca3006858ffb349d11179d044f21\",\"name\":\"prensa\",\"image\":{\"@type\":\"ImageObject\",\"inLanguage\":\"en-US\",\"@id\":\"https:\/\/www.aguarda.es\/en\/#\/schema\/person\/image\/\",\"url\":\"https:\/\/secure.gravatar.com\/avatar\/5f90ef536b0f98306edf5c7a1135ffa1?s=96&d=mm&r=g\",\"contentUrl\":\"https:\/\/secure.gravatar.com\/avatar\/5f90ef536b0f98306edf5c7a1135ffa1?s=96&d=mm&r=g\",\"caption\":\"prensa\"},\"url\":\"https:\/\/www.aguarda.es\/en\/author\/prensa\/\"}]}<\/script>\n<!-- \/ Yoast SEO plugin. -->","yoast_head_json":{"title":"A Alameda da Guarda acolle o 11 de maio a III Mostra Asociativa - Concello da Guarda","robots":{"index":"index","follow":"follow","max-snippet":"max-snippet:-1","max-image-preview":"max-image-preview:large","max-video-preview":"max-video-preview:-1"},"canonical":"https:\/\/www.aguarda.es\/en\/a-alameda-da-guarda-acolle-o-11-de-maio-a-iii-mostra-asociativa\/","og_locale":"en_US","og_type":"article","og_title":"A Alameda da Guarda acolle o 11 de maio a III Mostra Asociativa - Concello da Guarda","og_description":"[vc_row][vc_column][vc_column_text] Colectivos e asociaci\u00f3ns da vila apuran os preparativos da terceira edici\u00f3n da Mostra Asociativa, un evento multicultural no que as asociaci\u00f3ns da vila son protagonistas, dando a co\u00f1ecer o seu traballo a todos os asistentes ao longo dunha gran &hellip;","og_url":"https:\/\/www.aguarda.es\/en\/a-alameda-da-guarda-acolle-o-11-de-maio-a-iii-mostra-asociativa\/","og_site_name":"Concello da Guarda","article_publisher":"https:\/\/www.facebook.com\/ConcellodaGuarda","article_published_time":"2019-04-26T09:41:42+00:00","article_modified_time":"2019-04-26T14:12:37+00:00","og_image":[{"width":800,"height":566,"url":"https:\/\/www.aguarda.es\/wp-content\/uploads\/2019\/04\/Sin-t\u00edtulo-1-1.jpg","type":"image\/jpeg"}],"author":"prensa","twitter_card":"summary_large_image","twitter_creator":"@AGuarda_es","twitter_site":"@AGuarda_es","twitter_misc":{"Written by":"prensa","Est. reading time":"2 minutes"},"schema":{"@context":"https:\/\/schema.org","@graph":[{"@type":"WebPage","@id":"https:\/\/www.aguarda.es\/en\/a-alameda-da-guarda-acolle-o-11-de-maio-a-iii-mostra-asociativa\/","url":"https:\/\/www.aguarda.es\/en\/a-alameda-da-guarda-acolle-o-11-de-maio-a-iii-mostra-asociativa\/","name":"A Alameda da Guarda acolle o 11 de maio a III Mostra Asociativa - Concello da Guarda","isPartOf":{"@id":"https:\/\/www.aguarda.es\/en\/#website"},"datePublished":"2019-04-26T09:41:42+00:00","dateModified":"2019-04-26T14:12:37+00:00","author":{"@id":"https:\/\/www.aguarda.es\/en\/#\/schema\/person\/c463ca3006858ffb349d11179d044f21"},"breadcrumb":{"@id":"https:\/\/www.aguarda.es\/en\/a-alameda-da-guarda-acolle-o-11-de-maio-a-iii-mostra-asociativa\/#breadcrumb"},"inLanguage":"en-US","potentialAction":[{"@type":"ReadAction","target":["https:\/\/www.aguarda.es\/en\/a-alameda-da-guarda-acolle-o-11-de-maio-a-iii-mostra-asociativa\/"]}]},{"@type":"BreadcrumbList","@id":"https:\/\/www.aguarda.es\/en\/a-alameda-da-guarda-acolle-o-11-de-maio-a-iii-mostra-asociativa\/#breadcrumb","itemListElement":[{"@type":"ListItem","position":1,"name":"Portada","item":"https:\/\/www.aguarda.es\/en\/"},{"@type":"ListItem","position":2,"name":"A Alameda da Guarda acolle o 11 de maio a III Mostra Asociativa"}]},{"@type":"WebSite","@id":"https:\/\/www.aguarda.es\/en\/#website","url":"https:\/\/www.aguarda.es\/en\/","name":"Concello da Guarda","description":"P\u00e1xina web do concello da Guarda","potentialAction":[{"@type":"SearchAction","target":{"@type":"EntryPoint","urlTemplate":"https:\/\/www.aguarda.es\/en\/?s={search_term_string}"},"query-input":"required name=search_term_string"}],"inLanguage":"en-US"},{"@type":"Person","@id":"https:\/\/www.aguarda.es\/en\/#\/schema\/person\/c463ca3006858ffb349d11179d044f21","name":"prensa","image":{"@type":"ImageObject","inLanguage":"en-US","@id":"https:\/\/www.aguarda.es\/en\/#\/schema\/person\/image\/","url":"https:\/\/secure.gravatar.com\/avatar\/5f90ef536b0f98306edf5c7a1135ffa1?s=96&d=mm&r=g","contentUrl":"https:\/\/secure.gravatar.com\/avatar\/5f90ef536b0f98306edf5c7a1135ffa1?s=96&d=mm&r=g","caption":"prensa"},"url":"https:\/\/www.aguarda.es\/en\/author\/prensa\/"}]}},"_links":{"self":[{"href":"https:\/\/www.aguarda.es\/en\/wp-json\/wp\/v2\/posts\/17888"}],"collection":[{"href":"https:\/\/www.aguarda.es\/en\/wp-json\/wp\/v2\/posts"}],"about":[{"href":"https:\/\/www.aguarda.es\/en\/wp-json\/wp\/v2\/types\/post"}],"author":[{"embeddable":true,"href":"https:\/\/www.aguarda.es\/en\/wp-json\/wp\/v2\/users\/2"}],"replies":[{"embeddable":true,"href":"https:\/\/www.aguarda.es\/en\/wp-json\/wp\/v2\/comments?post=17888"}],"version-history":[{"count":4,"href":"https:\/\/www.aguarda.es\/en\/wp-json\/wp\/v2\/posts\/17888\/revisions"}],"predecessor-version":[{"id":17894,"href":"https:\/\/www.aguarda.es\/en\/wp-json\/wp\/v2\/posts\/17888\/revisions\/17894"}],"wp:featuredmedia":[{"embeddable":true,"href":"https:\/\/www.aguarda.es\/en\/wp-json\/wp\/v2\/media\/17889"}],"wp:attachment":[{"href":"https:\/\/www.aguarda.es\/en\/wp-json\/wp\/v2\/media?parent=17888"}],"wp:term":[{"taxonomy":"category","embeddable":true,"href":"https:\/\/www.aguarda.es\/en\/wp-json\/wp\/v2\/categories?post=17888"},{"taxonomy":"post_tag","embeddable":true,"href":"https:\/\/www.aguarda.es\/en\/wp-json\/wp\/v2\/tags?post=17888"}],"curies":[{"name":"wp","href":"https:\/\/api.w.org\/{rel}","templated":true}]}}