{"id":1794,"date":"2016-05-12T07:08:00","date_gmt":"2016-05-12T07:08:00","guid":{"rendered":"https:\/\/www.aguarda.es\/?p=1794"},"modified":"2016-05-12T07:08:00","modified_gmt":"2016-05-12T07:08:00","slug":"o-castelo-de-santa-cruz-acollera-o-xvi-torneo-de-xadrez-concello-da-guarda","status":"publish","type":"post","link":"https:\/\/www.aguarda.es\/en\/o-castelo-de-santa-cruz-acollera-o-xvi-torneo-de-xadrez-concello-da-guarda\/","title":{"rendered":"O Castelo de Santa Cruz acoller\u00e1 o XVI Torneo de Xadrez Concello da Guarda"},"content":{"rendered":"<p><span><span lang=\"gl-ES\">O pr\u00f3ximo s\u00e1bado, d\u00eda 14 de maio, ter\u00e1 lugar <\/span><\/span><span><span><span lang=\"gl-ES\">a 16\u00aa edici\u00f3n do Torneo de Xadrez Concello da Guarda que se celebrar\u00e1 baixo unha carpa no Castelo de Santa Cruz.<\/span><\/span><\/span><\/p>\n<p>  <!--more-->  <\/p>\n<p><span><span><span lang=\"gl-ES\"><span><span lang=\"gl-ES\">O pr\u00f3ximo s\u00e1bado, d\u00eda 14 de maio, ter\u00e1 lugar\u00a0<\/span><\/span><span><span><span lang=\"gl-ES\">a 16\u00aa edici\u00f3n do Torneo de Xadrez Concello da Guarda que se celebrar\u00e1 baixo unha carpa no Castelo de Santa Cruz.<\/span><\/span><\/span><\/span><\/span><\/span><\/p>\n<p lang=\"gl-ES\">\u00a0<\/p>\n<p><span><span><span lang=\"gl-ES\">O campionato est\u00e1 organizado polo Club de Xadrez Albatros en colaboraci\u00f3n co Concello da Guarda e promovido pola Federaci\u00f3n galega de Xadrez dentro do desenvolvemento do XI Circu\u00edto Galego Xadrez Promoci\u00f3n 2016. <\/span><\/span><\/span><\/p>\n<p lang=\"gl-ES\">\u00a0<\/p>\n<p><span><span lang=\"gl-ES\">Todos os rapaces e adultos que o desexen poden participar nas diferentes categor\u00edas: <\/span><\/span><span><span><span lang=\"gl-ES\">SUB-8, SUB-10, SUB-12, SUB-14 e Adultos<\/span><\/span><\/span><span><span lang=\"gl-ES\">. Ademais, haber\u00e1 premios para os cinco primeiros nas categor\u00edas infant\u00eds, e tres na dos adultos; nos momentos de descanso os rapaces e rapazas poder\u00e1n participar nas actividades l\u00fadicas e culturais que propo\u00f1a o concello e, para rematar o torneo, celebrarase un sorteo de agasallos.<\/span><\/span><\/p>\n<p lang=\"gl-ES\">\u00a0<\/p>\n<p><span><span lang=\"gl-ES\">O campionato dar\u00e1 comezo sobre as once da ma\u00f1\u00e1 e rematar\u00e1, segundo o previsto, sobre as oito da tarde tras a entrega de premios e o sorteo.<\/span><\/span><\/p>\n<p lang=\"gl-ES\">\u00a0<\/p>\n<p><span><span lang=\"gl-ES\">Para inscribirse ao torneo tan s\u00f3 hai que dirixirse \u00e1 p\u00e1xina web <\/span><\/span><span><span lang=\"zxx\"><span><a href=\"http:\/\/www.xadrezalbatros.com\/\"><span><span><span lang=\"gl-ES\">www.xadrezalbatros.com<\/span><\/span><\/span><\/a><\/span><\/span><\/span><span><span lang=\"gl-ES\"> e encher os datos para acceder \u00f3 listado que se pechar\u00e1 o venres d\u00eda trece \u00e1s dez da noite.<\/span><\/span><\/p>\n<p><span><span lang=\"gl-ES\"><img decoding=\"async\" loading=\"lazy\" class=\" size-full wp-image-1793\" src=\"https:\/\/www.aguarda.es\/wp-content\/uploads\/2016\/05\/2016_XADREZ%20CASTELO%20SANTA%20CRUZ.JPG\" alt=\"\" width=\"508\" height=\"337\" \/><\/span><\/span><\/p>\n","protected":false},"excerpt":{"rendered":"<p>O pr\u00f3ximo s\u00e1bado, d\u00eda 14 de maio, ter\u00e1 lugar a 16\u00aa edici\u00f3n do Torneo de Xadrez Concello da Guarda que se celebrar\u00e1 baixo unha carpa no Castelo de Santa Cruz.<\/p>\n","protected":false},"author":1,"featured_media":1793,"comment_status":"open","ping_status":"open","sticky":false,"template":"","format":"standard","meta":[],"categories":[35],"tags":[],"yoast_head":"<!-- This site is optimized with the Yoast SEO plugin v21.1 - https:\/\/yoast.com\/wordpress\/plugins\/seo\/ -->\n<title>O Castelo de Santa Cruz acoller\u00e1 o XVI Torneo de Xadrez Concello da Guarda - Concello da Guarda<\/title>\n<meta name=\"robots\" content=\"index, follow, max-snippet:-1, max-image-preview:large, max-video-preview:-1\" \/>\n<link rel=\"canonical\" href=\"https:\/\/www.aguarda.es\/en\/o-castelo-de-santa-cruz-acollera-o-xvi-torneo-de-xadrez-concello-da-guarda\/\" \/>\n<meta property=\"og:locale\" content=\"en_US\" \/>\n<meta property=\"og:type\" content=\"article\" \/>\n<meta property=\"og:title\" content=\"O Castelo de Santa Cruz acoller\u00e1 o XVI Torneo de Xadrez Concello da Guarda - Concello da Guarda\" \/>\n<meta property=\"og:description\" content=\"O pr\u00f3ximo s\u00e1bado, d\u00eda 14 de maio, ter\u00e1 lugar a 16\u00aa edici\u00f3n do Torneo de Xadrez Concello da Guarda que se celebrar\u00e1 baixo unha carpa no Castelo de Santa Cruz.\" \/>\n<meta property=\"og:url\" content=\"https:\/\/www.aguarda.es\/en\/o-castelo-de-santa-cruz-acollera-o-xvi-torneo-de-xadrez-concello-da-guarda\/\" \/>\n<meta property=\"og:site_name\" content=\"Concello da Guarda\" \/>\n<meta property=\"article:publisher\" content=\"https:\/\/www.facebook.com\/ConcellodaGuarda\" \/>\n<meta property=\"article:published_time\" content=\"2016-05-12T07:08:00+00:00\" \/>\n<meta property=\"og:image\" content=\"https:\/\/www.aguarda.es\/wp-content\/uploads\/2016\/05\/2016_XADREZ%20CASTELO%20SANTA%20CRUZ.JPG\" \/>\n\t<meta property=\"og:image:width\" content=\"700\" \/>\n\t<meta property=\"og:image:height\" content=\"464\" \/>\n\t<meta property=\"og:image:type\" content=\"image\/jpeg\" \/>\n<meta name=\"author\" content=\"Concello\" \/>\n<meta name=\"twitter:card\" content=\"summary_large_image\" \/>\n<meta name=\"twitter:creator\" content=\"@AGuarda_es\" \/>\n<meta name=\"twitter:site\" content=\"@AGuarda_es\" \/>\n<meta name=\"twitter:label1\" content=\"Written by\" \/>\n\t<meta name=\"twitter:data1\" content=\"Concello\" \/>\n\t<meta name=\"twitter:label2\" content=\"Est. reading time\" \/>\n\t<meta name=\"twitter:data2\" content=\"1 minute\" \/>\n<script type=\"application\/ld+json\" class=\"yoast-schema-graph\">{\"@context\":\"https:\/\/schema.org\",\"@graph\":[{\"@type\":\"WebPage\",\"@id\":\"https:\/\/www.aguarda.es\/en\/o-castelo-de-santa-cruz-acollera-o-xvi-torneo-de-xadrez-concello-da-guarda\/\",\"url\":\"https:\/\/www.aguarda.es\/en\/o-castelo-de-santa-cruz-acollera-o-xvi-torneo-de-xadrez-concello-da-guarda\/\",\"name\":\"O Castelo de Santa Cruz acoller\u00e1 o XVI Torneo de Xadrez Concello da Guarda - Concello da Guarda\",\"isPartOf\":{\"@id\":\"https:\/\/www.aguarda.es\/en\/#website\"},\"datePublished\":\"2016-05-12T07:08:00+00:00\",\"dateModified\":\"2016-05-12T07:08:00+00:00\",\"author\":{\"@id\":\"https:\/\/www.aguarda.es\/en\/#\/schema\/person\/ac30f4d74843174f0af56c730f74dd57\"},\"breadcrumb\":{\"@id\":\"https:\/\/www.aguarda.es\/en\/o-castelo-de-santa-cruz-acollera-o-xvi-torneo-de-xadrez-concello-da-guarda\/#breadcrumb\"},\"inLanguage\":\"en-US\",\"potentialAction\":[{\"@type\":\"ReadAction\",\"target\":[\"https:\/\/www.aguarda.es\/en\/o-castelo-de-santa-cruz-acollera-o-xvi-torneo-de-xadrez-concello-da-guarda\/\"]}]},{\"@type\":\"BreadcrumbList\",\"@id\":\"https:\/\/www.aguarda.es\/en\/o-castelo-de-santa-cruz-acollera-o-xvi-torneo-de-xadrez-concello-da-guarda\/#breadcrumb\",\"itemListElement\":[{\"@type\":\"ListItem\",\"position\":1,\"name\":\"Portada\",\"item\":\"https:\/\/www.aguarda.es\/en\/\"},{\"@type\":\"ListItem\",\"position\":2,\"name\":\"O Castelo de Santa Cruz acoller\u00e1 o XVI Torneo de Xadrez Concello da Guarda\"}]},{\"@type\":\"WebSite\",\"@id\":\"https:\/\/www.aguarda.es\/en\/#website\",\"url\":\"https:\/\/www.aguarda.es\/en\/\",\"name\":\"Concello da Guarda\",\"description\":\"P\u00e1xina web do concello da Guarda\",\"potentialAction\":[{\"@type\":\"SearchAction\",\"target\":{\"@type\":\"EntryPoint\",\"urlTemplate\":\"https:\/\/www.aguarda.es\/en\/?s={search_term_string}\"},\"query-input\":\"required name=search_term_string\"}],\"inLanguage\":\"en-US\"},{\"@type\":\"Person\",\"@id\":\"https:\/\/www.aguarda.es\/en\/#\/schema\/person\/ac30f4d74843174f0af56c730f74dd57\",\"name\":\"Concello\",\"image\":{\"@type\":\"ImageObject\",\"inLanguage\":\"en-US\",\"@id\":\"https:\/\/www.aguarda.es\/en\/#\/schema\/person\/image\/\",\"url\":\"https:\/\/secure.gravatar.com\/avatar\/7eda12a04da40b2ef77eb62e68f07027?s=96&d=mm&r=g\",\"contentUrl\":\"https:\/\/secure.gravatar.com\/avatar\/7eda12a04da40b2ef77eb62e68f07027?s=96&d=mm&r=g\",\"caption\":\"Concello\"},\"url\":\"https:\/\/www.aguarda.es\/en\/author\/admin\/\"}]}<\/script>\n<!-- \/ Yoast SEO plugin. -->","yoast_head_json":{"title":"O Castelo de Santa Cruz acoller\u00e1 o XVI Torneo de Xadrez Concello da Guarda - Concello da Guarda","robots":{"index":"index","follow":"follow","max-snippet":"max-snippet:-1","max-image-preview":"max-image-preview:large","max-video-preview":"max-video-preview:-1"},"canonical":"https:\/\/www.aguarda.es\/en\/o-castelo-de-santa-cruz-acollera-o-xvi-torneo-de-xadrez-concello-da-guarda\/","og_locale":"en_US","og_type":"article","og_title":"O Castelo de Santa Cruz acoller\u00e1 o XVI Torneo de Xadrez Concello da Guarda - Concello da Guarda","og_description":"O pr\u00f3ximo s\u00e1bado, d\u00eda 14 de maio, ter\u00e1 lugar a 16\u00aa edici\u00f3n do Torneo de Xadrez Concello da Guarda que se celebrar\u00e1 baixo unha carpa no Castelo de Santa Cruz.","og_url":"https:\/\/www.aguarda.es\/en\/o-castelo-de-santa-cruz-acollera-o-xvi-torneo-de-xadrez-concello-da-guarda\/","og_site_name":"Concello da Guarda","article_publisher":"https:\/\/www.facebook.com\/ConcellodaGuarda","article_published_time":"2016-05-12T07:08:00+00:00","og_image":[{"width":700,"height":464,"url":"https:\/\/www.aguarda.es\/wp-content\/uploads\/2016\/05\/2016_XADREZ CASTELO SANTA CRUZ.JPG","type":"image\/jpeg"}],"author":"Concello","twitter_card":"summary_large_image","twitter_creator":"@AGuarda_es","twitter_site":"@AGuarda_es","twitter_misc":{"Written by":"Concello","Est. reading time":"1 minute"},"schema":{"@context":"https:\/\/schema.org","@graph":[{"@type":"WebPage","@id":"https:\/\/www.aguarda.es\/en\/o-castelo-de-santa-cruz-acollera-o-xvi-torneo-de-xadrez-concello-da-guarda\/","url":"https:\/\/www.aguarda.es\/en\/o-castelo-de-santa-cruz-acollera-o-xvi-torneo-de-xadrez-concello-da-guarda\/","name":"O Castelo de Santa Cruz acoller\u00e1 o XVI Torneo de Xadrez Concello da Guarda - Concello da Guarda","isPartOf":{"@id":"https:\/\/www.aguarda.es\/en\/#website"},"datePublished":"2016-05-12T07:08:00+00:00","dateModified":"2016-05-12T07:08:00+00:00","author":{"@id":"https:\/\/www.aguarda.es\/en\/#\/schema\/person\/ac30f4d74843174f0af56c730f74dd57"},"breadcrumb":{"@id":"https:\/\/www.aguarda.es\/en\/o-castelo-de-santa-cruz-acollera-o-xvi-torneo-de-xadrez-concello-da-guarda\/#breadcrumb"},"inLanguage":"en-US","potentialAction":[{"@type":"ReadAction","target":["https:\/\/www.aguarda.es\/en\/o-castelo-de-santa-cruz-acollera-o-xvi-torneo-de-xadrez-concello-da-guarda\/"]}]},{"@type":"BreadcrumbList","@id":"https:\/\/www.aguarda.es\/en\/o-castelo-de-santa-cruz-acollera-o-xvi-torneo-de-xadrez-concello-da-guarda\/#breadcrumb","itemListElement":[{"@type":"ListItem","position":1,"name":"Portada","item":"https:\/\/www.aguarda.es\/en\/"},{"@type":"ListItem","position":2,"name":"O Castelo de Santa Cruz acoller\u00e1 o XVI Torneo de Xadrez Concello da Guarda"}]},{"@type":"WebSite","@id":"https:\/\/www.aguarda.es\/en\/#website","url":"https:\/\/www.aguarda.es\/en\/","name":"Concello da Guarda","description":"P\u00e1xina web do concello da Guarda","potentialAction":[{"@type":"SearchAction","target":{"@type":"EntryPoint","urlTemplate":"https:\/\/www.aguarda.es\/en\/?s={search_term_string}"},"query-input":"required name=search_term_string"}],"inLanguage":"en-US"},{"@type":"Person","@id":"https:\/\/www.aguarda.es\/en\/#\/schema\/person\/ac30f4d74843174f0af56c730f74dd57","name":"Concello","image":{"@type":"ImageObject","inLanguage":"en-US","@id":"https:\/\/www.aguarda.es\/en\/#\/schema\/person\/image\/","url":"https:\/\/secure.gravatar.com\/avatar\/7eda12a04da40b2ef77eb62e68f07027?s=96&d=mm&r=g","contentUrl":"https:\/\/secure.gravatar.com\/avatar\/7eda12a04da40b2ef77eb62e68f07027?s=96&d=mm&r=g","caption":"Concello"},"url":"https:\/\/www.aguarda.es\/en\/author\/admin\/"}]}},"_links":{"self":[{"href":"https:\/\/www.aguarda.es\/en\/wp-json\/wp\/v2\/posts\/1794"}],"collection":[{"href":"https:\/\/www.aguarda.es\/en\/wp-json\/wp\/v2\/posts"}],"about":[{"href":"https:\/\/www.aguarda.es\/en\/wp-json\/wp\/v2\/types\/post"}],"author":[{"embeddable":true,"href":"https:\/\/www.aguarda.es\/en\/wp-json\/wp\/v2\/users\/1"}],"replies":[{"embeddable":true,"href":"https:\/\/www.aguarda.es\/en\/wp-json\/wp\/v2\/comments?post=1794"}],"version-history":[{"count":0,"href":"https:\/\/www.aguarda.es\/en\/wp-json\/wp\/v2\/posts\/1794\/revisions"}],"wp:featuredmedia":[{"embeddable":true,"href":"https:\/\/www.aguarda.es\/en\/wp-json\/wp\/v2\/media\/1793"}],"wp:attachment":[{"href":"https:\/\/www.aguarda.es\/en\/wp-json\/wp\/v2\/media?parent=1794"}],"wp:term":[{"taxonomy":"category","embeddable":true,"href":"https:\/\/www.aguarda.es\/en\/wp-json\/wp\/v2\/categories?post=1794"},{"taxonomy":"post_tag","embeddable":true,"href":"https:\/\/www.aguarda.es\/en\/wp-json\/wp\/v2\/tags?post=1794"}],"curies":[{"name":"wp","href":"https:\/\/api.w.org\/{rel}","templated":true}]}}