{"id":18023,"date":"2019-05-10T11:47:12","date_gmt":"2019-05-10T11:47:12","guid":{"rendered":"https:\/\/www.aguarda.es\/?p=18023"},"modified":"2019-05-10T11:47:12","modified_gmt":"2019-05-10T11:47:12","slug":"o-colexio-as-solanas-da-guarda-ganadores-do-concurso-escolar-posto-en-marcha-por-eu-rural","status":"publish","type":"post","link":"https:\/\/www.aguarda.es\/en\/o-colexio-as-solanas-da-guarda-ganadores-do-concurso-escolar-posto-en-marcha-por-eu-rural\/","title":{"rendered":"O Colexio As Solanas da Guarda ga\u00f1adores do concurso escolar posto en marcha por Eu Rural"},"content":{"rendered":"<p style=\"text-align: justify\">Gran resposta de participaci\u00f3n na segunda edici\u00f3n do concurso escolar Creando Rural, posto en marcha pola Asociaci\u00f3n de Desenvolvemento Galicia Suroeste Eu Rural co obxectivo de implicar a novos colectivos na difusi\u00f3n e animaci\u00f3n do desenvolvemento rural e da Medida Leader entre a poboaci\u00f3n residente no \u00e1mbito territorial do Grupo de Desenvolvemento Rural 14 (GDR 14) (Baiona, Fornelos de Montes, Gondomar, A Guarda, Mos, Nigr\u00e1n, Oia, Pazos de Borb\u00e9n, O Porri\u00f1o, Redondela, O Rosal, Tomi\u00f1o e Tui).<\/p>\n<p style=\"text-align: justify\">En total, 10 aulas de 7 centros escolares de 5 municipios do territorio presentaron os seus proxectos a concurso para participar nalgunha das d\u00faas categor\u00edas aberta, educaci\u00f3n infantil e primaria. Os colexios participantes foron, por concellos:<br \/>\n\u2022 Gondomar:<br \/>\n\u25e6 CEIP Serra de Vincios<br \/>\n\u25e6 Centro de Educaci\u00f3n Infantil San Jos\u00e9<br \/>\n\u2022 A Guarda:<br \/>\n\u25e6 CEIP Pluriling\u00fce As Solanas<br \/>\n\u2022 Nigr\u00e1n:<br \/>\n\u25e6 CEIP Mall\u00f3n<br \/>\n\u2022 Redondela:<br \/>\n\u25e6 CEIP de Laredo<br \/>\n\u25e6 CEIP Pluriling\u00fce de Quintela<br \/>\n\u2022 Tomi\u00f1o:<br \/>\n\u25e6 CRA Mestre Manuel Garc\u00e9s \u2013 Escola da Aurora<\/p>\n<p style=\"text-align: left\"><strong>Proxectos ga\u00f1adores<\/strong><br \/>\n\u00c1 numerosa participaci\u00f3n hai que sumarlle o \u00e9xito de resposta do p\u00fablico na votaci\u00f3n popular, xa que se recibiron un total de 3.291 votos. De estes, 2.582 foron para a categor\u00eda de educaci\u00f3n infantil e outros 709 para a categor\u00eda de primaria. As\u00ed, as aulas ga\u00f1adoras por votaci\u00f3n popular foron:<br \/>\n\u2022 6\u00ba EI Centro de Educaci\u00f3n Infantil San Jos\u00e9 (Gondomar) \u2013 categor\u00eda educaci\u00f3n infantil<br \/>\n\u2022 1\u00ba EP CEIP Pluriling\u00fce As Solanas (A Guarda) \u2013 categor\u00eda educaci\u00f3n primaria<br \/>\nPor outra banda, debido \u00e1 calidade dos proxectos presentados a concurso na categor\u00eda de educaci\u00f3n infantil, o tribunal decidiu por unanimidade outorgar dous premios ex aequo para reco\u00f1ecer o gran traballo levado a cabo polo alumnado e profesorado participante. A estes dous premios hai que sumarlle o da categor\u00eda de educaci\u00f3n primaria. As clases ga\u00f1adoras da votaci\u00f3n do xurado foron:<br \/>\n\u2022 3 e 6\u00baEI CEIP Pluriling\u00fce As Solanas (A Guarda) \u2013 categor\u00eda educaci\u00f3n infantil<br \/>\n\u2022 CRA Mestre Manuel Garc\u00e9s \u2013 Escola da Aurora (Tomi\u00f1o) \u2013 categor\u00eda educaci\u00f3n infantil<br \/>\n\u2022 2\u00baEP CEIP Serra de Vincios (Gondomar) \u2013 categor\u00eda educaci\u00f3n primaria<\/p>\n<p style=\"text-align: left\">Como premio os ga\u00f1adores da categor\u00eda infantil realizar\u00e1n unha excursi\u00f3n dun d\u00eda de duraci\u00f3n \u00e1 Granxa Escola Coraz\u00f3n de Carballo, situada en Tomi\u00f1o, o vindeiro 15 de maio. Mentres, pola s\u00faa parte, os vencedores na categor\u00eda de educaci\u00f3n primaria visitar\u00e1n o 28 de maio o centro de actividades na natureza FervenzAventura, en Silleda.<br \/>\nAdemais, as aulas ga\u00f1adoras recibiron este martes os parab\u00e9ns e un diploma acreditativo de mans dos alcaldes e alcaldesa dos seus concellos. As\u00ed, o rexidor da Guarda Antonio Lomba acudiu acompa\u00f1ado da concelleira de Cultura, Educaci\u00f3n e Xuventude, Elena Baz, ao CEIP Pluriling\u00fce As Solanas, ga\u00f1ador de dous premios; a alcaldesa de Tomi\u00f1o e presidenta da Asociaci\u00f3n de Desenvolvemento Galicia Suroeste Eurural, Sandra Gonz\u00e1lez, felicitou aos ga\u00f1adores do CRA Mestre Manuel Garc\u00e9s-Escola da Aurora; e Francisco Ferreira, alcalde de Gondomar, visitou aos vencedores do centro de educaci\u00f3n infantil San Jos\u00e9 e do CEIP Serra de Vincios.<br \/>\nDende a Asociaci\u00f3n de Desenvolvemento Galicia Suroeste Eurural qu\u00e9rese dar a noraboa a todos os ga\u00f1adores e ga\u00f1adoras do concurso e agradecer a todos os centros escolares que se presentaron a s\u00faa participaci\u00f3n e implicaci\u00f3n no proxecto. Un agradecemento que se fai extensible tam\u00e9n a todos aqueles docentes que se inscribiron para participar coa s\u00faa aula nesta segunda edici\u00f3n de Creando Rural pero que por diferentes motivos non puideron presentar os seus traballos finais a concurso.<\/p>\n","protected":false},"excerpt":{"rendered":"<p>Gran resposta de participaci\u00f3n na segunda edici\u00f3n do concurso escolar Creando Rural, posto en marcha pola Asociaci\u00f3n de Desenvolvemento Galicia Suroeste Eu Rural co obxectivo de implicar a novos colectivos na difusi\u00f3n e animaci\u00f3n do desenvolvemento rural e da Medida &hellip; <\/p>\n","protected":false},"author":2,"featured_media":18024,"comment_status":"open","ping_status":"open","sticky":false,"template":"","format":"standard","meta":[],"categories":[33],"tags":[226,1057,1099],"yoast_head":"<!-- This site is optimized with the Yoast SEO plugin v21.1 - https:\/\/yoast.com\/wordpress\/plugins\/seo\/ -->\n<title>O Colexio As Solanas da Guarda ga\u00f1adores do concurso escolar posto en marcha por Eu Rural - Concello da Guarda<\/title>\n<meta name=\"robots\" content=\"index, follow, max-snippet:-1, max-image-preview:large, max-video-preview:-1\" \/>\n<link rel=\"canonical\" href=\"https:\/\/www.aguarda.es\/en\/o-colexio-as-solanas-da-guarda-ganadores-do-concurso-escolar-posto-en-marcha-por-eu-rural\/\" \/>\n<meta property=\"og:locale\" content=\"en_US\" \/>\n<meta property=\"og:type\" content=\"article\" \/>\n<meta property=\"og:title\" content=\"O Colexio As Solanas da Guarda ga\u00f1adores do concurso escolar posto en marcha por Eu Rural - Concello da Guarda\" \/>\n<meta property=\"og:description\" content=\"Gran resposta de participaci\u00f3n na segunda edici\u00f3n do concurso escolar Creando Rural, posto en marcha pola Asociaci\u00f3n de Desenvolvemento Galicia Suroeste Eu Rural co obxectivo de implicar a novos colectivos na difusi\u00f3n e animaci\u00f3n do desenvolvemento rural e da Medida &hellip;\" \/>\n<meta property=\"og:url\" content=\"https:\/\/www.aguarda.es\/en\/o-colexio-as-solanas-da-guarda-ganadores-do-concurso-escolar-posto-en-marcha-por-eu-rural\/\" \/>\n<meta property=\"og:site_name\" content=\"Concello da Guarda\" \/>\n<meta property=\"article:publisher\" content=\"https:\/\/www.facebook.com\/ConcellodaGuarda\" \/>\n<meta property=\"article:published_time\" content=\"2019-05-10T11:47:12+00:00\" \/>\n<meta property=\"og:image\" content=\"https:\/\/www.aguarda.es\/wp-content\/uploads\/2019\/05\/Premio-xurado-educacio\u0301n-infantil-CEIP-Purilingu\u0308e-As-Solanas-A-Guarda.jpg\" \/>\n\t<meta property=\"og:image:width\" content=\"800\" \/>\n\t<meta property=\"og:image:height\" content=\"533\" \/>\n\t<meta property=\"og:image:type\" content=\"image\/jpeg\" \/>\n<meta name=\"author\" content=\"prensa\" \/>\n<meta name=\"twitter:card\" content=\"summary_large_image\" \/>\n<meta name=\"twitter:creator\" content=\"@AGuarda_es\" \/>\n<meta name=\"twitter:site\" content=\"@AGuarda_es\" \/>\n<meta name=\"twitter:label1\" content=\"Written by\" \/>\n\t<meta name=\"twitter:data1\" content=\"prensa\" \/>\n\t<meta name=\"twitter:label2\" content=\"Est. reading time\" \/>\n\t<meta name=\"twitter:data2\" content=\"3 minutes\" \/>\n<script type=\"application\/ld+json\" class=\"yoast-schema-graph\">{\"@context\":\"https:\/\/schema.org\",\"@graph\":[{\"@type\":\"WebPage\",\"@id\":\"https:\/\/www.aguarda.es\/en\/o-colexio-as-solanas-da-guarda-ganadores-do-concurso-escolar-posto-en-marcha-por-eu-rural\/\",\"url\":\"https:\/\/www.aguarda.es\/en\/o-colexio-as-solanas-da-guarda-ganadores-do-concurso-escolar-posto-en-marcha-por-eu-rural\/\",\"name\":\"O Colexio As Solanas da Guarda ga\u00f1adores do concurso escolar posto en marcha por Eu Rural - Concello da Guarda\",\"isPartOf\":{\"@id\":\"https:\/\/www.aguarda.es\/en\/#website\"},\"datePublished\":\"2019-05-10T11:47:12+00:00\",\"dateModified\":\"2019-05-10T11:47:12+00:00\",\"author\":{\"@id\":\"https:\/\/www.aguarda.es\/en\/#\/schema\/person\/c463ca3006858ffb349d11179d044f21\"},\"breadcrumb\":{\"@id\":\"https:\/\/www.aguarda.es\/en\/o-colexio-as-solanas-da-guarda-ganadores-do-concurso-escolar-posto-en-marcha-por-eu-rural\/#breadcrumb\"},\"inLanguage\":\"en-US\",\"potentialAction\":[{\"@type\":\"ReadAction\",\"target\":[\"https:\/\/www.aguarda.es\/en\/o-colexio-as-solanas-da-guarda-ganadores-do-concurso-escolar-posto-en-marcha-por-eu-rural\/\"]}]},{\"@type\":\"BreadcrumbList\",\"@id\":\"https:\/\/www.aguarda.es\/en\/o-colexio-as-solanas-da-guarda-ganadores-do-concurso-escolar-posto-en-marcha-por-eu-rural\/#breadcrumb\",\"itemListElement\":[{\"@type\":\"ListItem\",\"position\":1,\"name\":\"Portada\",\"item\":\"https:\/\/www.aguarda.es\/en\/\"},{\"@type\":\"ListItem\",\"position\":2,\"name\":\"O Colexio As Solanas da Guarda ga\u00f1adores do concurso escolar posto en marcha por Eu Rural\"}]},{\"@type\":\"WebSite\",\"@id\":\"https:\/\/www.aguarda.es\/en\/#website\",\"url\":\"https:\/\/www.aguarda.es\/en\/\",\"name\":\"Concello da Guarda\",\"description\":\"P\u00e1xina web do concello da Guarda\",\"potentialAction\":[{\"@type\":\"SearchAction\",\"target\":{\"@type\":\"EntryPoint\",\"urlTemplate\":\"https:\/\/www.aguarda.es\/en\/?s={search_term_string}\"},\"query-input\":\"required name=search_term_string\"}],\"inLanguage\":\"en-US\"},{\"@type\":\"Person\",\"@id\":\"https:\/\/www.aguarda.es\/en\/#\/schema\/person\/c463ca3006858ffb349d11179d044f21\",\"name\":\"prensa\",\"image\":{\"@type\":\"ImageObject\",\"inLanguage\":\"en-US\",\"@id\":\"https:\/\/www.aguarda.es\/en\/#\/schema\/person\/image\/\",\"url\":\"https:\/\/secure.gravatar.com\/avatar\/5f90ef536b0f98306edf5c7a1135ffa1?s=96&d=mm&r=g\",\"contentUrl\":\"https:\/\/secure.gravatar.com\/avatar\/5f90ef536b0f98306edf5c7a1135ffa1?s=96&d=mm&r=g\",\"caption\":\"prensa\"},\"url\":\"https:\/\/www.aguarda.es\/en\/author\/prensa\/\"}]}<\/script>\n<!-- \/ Yoast SEO plugin. -->","yoast_head_json":{"title":"O Colexio As Solanas da Guarda ga\u00f1adores do concurso escolar posto en marcha por Eu Rural - Concello da Guarda","robots":{"index":"index","follow":"follow","max-snippet":"max-snippet:-1","max-image-preview":"max-image-preview:large","max-video-preview":"max-video-preview:-1"},"canonical":"https:\/\/www.aguarda.es\/en\/o-colexio-as-solanas-da-guarda-ganadores-do-concurso-escolar-posto-en-marcha-por-eu-rural\/","og_locale":"en_US","og_type":"article","og_title":"O Colexio As Solanas da Guarda ga\u00f1adores do concurso escolar posto en marcha por Eu Rural - Concello da Guarda","og_description":"Gran resposta de participaci\u00f3n na segunda edici\u00f3n do concurso escolar Creando Rural, posto en marcha pola Asociaci\u00f3n de Desenvolvemento Galicia Suroeste Eu Rural co obxectivo de implicar a novos colectivos na difusi\u00f3n e animaci\u00f3n do desenvolvemento rural e da Medida &hellip;","og_url":"https:\/\/www.aguarda.es\/en\/o-colexio-as-solanas-da-guarda-ganadores-do-concurso-escolar-posto-en-marcha-por-eu-rural\/","og_site_name":"Concello da Guarda","article_publisher":"https:\/\/www.facebook.com\/ConcellodaGuarda","article_published_time":"2019-05-10T11:47:12+00:00","og_image":[{"width":800,"height":533,"url":"https:\/\/www.aguarda.es\/wp-content\/uploads\/2019\/05\/Premio-xurado-educacio\u0301n-infantil-CEIP-Purilingu\u0308e-As-Solanas-A-Guarda.jpg","type":"image\/jpeg"}],"author":"prensa","twitter_card":"summary_large_image","twitter_creator":"@AGuarda_es","twitter_site":"@AGuarda_es","twitter_misc":{"Written by":"prensa","Est. reading time":"3 minutes"},"schema":{"@context":"https:\/\/schema.org","@graph":[{"@type":"WebPage","@id":"https:\/\/www.aguarda.es\/en\/o-colexio-as-solanas-da-guarda-ganadores-do-concurso-escolar-posto-en-marcha-por-eu-rural\/","url":"https:\/\/www.aguarda.es\/en\/o-colexio-as-solanas-da-guarda-ganadores-do-concurso-escolar-posto-en-marcha-por-eu-rural\/","name":"O Colexio As Solanas da Guarda ga\u00f1adores do concurso escolar posto en marcha por Eu Rural - Concello da Guarda","isPartOf":{"@id":"https:\/\/www.aguarda.es\/en\/#website"},"datePublished":"2019-05-10T11:47:12+00:00","dateModified":"2019-05-10T11:47:12+00:00","author":{"@id":"https:\/\/www.aguarda.es\/en\/#\/schema\/person\/c463ca3006858ffb349d11179d044f21"},"breadcrumb":{"@id":"https:\/\/www.aguarda.es\/en\/o-colexio-as-solanas-da-guarda-ganadores-do-concurso-escolar-posto-en-marcha-por-eu-rural\/#breadcrumb"},"inLanguage":"en-US","potentialAction":[{"@type":"ReadAction","target":["https:\/\/www.aguarda.es\/en\/o-colexio-as-solanas-da-guarda-ganadores-do-concurso-escolar-posto-en-marcha-por-eu-rural\/"]}]},{"@type":"BreadcrumbList","@id":"https:\/\/www.aguarda.es\/en\/o-colexio-as-solanas-da-guarda-ganadores-do-concurso-escolar-posto-en-marcha-por-eu-rural\/#breadcrumb","itemListElement":[{"@type":"ListItem","position":1,"name":"Portada","item":"https:\/\/www.aguarda.es\/en\/"},{"@type":"ListItem","position":2,"name":"O Colexio As Solanas da Guarda ga\u00f1adores do concurso escolar posto en marcha por Eu Rural"}]},{"@type":"WebSite","@id":"https:\/\/www.aguarda.es\/en\/#website","url":"https:\/\/www.aguarda.es\/en\/","name":"Concello da Guarda","description":"P\u00e1xina web do concello da Guarda","potentialAction":[{"@type":"SearchAction","target":{"@type":"EntryPoint","urlTemplate":"https:\/\/www.aguarda.es\/en\/?s={search_term_string}"},"query-input":"required name=search_term_string"}],"inLanguage":"en-US"},{"@type":"Person","@id":"https:\/\/www.aguarda.es\/en\/#\/schema\/person\/c463ca3006858ffb349d11179d044f21","name":"prensa","image":{"@type":"ImageObject","inLanguage":"en-US","@id":"https:\/\/www.aguarda.es\/en\/#\/schema\/person\/image\/","url":"https:\/\/secure.gravatar.com\/avatar\/5f90ef536b0f98306edf5c7a1135ffa1?s=96&d=mm&r=g","contentUrl":"https:\/\/secure.gravatar.com\/avatar\/5f90ef536b0f98306edf5c7a1135ffa1?s=96&d=mm&r=g","caption":"prensa"},"url":"https:\/\/www.aguarda.es\/en\/author\/prensa\/"}]}},"_links":{"self":[{"href":"https:\/\/www.aguarda.es\/en\/wp-json\/wp\/v2\/posts\/18023"}],"collection":[{"href":"https:\/\/www.aguarda.es\/en\/wp-json\/wp\/v2\/posts"}],"about":[{"href":"https:\/\/www.aguarda.es\/en\/wp-json\/wp\/v2\/types\/post"}],"author":[{"embeddable":true,"href":"https:\/\/www.aguarda.es\/en\/wp-json\/wp\/v2\/users\/2"}],"replies":[{"embeddable":true,"href":"https:\/\/www.aguarda.es\/en\/wp-json\/wp\/v2\/comments?post=18023"}],"version-history":[{"count":1,"href":"https:\/\/www.aguarda.es\/en\/wp-json\/wp\/v2\/posts\/18023\/revisions"}],"predecessor-version":[{"id":18026,"href":"https:\/\/www.aguarda.es\/en\/wp-json\/wp\/v2\/posts\/18023\/revisions\/18026"}],"wp:featuredmedia":[{"embeddable":true,"href":"https:\/\/www.aguarda.es\/en\/wp-json\/wp\/v2\/media\/18024"}],"wp:attachment":[{"href":"https:\/\/www.aguarda.es\/en\/wp-json\/wp\/v2\/media?parent=18023"}],"wp:term":[{"taxonomy":"category","embeddable":true,"href":"https:\/\/www.aguarda.es\/en\/wp-json\/wp\/v2\/categories?post=18023"},{"taxonomy":"post_tag","embeddable":true,"href":"https:\/\/www.aguarda.es\/en\/wp-json\/wp\/v2\/tags?post=18023"}],"curies":[{"name":"wp","href":"https:\/\/api.w.org\/{rel}","templated":true}]}}